{"id":49915,"date":"2024-03-27T23:56:29","date_gmt":"2024-03-28T05:56:29","guid":{"rendered":"https:\/\/elinformativotam.com\/?p=49915"},"modified":"2024-03-27T23:56:45","modified_gmt":"2024-03-28T05:56:45","slug":"trailer-se-atora-en-vias-del-tren","status":"publish","type":"post","link":"https:\/\/elinformativotam.com\/index.php\/2024\/03\/27\/trailer-se-atora-en-vias-del-tren\/","title":{"rendered":"TR\u00c1ILER SE ATORA EN V\u00cdAS DEL TREN."},"content":{"rendered":"<p>Cd. Madero, Tamaulipas.- De nueva cuenta un trailer se ator\u00f3 en las v\u00edas del cruce de las avenidas Monterrey y\u00a0 Tamaulipas en el denominado crucero Miramar.<\/p>\n<p>&nbsp;<\/p>\n<p>Fue alrededor de las 11 de la ma\u00f1ana que se emiti\u00f3 el reporte de la situaci\u00f3n, por lo que de inmediato se solicit\u00f3 a la empresa concesionaria del ferrocarril tomara las debidas precauciones para evitar un accidente mayor.<\/p>\n<p>&nbsp;<\/p>\n<p>Se vivieron momentos de tensi\u00f3n, debido a que se escuch\u00f3 el pitido del tren que se acercaba, esto a pesar de haberse reportado el hecho a la empresa Kansas City.<\/p>\n<p><img loading=\"lazy\" decoding=\"async\" class=\"alignnone size-medium wp-image-49916\" src=\"https:\/\/elinformativotam.com\/wp-content\/uploads\/2024\/03\/Trailer1-649x365.jpeg\" alt=\"\" width=\"649\" height=\"365\" srcset=\"https:\/\/elinformativotam.com\/wp-content\/uploads\/2024\/03\/Trailer1-649x365.jpeg 649w, https:\/\/elinformativotam.com\/wp-content\/uploads\/2024\/03\/Trailer1-840x473.jpeg 840w, https:\/\/elinformativotam.com\/wp-content\/uploads\/2024\/03\/Trailer1-500x280.jpeg 500w, https:\/\/elinformativotam.com\/wp-content\/uploads\/2024\/03\/Trailer1-768x432.jpeg 768w, https:\/\/elinformativotam.com\/wp-content\/uploads\/2024\/03\/Trailer1-1536x864.jpeg 1536w, https:\/\/elinformativotam.com\/wp-content\/uploads\/2024\/03\/Trailer1-1140x641.jpeg 1140w, https:\/\/elinformativotam.com\/wp-content\/uploads\/2024\/03\/Trailer1-720x405.jpeg 720w, https:\/\/elinformativotam.com\/wp-content\/uploads\/2024\/03\/Trailer1.jpeg 1600w\" sizes=\"auto, (max-width: 649px) 100vw, 649px\" \/><\/p>\n<p>Al lugar llegaron elementos de la Direcci\u00f3n de Tr\u00e1nsito y Vialidad de Madero para controlar el tr\u00e1fico que se generaba de este transitado lugar, a fin de evitar alg\u00fan accidente vehicular.<\/p>\n<p>&nbsp;<\/p>\n<p>Tambi\u00e9n arribaron al sitio algunas gr\u00faas, a la espera de equipo que permitiera desatorar la caja del trailer de una empresa de paqueter\u00eda.<\/p>\n<p>&nbsp;<\/p>\n<p>Cabe se\u00f1alar que el tren detuvo su marcha varios metros antes del crucero, esto gracias a que fue notificado cuando circulaba a la altura del crucero de germinal , lo que permiti\u00f3 parar a tiempo para evitar una posible tragedia.<\/p>\n<p>&nbsp;<\/p>\n","protected":false},"excerpt":{"rendered":"<p>Cd. Madero, Tamaulipas.- De nueva cuenta un trailer se ator\u00f3 en las v\u00edas del cruce de las avenidas Monterrey y\u00a0&hellip;<\/p>\n","protected":false},"author":1,"featured_media":49917,"comment_status":"open","ping_status":"open","sticky":false,"template":"","format":"standard","meta":{"footnotes":""},"categories":[4],"tags":[],"class_list":["post-49915","post","type-post","status-publish","format-standard","has-post-thumbnail","hentry","category-madero"],"yoast_head":"<!-- This site is optimized with the Yoast SEO plugin v27.5 - https:\/\/yoast.com\/product\/yoast-seo-wordpress\/ -->\n<title>TR\u00c1ILER SE ATORA EN V\u00cdAS DEL TREN. - EL INFORMATIVO DE TAMAULIPAS<\/title>\n<meta name=\"description\" content=\"Cd. Madero, Tamaulipas.- De nueva cuenta un trailer se ator\u00f3 en las v\u00edas del cruce de las avenidas Monterrey y\u00a0 Tamaulipas en el denominado crucero\" \/>\n<meta name=\"robots\" content=\"index, follow, max-snippet:-1, max-image-preview:large, max-video-preview:-1\" \/>\n<link rel=\"canonical\" href=\"https:\/\/elinformativotam.com\/index.php\/2024\/03\/27\/trailer-se-atora-en-vias-del-tren\/\" \/>\n<meta property=\"og:locale\" content=\"es_MX\" \/>\n<meta property=\"og:type\" content=\"article\" \/>\n<meta property=\"og:title\" content=\"TR\u00c1ILER SE ATORA EN V\u00cdAS DEL TREN. - EL INFORMATIVO DE TAMAULIPAS\" \/>\n<meta property=\"og:description\" content=\"Cd. Madero, Tamaulipas.- De nueva cuenta un trailer se ator\u00f3 en las v\u00edas del cruce de las avenidas Monterrey y\u00a0 Tamaulipas en el denominado crucero\" \/>\n<meta property=\"og:url\" content=\"https:\/\/elinformativotam.com\/index.php\/2024\/03\/27\/trailer-se-atora-en-vias-del-tren\/\" \/>\n<meta property=\"og:site_name\" content=\"EL INFORMATIVO DE TAMAULIPAS\" \/>\n<meta property=\"article:published_time\" content=\"2024-03-28T05:56:29+00:00\" \/>\n<meta property=\"article:modified_time\" content=\"2024-03-28T05:56:45+00:00\" \/>\n<meta property=\"og:image\" content=\"https:\/\/elinformativotam.com\/wp-content\/uploads\/2024\/03\/Trailer.jpeg\" \/>\n\t<meta property=\"og:image:width\" content=\"1244\" \/>\n\t<meta property=\"og:image:height\" content=\"720\" \/>\n\t<meta property=\"og:image:type\" content=\"image\/jpeg\" \/>\n<meta name=\"author\" content=\"El Informativo Tam\" \/>\n<meta name=\"twitter:card\" content=\"summary_large_image\" \/>\n<meta name=\"twitter:label1\" content=\"Escrito por\" \/>\n\t<meta name=\"twitter:data1\" content=\"El Informativo Tam\" \/>\n\t<meta name=\"twitter:label2\" content=\"Tiempo de lectura\" \/>\n\t<meta name=\"twitter:data2\" content=\"2 minutos\" \/>\n<script type=\"application\/ld+json\" class=\"yoast-schema-graph\">{\"@context\":\"https:\\\/\\\/schema.org\",\"@graph\":[{\"@type\":\"Article\",\"@id\":\"https:\\\/\\\/elinformativotam.com\\\/index.php\\\/2024\\\/03\\\/27\\\/trailer-se-atora-en-vias-del-tren\\\/#article\",\"isPartOf\":{\"@id\":\"https:\\\/\\\/elinformativotam.com\\\/index.php\\\/2024\\\/03\\\/27\\\/trailer-se-atora-en-vias-del-tren\\\/\"},\"author\":{\"name\":\"El Informativo Tam\",\"@id\":\"https:\\\/\\\/elinformativotam.com\\\/#\\\/schema\\\/person\\\/78e08040eed0f6110f0c5f83b6153590\"},\"headline\":\"TR\u00c1ILER SE ATORA EN V\u00cdAS DEL TREN.\",\"datePublished\":\"2024-03-28T05:56:29+00:00\",\"dateModified\":\"2024-03-28T05:56:45+00:00\",\"mainEntityOfPage\":{\"@id\":\"https:\\\/\\\/elinformativotam.com\\\/index.php\\\/2024\\\/03\\\/27\\\/trailer-se-atora-en-vias-del-tren\\\/\"},\"wordCount\":213,\"commentCount\":0,\"publisher\":{\"@id\":\"https:\\\/\\\/elinformativotam.com\\\/#organization\"},\"image\":{\"@id\":\"https:\\\/\\\/elinformativotam.com\\\/index.php\\\/2024\\\/03\\\/27\\\/trailer-se-atora-en-vias-del-tren\\\/#primaryimage\"},\"thumbnailUrl\":\"https:\\\/\\\/elinformativotam.com\\\/wp-content\\\/uploads\\\/2024\\\/03\\\/Trailer.jpeg\",\"articleSection\":[\"Cd Madero\"],\"inLanguage\":\"es\",\"potentialAction\":[{\"@type\":\"CommentAction\",\"name\":\"Comment\",\"target\":[\"https:\\\/\\\/elinformativotam.com\\\/index.php\\\/2024\\\/03\\\/27\\\/trailer-se-atora-en-vias-del-tren\\\/#respond\"]}]},{\"@type\":\"WebPage\",\"@id\":\"https:\\\/\\\/elinformativotam.com\\\/index.php\\\/2024\\\/03\\\/27\\\/trailer-se-atora-en-vias-del-tren\\\/\",\"url\":\"https:\\\/\\\/elinformativotam.com\\\/index.php\\\/2024\\\/03\\\/27\\\/trailer-se-atora-en-vias-del-tren\\\/\",\"name\":\"TR\u00c1ILER SE ATORA EN V\u00cdAS DEL TREN. - EL INFORMATIVO DE TAMAULIPAS\",\"isPartOf\":{\"@id\":\"https:\\\/\\\/elinformativotam.com\\\/#website\"},\"primaryImageOfPage\":{\"@id\":\"https:\\\/\\\/elinformativotam.com\\\/index.php\\\/2024\\\/03\\\/27\\\/trailer-se-atora-en-vias-del-tren\\\/#primaryimage\"},\"image\":{\"@id\":\"https:\\\/\\\/elinformativotam.com\\\/index.php\\\/2024\\\/03\\\/27\\\/trailer-se-atora-en-vias-del-tren\\\/#primaryimage\"},\"thumbnailUrl\":\"https:\\\/\\\/elinformativotam.com\\\/wp-content\\\/uploads\\\/2024\\\/03\\\/Trailer.jpeg\",\"datePublished\":\"2024-03-28T05:56:29+00:00\",\"dateModified\":\"2024-03-28T05:56:45+00:00\",\"description\":\"Cd. Madero, Tamaulipas.- De nueva cuenta un trailer se ator\u00f3 en las v\u00edas del cruce de las avenidas Monterrey y\u00a0 Tamaulipas en el denominado crucero\",\"inLanguage\":\"es\",\"potentialAction\":[{\"@type\":\"ReadAction\",\"target\":[\"https:\\\/\\\/elinformativotam.com\\\/index.php\\\/2024\\\/03\\\/27\\\/trailer-se-atora-en-vias-del-tren\\\/\"]}]},{\"@type\":\"ImageObject\",\"inLanguage\":\"es\",\"@id\":\"https:\\\/\\\/elinformativotam.com\\\/index.php\\\/2024\\\/03\\\/27\\\/trailer-se-atora-en-vias-del-tren\\\/#primaryimage\",\"url\":\"https:\\\/\\\/elinformativotam.com\\\/wp-content\\\/uploads\\\/2024\\\/03\\\/Trailer.jpeg\",\"contentUrl\":\"https:\\\/\\\/elinformativotam.com\\\/wp-content\\\/uploads\\\/2024\\\/03\\\/Trailer.jpeg\",\"width\":1244,\"height\":720},{\"@type\":\"WebSite\",\"@id\":\"https:\\\/\\\/elinformativotam.com\\\/#website\",\"url\":\"https:\\\/\\\/elinformativotam.com\\\/\",\"name\":\"EL INFORMATIVO DE TAMAULIPAS\",\"description\":\"Desde la Zona Metropolitana Para Todo M\u00e9xico\",\"publisher\":{\"@id\":\"https:\\\/\\\/elinformativotam.com\\\/#organization\"},\"potentialAction\":[{\"@type\":\"SearchAction\",\"target\":{\"@type\":\"EntryPoint\",\"urlTemplate\":\"https:\\\/\\\/elinformativotam.com\\\/?s={search_term_string}\"},\"query-input\":{\"@type\":\"PropertyValueSpecification\",\"valueRequired\":true,\"valueName\":\"search_term_string\"}}],\"inLanguage\":\"es\"},{\"@type\":\"Organization\",\"@id\":\"https:\\\/\\\/elinformativotam.com\\\/#organization\",\"name\":\"EL INFORMATIVO DE TAMAULIPAS\",\"url\":\"https:\\\/\\\/elinformativotam.com\\\/\",\"logo\":{\"@type\":\"ImageObject\",\"inLanguage\":\"es\",\"@id\":\"https:\\\/\\\/elinformativotam.com\\\/#\\\/schema\\\/logo\\\/image\\\/\",\"url\":\"https:\\\/\\\/elinformativotam.com\\\/wp-content\\\/uploads\\\/2026\\\/02\\\/Cabezal.png\",\"contentUrl\":\"https:\\\/\\\/elinformativotam.com\\\/wp-content\\\/uploads\\\/2026\\\/02\\\/Cabezal.png\",\"width\":960,\"height\":640,\"caption\":\"EL INFORMATIVO DE TAMAULIPAS\"},\"image\":{\"@id\":\"https:\\\/\\\/elinformativotam.com\\\/#\\\/schema\\\/logo\\\/image\\\/\"}},{\"@type\":\"Person\",\"@id\":\"https:\\\/\\\/elinformativotam.com\\\/#\\\/schema\\\/person\\\/78e08040eed0f6110f0c5f83b6153590\",\"name\":\"El Informativo Tam\",\"image\":{\"@type\":\"ImageObject\",\"inLanguage\":\"es\",\"@id\":\"https:\\\/\\\/secure.gravatar.com\\\/avatar\\\/f3b7ad3af540688955925ac610647be00b0cf41feea9c4978b73a707ee86bc53?s=96&d=mm&r=g\",\"url\":\"https:\\\/\\\/secure.gravatar.com\\\/avatar\\\/f3b7ad3af540688955925ac610647be00b0cf41feea9c4978b73a707ee86bc53?s=96&d=mm&r=g\",\"contentUrl\":\"https:\\\/\\\/secure.gravatar.com\\\/avatar\\\/f3b7ad3af540688955925ac610647be00b0cf41feea9c4978b73a707ee86bc53?s=96&d=mm&r=g\",\"caption\":\"El Informativo Tam\"}}]}<\/script>\n<!-- \/ Yoast SEO plugin. -->","yoast_head_json":{"title":"TR\u00c1ILER SE ATORA EN V\u00cdAS DEL TREN. - EL INFORMATIVO DE TAMAULIPAS","description":"Cd. Madero, Tamaulipas.- De nueva cuenta un trailer se ator\u00f3 en las v\u00edas del cruce de las avenidas Monterrey y\u00a0 Tamaulipas en el denominado crucero","robots":{"index":"index","follow":"follow","max-snippet":"max-snippet:-1","max-image-preview":"max-image-preview:large","max-video-preview":"max-video-preview:-1"},"canonical":"https:\/\/elinformativotam.com\/index.php\/2024\/03\/27\/trailer-se-atora-en-vias-del-tren\/","og_locale":"es_MX","og_type":"article","og_title":"TR\u00c1ILER SE ATORA EN V\u00cdAS DEL TREN. - EL INFORMATIVO DE TAMAULIPAS","og_description":"Cd. Madero, Tamaulipas.- De nueva cuenta un trailer se ator\u00f3 en las v\u00edas del cruce de las avenidas Monterrey y\u00a0 Tamaulipas en el denominado crucero","og_url":"https:\/\/elinformativotam.com\/index.php\/2024\/03\/27\/trailer-se-atora-en-vias-del-tren\/","og_site_name":"EL INFORMATIVO DE TAMAULIPAS","article_published_time":"2024-03-28T05:56:29+00:00","article_modified_time":"2024-03-28T05:56:45+00:00","og_image":[{"width":1244,"height":720,"url":"https:\/\/elinformativotam.com\/wp-content\/uploads\/2024\/03\/Trailer.jpeg","type":"image\/jpeg"}],"author":"El Informativo Tam","twitter_card":"summary_large_image","twitter_misc":{"Escrito por":"El Informativo Tam","Tiempo de lectura":"2 minutos"},"schema":{"@context":"https:\/\/schema.org","@graph":[{"@type":"Article","@id":"https:\/\/elinformativotam.com\/index.php\/2024\/03\/27\/trailer-se-atora-en-vias-del-tren\/#article","isPartOf":{"@id":"https:\/\/elinformativotam.com\/index.php\/2024\/03\/27\/trailer-se-atora-en-vias-del-tren\/"},"author":{"name":"El Informativo Tam","@id":"https:\/\/elinformativotam.com\/#\/schema\/person\/78e08040eed0f6110f0c5f83b6153590"},"headline":"TR\u00c1ILER SE ATORA EN V\u00cdAS DEL TREN.","datePublished":"2024-03-28T05:56:29+00:00","dateModified":"2024-03-28T05:56:45+00:00","mainEntityOfPage":{"@id":"https:\/\/elinformativotam.com\/index.php\/2024\/03\/27\/trailer-se-atora-en-vias-del-tren\/"},"wordCount":213,"commentCount":0,"publisher":{"@id":"https:\/\/elinformativotam.com\/#organization"},"image":{"@id":"https:\/\/elinformativotam.com\/index.php\/2024\/03\/27\/trailer-se-atora-en-vias-del-tren\/#primaryimage"},"thumbnailUrl":"https:\/\/elinformativotam.com\/wp-content\/uploads\/2024\/03\/Trailer.jpeg","articleSection":["Cd Madero"],"inLanguage":"es","potentialAction":[{"@type":"CommentAction","name":"Comment","target":["https:\/\/elinformativotam.com\/index.php\/2024\/03\/27\/trailer-se-atora-en-vias-del-tren\/#respond"]}]},{"@type":"WebPage","@id":"https:\/\/elinformativotam.com\/index.php\/2024\/03\/27\/trailer-se-atora-en-vias-del-tren\/","url":"https:\/\/elinformativotam.com\/index.php\/2024\/03\/27\/trailer-se-atora-en-vias-del-tren\/","name":"TR\u00c1ILER SE ATORA EN V\u00cdAS DEL TREN. - EL INFORMATIVO DE TAMAULIPAS","isPartOf":{"@id":"https:\/\/elinformativotam.com\/#website"},"primaryImageOfPage":{"@id":"https:\/\/elinformativotam.com\/index.php\/2024\/03\/27\/trailer-se-atora-en-vias-del-tren\/#primaryimage"},"image":{"@id":"https:\/\/elinformativotam.com\/index.php\/2024\/03\/27\/trailer-se-atora-en-vias-del-tren\/#primaryimage"},"thumbnailUrl":"https:\/\/elinformativotam.com\/wp-content\/uploads\/2024\/03\/Trailer.jpeg","datePublished":"2024-03-28T05:56:29+00:00","dateModified":"2024-03-28T05:56:45+00:00","description":"Cd. Madero, Tamaulipas.- De nueva cuenta un trailer se ator\u00f3 en las v\u00edas del cruce de las avenidas Monterrey y\u00a0 Tamaulipas en el denominado crucero","inLanguage":"es","potentialAction":[{"@type":"ReadAction","target":["https:\/\/elinformativotam.com\/index.php\/2024\/03\/27\/trailer-se-atora-en-vias-del-tren\/"]}]},{"@type":"ImageObject","inLanguage":"es","@id":"https:\/\/elinformativotam.com\/index.php\/2024\/03\/27\/trailer-se-atora-en-vias-del-tren\/#primaryimage","url":"https:\/\/elinformativotam.com\/wp-content\/uploads\/2024\/03\/Trailer.jpeg","contentUrl":"https:\/\/elinformativotam.com\/wp-content\/uploads\/2024\/03\/Trailer.jpeg","width":1244,"height":720},{"@type":"WebSite","@id":"https:\/\/elinformativotam.com\/#website","url":"https:\/\/elinformativotam.com\/","name":"EL INFORMATIVO DE TAMAULIPAS","description":"Desde la Zona Metropolitana Para Todo M\u00e9xico","publisher":{"@id":"https:\/\/elinformativotam.com\/#organization"},"potentialAction":[{"@type":"SearchAction","target":{"@type":"EntryPoint","urlTemplate":"https:\/\/elinformativotam.com\/?s={search_term_string}"},"query-input":{"@type":"PropertyValueSpecification","valueRequired":true,"valueName":"search_term_string"}}],"inLanguage":"es"},{"@type":"Organization","@id":"https:\/\/elinformativotam.com\/#organization","name":"EL INFORMATIVO DE TAMAULIPAS","url":"https:\/\/elinformativotam.com\/","logo":{"@type":"ImageObject","inLanguage":"es","@id":"https:\/\/elinformativotam.com\/#\/schema\/logo\/image\/","url":"https:\/\/elinformativotam.com\/wp-content\/uploads\/2026\/02\/Cabezal.png","contentUrl":"https:\/\/elinformativotam.com\/wp-content\/uploads\/2026\/02\/Cabezal.png","width":960,"height":640,"caption":"EL INFORMATIVO DE TAMAULIPAS"},"image":{"@id":"https:\/\/elinformativotam.com\/#\/schema\/logo\/image\/"}},{"@type":"Person","@id":"https:\/\/elinformativotam.com\/#\/schema\/person\/78e08040eed0f6110f0c5f83b6153590","name":"El Informativo Tam","image":{"@type":"ImageObject","inLanguage":"es","@id":"https:\/\/secure.gravatar.com\/avatar\/f3b7ad3af540688955925ac610647be00b0cf41feea9c4978b73a707ee86bc53?s=96&d=mm&r=g","url":"https:\/\/secure.gravatar.com\/avatar\/f3b7ad3af540688955925ac610647be00b0cf41feea9c4978b73a707ee86bc53?s=96&d=mm&r=g","contentUrl":"https:\/\/secure.gravatar.com\/avatar\/f3b7ad3af540688955925ac610647be00b0cf41feea9c4978b73a707ee86bc53?s=96&d=mm&r=g","caption":"El Informativo Tam"}}]}},"_links":{"self":[{"href":"https:\/\/elinformativotam.com\/index.php\/wp-json\/wp\/v2\/posts\/49915","targetHints":{"allow":["GET"]}}],"collection":[{"href":"https:\/\/elinformativotam.com\/index.php\/wp-json\/wp\/v2\/posts"}],"about":[{"href":"https:\/\/elinformativotam.com\/index.php\/wp-json\/wp\/v2\/types\/post"}],"author":[{"embeddable":true,"href":"https:\/\/elinformativotam.com\/index.php\/wp-json\/wp\/v2\/users\/1"}],"replies":[{"embeddable":true,"href":"https:\/\/elinformativotam.com\/index.php\/wp-json\/wp\/v2\/comments?post=49915"}],"version-history":[{"count":2,"href":"https:\/\/elinformativotam.com\/index.php\/wp-json\/wp\/v2\/posts\/49915\/revisions"}],"predecessor-version":[{"id":49919,"href":"https:\/\/elinformativotam.com\/index.php\/wp-json\/wp\/v2\/posts\/49915\/revisions\/49919"}],"wp:featuredmedia":[{"embeddable":true,"href":"https:\/\/elinformativotam.com\/index.php\/wp-json\/wp\/v2\/media\/49917"}],"wp:attachment":[{"href":"https:\/\/elinformativotam.com\/index.php\/wp-json\/wp\/v2\/media?parent=49915"}],"wp:term":[{"taxonomy":"category","embeddable":true,"href":"https:\/\/elinformativotam.com\/index.php\/wp-json\/wp\/v2\/categories?post=49915"},{"taxonomy":"post_tag","embeddable":true,"href":"https:\/\/elinformativotam.com\/index.php\/wp-json\/wp\/v2\/tags?post=49915"}],"curies":[{"name":"wp","href":"https:\/\/api.w.org\/{rel}","templated":true}]}}