{"id":49896,"date":"2024-03-26T20:20:23","date_gmt":"2024-03-27T02:20:23","guid":{"rendered":"https:\/\/elinformativotam.com\/?p=49896"},"modified":"2024-03-26T20:20:23","modified_gmt":"2024-03-27T02:20:23","slug":"aparece-cocodrilo-en-la-laguna-de-champayan-en-altamira","status":"publish","type":"post","link":"https:\/\/elinformativotam.com\/index.php\/2024\/03\/26\/aparece-cocodrilo-en-la-laguna-de-champayan-en-altamira\/","title":{"rendered":"APARECE COCODRILO EN LA LAGUNA DE CHAMPAYAN EN ALTAMIRA"},"content":{"rendered":"<p>La tarde del domingo aparece un cocodrilo mutilado en la laguna de Champayan, esto entre las dos y tres de la tarde, aqu\u00ed apareci\u00f3 ese animal, ven\u00eda amordazado con una cuerda en su trompa.<\/p>\n<p>&nbsp;<\/p>\n<p>Sebasti\u00e1n Dom\u00ednguez, empresario de la zona de la laguna, expuso que que el animal estaba en estado de descomposici\u00f3n, estaba muy inflado, imagino que ten\u00eda muchos d\u00edas en cautiverio y lo vinieron a tirarlo a la laguna.<\/p>\n<p><img loading=\"lazy\" decoding=\"async\" class=\"size-medium wp-image-49898 alignleft\" src=\"https:\/\/elinformativotam.com\/wp-content\/uploads\/2024\/03\/Lagarto-399x365.jpeg\" alt=\"\" width=\"399\" height=\"365\" srcset=\"https:\/\/elinformativotam.com\/wp-content\/uploads\/2024\/03\/Lagarto-399x365.jpeg 399w, https:\/\/elinformativotam.com\/wp-content\/uploads\/2024\/03\/Lagarto-840x769.jpeg 840w, https:\/\/elinformativotam.com\/wp-content\/uploads\/2024\/03\/Lagarto-768x703.jpeg 768w, https:\/\/elinformativotam.com\/wp-content\/uploads\/2024\/03\/Lagarto.jpeg 969w\" sizes=\"auto, (max-width: 399px) 100vw, 399px\" \/><\/p>\n<p>\u201cLa gente dijo que era un crimen porque en la laguna de Champay\u00e1n no hay lagartos de esa magnitud, porque ese ten\u00eda unos dos metros de largo, de esos no hay en esta laguna<\/p>\n<p>Me imagino que lo han deber tra\u00eddo de otro lugar, yo creo que lo hicieron con el af\u00e1n de da\u00f1ar a la fauna<\/p>\n<p>En la manera en que ven\u00eda el animal es un crimen lo que hicieron, ven\u00eda amordazado\u201d, coment\u00f3.<\/p>\n<p>&nbsp;<\/p>\n<p>Expuso que el animal qued\u00f3 ah\u00ed, desconociendo cu\u00e1l fue el fin, posiblemente debido a que fue subido a redes sociales, llegaron autoridades y posiblemente se lo llevaron.<\/p>\n<p>&nbsp;<\/p>\n","protected":false},"excerpt":{"rendered":"<p>La tarde del domingo aparece un cocodrilo mutilado en la laguna de Champayan, esto entre las dos y tres de&hellip;<\/p>\n","protected":false},"author":1,"featured_media":49897,"comment_status":"open","ping_status":"open","sticky":false,"template":"","format":"standard","meta":{"footnotes":""},"categories":[5],"tags":[],"class_list":["post-49896","post","type-post","status-publish","format-standard","has-post-thumbnail","hentry","category-altamira"],"yoast_head":"<!-- This site is optimized with the Yoast SEO plugin v27.5 - https:\/\/yoast.com\/product\/yoast-seo-wordpress\/ -->\n<title>APARECE COCODRILO EN LA LAGUNA DE CHAMPAYAN EN ALTAMIRA - EL INFORMATIVO DE TAMAULIPAS<\/title>\n<meta name=\"description\" content=\"La tarde del domingo aparece un cocodrilo mutilado en la laguna de Champayan, esto entre las dos y tres de la tarde, aqu\u00ed apareci\u00f3 ese animal, ven\u00eda\" \/>\n<meta name=\"robots\" content=\"index, follow, max-snippet:-1, max-image-preview:large, max-video-preview:-1\" \/>\n<link rel=\"canonical\" href=\"https:\/\/elinformativotam.com\/index.php\/2024\/03\/26\/aparece-cocodrilo-en-la-laguna-de-champayan-en-altamira\/\" \/>\n<meta property=\"og:locale\" content=\"es_MX\" \/>\n<meta property=\"og:type\" content=\"article\" \/>\n<meta property=\"og:title\" content=\"APARECE COCODRILO EN LA LAGUNA DE CHAMPAYAN EN ALTAMIRA - EL INFORMATIVO DE TAMAULIPAS\" \/>\n<meta property=\"og:description\" content=\"La tarde del domingo aparece un cocodrilo mutilado en la laguna de Champayan, esto entre las dos y tres de la tarde, aqu\u00ed apareci\u00f3 ese animal, ven\u00eda\" \/>\n<meta property=\"og:url\" content=\"https:\/\/elinformativotam.com\/index.php\/2024\/03\/26\/aparece-cocodrilo-en-la-laguna-de-champayan-en-altamira\/\" \/>\n<meta property=\"og:site_name\" content=\"EL INFORMATIVO DE TAMAULIPAS\" \/>\n<meta property=\"article:published_time\" content=\"2024-03-27T02:20:23+00:00\" \/>\n<meta property=\"og:image\" content=\"https:\/\/elinformativotam.com\/wp-content\/uploads\/2024\/03\/Laguna.jpeg\" \/>\n\t<meta property=\"og:image:width\" content=\"679\" \/>\n\t<meta property=\"og:image:height\" content=\"452\" \/>\n\t<meta property=\"og:image:type\" content=\"image\/jpeg\" \/>\n<meta name=\"author\" content=\"El Informativo Tam\" \/>\n<meta name=\"twitter:card\" content=\"summary_large_image\" \/>\n<meta name=\"twitter:label1\" content=\"Escrito por\" \/>\n\t<meta name=\"twitter:data1\" content=\"El Informativo Tam\" \/>\n\t<meta name=\"twitter:label2\" content=\"Tiempo de lectura\" \/>\n\t<meta name=\"twitter:data2\" content=\"2 minutos\" \/>\n<script type=\"application\/ld+json\" class=\"yoast-schema-graph\">{\"@context\":\"https:\\\/\\\/schema.org\",\"@graph\":[{\"@type\":\"Article\",\"@id\":\"https:\\\/\\\/elinformativotam.com\\\/index.php\\\/2024\\\/03\\\/26\\\/aparece-cocodrilo-en-la-laguna-de-champayan-en-altamira\\\/#article\",\"isPartOf\":{\"@id\":\"https:\\\/\\\/elinformativotam.com\\\/index.php\\\/2024\\\/03\\\/26\\\/aparece-cocodrilo-en-la-laguna-de-champayan-en-altamira\\\/\"},\"author\":{\"name\":\"El Informativo Tam\",\"@id\":\"https:\\\/\\\/elinformativotam.com\\\/#\\\/schema\\\/person\\\/78e08040eed0f6110f0c5f83b6153590\"},\"headline\":\"APARECE COCODRILO EN LA LAGUNA DE CHAMPAYAN EN ALTAMIRA\",\"datePublished\":\"2024-03-27T02:20:23+00:00\",\"mainEntityOfPage\":{\"@id\":\"https:\\\/\\\/elinformativotam.com\\\/index.php\\\/2024\\\/03\\\/26\\\/aparece-cocodrilo-en-la-laguna-de-champayan-en-altamira\\\/\"},\"wordCount\":198,\"commentCount\":0,\"publisher\":{\"@id\":\"https:\\\/\\\/elinformativotam.com\\\/#organization\"},\"image\":{\"@id\":\"https:\\\/\\\/elinformativotam.com\\\/index.php\\\/2024\\\/03\\\/26\\\/aparece-cocodrilo-en-la-laguna-de-champayan-en-altamira\\\/#primaryimage\"},\"thumbnailUrl\":\"https:\\\/\\\/elinformativotam.com\\\/wp-content\\\/uploads\\\/2024\\\/03\\\/Laguna.jpeg\",\"articleSection\":[\"Altamira\"],\"inLanguage\":\"es\",\"potentialAction\":[{\"@type\":\"CommentAction\",\"name\":\"Comment\",\"target\":[\"https:\\\/\\\/elinformativotam.com\\\/index.php\\\/2024\\\/03\\\/26\\\/aparece-cocodrilo-en-la-laguna-de-champayan-en-altamira\\\/#respond\"]}]},{\"@type\":\"WebPage\",\"@id\":\"https:\\\/\\\/elinformativotam.com\\\/index.php\\\/2024\\\/03\\\/26\\\/aparece-cocodrilo-en-la-laguna-de-champayan-en-altamira\\\/\",\"url\":\"https:\\\/\\\/elinformativotam.com\\\/index.php\\\/2024\\\/03\\\/26\\\/aparece-cocodrilo-en-la-laguna-de-champayan-en-altamira\\\/\",\"name\":\"APARECE COCODRILO EN LA LAGUNA DE CHAMPAYAN EN ALTAMIRA - EL INFORMATIVO DE TAMAULIPAS\",\"isPartOf\":{\"@id\":\"https:\\\/\\\/elinformativotam.com\\\/#website\"},\"primaryImageOfPage\":{\"@id\":\"https:\\\/\\\/elinformativotam.com\\\/index.php\\\/2024\\\/03\\\/26\\\/aparece-cocodrilo-en-la-laguna-de-champayan-en-altamira\\\/#primaryimage\"},\"image\":{\"@id\":\"https:\\\/\\\/elinformativotam.com\\\/index.php\\\/2024\\\/03\\\/26\\\/aparece-cocodrilo-en-la-laguna-de-champayan-en-altamira\\\/#primaryimage\"},\"thumbnailUrl\":\"https:\\\/\\\/elinformativotam.com\\\/wp-content\\\/uploads\\\/2024\\\/03\\\/Laguna.jpeg\",\"datePublished\":\"2024-03-27T02:20:23+00:00\",\"description\":\"La tarde del domingo aparece un cocodrilo mutilado en la laguna de Champayan, esto entre las dos y tres de la tarde, aqu\u00ed apareci\u00f3 ese animal, ven\u00eda\",\"inLanguage\":\"es\",\"potentialAction\":[{\"@type\":\"ReadAction\",\"target\":[\"https:\\\/\\\/elinformativotam.com\\\/index.php\\\/2024\\\/03\\\/26\\\/aparece-cocodrilo-en-la-laguna-de-champayan-en-altamira\\\/\"]}]},{\"@type\":\"ImageObject\",\"inLanguage\":\"es\",\"@id\":\"https:\\\/\\\/elinformativotam.com\\\/index.php\\\/2024\\\/03\\\/26\\\/aparece-cocodrilo-en-la-laguna-de-champayan-en-altamira\\\/#primaryimage\",\"url\":\"https:\\\/\\\/elinformativotam.com\\\/wp-content\\\/uploads\\\/2024\\\/03\\\/Laguna.jpeg\",\"contentUrl\":\"https:\\\/\\\/elinformativotam.com\\\/wp-content\\\/uploads\\\/2024\\\/03\\\/Laguna.jpeg\",\"width\":679,\"height\":452},{\"@type\":\"WebSite\",\"@id\":\"https:\\\/\\\/elinformativotam.com\\\/#website\",\"url\":\"https:\\\/\\\/elinformativotam.com\\\/\",\"name\":\"EL INFORMATIVO DE TAMAULIPAS\",\"description\":\"Desde la Zona Metropolitana Para Todo M\u00e9xico\",\"publisher\":{\"@id\":\"https:\\\/\\\/elinformativotam.com\\\/#organization\"},\"potentialAction\":[{\"@type\":\"SearchAction\",\"target\":{\"@type\":\"EntryPoint\",\"urlTemplate\":\"https:\\\/\\\/elinformativotam.com\\\/?s={search_term_string}\"},\"query-input\":{\"@type\":\"PropertyValueSpecification\",\"valueRequired\":true,\"valueName\":\"search_term_string\"}}],\"inLanguage\":\"es\"},{\"@type\":\"Organization\",\"@id\":\"https:\\\/\\\/elinformativotam.com\\\/#organization\",\"name\":\"EL INFORMATIVO DE TAMAULIPAS\",\"url\":\"https:\\\/\\\/elinformativotam.com\\\/\",\"logo\":{\"@type\":\"ImageObject\",\"inLanguage\":\"es\",\"@id\":\"https:\\\/\\\/elinformativotam.com\\\/#\\\/schema\\\/logo\\\/image\\\/\",\"url\":\"https:\\\/\\\/elinformativotam.com\\\/wp-content\\\/uploads\\\/2026\\\/02\\\/Cabezal.png\",\"contentUrl\":\"https:\\\/\\\/elinformativotam.com\\\/wp-content\\\/uploads\\\/2026\\\/02\\\/Cabezal.png\",\"width\":960,\"height\":640,\"caption\":\"EL INFORMATIVO DE TAMAULIPAS\"},\"image\":{\"@id\":\"https:\\\/\\\/elinformativotam.com\\\/#\\\/schema\\\/logo\\\/image\\\/\"}},{\"@type\":\"Person\",\"@id\":\"https:\\\/\\\/elinformativotam.com\\\/#\\\/schema\\\/person\\\/78e08040eed0f6110f0c5f83b6153590\",\"name\":\"El Informativo Tam\",\"image\":{\"@type\":\"ImageObject\",\"inLanguage\":\"es\",\"@id\":\"https:\\\/\\\/secure.gravatar.com\\\/avatar\\\/f3b7ad3af540688955925ac610647be00b0cf41feea9c4978b73a707ee86bc53?s=96&d=mm&r=g\",\"url\":\"https:\\\/\\\/secure.gravatar.com\\\/avatar\\\/f3b7ad3af540688955925ac610647be00b0cf41feea9c4978b73a707ee86bc53?s=96&d=mm&r=g\",\"contentUrl\":\"https:\\\/\\\/secure.gravatar.com\\\/avatar\\\/f3b7ad3af540688955925ac610647be00b0cf41feea9c4978b73a707ee86bc53?s=96&d=mm&r=g\",\"caption\":\"El Informativo Tam\"}}]}<\/script>\n<!-- \/ Yoast SEO plugin. -->","yoast_head_json":{"title":"APARECE COCODRILO EN LA LAGUNA DE CHAMPAYAN EN ALTAMIRA - EL INFORMATIVO DE TAMAULIPAS","description":"La tarde del domingo aparece un cocodrilo mutilado en la laguna de Champayan, esto entre las dos y tres de la tarde, aqu\u00ed apareci\u00f3 ese animal, ven\u00eda","robots":{"index":"index","follow":"follow","max-snippet":"max-snippet:-1","max-image-preview":"max-image-preview:large","max-video-preview":"max-video-preview:-1"},"canonical":"https:\/\/elinformativotam.com\/index.php\/2024\/03\/26\/aparece-cocodrilo-en-la-laguna-de-champayan-en-altamira\/","og_locale":"es_MX","og_type":"article","og_title":"APARECE COCODRILO EN LA LAGUNA DE CHAMPAYAN EN ALTAMIRA - EL INFORMATIVO DE TAMAULIPAS","og_description":"La tarde del domingo aparece un cocodrilo mutilado en la laguna de Champayan, esto entre las dos y tres de la tarde, aqu\u00ed apareci\u00f3 ese animal, ven\u00eda","og_url":"https:\/\/elinformativotam.com\/index.php\/2024\/03\/26\/aparece-cocodrilo-en-la-laguna-de-champayan-en-altamira\/","og_site_name":"EL INFORMATIVO DE TAMAULIPAS","article_published_time":"2024-03-27T02:20:23+00:00","og_image":[{"width":679,"height":452,"url":"https:\/\/elinformativotam.com\/wp-content\/uploads\/2024\/03\/Laguna.jpeg","type":"image\/jpeg"}],"author":"El Informativo Tam","twitter_card":"summary_large_image","twitter_misc":{"Escrito por":"El Informativo Tam","Tiempo de lectura":"2 minutos"},"schema":{"@context":"https:\/\/schema.org","@graph":[{"@type":"Article","@id":"https:\/\/elinformativotam.com\/index.php\/2024\/03\/26\/aparece-cocodrilo-en-la-laguna-de-champayan-en-altamira\/#article","isPartOf":{"@id":"https:\/\/elinformativotam.com\/index.php\/2024\/03\/26\/aparece-cocodrilo-en-la-laguna-de-champayan-en-altamira\/"},"author":{"name":"El Informativo Tam","@id":"https:\/\/elinformativotam.com\/#\/schema\/person\/78e08040eed0f6110f0c5f83b6153590"},"headline":"APARECE COCODRILO EN LA LAGUNA DE CHAMPAYAN EN ALTAMIRA","datePublished":"2024-03-27T02:20:23+00:00","mainEntityOfPage":{"@id":"https:\/\/elinformativotam.com\/index.php\/2024\/03\/26\/aparece-cocodrilo-en-la-laguna-de-champayan-en-altamira\/"},"wordCount":198,"commentCount":0,"publisher":{"@id":"https:\/\/elinformativotam.com\/#organization"},"image":{"@id":"https:\/\/elinformativotam.com\/index.php\/2024\/03\/26\/aparece-cocodrilo-en-la-laguna-de-champayan-en-altamira\/#primaryimage"},"thumbnailUrl":"https:\/\/elinformativotam.com\/wp-content\/uploads\/2024\/03\/Laguna.jpeg","articleSection":["Altamira"],"inLanguage":"es","potentialAction":[{"@type":"CommentAction","name":"Comment","target":["https:\/\/elinformativotam.com\/index.php\/2024\/03\/26\/aparece-cocodrilo-en-la-laguna-de-champayan-en-altamira\/#respond"]}]},{"@type":"WebPage","@id":"https:\/\/elinformativotam.com\/index.php\/2024\/03\/26\/aparece-cocodrilo-en-la-laguna-de-champayan-en-altamira\/","url":"https:\/\/elinformativotam.com\/index.php\/2024\/03\/26\/aparece-cocodrilo-en-la-laguna-de-champayan-en-altamira\/","name":"APARECE COCODRILO EN LA LAGUNA DE CHAMPAYAN EN ALTAMIRA - EL INFORMATIVO DE TAMAULIPAS","isPartOf":{"@id":"https:\/\/elinformativotam.com\/#website"},"primaryImageOfPage":{"@id":"https:\/\/elinformativotam.com\/index.php\/2024\/03\/26\/aparece-cocodrilo-en-la-laguna-de-champayan-en-altamira\/#primaryimage"},"image":{"@id":"https:\/\/elinformativotam.com\/index.php\/2024\/03\/26\/aparece-cocodrilo-en-la-laguna-de-champayan-en-altamira\/#primaryimage"},"thumbnailUrl":"https:\/\/elinformativotam.com\/wp-content\/uploads\/2024\/03\/Laguna.jpeg","datePublished":"2024-03-27T02:20:23+00:00","description":"La tarde del domingo aparece un cocodrilo mutilado en la laguna de Champayan, esto entre las dos y tres de la tarde, aqu\u00ed apareci\u00f3 ese animal, ven\u00eda","inLanguage":"es","potentialAction":[{"@type":"ReadAction","target":["https:\/\/elinformativotam.com\/index.php\/2024\/03\/26\/aparece-cocodrilo-en-la-laguna-de-champayan-en-altamira\/"]}]},{"@type":"ImageObject","inLanguage":"es","@id":"https:\/\/elinformativotam.com\/index.php\/2024\/03\/26\/aparece-cocodrilo-en-la-laguna-de-champayan-en-altamira\/#primaryimage","url":"https:\/\/elinformativotam.com\/wp-content\/uploads\/2024\/03\/Laguna.jpeg","contentUrl":"https:\/\/elinformativotam.com\/wp-content\/uploads\/2024\/03\/Laguna.jpeg","width":679,"height":452},{"@type":"WebSite","@id":"https:\/\/elinformativotam.com\/#website","url":"https:\/\/elinformativotam.com\/","name":"EL INFORMATIVO DE TAMAULIPAS","description":"Desde la Zona Metropolitana Para Todo M\u00e9xico","publisher":{"@id":"https:\/\/elinformativotam.com\/#organization"},"potentialAction":[{"@type":"SearchAction","target":{"@type":"EntryPoint","urlTemplate":"https:\/\/elinformativotam.com\/?s={search_term_string}"},"query-input":{"@type":"PropertyValueSpecification","valueRequired":true,"valueName":"search_term_string"}}],"inLanguage":"es"},{"@type":"Organization","@id":"https:\/\/elinformativotam.com\/#organization","name":"EL INFORMATIVO DE TAMAULIPAS","url":"https:\/\/elinformativotam.com\/","logo":{"@type":"ImageObject","inLanguage":"es","@id":"https:\/\/elinformativotam.com\/#\/schema\/logo\/image\/","url":"https:\/\/elinformativotam.com\/wp-content\/uploads\/2026\/02\/Cabezal.png","contentUrl":"https:\/\/elinformativotam.com\/wp-content\/uploads\/2026\/02\/Cabezal.png","width":960,"height":640,"caption":"EL INFORMATIVO DE TAMAULIPAS"},"image":{"@id":"https:\/\/elinformativotam.com\/#\/schema\/logo\/image\/"}},{"@type":"Person","@id":"https:\/\/elinformativotam.com\/#\/schema\/person\/78e08040eed0f6110f0c5f83b6153590","name":"El Informativo Tam","image":{"@type":"ImageObject","inLanguage":"es","@id":"https:\/\/secure.gravatar.com\/avatar\/f3b7ad3af540688955925ac610647be00b0cf41feea9c4978b73a707ee86bc53?s=96&d=mm&r=g","url":"https:\/\/secure.gravatar.com\/avatar\/f3b7ad3af540688955925ac610647be00b0cf41feea9c4978b73a707ee86bc53?s=96&d=mm&r=g","contentUrl":"https:\/\/secure.gravatar.com\/avatar\/f3b7ad3af540688955925ac610647be00b0cf41feea9c4978b73a707ee86bc53?s=96&d=mm&r=g","caption":"El Informativo Tam"}}]}},"_links":{"self":[{"href":"https:\/\/elinformativotam.com\/index.php\/wp-json\/wp\/v2\/posts\/49896","targetHints":{"allow":["GET"]}}],"collection":[{"href":"https:\/\/elinformativotam.com\/index.php\/wp-json\/wp\/v2\/posts"}],"about":[{"href":"https:\/\/elinformativotam.com\/index.php\/wp-json\/wp\/v2\/types\/post"}],"author":[{"embeddable":true,"href":"https:\/\/elinformativotam.com\/index.php\/wp-json\/wp\/v2\/users\/1"}],"replies":[{"embeddable":true,"href":"https:\/\/elinformativotam.com\/index.php\/wp-json\/wp\/v2\/comments?post=49896"}],"version-history":[{"count":1,"href":"https:\/\/elinformativotam.com\/index.php\/wp-json\/wp\/v2\/posts\/49896\/revisions"}],"predecessor-version":[{"id":49899,"href":"https:\/\/elinformativotam.com\/index.php\/wp-json\/wp\/v2\/posts\/49896\/revisions\/49899"}],"wp:featuredmedia":[{"embeddable":true,"href":"https:\/\/elinformativotam.com\/index.php\/wp-json\/wp\/v2\/media\/49897"}],"wp:attachment":[{"href":"https:\/\/elinformativotam.com\/index.php\/wp-json\/wp\/v2\/media?parent=49896"}],"wp:term":[{"taxonomy":"category","embeddable":true,"href":"https:\/\/elinformativotam.com\/index.php\/wp-json\/wp\/v2\/categories?post=49896"},{"taxonomy":"post_tag","embeddable":true,"href":"https:\/\/elinformativotam.com\/index.php\/wp-json\/wp\/v2\/tags?post=49896"}],"curies":[{"name":"wp","href":"https:\/\/api.w.org\/{rel}","templated":true}]}}