{"id":49893,"date":"2024-03-26T20:09:35","date_gmt":"2024-03-27T02:09:35","guid":{"rendered":"https:\/\/elinformativotam.com\/?p=49893"},"modified":"2024-03-26T20:09:35","modified_gmt":"2024-03-27T02:09:35","slug":"juridico-apoyara-ante-la-situacion-de-robo-en-la-escuela-martires-de-la-revolucion","status":"publish","type":"post","link":"https:\/\/elinformativotam.com\/index.php\/2024\/03\/26\/juridico-apoyara-ante-la-situacion-de-robo-en-la-escuela-martires-de-la-revolucion\/","title":{"rendered":"JUR\u00cdDICO APOYAR\u00c1 ANTE LA SITUACI\u00d3N DE ROBO EN LA ESCUELA M\u00c1RTIRES DE LA REVOLUCI\u00d3N"},"content":{"rendered":"<p>El \u00e1rea jur\u00eddica de municipio estar\u00e1 apoyando en el caso de los siete robos del plantel a maestros y padres de familia de la escuela primaria \u201cM\u00e1rtires de la Revoluci\u00f3n\u201d.<\/p>\n<p>&nbsp;<\/p>\n<p>La finalidad es que se encuentren bien asentadas en los diferentes expedientes que existen en la Fiscal\u00eda General de Justicia de Tamaulipas (FGJT).<\/p>\n<p>&nbsp;<\/p>\n<p>Jos\u00e9 Francisco P\u00e9rez Ram\u00edrez, Secretario del Ayuntamiento, expuso que mientras tanto como primeras acciones han solicitado el reforzamiento de la vigilancia por parte de los elementos de la Secretar\u00eda de Seguridad P\u00fablicas a trav\u00e9s de la Guardia Estatal.<\/p>\n<p>&nbsp;<\/p>\n<p>\u201cM\u00e1rtires de la Revoluci\u00f3n\u201d, han presentado varias denuncias correspondientes en contra de quien o quienes resulten responsables \u201cno como robo sino m\u00e1s bien por allanamiento de morada, por lo que no existe un se\u00f1alamiento directo en contra de alguien en especifico o en particular\u201d, mencion\u00f3 P\u00e9rez Ram\u00edrez.<\/p>\n<p>&nbsp;<\/p>\n<p>Y es que la situaci\u00f3n se dio luego de que el sujeto fuera aprendido en infraganti y pese a ello fuera dado en libertad.<\/p>\n<p>&nbsp;<\/p>\n<p>Agreg\u00f3 que supuestamente no hub\u00f3 una denuncia en contra de esa persona, es un alba\u00f1il, no fue se\u00f1alado como tal y responsable del robo a la escuela primaria sino que es en contra de quien resulte responsable, por eso fue puesto en libertad.<\/p>\n<p>&nbsp;<\/p>\n<p>&nbsp;<\/p>\n","protected":false},"excerpt":{"rendered":"<p>El \u00e1rea jur\u00eddica de municipio estar\u00e1 apoyando en el caso de los siete robos del plantel a maestros y padres&hellip;<\/p>\n","protected":false},"author":1,"featured_media":49894,"comment_status":"open","ping_status":"open","sticky":false,"template":"","format":"standard","meta":{"footnotes":""},"categories":[5],"tags":[],"class_list":["post-49893","post","type-post","status-publish","format-standard","has-post-thumbnail","hentry","category-altamira"],"yoast_head":"<!-- This site is optimized with the Yoast SEO plugin v27.5 - https:\/\/yoast.com\/product\/yoast-seo-wordpress\/ -->\n<title>JUR\u00cdDICO APOYAR\u00c1 ANTE LA SITUACI\u00d3N DE ROBO EN LA ESCUELA M\u00c1RTIRES DE LA REVOLUCI\u00d3N - EL INFORMATIVO DE TAMAULIPAS<\/title>\n<meta name=\"description\" content=\"El \u00e1rea jur\u00eddica de municipio estar\u00e1 apoyando en el caso de los siete robos del plantel a maestros y padres de familia de la escuela primaria \u201cM\u00e1rtires de\" \/>\n<meta name=\"robots\" content=\"index, follow, max-snippet:-1, max-image-preview:large, max-video-preview:-1\" \/>\n<link rel=\"canonical\" href=\"https:\/\/elinformativotam.com\/index.php\/2024\/03\/26\/juridico-apoyara-ante-la-situacion-de-robo-en-la-escuela-martires-de-la-revolucion\/\" \/>\n<meta property=\"og:locale\" content=\"es_MX\" \/>\n<meta property=\"og:type\" content=\"article\" \/>\n<meta property=\"og:title\" content=\"JUR\u00cdDICO APOYAR\u00c1 ANTE LA SITUACI\u00d3N DE ROBO EN LA ESCUELA M\u00c1RTIRES DE LA REVOLUCI\u00d3N - EL INFORMATIVO DE TAMAULIPAS\" \/>\n<meta property=\"og:description\" content=\"El \u00e1rea jur\u00eddica de municipio estar\u00e1 apoyando en el caso de los siete robos del plantel a maestros y padres de familia de la escuela primaria \u201cM\u00e1rtires de\" \/>\n<meta property=\"og:url\" content=\"https:\/\/elinformativotam.com\/index.php\/2024\/03\/26\/juridico-apoyara-ante-la-situacion-de-robo-en-la-escuela-martires-de-la-revolucion\/\" \/>\n<meta property=\"og:site_name\" content=\"EL INFORMATIVO DE TAMAULIPAS\" \/>\n<meta property=\"article:published_time\" content=\"2024-03-27T02:09:35+00:00\" \/>\n<meta property=\"og:image\" content=\"https:\/\/elinformativotam.com\/wp-content\/uploads\/2024\/03\/Juridico.jpeg\" \/>\n\t<meta property=\"og:image:width\" content=\"1600\" \/>\n\t<meta property=\"og:image:height\" content=\"1200\" \/>\n\t<meta property=\"og:image:type\" content=\"image\/jpeg\" \/>\n<meta name=\"author\" content=\"El Informativo Tam\" \/>\n<meta name=\"twitter:card\" content=\"summary_large_image\" \/>\n<meta name=\"twitter:label1\" content=\"Escrito por\" \/>\n\t<meta name=\"twitter:data1\" content=\"El Informativo Tam\" \/>\n\t<meta name=\"twitter:label2\" content=\"Tiempo de lectura\" \/>\n\t<meta name=\"twitter:data2\" content=\"2 minutos\" \/>\n<script type=\"application\/ld+json\" class=\"yoast-schema-graph\">{\"@context\":\"https:\\\/\\\/schema.org\",\"@graph\":[{\"@type\":\"Article\",\"@id\":\"https:\\\/\\\/elinformativotam.com\\\/index.php\\\/2024\\\/03\\\/26\\\/juridico-apoyara-ante-la-situacion-de-robo-en-la-escuela-martires-de-la-revolucion\\\/#article\",\"isPartOf\":{\"@id\":\"https:\\\/\\\/elinformativotam.com\\\/index.php\\\/2024\\\/03\\\/26\\\/juridico-apoyara-ante-la-situacion-de-robo-en-la-escuela-martires-de-la-revolucion\\\/\"},\"author\":{\"name\":\"El Informativo Tam\",\"@id\":\"https:\\\/\\\/elinformativotam.com\\\/#\\\/schema\\\/person\\\/78e08040eed0f6110f0c5f83b6153590\"},\"headline\":\"JUR\u00cdDICO APOYAR\u00c1 ANTE LA SITUACI\u00d3N DE ROBO EN LA ESCUELA M\u00c1RTIRES DE LA REVOLUCI\u00d3N\",\"datePublished\":\"2024-03-27T02:09:35+00:00\",\"mainEntityOfPage\":{\"@id\":\"https:\\\/\\\/elinformativotam.com\\\/index.php\\\/2024\\\/03\\\/26\\\/juridico-apoyara-ante-la-situacion-de-robo-en-la-escuela-martires-de-la-revolucion\\\/\"},\"wordCount\":248,\"commentCount\":0,\"publisher\":{\"@id\":\"https:\\\/\\\/elinformativotam.com\\\/#organization\"},\"image\":{\"@id\":\"https:\\\/\\\/elinformativotam.com\\\/index.php\\\/2024\\\/03\\\/26\\\/juridico-apoyara-ante-la-situacion-de-robo-en-la-escuela-martires-de-la-revolucion\\\/#primaryimage\"},\"thumbnailUrl\":\"https:\\\/\\\/elinformativotam.com\\\/wp-content\\\/uploads\\\/2024\\\/03\\\/Juridico.jpeg\",\"articleSection\":[\"Altamira\"],\"inLanguage\":\"es\",\"potentialAction\":[{\"@type\":\"CommentAction\",\"name\":\"Comment\",\"target\":[\"https:\\\/\\\/elinformativotam.com\\\/index.php\\\/2024\\\/03\\\/26\\\/juridico-apoyara-ante-la-situacion-de-robo-en-la-escuela-martires-de-la-revolucion\\\/#respond\"]}]},{\"@type\":\"WebPage\",\"@id\":\"https:\\\/\\\/elinformativotam.com\\\/index.php\\\/2024\\\/03\\\/26\\\/juridico-apoyara-ante-la-situacion-de-robo-en-la-escuela-martires-de-la-revolucion\\\/\",\"url\":\"https:\\\/\\\/elinformativotam.com\\\/index.php\\\/2024\\\/03\\\/26\\\/juridico-apoyara-ante-la-situacion-de-robo-en-la-escuela-martires-de-la-revolucion\\\/\",\"name\":\"JUR\u00cdDICO APOYAR\u00c1 ANTE LA SITUACI\u00d3N DE ROBO EN LA ESCUELA M\u00c1RTIRES DE LA REVOLUCI\u00d3N - EL INFORMATIVO DE TAMAULIPAS\",\"isPartOf\":{\"@id\":\"https:\\\/\\\/elinformativotam.com\\\/#website\"},\"primaryImageOfPage\":{\"@id\":\"https:\\\/\\\/elinformativotam.com\\\/index.php\\\/2024\\\/03\\\/26\\\/juridico-apoyara-ante-la-situacion-de-robo-en-la-escuela-martires-de-la-revolucion\\\/#primaryimage\"},\"image\":{\"@id\":\"https:\\\/\\\/elinformativotam.com\\\/index.php\\\/2024\\\/03\\\/26\\\/juridico-apoyara-ante-la-situacion-de-robo-en-la-escuela-martires-de-la-revolucion\\\/#primaryimage\"},\"thumbnailUrl\":\"https:\\\/\\\/elinformativotam.com\\\/wp-content\\\/uploads\\\/2024\\\/03\\\/Juridico.jpeg\",\"datePublished\":\"2024-03-27T02:09:35+00:00\",\"description\":\"El \u00e1rea jur\u00eddica de municipio estar\u00e1 apoyando en el caso de los siete robos del plantel a maestros y padres de familia de la escuela primaria \u201cM\u00e1rtires de\",\"inLanguage\":\"es\",\"potentialAction\":[{\"@type\":\"ReadAction\",\"target\":[\"https:\\\/\\\/elinformativotam.com\\\/index.php\\\/2024\\\/03\\\/26\\\/juridico-apoyara-ante-la-situacion-de-robo-en-la-escuela-martires-de-la-revolucion\\\/\"]}]},{\"@type\":\"ImageObject\",\"inLanguage\":\"es\",\"@id\":\"https:\\\/\\\/elinformativotam.com\\\/index.php\\\/2024\\\/03\\\/26\\\/juridico-apoyara-ante-la-situacion-de-robo-en-la-escuela-martires-de-la-revolucion\\\/#primaryimage\",\"url\":\"https:\\\/\\\/elinformativotam.com\\\/wp-content\\\/uploads\\\/2024\\\/03\\\/Juridico.jpeg\",\"contentUrl\":\"https:\\\/\\\/elinformativotam.com\\\/wp-content\\\/uploads\\\/2024\\\/03\\\/Juridico.jpeg\",\"width\":1600,\"height\":1200},{\"@type\":\"WebSite\",\"@id\":\"https:\\\/\\\/elinformativotam.com\\\/#website\",\"url\":\"https:\\\/\\\/elinformativotam.com\\\/\",\"name\":\"EL INFORMATIVO DE TAMAULIPAS\",\"description\":\"Desde la Zona Metropolitana Para Todo M\u00e9xico\",\"publisher\":{\"@id\":\"https:\\\/\\\/elinformativotam.com\\\/#organization\"},\"potentialAction\":[{\"@type\":\"SearchAction\",\"target\":{\"@type\":\"EntryPoint\",\"urlTemplate\":\"https:\\\/\\\/elinformativotam.com\\\/?s={search_term_string}\"},\"query-input\":{\"@type\":\"PropertyValueSpecification\",\"valueRequired\":true,\"valueName\":\"search_term_string\"}}],\"inLanguage\":\"es\"},{\"@type\":\"Organization\",\"@id\":\"https:\\\/\\\/elinformativotam.com\\\/#organization\",\"name\":\"EL INFORMATIVO DE TAMAULIPAS\",\"url\":\"https:\\\/\\\/elinformativotam.com\\\/\",\"logo\":{\"@type\":\"ImageObject\",\"inLanguage\":\"es\",\"@id\":\"https:\\\/\\\/elinformativotam.com\\\/#\\\/schema\\\/logo\\\/image\\\/\",\"url\":\"https:\\\/\\\/elinformativotam.com\\\/wp-content\\\/uploads\\\/2026\\\/02\\\/Cabezal.png\",\"contentUrl\":\"https:\\\/\\\/elinformativotam.com\\\/wp-content\\\/uploads\\\/2026\\\/02\\\/Cabezal.png\",\"width\":960,\"height\":640,\"caption\":\"EL INFORMATIVO DE TAMAULIPAS\"},\"image\":{\"@id\":\"https:\\\/\\\/elinformativotam.com\\\/#\\\/schema\\\/logo\\\/image\\\/\"}},{\"@type\":\"Person\",\"@id\":\"https:\\\/\\\/elinformativotam.com\\\/#\\\/schema\\\/person\\\/78e08040eed0f6110f0c5f83b6153590\",\"name\":\"El Informativo Tam\",\"image\":{\"@type\":\"ImageObject\",\"inLanguage\":\"es\",\"@id\":\"https:\\\/\\\/secure.gravatar.com\\\/avatar\\\/f3b7ad3af540688955925ac610647be00b0cf41feea9c4978b73a707ee86bc53?s=96&d=mm&r=g\",\"url\":\"https:\\\/\\\/secure.gravatar.com\\\/avatar\\\/f3b7ad3af540688955925ac610647be00b0cf41feea9c4978b73a707ee86bc53?s=96&d=mm&r=g\",\"contentUrl\":\"https:\\\/\\\/secure.gravatar.com\\\/avatar\\\/f3b7ad3af540688955925ac610647be00b0cf41feea9c4978b73a707ee86bc53?s=96&d=mm&r=g\",\"caption\":\"El Informativo Tam\"}}]}<\/script>\n<!-- \/ Yoast SEO plugin. -->","yoast_head_json":{"title":"JUR\u00cdDICO APOYAR\u00c1 ANTE LA SITUACI\u00d3N DE ROBO EN LA ESCUELA M\u00c1RTIRES DE LA REVOLUCI\u00d3N - EL INFORMATIVO DE TAMAULIPAS","description":"El \u00e1rea jur\u00eddica de municipio estar\u00e1 apoyando en el caso de los siete robos del plantel a maestros y padres de familia de la escuela primaria \u201cM\u00e1rtires de","robots":{"index":"index","follow":"follow","max-snippet":"max-snippet:-1","max-image-preview":"max-image-preview:large","max-video-preview":"max-video-preview:-1"},"canonical":"https:\/\/elinformativotam.com\/index.php\/2024\/03\/26\/juridico-apoyara-ante-la-situacion-de-robo-en-la-escuela-martires-de-la-revolucion\/","og_locale":"es_MX","og_type":"article","og_title":"JUR\u00cdDICO APOYAR\u00c1 ANTE LA SITUACI\u00d3N DE ROBO EN LA ESCUELA M\u00c1RTIRES DE LA REVOLUCI\u00d3N - EL INFORMATIVO DE TAMAULIPAS","og_description":"El \u00e1rea jur\u00eddica de municipio estar\u00e1 apoyando en el caso de los siete robos del plantel a maestros y padres de familia de la escuela primaria \u201cM\u00e1rtires de","og_url":"https:\/\/elinformativotam.com\/index.php\/2024\/03\/26\/juridico-apoyara-ante-la-situacion-de-robo-en-la-escuela-martires-de-la-revolucion\/","og_site_name":"EL INFORMATIVO DE TAMAULIPAS","article_published_time":"2024-03-27T02:09:35+00:00","og_image":[{"width":1600,"height":1200,"url":"https:\/\/elinformativotam.com\/wp-content\/uploads\/2024\/03\/Juridico.jpeg","type":"image\/jpeg"}],"author":"El Informativo Tam","twitter_card":"summary_large_image","twitter_misc":{"Escrito por":"El Informativo Tam","Tiempo de lectura":"2 minutos"},"schema":{"@context":"https:\/\/schema.org","@graph":[{"@type":"Article","@id":"https:\/\/elinformativotam.com\/index.php\/2024\/03\/26\/juridico-apoyara-ante-la-situacion-de-robo-en-la-escuela-martires-de-la-revolucion\/#article","isPartOf":{"@id":"https:\/\/elinformativotam.com\/index.php\/2024\/03\/26\/juridico-apoyara-ante-la-situacion-de-robo-en-la-escuela-martires-de-la-revolucion\/"},"author":{"name":"El Informativo Tam","@id":"https:\/\/elinformativotam.com\/#\/schema\/person\/78e08040eed0f6110f0c5f83b6153590"},"headline":"JUR\u00cdDICO APOYAR\u00c1 ANTE LA SITUACI\u00d3N DE ROBO EN LA ESCUELA M\u00c1RTIRES DE LA REVOLUCI\u00d3N","datePublished":"2024-03-27T02:09:35+00:00","mainEntityOfPage":{"@id":"https:\/\/elinformativotam.com\/index.php\/2024\/03\/26\/juridico-apoyara-ante-la-situacion-de-robo-en-la-escuela-martires-de-la-revolucion\/"},"wordCount":248,"commentCount":0,"publisher":{"@id":"https:\/\/elinformativotam.com\/#organization"},"image":{"@id":"https:\/\/elinformativotam.com\/index.php\/2024\/03\/26\/juridico-apoyara-ante-la-situacion-de-robo-en-la-escuela-martires-de-la-revolucion\/#primaryimage"},"thumbnailUrl":"https:\/\/elinformativotam.com\/wp-content\/uploads\/2024\/03\/Juridico.jpeg","articleSection":["Altamira"],"inLanguage":"es","potentialAction":[{"@type":"CommentAction","name":"Comment","target":["https:\/\/elinformativotam.com\/index.php\/2024\/03\/26\/juridico-apoyara-ante-la-situacion-de-robo-en-la-escuela-martires-de-la-revolucion\/#respond"]}]},{"@type":"WebPage","@id":"https:\/\/elinformativotam.com\/index.php\/2024\/03\/26\/juridico-apoyara-ante-la-situacion-de-robo-en-la-escuela-martires-de-la-revolucion\/","url":"https:\/\/elinformativotam.com\/index.php\/2024\/03\/26\/juridico-apoyara-ante-la-situacion-de-robo-en-la-escuela-martires-de-la-revolucion\/","name":"JUR\u00cdDICO APOYAR\u00c1 ANTE LA SITUACI\u00d3N DE ROBO EN LA ESCUELA M\u00c1RTIRES DE LA REVOLUCI\u00d3N - EL INFORMATIVO DE TAMAULIPAS","isPartOf":{"@id":"https:\/\/elinformativotam.com\/#website"},"primaryImageOfPage":{"@id":"https:\/\/elinformativotam.com\/index.php\/2024\/03\/26\/juridico-apoyara-ante-la-situacion-de-robo-en-la-escuela-martires-de-la-revolucion\/#primaryimage"},"image":{"@id":"https:\/\/elinformativotam.com\/index.php\/2024\/03\/26\/juridico-apoyara-ante-la-situacion-de-robo-en-la-escuela-martires-de-la-revolucion\/#primaryimage"},"thumbnailUrl":"https:\/\/elinformativotam.com\/wp-content\/uploads\/2024\/03\/Juridico.jpeg","datePublished":"2024-03-27T02:09:35+00:00","description":"El \u00e1rea jur\u00eddica de municipio estar\u00e1 apoyando en el caso de los siete robos del plantel a maestros y padres de familia de la escuela primaria \u201cM\u00e1rtires de","inLanguage":"es","potentialAction":[{"@type":"ReadAction","target":["https:\/\/elinformativotam.com\/index.php\/2024\/03\/26\/juridico-apoyara-ante-la-situacion-de-robo-en-la-escuela-martires-de-la-revolucion\/"]}]},{"@type":"ImageObject","inLanguage":"es","@id":"https:\/\/elinformativotam.com\/index.php\/2024\/03\/26\/juridico-apoyara-ante-la-situacion-de-robo-en-la-escuela-martires-de-la-revolucion\/#primaryimage","url":"https:\/\/elinformativotam.com\/wp-content\/uploads\/2024\/03\/Juridico.jpeg","contentUrl":"https:\/\/elinformativotam.com\/wp-content\/uploads\/2024\/03\/Juridico.jpeg","width":1600,"height":1200},{"@type":"WebSite","@id":"https:\/\/elinformativotam.com\/#website","url":"https:\/\/elinformativotam.com\/","name":"EL INFORMATIVO DE TAMAULIPAS","description":"Desde la Zona Metropolitana Para Todo M\u00e9xico","publisher":{"@id":"https:\/\/elinformativotam.com\/#organization"},"potentialAction":[{"@type":"SearchAction","target":{"@type":"EntryPoint","urlTemplate":"https:\/\/elinformativotam.com\/?s={search_term_string}"},"query-input":{"@type":"PropertyValueSpecification","valueRequired":true,"valueName":"search_term_string"}}],"inLanguage":"es"},{"@type":"Organization","@id":"https:\/\/elinformativotam.com\/#organization","name":"EL INFORMATIVO DE TAMAULIPAS","url":"https:\/\/elinformativotam.com\/","logo":{"@type":"ImageObject","inLanguage":"es","@id":"https:\/\/elinformativotam.com\/#\/schema\/logo\/image\/","url":"https:\/\/elinformativotam.com\/wp-content\/uploads\/2026\/02\/Cabezal.png","contentUrl":"https:\/\/elinformativotam.com\/wp-content\/uploads\/2026\/02\/Cabezal.png","width":960,"height":640,"caption":"EL INFORMATIVO DE TAMAULIPAS"},"image":{"@id":"https:\/\/elinformativotam.com\/#\/schema\/logo\/image\/"}},{"@type":"Person","@id":"https:\/\/elinformativotam.com\/#\/schema\/person\/78e08040eed0f6110f0c5f83b6153590","name":"El Informativo Tam","image":{"@type":"ImageObject","inLanguage":"es","@id":"https:\/\/secure.gravatar.com\/avatar\/f3b7ad3af540688955925ac610647be00b0cf41feea9c4978b73a707ee86bc53?s=96&d=mm&r=g","url":"https:\/\/secure.gravatar.com\/avatar\/f3b7ad3af540688955925ac610647be00b0cf41feea9c4978b73a707ee86bc53?s=96&d=mm&r=g","contentUrl":"https:\/\/secure.gravatar.com\/avatar\/f3b7ad3af540688955925ac610647be00b0cf41feea9c4978b73a707ee86bc53?s=96&d=mm&r=g","caption":"El Informativo Tam"}}]}},"_links":{"self":[{"href":"https:\/\/elinformativotam.com\/index.php\/wp-json\/wp\/v2\/posts\/49893","targetHints":{"allow":["GET"]}}],"collection":[{"href":"https:\/\/elinformativotam.com\/index.php\/wp-json\/wp\/v2\/posts"}],"about":[{"href":"https:\/\/elinformativotam.com\/index.php\/wp-json\/wp\/v2\/types\/post"}],"author":[{"embeddable":true,"href":"https:\/\/elinformativotam.com\/index.php\/wp-json\/wp\/v2\/users\/1"}],"replies":[{"embeddable":true,"href":"https:\/\/elinformativotam.com\/index.php\/wp-json\/wp\/v2\/comments?post=49893"}],"version-history":[{"count":1,"href":"https:\/\/elinformativotam.com\/index.php\/wp-json\/wp\/v2\/posts\/49893\/revisions"}],"predecessor-version":[{"id":49895,"href":"https:\/\/elinformativotam.com\/index.php\/wp-json\/wp\/v2\/posts\/49893\/revisions\/49895"}],"wp:featuredmedia":[{"embeddable":true,"href":"https:\/\/elinformativotam.com\/index.php\/wp-json\/wp\/v2\/media\/49894"}],"wp:attachment":[{"href":"https:\/\/elinformativotam.com\/index.php\/wp-json\/wp\/v2\/media?parent=49893"}],"wp:term":[{"taxonomy":"category","embeddable":true,"href":"https:\/\/elinformativotam.com\/index.php\/wp-json\/wp\/v2\/categories?post=49893"},{"taxonomy":"post_tag","embeddable":true,"href":"https:\/\/elinformativotam.com\/index.php\/wp-json\/wp\/v2\/tags?post=49893"}],"curies":[{"name":"wp","href":"https:\/\/api.w.org\/{rel}","templated":true}]}}