{"id":49879,"date":"2024-03-26T19:54:20","date_gmt":"2024-03-27T01:54:20","guid":{"rendered":"https:\/\/elinformativotam.com\/?p=49879"},"modified":"2024-03-26T19:54:20","modified_gmt":"2024-03-27T01:54:20","slug":"no-crecen-campanas-politicas-en-el-sur","status":"publish","type":"post","link":"https:\/\/elinformativotam.com\/index.php\/2024\/03\/26\/no-crecen-campanas-politicas-en-el-sur\/","title":{"rendered":"NO CRECEN CAMPA\u00d1AS POL\u00cdTICAS EN EL SUR"},"content":{"rendered":"<h2 style=\"text-align: center;\"><em><span style=\"font-family: 'times new roman', times;\">*El Obispo Porte\u00f1o Pide A Todos Los Abanderados Subir El Volumen En El Tema De Propuesta Clara Hacia La Poblaci\u00f3n<\/span><\/em><\/h2>\n<p>&nbsp;<\/p>\n<p>&nbsp;<\/p>\n<p>El obispo de Tampico, Jos\u00e9 Armando \u00c1lvarez Cano, confi\u00f3 en que las campa\u00f1as pol\u00edticas mejoren una vez empatando con la elecci\u00f3n local, esto luego de que a\u00fan impera el vac\u00edo de propuestas en gran parte de los abanderados&#8221;y hoy solo se observa muertes de candidatos, y promesas y m\u00e1s promesas de campa\u00f1a&#8221;.<\/p>\n<p>&nbsp;<\/p>\n<p>El representante de la iglesia cat\u00f3lica en la regi\u00f3n, expres\u00f3 que &#8220;afortunadamente vamos a descansar un poco en estos d\u00edas(de las campa\u00f1as y por los d\u00edas santos) las campa\u00f1as no han sido como nosotros quisieramos&#8221; sin embargo, reiter\u00f3, que los candidatos de la elecci\u00f3n federal, hasta el momento, han quedado a deber en cuanto a propuestas y planteamiento de soluciones a las problem\u00e1ticas de la agenda nacional y local.<\/p>\n<p>&nbsp;<\/p>\n<p>Manifest\u00f3, que las campa\u00f1as pudieran despegar y alcanzar una altura de miras en cuanto a propuesta, a partir del 15 de Abril que es cuando arrancar\u00e1n proselitismo los abanderados a las alcald\u00edas y diputaciones locales.<\/p>\n<p>&nbsp;<\/p>\n<p>Record\u00f3 que la violencia a nivel nacional est\u00e1 empa\u00f1ando el proceso electoral con la muerte de m\u00e1s de 10 candidatos, pues eso no abona a la confianza de salir a votar el pr\u00f3ximo 2 de Junio.<\/p>\n<p>&nbsp;<\/p>\n<p>&#8220;De por s\u00ed no hay propuestas, y ahora con el crimen que sigue en la pol\u00edtica sin duda es un c\u00f3ctel de lo peor en los comicios&#8221;, a\u00f1adi\u00f3<\/p>\n<p>&nbsp;<\/p>\n<p>\u00c1lvarez, dej\u00f3 en claro que la poblaci\u00f3n debe escuchar las propuestas de los candidatos y analizar la manera de c\u00f3mo habr\u00e1n de votar, ya que es necesario avanzar en temas como seguridad, econom\u00eda, desarrollo, empleo y el grave problema del abasto del agua, entre otros.<\/p>\n<p>&nbsp;<\/p>\n","protected":false},"excerpt":{"rendered":"<p>*El Obispo Porte\u00f1o Pide A Todos Los Abanderados Subir El Volumen En El Tema De Propuesta Clara Hacia La Poblaci\u00f3n&hellip;<\/p>\n","protected":false},"author":1,"featured_media":49880,"comment_status":"open","ping_status":"open","sticky":false,"template":"","format":"standard","meta":{"footnotes":""},"categories":[3],"tags":[],"class_list":["post-49879","post","type-post","status-publish","format-standard","has-post-thumbnail","hentry","category-tampico"],"yoast_head":"<!-- This site is optimized with the Yoast SEO plugin v27.5 - https:\/\/yoast.com\/product\/yoast-seo-wordpress\/ -->\n<title>NO CRECEN CAMPA\u00d1AS POL\u00cdTICAS EN EL SUR - EL INFORMATIVO DE TAMAULIPAS<\/title>\n<meta name=\"description\" content=\"*El Obispo Porte\u00f1o Pide A Todos Los Abanderados Subir El Volumen En El Tema De Propuesta Clara Hacia La Poblaci\u00f3n &nbsp; &nbsp; El obispo de Tampico, Jos\u00e9\" \/>\n<meta name=\"robots\" content=\"index, follow, max-snippet:-1, max-image-preview:large, max-video-preview:-1\" \/>\n<link rel=\"canonical\" href=\"https:\/\/elinformativotam.com\/index.php\/2024\/03\/26\/no-crecen-campanas-politicas-en-el-sur\/\" \/>\n<meta property=\"og:locale\" content=\"es_MX\" \/>\n<meta property=\"og:type\" content=\"article\" \/>\n<meta property=\"og:title\" content=\"NO CRECEN CAMPA\u00d1AS POL\u00cdTICAS EN EL SUR - EL INFORMATIVO DE TAMAULIPAS\" \/>\n<meta property=\"og:description\" content=\"*El Obispo Porte\u00f1o Pide A Todos Los Abanderados Subir El Volumen En El Tema De Propuesta Clara Hacia La Poblaci\u00f3n &nbsp; &nbsp; El obispo de Tampico, Jos\u00e9\" \/>\n<meta property=\"og:url\" content=\"https:\/\/elinformativotam.com\/index.php\/2024\/03\/26\/no-crecen-campanas-politicas-en-el-sur\/\" \/>\n<meta property=\"og:site_name\" content=\"EL INFORMATIVO DE TAMAULIPAS\" \/>\n<meta property=\"article:published_time\" content=\"2024-03-27T01:54:20+00:00\" \/>\n<meta property=\"og:image\" content=\"https:\/\/elinformativotam.com\/wp-content\/uploads\/2024\/03\/Obispo-1.jpeg\" \/>\n\t<meta property=\"og:image:width\" content=\"1600\" \/>\n\t<meta property=\"og:image:height\" content=\"1200\" \/>\n\t<meta property=\"og:image:type\" content=\"image\/jpeg\" \/>\n<meta name=\"author\" content=\"El Informativo Tam\" \/>\n<meta name=\"twitter:card\" content=\"summary_large_image\" \/>\n<meta name=\"twitter:label1\" content=\"Escrito por\" \/>\n\t<meta name=\"twitter:data1\" content=\"El Informativo Tam\" \/>\n\t<meta name=\"twitter:label2\" content=\"Tiempo de lectura\" \/>\n\t<meta name=\"twitter:data2\" content=\"2 minutos\" \/>\n<script type=\"application\/ld+json\" class=\"yoast-schema-graph\">{\"@context\":\"https:\\\/\\\/schema.org\",\"@graph\":[{\"@type\":\"Article\",\"@id\":\"https:\\\/\\\/elinformativotam.com\\\/index.php\\\/2024\\\/03\\\/26\\\/no-crecen-campanas-politicas-en-el-sur\\\/#article\",\"isPartOf\":{\"@id\":\"https:\\\/\\\/elinformativotam.com\\\/index.php\\\/2024\\\/03\\\/26\\\/no-crecen-campanas-politicas-en-el-sur\\\/\"},\"author\":{\"name\":\"El Informativo Tam\",\"@id\":\"https:\\\/\\\/elinformativotam.com\\\/#\\\/schema\\\/person\\\/78e08040eed0f6110f0c5f83b6153590\"},\"headline\":\"NO CRECEN CAMPA\u00d1AS POL\u00cdTICAS EN EL SUR\",\"datePublished\":\"2024-03-27T01:54:20+00:00\",\"mainEntityOfPage\":{\"@id\":\"https:\\\/\\\/elinformativotam.com\\\/index.php\\\/2024\\\/03\\\/26\\\/no-crecen-campanas-politicas-en-el-sur\\\/\"},\"wordCount\":331,\"commentCount\":0,\"publisher\":{\"@id\":\"https:\\\/\\\/elinformativotam.com\\\/#organization\"},\"image\":{\"@id\":\"https:\\\/\\\/elinformativotam.com\\\/index.php\\\/2024\\\/03\\\/26\\\/no-crecen-campanas-politicas-en-el-sur\\\/#primaryimage\"},\"thumbnailUrl\":\"https:\\\/\\\/elinformativotam.com\\\/wp-content\\\/uploads\\\/2024\\\/03\\\/Obispo-1.jpeg\",\"articleSection\":[\"Tampico\"],\"inLanguage\":\"es\",\"potentialAction\":[{\"@type\":\"CommentAction\",\"name\":\"Comment\",\"target\":[\"https:\\\/\\\/elinformativotam.com\\\/index.php\\\/2024\\\/03\\\/26\\\/no-crecen-campanas-politicas-en-el-sur\\\/#respond\"]}]},{\"@type\":\"WebPage\",\"@id\":\"https:\\\/\\\/elinformativotam.com\\\/index.php\\\/2024\\\/03\\\/26\\\/no-crecen-campanas-politicas-en-el-sur\\\/\",\"url\":\"https:\\\/\\\/elinformativotam.com\\\/index.php\\\/2024\\\/03\\\/26\\\/no-crecen-campanas-politicas-en-el-sur\\\/\",\"name\":\"NO CRECEN CAMPA\u00d1AS POL\u00cdTICAS EN EL SUR - EL INFORMATIVO DE TAMAULIPAS\",\"isPartOf\":{\"@id\":\"https:\\\/\\\/elinformativotam.com\\\/#website\"},\"primaryImageOfPage\":{\"@id\":\"https:\\\/\\\/elinformativotam.com\\\/index.php\\\/2024\\\/03\\\/26\\\/no-crecen-campanas-politicas-en-el-sur\\\/#primaryimage\"},\"image\":{\"@id\":\"https:\\\/\\\/elinformativotam.com\\\/index.php\\\/2024\\\/03\\\/26\\\/no-crecen-campanas-politicas-en-el-sur\\\/#primaryimage\"},\"thumbnailUrl\":\"https:\\\/\\\/elinformativotam.com\\\/wp-content\\\/uploads\\\/2024\\\/03\\\/Obispo-1.jpeg\",\"datePublished\":\"2024-03-27T01:54:20+00:00\",\"description\":\"*El Obispo Porte\u00f1o Pide A Todos Los Abanderados Subir El Volumen En El Tema De Propuesta Clara Hacia La Poblaci\u00f3n &nbsp; &nbsp; El obispo de Tampico, Jos\u00e9\",\"inLanguage\":\"es\",\"potentialAction\":[{\"@type\":\"ReadAction\",\"target\":[\"https:\\\/\\\/elinformativotam.com\\\/index.php\\\/2024\\\/03\\\/26\\\/no-crecen-campanas-politicas-en-el-sur\\\/\"]}]},{\"@type\":\"ImageObject\",\"inLanguage\":\"es\",\"@id\":\"https:\\\/\\\/elinformativotam.com\\\/index.php\\\/2024\\\/03\\\/26\\\/no-crecen-campanas-politicas-en-el-sur\\\/#primaryimage\",\"url\":\"https:\\\/\\\/elinformativotam.com\\\/wp-content\\\/uploads\\\/2024\\\/03\\\/Obispo-1.jpeg\",\"contentUrl\":\"https:\\\/\\\/elinformativotam.com\\\/wp-content\\\/uploads\\\/2024\\\/03\\\/Obispo-1.jpeg\",\"width\":1600,\"height\":1200},{\"@type\":\"WebSite\",\"@id\":\"https:\\\/\\\/elinformativotam.com\\\/#website\",\"url\":\"https:\\\/\\\/elinformativotam.com\\\/\",\"name\":\"EL INFORMATIVO DE TAMAULIPAS\",\"description\":\"Desde la Zona Metropolitana Para Todo M\u00e9xico\",\"publisher\":{\"@id\":\"https:\\\/\\\/elinformativotam.com\\\/#organization\"},\"potentialAction\":[{\"@type\":\"SearchAction\",\"target\":{\"@type\":\"EntryPoint\",\"urlTemplate\":\"https:\\\/\\\/elinformativotam.com\\\/?s={search_term_string}\"},\"query-input\":{\"@type\":\"PropertyValueSpecification\",\"valueRequired\":true,\"valueName\":\"search_term_string\"}}],\"inLanguage\":\"es\"},{\"@type\":\"Organization\",\"@id\":\"https:\\\/\\\/elinformativotam.com\\\/#organization\",\"name\":\"EL INFORMATIVO DE TAMAULIPAS\",\"url\":\"https:\\\/\\\/elinformativotam.com\\\/\",\"logo\":{\"@type\":\"ImageObject\",\"inLanguage\":\"es\",\"@id\":\"https:\\\/\\\/elinformativotam.com\\\/#\\\/schema\\\/logo\\\/image\\\/\",\"url\":\"https:\\\/\\\/elinformativotam.com\\\/wp-content\\\/uploads\\\/2026\\\/02\\\/Cabezal.png\",\"contentUrl\":\"https:\\\/\\\/elinformativotam.com\\\/wp-content\\\/uploads\\\/2026\\\/02\\\/Cabezal.png\",\"width\":960,\"height\":640,\"caption\":\"EL INFORMATIVO DE TAMAULIPAS\"},\"image\":{\"@id\":\"https:\\\/\\\/elinformativotam.com\\\/#\\\/schema\\\/logo\\\/image\\\/\"}},{\"@type\":\"Person\",\"@id\":\"https:\\\/\\\/elinformativotam.com\\\/#\\\/schema\\\/person\\\/78e08040eed0f6110f0c5f83b6153590\",\"name\":\"El Informativo Tam\",\"image\":{\"@type\":\"ImageObject\",\"inLanguage\":\"es\",\"@id\":\"https:\\\/\\\/secure.gravatar.com\\\/avatar\\\/f3b7ad3af540688955925ac610647be00b0cf41feea9c4978b73a707ee86bc53?s=96&d=mm&r=g\",\"url\":\"https:\\\/\\\/secure.gravatar.com\\\/avatar\\\/f3b7ad3af540688955925ac610647be00b0cf41feea9c4978b73a707ee86bc53?s=96&d=mm&r=g\",\"contentUrl\":\"https:\\\/\\\/secure.gravatar.com\\\/avatar\\\/f3b7ad3af540688955925ac610647be00b0cf41feea9c4978b73a707ee86bc53?s=96&d=mm&r=g\",\"caption\":\"El Informativo Tam\"}}]}<\/script>\n<!-- \/ Yoast SEO plugin. -->","yoast_head_json":{"title":"NO CRECEN CAMPA\u00d1AS POL\u00cdTICAS EN EL SUR - EL INFORMATIVO DE TAMAULIPAS","description":"*El Obispo Porte\u00f1o Pide A Todos Los Abanderados Subir El Volumen En El Tema De Propuesta Clara Hacia La Poblaci\u00f3n &nbsp; &nbsp; El obispo de Tampico, Jos\u00e9","robots":{"index":"index","follow":"follow","max-snippet":"max-snippet:-1","max-image-preview":"max-image-preview:large","max-video-preview":"max-video-preview:-1"},"canonical":"https:\/\/elinformativotam.com\/index.php\/2024\/03\/26\/no-crecen-campanas-politicas-en-el-sur\/","og_locale":"es_MX","og_type":"article","og_title":"NO CRECEN CAMPA\u00d1AS POL\u00cdTICAS EN EL SUR - EL INFORMATIVO DE TAMAULIPAS","og_description":"*El Obispo Porte\u00f1o Pide A Todos Los Abanderados Subir El Volumen En El Tema De Propuesta Clara Hacia La Poblaci\u00f3n &nbsp; &nbsp; El obispo de Tampico, Jos\u00e9","og_url":"https:\/\/elinformativotam.com\/index.php\/2024\/03\/26\/no-crecen-campanas-politicas-en-el-sur\/","og_site_name":"EL INFORMATIVO DE TAMAULIPAS","article_published_time":"2024-03-27T01:54:20+00:00","og_image":[{"width":1600,"height":1200,"url":"https:\/\/elinformativotam.com\/wp-content\/uploads\/2024\/03\/Obispo-1.jpeg","type":"image\/jpeg"}],"author":"El Informativo Tam","twitter_card":"summary_large_image","twitter_misc":{"Escrito por":"El Informativo Tam","Tiempo de lectura":"2 minutos"},"schema":{"@context":"https:\/\/schema.org","@graph":[{"@type":"Article","@id":"https:\/\/elinformativotam.com\/index.php\/2024\/03\/26\/no-crecen-campanas-politicas-en-el-sur\/#article","isPartOf":{"@id":"https:\/\/elinformativotam.com\/index.php\/2024\/03\/26\/no-crecen-campanas-politicas-en-el-sur\/"},"author":{"name":"El Informativo Tam","@id":"https:\/\/elinformativotam.com\/#\/schema\/person\/78e08040eed0f6110f0c5f83b6153590"},"headline":"NO CRECEN CAMPA\u00d1AS POL\u00cdTICAS EN EL SUR","datePublished":"2024-03-27T01:54:20+00:00","mainEntityOfPage":{"@id":"https:\/\/elinformativotam.com\/index.php\/2024\/03\/26\/no-crecen-campanas-politicas-en-el-sur\/"},"wordCount":331,"commentCount":0,"publisher":{"@id":"https:\/\/elinformativotam.com\/#organization"},"image":{"@id":"https:\/\/elinformativotam.com\/index.php\/2024\/03\/26\/no-crecen-campanas-politicas-en-el-sur\/#primaryimage"},"thumbnailUrl":"https:\/\/elinformativotam.com\/wp-content\/uploads\/2024\/03\/Obispo-1.jpeg","articleSection":["Tampico"],"inLanguage":"es","potentialAction":[{"@type":"CommentAction","name":"Comment","target":["https:\/\/elinformativotam.com\/index.php\/2024\/03\/26\/no-crecen-campanas-politicas-en-el-sur\/#respond"]}]},{"@type":"WebPage","@id":"https:\/\/elinformativotam.com\/index.php\/2024\/03\/26\/no-crecen-campanas-politicas-en-el-sur\/","url":"https:\/\/elinformativotam.com\/index.php\/2024\/03\/26\/no-crecen-campanas-politicas-en-el-sur\/","name":"NO CRECEN CAMPA\u00d1AS POL\u00cdTICAS EN EL SUR - EL INFORMATIVO DE TAMAULIPAS","isPartOf":{"@id":"https:\/\/elinformativotam.com\/#website"},"primaryImageOfPage":{"@id":"https:\/\/elinformativotam.com\/index.php\/2024\/03\/26\/no-crecen-campanas-politicas-en-el-sur\/#primaryimage"},"image":{"@id":"https:\/\/elinformativotam.com\/index.php\/2024\/03\/26\/no-crecen-campanas-politicas-en-el-sur\/#primaryimage"},"thumbnailUrl":"https:\/\/elinformativotam.com\/wp-content\/uploads\/2024\/03\/Obispo-1.jpeg","datePublished":"2024-03-27T01:54:20+00:00","description":"*El Obispo Porte\u00f1o Pide A Todos Los Abanderados Subir El Volumen En El Tema De Propuesta Clara Hacia La Poblaci\u00f3n &nbsp; &nbsp; El obispo de Tampico, Jos\u00e9","inLanguage":"es","potentialAction":[{"@type":"ReadAction","target":["https:\/\/elinformativotam.com\/index.php\/2024\/03\/26\/no-crecen-campanas-politicas-en-el-sur\/"]}]},{"@type":"ImageObject","inLanguage":"es","@id":"https:\/\/elinformativotam.com\/index.php\/2024\/03\/26\/no-crecen-campanas-politicas-en-el-sur\/#primaryimage","url":"https:\/\/elinformativotam.com\/wp-content\/uploads\/2024\/03\/Obispo-1.jpeg","contentUrl":"https:\/\/elinformativotam.com\/wp-content\/uploads\/2024\/03\/Obispo-1.jpeg","width":1600,"height":1200},{"@type":"WebSite","@id":"https:\/\/elinformativotam.com\/#website","url":"https:\/\/elinformativotam.com\/","name":"EL INFORMATIVO DE TAMAULIPAS","description":"Desde la Zona Metropolitana Para Todo M\u00e9xico","publisher":{"@id":"https:\/\/elinformativotam.com\/#organization"},"potentialAction":[{"@type":"SearchAction","target":{"@type":"EntryPoint","urlTemplate":"https:\/\/elinformativotam.com\/?s={search_term_string}"},"query-input":{"@type":"PropertyValueSpecification","valueRequired":true,"valueName":"search_term_string"}}],"inLanguage":"es"},{"@type":"Organization","@id":"https:\/\/elinformativotam.com\/#organization","name":"EL INFORMATIVO DE TAMAULIPAS","url":"https:\/\/elinformativotam.com\/","logo":{"@type":"ImageObject","inLanguage":"es","@id":"https:\/\/elinformativotam.com\/#\/schema\/logo\/image\/","url":"https:\/\/elinformativotam.com\/wp-content\/uploads\/2026\/02\/Cabezal.png","contentUrl":"https:\/\/elinformativotam.com\/wp-content\/uploads\/2026\/02\/Cabezal.png","width":960,"height":640,"caption":"EL INFORMATIVO DE TAMAULIPAS"},"image":{"@id":"https:\/\/elinformativotam.com\/#\/schema\/logo\/image\/"}},{"@type":"Person","@id":"https:\/\/elinformativotam.com\/#\/schema\/person\/78e08040eed0f6110f0c5f83b6153590","name":"El Informativo Tam","image":{"@type":"ImageObject","inLanguage":"es","@id":"https:\/\/secure.gravatar.com\/avatar\/f3b7ad3af540688955925ac610647be00b0cf41feea9c4978b73a707ee86bc53?s=96&d=mm&r=g","url":"https:\/\/secure.gravatar.com\/avatar\/f3b7ad3af540688955925ac610647be00b0cf41feea9c4978b73a707ee86bc53?s=96&d=mm&r=g","contentUrl":"https:\/\/secure.gravatar.com\/avatar\/f3b7ad3af540688955925ac610647be00b0cf41feea9c4978b73a707ee86bc53?s=96&d=mm&r=g","caption":"El Informativo Tam"}}]}},"_links":{"self":[{"href":"https:\/\/elinformativotam.com\/index.php\/wp-json\/wp\/v2\/posts\/49879","targetHints":{"allow":["GET"]}}],"collection":[{"href":"https:\/\/elinformativotam.com\/index.php\/wp-json\/wp\/v2\/posts"}],"about":[{"href":"https:\/\/elinformativotam.com\/index.php\/wp-json\/wp\/v2\/types\/post"}],"author":[{"embeddable":true,"href":"https:\/\/elinformativotam.com\/index.php\/wp-json\/wp\/v2\/users\/1"}],"replies":[{"embeddable":true,"href":"https:\/\/elinformativotam.com\/index.php\/wp-json\/wp\/v2\/comments?post=49879"}],"version-history":[{"count":1,"href":"https:\/\/elinformativotam.com\/index.php\/wp-json\/wp\/v2\/posts\/49879\/revisions"}],"predecessor-version":[{"id":49881,"href":"https:\/\/elinformativotam.com\/index.php\/wp-json\/wp\/v2\/posts\/49879\/revisions\/49881"}],"wp:featuredmedia":[{"embeddable":true,"href":"https:\/\/elinformativotam.com\/index.php\/wp-json\/wp\/v2\/media\/49880"}],"wp:attachment":[{"href":"https:\/\/elinformativotam.com\/index.php\/wp-json\/wp\/v2\/media?parent=49879"}],"wp:term":[{"taxonomy":"category","embeddable":true,"href":"https:\/\/elinformativotam.com\/index.php\/wp-json\/wp\/v2\/categories?post=49879"},{"taxonomy":"post_tag","embeddable":true,"href":"https:\/\/elinformativotam.com\/index.php\/wp-json\/wp\/v2\/tags?post=49879"}],"curies":[{"name":"wp","href":"https:\/\/api.w.org\/{rel}","templated":true}]}}