{"id":49873,"date":"2024-03-26T19:50:00","date_gmt":"2024-03-27T01:50:00","guid":{"rendered":"https:\/\/elinformativotam.com\/?p=49873"},"modified":"2024-03-26T19:50:00","modified_gmt":"2024-03-27T01:50:00","slug":"exhortan-a-poblacion-del-sur-continuar-con-el-uso-adecuado-del-agua","status":"publish","type":"post","link":"https:\/\/elinformativotam.com\/index.php\/2024\/03\/26\/exhortan-a-poblacion-del-sur-continuar-con-el-uso-adecuado-del-agua\/","title":{"rendered":"EXHORTAN A POBLACI\u00d3N DEL SUR CONTINUAR CON EL USO ADECUADO DEL AGUA"},"content":{"rendered":"<h2 style=\"text-align: center;\"><em><span style=\"font-family: 'times new roman', times;\">*10cms Tiene La Bocatoma Del Chairel, A Unos D\u00edas M\u00e1s De Llegar Al D\u00eda 0 De La Crisis H\u00eddrica<\/span><\/em><\/h2>\n<p>&nbsp;<\/p>\n<p>&nbsp;<\/p>\n<p>Desde la Mesa Ciudadana del Agua se busca concientizar a la ni\u00f1ez y los j\u00f3venes de la importancia que se debe tener en el ciudado y uso racional del agua, y a los sectores de la sociedad y productivos en la necesidad de usarla, y hasta reciclar, en lo m\u00e1s indispensable en estos tiempos de crisis h\u00eddrica.<\/p>\n<p>&nbsp;<\/p>\n<p>As\u00ed lo expres\u00f3 la vicepresidente de Coparmex en la zona sur, X\u00f3chitlquetzali Rodriguez Rodriguez, al subrayar la campa\u00f1a publicitaria lanzada hace tres semanas en medios de comunicaci\u00f3n de la localidad y redes sociales enfocada al ahorro del vital l\u00edquido, hasta el momento ha dado resultados satisfactorios.<\/p>\n<p>&nbsp;<\/p>\n<p>Explic\u00f3 que uno de los puntos medulares es que dicha campa\u00f1a penetre en la conciencia de los menores de edad en el adecuado uso del vital l\u00edquido, as\u00ed como ayudar al organismos operadores de la regi\u00f3n a identificar las fugas que se suscitan todos los d\u00edas en los tres municipios.<\/p>\n<p>&nbsp;<\/p>\n<p>Indic\u00f3 que la escala hidrom\u00e9trica en la bocatoma de la Laguna del Chairel se\u00f1ala que hay escasos diez cent\u00edmetros que nos separan del d\u00eda 0, pues mientras las lluvias no lleguen seguir\u00e1 el riesgo de un posible desabasto a partir de las pr\u00f3ximas semanas.<\/p>\n<p>&nbsp;<\/p>\n<p>La vicepresidenta del Centro Empresarial de la zona metropolitana, reiter\u00f3 que en esta crisis h\u00eddrica ya es responsabilidad de toda la poblaci\u00f3n, industria y sector agr\u00edcola, cuidar la permanencia del l\u00edquido para el uso humano.<\/p>\n<p>&nbsp;<\/p>\n<p>La tambi\u00e9n representante de Coparmex en la mesa ciudadana del agua, extern\u00f3 que el objetivo de todos los involucrados en el tema es que el agua permanezca almacenada por los pr\u00f3ximos cien a\u00f1os, y para ello se escucha a todas las voces, expertos en el tema h\u00eddrico, estudiantes, acad\u00e9micos y dependencias de los tres \u00f3rdenes de gobierno.<\/p>\n<p>&nbsp;<\/p>\n<p>&#8220;Con la finalidad de conjuntar ideas y proyectos que lleven a sobrellevar dicha crisis y alcanzar proyectos para acabar con la problem\u00e1tica&#8221;, acot\u00f3.<\/p>\n","protected":false},"excerpt":{"rendered":"<p>*10cms Tiene La Bocatoma Del Chairel, A Unos D\u00edas M\u00e1s De Llegar Al D\u00eda 0 De La Crisis H\u00eddrica &nbsp;&hellip;<\/p>\n","protected":false},"author":1,"featured_media":49874,"comment_status":"open","ping_status":"open","sticky":false,"template":"","format":"standard","meta":{"footnotes":""},"categories":[3],"tags":[],"class_list":["post-49873","post","type-post","status-publish","format-standard","has-post-thumbnail","hentry","category-tampico"],"yoast_head":"<!-- This site is optimized with the Yoast SEO plugin v27.5 - https:\/\/yoast.com\/product\/yoast-seo-wordpress\/ -->\n<title>EXHORTAN A POBLACI\u00d3N DEL SUR CONTINUAR CON EL USO ADECUADO DEL AGUA - EL INFORMATIVO DE TAMAULIPAS<\/title>\n<meta name=\"description\" content=\"*10cms Tiene La Bocatoma Del Chairel, A Unos D\u00edas M\u00e1s De Llegar Al D\u00eda 0 De La Crisis H\u00eddrica &nbsp; &nbsp; Desde la Mesa Ciudadana del Agua se busca\" \/>\n<meta name=\"robots\" content=\"index, follow, max-snippet:-1, max-image-preview:large, max-video-preview:-1\" \/>\n<link rel=\"canonical\" href=\"https:\/\/elinformativotam.com\/index.php\/2024\/03\/26\/exhortan-a-poblacion-del-sur-continuar-con-el-uso-adecuado-del-agua\/\" \/>\n<meta property=\"og:locale\" content=\"es_MX\" \/>\n<meta property=\"og:type\" content=\"article\" \/>\n<meta property=\"og:title\" content=\"EXHORTAN A POBLACI\u00d3N DEL SUR CONTINUAR CON EL USO ADECUADO DEL AGUA - EL INFORMATIVO DE TAMAULIPAS\" \/>\n<meta property=\"og:description\" content=\"*10cms Tiene La Bocatoma Del Chairel, A Unos D\u00edas M\u00e1s De Llegar Al D\u00eda 0 De La Crisis H\u00eddrica &nbsp; &nbsp; Desde la Mesa Ciudadana del Agua se busca\" \/>\n<meta property=\"og:url\" content=\"https:\/\/elinformativotam.com\/index.php\/2024\/03\/26\/exhortan-a-poblacion-del-sur-continuar-con-el-uso-adecuado-del-agua\/\" \/>\n<meta property=\"og:site_name\" content=\"EL INFORMATIVO DE TAMAULIPAS\" \/>\n<meta property=\"article:published_time\" content=\"2024-03-27T01:50:00+00:00\" \/>\n<meta property=\"og:image\" content=\"https:\/\/elinformativotam.com\/wp-content\/uploads\/2024\/03\/Xochitl.jpeg\" \/>\n\t<meta property=\"og:image:width\" content=\"702\" \/>\n\t<meta property=\"og:image:height\" content=\"1600\" \/>\n\t<meta property=\"og:image:type\" content=\"image\/jpeg\" \/>\n<meta name=\"author\" content=\"El Informativo Tam\" \/>\n<meta name=\"twitter:card\" content=\"summary_large_image\" \/>\n<meta name=\"twitter:label1\" content=\"Escrito por\" \/>\n\t<meta name=\"twitter:data1\" content=\"El Informativo Tam\" \/>\n\t<meta name=\"twitter:label2\" content=\"Tiempo de lectura\" \/>\n\t<meta name=\"twitter:data2\" content=\"2 minutos\" \/>\n<script type=\"application\/ld+json\" class=\"yoast-schema-graph\">{\"@context\":\"https:\\\/\\\/schema.org\",\"@graph\":[{\"@type\":\"Article\",\"@id\":\"https:\\\/\\\/elinformativotam.com\\\/index.php\\\/2024\\\/03\\\/26\\\/exhortan-a-poblacion-del-sur-continuar-con-el-uso-adecuado-del-agua\\\/#article\",\"isPartOf\":{\"@id\":\"https:\\\/\\\/elinformativotam.com\\\/index.php\\\/2024\\\/03\\\/26\\\/exhortan-a-poblacion-del-sur-continuar-con-el-uso-adecuado-del-agua\\\/\"},\"author\":{\"name\":\"El Informativo Tam\",\"@id\":\"https:\\\/\\\/elinformativotam.com\\\/#\\\/schema\\\/person\\\/78e08040eed0f6110f0c5f83b6153590\"},\"headline\":\"EXHORTAN A POBLACI\u00d3N DEL SUR CONTINUAR CON EL USO ADECUADO DEL AGUA\",\"datePublished\":\"2024-03-27T01:50:00+00:00\",\"mainEntityOfPage\":{\"@id\":\"https:\\\/\\\/elinformativotam.com\\\/index.php\\\/2024\\\/03\\\/26\\\/exhortan-a-poblacion-del-sur-continuar-con-el-uso-adecuado-del-agua\\\/\"},\"wordCount\":381,\"commentCount\":0,\"publisher\":{\"@id\":\"https:\\\/\\\/elinformativotam.com\\\/#organization\"},\"image\":{\"@id\":\"https:\\\/\\\/elinformativotam.com\\\/index.php\\\/2024\\\/03\\\/26\\\/exhortan-a-poblacion-del-sur-continuar-con-el-uso-adecuado-del-agua\\\/#primaryimage\"},\"thumbnailUrl\":\"https:\\\/\\\/elinformativotam.com\\\/wp-content\\\/uploads\\\/2024\\\/03\\\/Xochitl.jpeg\",\"articleSection\":[\"Tampico\"],\"inLanguage\":\"es\",\"potentialAction\":[{\"@type\":\"CommentAction\",\"name\":\"Comment\",\"target\":[\"https:\\\/\\\/elinformativotam.com\\\/index.php\\\/2024\\\/03\\\/26\\\/exhortan-a-poblacion-del-sur-continuar-con-el-uso-adecuado-del-agua\\\/#respond\"]}]},{\"@type\":\"WebPage\",\"@id\":\"https:\\\/\\\/elinformativotam.com\\\/index.php\\\/2024\\\/03\\\/26\\\/exhortan-a-poblacion-del-sur-continuar-con-el-uso-adecuado-del-agua\\\/\",\"url\":\"https:\\\/\\\/elinformativotam.com\\\/index.php\\\/2024\\\/03\\\/26\\\/exhortan-a-poblacion-del-sur-continuar-con-el-uso-adecuado-del-agua\\\/\",\"name\":\"EXHORTAN A POBLACI\u00d3N DEL SUR CONTINUAR CON EL USO ADECUADO DEL AGUA - EL INFORMATIVO DE TAMAULIPAS\",\"isPartOf\":{\"@id\":\"https:\\\/\\\/elinformativotam.com\\\/#website\"},\"primaryImageOfPage\":{\"@id\":\"https:\\\/\\\/elinformativotam.com\\\/index.php\\\/2024\\\/03\\\/26\\\/exhortan-a-poblacion-del-sur-continuar-con-el-uso-adecuado-del-agua\\\/#primaryimage\"},\"image\":{\"@id\":\"https:\\\/\\\/elinformativotam.com\\\/index.php\\\/2024\\\/03\\\/26\\\/exhortan-a-poblacion-del-sur-continuar-con-el-uso-adecuado-del-agua\\\/#primaryimage\"},\"thumbnailUrl\":\"https:\\\/\\\/elinformativotam.com\\\/wp-content\\\/uploads\\\/2024\\\/03\\\/Xochitl.jpeg\",\"datePublished\":\"2024-03-27T01:50:00+00:00\",\"description\":\"*10cms Tiene La Bocatoma Del Chairel, A Unos D\u00edas M\u00e1s De Llegar Al D\u00eda 0 De La Crisis H\u00eddrica &nbsp; &nbsp; Desde la Mesa Ciudadana del Agua se busca\",\"inLanguage\":\"es\",\"potentialAction\":[{\"@type\":\"ReadAction\",\"target\":[\"https:\\\/\\\/elinformativotam.com\\\/index.php\\\/2024\\\/03\\\/26\\\/exhortan-a-poblacion-del-sur-continuar-con-el-uso-adecuado-del-agua\\\/\"]}]},{\"@type\":\"ImageObject\",\"inLanguage\":\"es\",\"@id\":\"https:\\\/\\\/elinformativotam.com\\\/index.php\\\/2024\\\/03\\\/26\\\/exhortan-a-poblacion-del-sur-continuar-con-el-uso-adecuado-del-agua\\\/#primaryimage\",\"url\":\"https:\\\/\\\/elinformativotam.com\\\/wp-content\\\/uploads\\\/2024\\\/03\\\/Xochitl.jpeg\",\"contentUrl\":\"https:\\\/\\\/elinformativotam.com\\\/wp-content\\\/uploads\\\/2024\\\/03\\\/Xochitl.jpeg\",\"width\":702,\"height\":1600},{\"@type\":\"WebSite\",\"@id\":\"https:\\\/\\\/elinformativotam.com\\\/#website\",\"url\":\"https:\\\/\\\/elinformativotam.com\\\/\",\"name\":\"EL INFORMATIVO DE TAMAULIPAS\",\"description\":\"Desde la Zona Metropolitana Para Todo M\u00e9xico\",\"publisher\":{\"@id\":\"https:\\\/\\\/elinformativotam.com\\\/#organization\"},\"potentialAction\":[{\"@type\":\"SearchAction\",\"target\":{\"@type\":\"EntryPoint\",\"urlTemplate\":\"https:\\\/\\\/elinformativotam.com\\\/?s={search_term_string}\"},\"query-input\":{\"@type\":\"PropertyValueSpecification\",\"valueRequired\":true,\"valueName\":\"search_term_string\"}}],\"inLanguage\":\"es\"},{\"@type\":\"Organization\",\"@id\":\"https:\\\/\\\/elinformativotam.com\\\/#organization\",\"name\":\"EL INFORMATIVO DE TAMAULIPAS\",\"url\":\"https:\\\/\\\/elinformativotam.com\\\/\",\"logo\":{\"@type\":\"ImageObject\",\"inLanguage\":\"es\",\"@id\":\"https:\\\/\\\/elinformativotam.com\\\/#\\\/schema\\\/logo\\\/image\\\/\",\"url\":\"https:\\\/\\\/elinformativotam.com\\\/wp-content\\\/uploads\\\/2026\\\/02\\\/Cabezal.png\",\"contentUrl\":\"https:\\\/\\\/elinformativotam.com\\\/wp-content\\\/uploads\\\/2026\\\/02\\\/Cabezal.png\",\"width\":960,\"height\":640,\"caption\":\"EL INFORMATIVO DE TAMAULIPAS\"},\"image\":{\"@id\":\"https:\\\/\\\/elinformativotam.com\\\/#\\\/schema\\\/logo\\\/image\\\/\"}},{\"@type\":\"Person\",\"@id\":\"https:\\\/\\\/elinformativotam.com\\\/#\\\/schema\\\/person\\\/78e08040eed0f6110f0c5f83b6153590\",\"name\":\"El Informativo Tam\",\"image\":{\"@type\":\"ImageObject\",\"inLanguage\":\"es\",\"@id\":\"https:\\\/\\\/secure.gravatar.com\\\/avatar\\\/f3b7ad3af540688955925ac610647be00b0cf41feea9c4978b73a707ee86bc53?s=96&d=mm&r=g\",\"url\":\"https:\\\/\\\/secure.gravatar.com\\\/avatar\\\/f3b7ad3af540688955925ac610647be00b0cf41feea9c4978b73a707ee86bc53?s=96&d=mm&r=g\",\"contentUrl\":\"https:\\\/\\\/secure.gravatar.com\\\/avatar\\\/f3b7ad3af540688955925ac610647be00b0cf41feea9c4978b73a707ee86bc53?s=96&d=mm&r=g\",\"caption\":\"El Informativo Tam\"}}]}<\/script>\n<!-- \/ Yoast SEO plugin. -->","yoast_head_json":{"title":"EXHORTAN A POBLACI\u00d3N DEL SUR CONTINUAR CON EL USO ADECUADO DEL AGUA - EL INFORMATIVO DE TAMAULIPAS","description":"*10cms Tiene La Bocatoma Del Chairel, A Unos D\u00edas M\u00e1s De Llegar Al D\u00eda 0 De La Crisis H\u00eddrica &nbsp; &nbsp; Desde la Mesa Ciudadana del Agua se busca","robots":{"index":"index","follow":"follow","max-snippet":"max-snippet:-1","max-image-preview":"max-image-preview:large","max-video-preview":"max-video-preview:-1"},"canonical":"https:\/\/elinformativotam.com\/index.php\/2024\/03\/26\/exhortan-a-poblacion-del-sur-continuar-con-el-uso-adecuado-del-agua\/","og_locale":"es_MX","og_type":"article","og_title":"EXHORTAN A POBLACI\u00d3N DEL SUR CONTINUAR CON EL USO ADECUADO DEL AGUA - EL INFORMATIVO DE TAMAULIPAS","og_description":"*10cms Tiene La Bocatoma Del Chairel, A Unos D\u00edas M\u00e1s De Llegar Al D\u00eda 0 De La Crisis H\u00eddrica &nbsp; &nbsp; Desde la Mesa Ciudadana del Agua se busca","og_url":"https:\/\/elinformativotam.com\/index.php\/2024\/03\/26\/exhortan-a-poblacion-del-sur-continuar-con-el-uso-adecuado-del-agua\/","og_site_name":"EL INFORMATIVO DE TAMAULIPAS","article_published_time":"2024-03-27T01:50:00+00:00","og_image":[{"width":702,"height":1600,"url":"https:\/\/elinformativotam.com\/wp-content\/uploads\/2024\/03\/Xochitl.jpeg","type":"image\/jpeg"}],"author":"El Informativo Tam","twitter_card":"summary_large_image","twitter_misc":{"Escrito por":"El Informativo Tam","Tiempo de lectura":"2 minutos"},"schema":{"@context":"https:\/\/schema.org","@graph":[{"@type":"Article","@id":"https:\/\/elinformativotam.com\/index.php\/2024\/03\/26\/exhortan-a-poblacion-del-sur-continuar-con-el-uso-adecuado-del-agua\/#article","isPartOf":{"@id":"https:\/\/elinformativotam.com\/index.php\/2024\/03\/26\/exhortan-a-poblacion-del-sur-continuar-con-el-uso-adecuado-del-agua\/"},"author":{"name":"El Informativo Tam","@id":"https:\/\/elinformativotam.com\/#\/schema\/person\/78e08040eed0f6110f0c5f83b6153590"},"headline":"EXHORTAN A POBLACI\u00d3N DEL SUR CONTINUAR CON EL USO ADECUADO DEL AGUA","datePublished":"2024-03-27T01:50:00+00:00","mainEntityOfPage":{"@id":"https:\/\/elinformativotam.com\/index.php\/2024\/03\/26\/exhortan-a-poblacion-del-sur-continuar-con-el-uso-adecuado-del-agua\/"},"wordCount":381,"commentCount":0,"publisher":{"@id":"https:\/\/elinformativotam.com\/#organization"},"image":{"@id":"https:\/\/elinformativotam.com\/index.php\/2024\/03\/26\/exhortan-a-poblacion-del-sur-continuar-con-el-uso-adecuado-del-agua\/#primaryimage"},"thumbnailUrl":"https:\/\/elinformativotam.com\/wp-content\/uploads\/2024\/03\/Xochitl.jpeg","articleSection":["Tampico"],"inLanguage":"es","potentialAction":[{"@type":"CommentAction","name":"Comment","target":["https:\/\/elinformativotam.com\/index.php\/2024\/03\/26\/exhortan-a-poblacion-del-sur-continuar-con-el-uso-adecuado-del-agua\/#respond"]}]},{"@type":"WebPage","@id":"https:\/\/elinformativotam.com\/index.php\/2024\/03\/26\/exhortan-a-poblacion-del-sur-continuar-con-el-uso-adecuado-del-agua\/","url":"https:\/\/elinformativotam.com\/index.php\/2024\/03\/26\/exhortan-a-poblacion-del-sur-continuar-con-el-uso-adecuado-del-agua\/","name":"EXHORTAN A POBLACI\u00d3N DEL SUR CONTINUAR CON EL USO ADECUADO DEL AGUA - EL INFORMATIVO DE TAMAULIPAS","isPartOf":{"@id":"https:\/\/elinformativotam.com\/#website"},"primaryImageOfPage":{"@id":"https:\/\/elinformativotam.com\/index.php\/2024\/03\/26\/exhortan-a-poblacion-del-sur-continuar-con-el-uso-adecuado-del-agua\/#primaryimage"},"image":{"@id":"https:\/\/elinformativotam.com\/index.php\/2024\/03\/26\/exhortan-a-poblacion-del-sur-continuar-con-el-uso-adecuado-del-agua\/#primaryimage"},"thumbnailUrl":"https:\/\/elinformativotam.com\/wp-content\/uploads\/2024\/03\/Xochitl.jpeg","datePublished":"2024-03-27T01:50:00+00:00","description":"*10cms Tiene La Bocatoma Del Chairel, A Unos D\u00edas M\u00e1s De Llegar Al D\u00eda 0 De La Crisis H\u00eddrica &nbsp; &nbsp; Desde la Mesa Ciudadana del Agua se busca","inLanguage":"es","potentialAction":[{"@type":"ReadAction","target":["https:\/\/elinformativotam.com\/index.php\/2024\/03\/26\/exhortan-a-poblacion-del-sur-continuar-con-el-uso-adecuado-del-agua\/"]}]},{"@type":"ImageObject","inLanguage":"es","@id":"https:\/\/elinformativotam.com\/index.php\/2024\/03\/26\/exhortan-a-poblacion-del-sur-continuar-con-el-uso-adecuado-del-agua\/#primaryimage","url":"https:\/\/elinformativotam.com\/wp-content\/uploads\/2024\/03\/Xochitl.jpeg","contentUrl":"https:\/\/elinformativotam.com\/wp-content\/uploads\/2024\/03\/Xochitl.jpeg","width":702,"height":1600},{"@type":"WebSite","@id":"https:\/\/elinformativotam.com\/#website","url":"https:\/\/elinformativotam.com\/","name":"EL INFORMATIVO DE TAMAULIPAS","description":"Desde la Zona Metropolitana Para Todo M\u00e9xico","publisher":{"@id":"https:\/\/elinformativotam.com\/#organization"},"potentialAction":[{"@type":"SearchAction","target":{"@type":"EntryPoint","urlTemplate":"https:\/\/elinformativotam.com\/?s={search_term_string}"},"query-input":{"@type":"PropertyValueSpecification","valueRequired":true,"valueName":"search_term_string"}}],"inLanguage":"es"},{"@type":"Organization","@id":"https:\/\/elinformativotam.com\/#organization","name":"EL INFORMATIVO DE TAMAULIPAS","url":"https:\/\/elinformativotam.com\/","logo":{"@type":"ImageObject","inLanguage":"es","@id":"https:\/\/elinformativotam.com\/#\/schema\/logo\/image\/","url":"https:\/\/elinformativotam.com\/wp-content\/uploads\/2026\/02\/Cabezal.png","contentUrl":"https:\/\/elinformativotam.com\/wp-content\/uploads\/2026\/02\/Cabezal.png","width":960,"height":640,"caption":"EL INFORMATIVO DE TAMAULIPAS"},"image":{"@id":"https:\/\/elinformativotam.com\/#\/schema\/logo\/image\/"}},{"@type":"Person","@id":"https:\/\/elinformativotam.com\/#\/schema\/person\/78e08040eed0f6110f0c5f83b6153590","name":"El Informativo Tam","image":{"@type":"ImageObject","inLanguage":"es","@id":"https:\/\/secure.gravatar.com\/avatar\/f3b7ad3af540688955925ac610647be00b0cf41feea9c4978b73a707ee86bc53?s=96&d=mm&r=g","url":"https:\/\/secure.gravatar.com\/avatar\/f3b7ad3af540688955925ac610647be00b0cf41feea9c4978b73a707ee86bc53?s=96&d=mm&r=g","contentUrl":"https:\/\/secure.gravatar.com\/avatar\/f3b7ad3af540688955925ac610647be00b0cf41feea9c4978b73a707ee86bc53?s=96&d=mm&r=g","caption":"El Informativo Tam"}}]}},"_links":{"self":[{"href":"https:\/\/elinformativotam.com\/index.php\/wp-json\/wp\/v2\/posts\/49873","targetHints":{"allow":["GET"]}}],"collection":[{"href":"https:\/\/elinformativotam.com\/index.php\/wp-json\/wp\/v2\/posts"}],"about":[{"href":"https:\/\/elinformativotam.com\/index.php\/wp-json\/wp\/v2\/types\/post"}],"author":[{"embeddable":true,"href":"https:\/\/elinformativotam.com\/index.php\/wp-json\/wp\/v2\/users\/1"}],"replies":[{"embeddable":true,"href":"https:\/\/elinformativotam.com\/index.php\/wp-json\/wp\/v2\/comments?post=49873"}],"version-history":[{"count":1,"href":"https:\/\/elinformativotam.com\/index.php\/wp-json\/wp\/v2\/posts\/49873\/revisions"}],"predecessor-version":[{"id":49875,"href":"https:\/\/elinformativotam.com\/index.php\/wp-json\/wp\/v2\/posts\/49873\/revisions\/49875"}],"wp:featuredmedia":[{"embeddable":true,"href":"https:\/\/elinformativotam.com\/index.php\/wp-json\/wp\/v2\/media\/49874"}],"wp:attachment":[{"href":"https:\/\/elinformativotam.com\/index.php\/wp-json\/wp\/v2\/media?parent=49873"}],"wp:term":[{"taxonomy":"category","embeddable":true,"href":"https:\/\/elinformativotam.com\/index.php\/wp-json\/wp\/v2\/categories?post=49873"},{"taxonomy":"post_tag","embeddable":true,"href":"https:\/\/elinformativotam.com\/index.php\/wp-json\/wp\/v2\/tags?post=49873"}],"curies":[{"name":"wp","href":"https:\/\/api.w.org\/{rel}","templated":true}]}}