{"id":49843,"date":"2024-03-26T00:07:28","date_gmt":"2024-03-26T06:07:28","guid":{"rendered":"https:\/\/elinformativotam.com\/?p=49843"},"modified":"2024-03-26T00:07:28","modified_gmt":"2024-03-26T06:07:28","slug":"llegara-zona-sur-a-tener-en-sus-calles-y-avenidas-mas-de-600-mil-vehiculos-por-vacaciones","status":"publish","type":"post","link":"https:\/\/elinformativotam.com\/index.php\/2024\/03\/26\/llegara-zona-sur-a-tener-en-sus-calles-y-avenidas-mas-de-600-mil-vehiculos-por-vacaciones\/","title":{"rendered":"LLEGAR\u00c1 ZONA SUR A TENER EN SUS CALLES Y AVENIDAS M\u00c1S DE 600 MIL VEH\u00cdCULOS POR VACACIONES"},"content":{"rendered":"<h2 style=\"text-align: center;\"><em><span style=\"font-family: 'times new roman', times;\">*El Aforo Veh\u00edcular Se Disparar\u00e1 De Manera Notable A Partir De Esta Semana<\/span><\/em><\/h2>\n<p>&nbsp;<\/p>\n<p>&nbsp;<\/p>\n<p>A partir de este fin de semana y hasta culminar el periodo vacacional de semana santa, la zona sur espera tener una carga extraordinaria de 150 mil veh\u00edculos, que se sumar\u00e1n a los 450 mil que ya existen en la zona metropolitana.<\/p>\n<p>&nbsp;<\/p>\n<p>As\u00ed lo expres\u00f3 el encargado de despacho de la Secretar\u00eda de Tr\u00e1nsito y Vialidad de Tampico, H\u00e9ctor Rodr\u00edguez Silva, qui\u00e9n se\u00f1al\u00f3 que todos los elementos trabajar\u00e1n a partir de este viernes hasta el t\u00e9rmino de las vacaciones con el prop\u00f3sito de agilizar la enorme carga que se espera en las calles y avenidas del puerto y la zona .<\/p>\n<p>&nbsp;<\/p>\n<p>Remarc\u00f3 que el turismo que arriba por carretera es el que pr\u00e1cticamente atiborra a la regi\u00f3n, y ante ello, dijo, ya se preparan para establecer un operativo vial definido que conlleve a la precauci\u00f3n y atenci\u00f3n a la poblaci\u00f3n y el visitante.<\/p>\n<p>&nbsp;<\/p>\n<p>Rodr\u00edguez, dej\u00f3 en claro que los elementos a su cargo tienen la instrucci\u00f3n de brindar un trato digno al visitante &#8220;ya que ser\u00e1 su segunda casa y para ello es necesario que tenga toda la informaci\u00f3n que necesite de nuestros elementos&#8221;.<\/p>\n<p>&nbsp;<\/p>\n<p>Destac\u00f3, que Tampico tendr\u00e1 \u00e9ste fin de semana la nauticopa que se celebrar\u00e1 en las aguas de la Laguna del Chairel los d\u00edas s\u00e1bado y domingo, adem\u00e1s del comienzo de la Feria del Pueblo.<\/p>\n<p>&nbsp;<\/p>\n<p>Para la pr\u00f3xima semana se tendr\u00e1n los d\u00edas m\u00e1s fuertes en cuanto a tr\u00e1fico veh\u00edcular debido a los d\u00edas santos.<\/p>\n<p>&nbsp;<\/p>\n<p>&#8220;Vamos a enfocarnos a la atenci\u00f3n de nuestra poblaci\u00f3n y del turista, y desde ahora le pedimos a la poblaci\u00f3n que sea tolerante en el tr\u00e1fico y la atenci\u00f3n hacia qui\u00e9nes nos visitan&#8221;, acot\u00f3<\/p>\n","protected":false},"excerpt":{"rendered":"<p>*El Aforo Veh\u00edcular Se Disparar\u00e1 De Manera Notable A Partir De Esta Semana &nbsp; &nbsp; A partir de este fin&hellip;<\/p>\n","protected":false},"author":1,"featured_media":49837,"comment_status":"open","ping_status":"open","sticky":false,"template":"","format":"standard","meta":{"footnotes":""},"categories":[3],"tags":[],"class_list":["post-49843","post","type-post","status-publish","format-standard","has-post-thumbnail","hentry","category-tampico"],"yoast_head":"<!-- This site is optimized with the Yoast SEO plugin v27.5 - https:\/\/yoast.com\/product\/yoast-seo-wordpress\/ -->\n<title>LLEGAR\u00c1 ZONA SUR A TENER EN SUS CALLES Y AVENIDAS M\u00c1S DE 600 MIL VEH\u00cdCULOS POR VACACIONES - EL INFORMATIVO DE TAMAULIPAS<\/title>\n<meta name=\"description\" content=\"*El Aforo Veh\u00edcular Se Disparar\u00e1 De Manera Notable A Partir De Esta Semana &nbsp; &nbsp; A partir de este fin de semana y hasta culminar el periodo\" \/>\n<meta name=\"robots\" content=\"index, follow, max-snippet:-1, max-image-preview:large, max-video-preview:-1\" \/>\n<link rel=\"canonical\" href=\"https:\/\/elinformativotam.com\/index.php\/2024\/03\/26\/llegara-zona-sur-a-tener-en-sus-calles-y-avenidas-mas-de-600-mil-vehiculos-por-vacaciones\/\" \/>\n<meta property=\"og:locale\" content=\"es_MX\" \/>\n<meta property=\"og:type\" content=\"article\" \/>\n<meta property=\"og:title\" content=\"LLEGAR\u00c1 ZONA SUR A TENER EN SUS CALLES Y AVENIDAS M\u00c1S DE 600 MIL VEH\u00cdCULOS POR VACACIONES - EL INFORMATIVO DE TAMAULIPAS\" \/>\n<meta property=\"og:description\" content=\"*El Aforo Veh\u00edcular Se Disparar\u00e1 De Manera Notable A Partir De Esta Semana &nbsp; &nbsp; A partir de este fin de semana y hasta culminar el periodo\" \/>\n<meta property=\"og:url\" content=\"https:\/\/elinformativotam.com\/index.php\/2024\/03\/26\/llegara-zona-sur-a-tener-en-sus-calles-y-avenidas-mas-de-600-mil-vehiculos-por-vacaciones\/\" \/>\n<meta property=\"og:site_name\" content=\"EL INFORMATIVO DE TAMAULIPAS\" \/>\n<meta property=\"article:published_time\" content=\"2024-03-26T06:07:28+00:00\" \/>\n<meta property=\"og:image\" content=\"https:\/\/elinformativotam.com\/wp-content\/uploads\/2024\/03\/Kid.jpeg\" \/>\n\t<meta property=\"og:image:width\" content=\"1600\" \/>\n\t<meta property=\"og:image:height\" content=\"1204\" \/>\n\t<meta property=\"og:image:type\" content=\"image\/jpeg\" \/>\n<meta name=\"author\" content=\"El Informativo Tam\" \/>\n<meta name=\"twitter:card\" content=\"summary_large_image\" \/>\n<meta name=\"twitter:label1\" content=\"Escrito por\" \/>\n\t<meta name=\"twitter:data1\" content=\"El Informativo Tam\" \/>\n\t<meta name=\"twitter:label2\" content=\"Tiempo de lectura\" \/>\n\t<meta name=\"twitter:data2\" content=\"2 minutos\" \/>\n<script type=\"application\/ld+json\" class=\"yoast-schema-graph\">{\"@context\":\"https:\\\/\\\/schema.org\",\"@graph\":[{\"@type\":\"Article\",\"@id\":\"https:\\\/\\\/elinformativotam.com\\\/index.php\\\/2024\\\/03\\\/26\\\/llegara-zona-sur-a-tener-en-sus-calles-y-avenidas-mas-de-600-mil-vehiculos-por-vacaciones\\\/#article\",\"isPartOf\":{\"@id\":\"https:\\\/\\\/elinformativotam.com\\\/index.php\\\/2024\\\/03\\\/26\\\/llegara-zona-sur-a-tener-en-sus-calles-y-avenidas-mas-de-600-mil-vehiculos-por-vacaciones\\\/\"},\"author\":{\"name\":\"El Informativo Tam\",\"@id\":\"https:\\\/\\\/elinformativotam.com\\\/#\\\/schema\\\/person\\\/78e08040eed0f6110f0c5f83b6153590\"},\"headline\":\"LLEGAR\u00c1 ZONA SUR A TENER EN SUS CALLES Y AVENIDAS M\u00c1S DE 600 MIL VEH\u00cdCULOS POR VACACIONES\",\"datePublished\":\"2024-03-26T06:07:28+00:00\",\"mainEntityOfPage\":{\"@id\":\"https:\\\/\\\/elinformativotam.com\\\/index.php\\\/2024\\\/03\\\/26\\\/llegara-zona-sur-a-tener-en-sus-calles-y-avenidas-mas-de-600-mil-vehiculos-por-vacaciones\\\/\"},\"wordCount\":344,\"commentCount\":0,\"publisher\":{\"@id\":\"https:\\\/\\\/elinformativotam.com\\\/#organization\"},\"image\":{\"@id\":\"https:\\\/\\\/elinformativotam.com\\\/index.php\\\/2024\\\/03\\\/26\\\/llegara-zona-sur-a-tener-en-sus-calles-y-avenidas-mas-de-600-mil-vehiculos-por-vacaciones\\\/#primaryimage\"},\"thumbnailUrl\":\"https:\\\/\\\/elinformativotam.com\\\/wp-content\\\/uploads\\\/2024\\\/03\\\/Kid.jpeg\",\"articleSection\":[\"Tampico\"],\"inLanguage\":\"es\",\"potentialAction\":[{\"@type\":\"CommentAction\",\"name\":\"Comment\",\"target\":[\"https:\\\/\\\/elinformativotam.com\\\/index.php\\\/2024\\\/03\\\/26\\\/llegara-zona-sur-a-tener-en-sus-calles-y-avenidas-mas-de-600-mil-vehiculos-por-vacaciones\\\/#respond\"]}]},{\"@type\":\"WebPage\",\"@id\":\"https:\\\/\\\/elinformativotam.com\\\/index.php\\\/2024\\\/03\\\/26\\\/llegara-zona-sur-a-tener-en-sus-calles-y-avenidas-mas-de-600-mil-vehiculos-por-vacaciones\\\/\",\"url\":\"https:\\\/\\\/elinformativotam.com\\\/index.php\\\/2024\\\/03\\\/26\\\/llegara-zona-sur-a-tener-en-sus-calles-y-avenidas-mas-de-600-mil-vehiculos-por-vacaciones\\\/\",\"name\":\"LLEGAR\u00c1 ZONA SUR A TENER EN SUS CALLES Y AVENIDAS M\u00c1S DE 600 MIL VEH\u00cdCULOS POR VACACIONES - EL INFORMATIVO DE TAMAULIPAS\",\"isPartOf\":{\"@id\":\"https:\\\/\\\/elinformativotam.com\\\/#website\"},\"primaryImageOfPage\":{\"@id\":\"https:\\\/\\\/elinformativotam.com\\\/index.php\\\/2024\\\/03\\\/26\\\/llegara-zona-sur-a-tener-en-sus-calles-y-avenidas-mas-de-600-mil-vehiculos-por-vacaciones\\\/#primaryimage\"},\"image\":{\"@id\":\"https:\\\/\\\/elinformativotam.com\\\/index.php\\\/2024\\\/03\\\/26\\\/llegara-zona-sur-a-tener-en-sus-calles-y-avenidas-mas-de-600-mil-vehiculos-por-vacaciones\\\/#primaryimage\"},\"thumbnailUrl\":\"https:\\\/\\\/elinformativotam.com\\\/wp-content\\\/uploads\\\/2024\\\/03\\\/Kid.jpeg\",\"datePublished\":\"2024-03-26T06:07:28+00:00\",\"description\":\"*El Aforo Veh\u00edcular Se Disparar\u00e1 De Manera Notable A Partir De Esta Semana &nbsp; &nbsp; A partir de este fin de semana y hasta culminar el periodo\",\"inLanguage\":\"es\",\"potentialAction\":[{\"@type\":\"ReadAction\",\"target\":[\"https:\\\/\\\/elinformativotam.com\\\/index.php\\\/2024\\\/03\\\/26\\\/llegara-zona-sur-a-tener-en-sus-calles-y-avenidas-mas-de-600-mil-vehiculos-por-vacaciones\\\/\"]}]},{\"@type\":\"ImageObject\",\"inLanguage\":\"es\",\"@id\":\"https:\\\/\\\/elinformativotam.com\\\/index.php\\\/2024\\\/03\\\/26\\\/llegara-zona-sur-a-tener-en-sus-calles-y-avenidas-mas-de-600-mil-vehiculos-por-vacaciones\\\/#primaryimage\",\"url\":\"https:\\\/\\\/elinformativotam.com\\\/wp-content\\\/uploads\\\/2024\\\/03\\\/Kid.jpeg\",\"contentUrl\":\"https:\\\/\\\/elinformativotam.com\\\/wp-content\\\/uploads\\\/2024\\\/03\\\/Kid.jpeg\",\"width\":1600,\"height\":1204},{\"@type\":\"WebSite\",\"@id\":\"https:\\\/\\\/elinformativotam.com\\\/#website\",\"url\":\"https:\\\/\\\/elinformativotam.com\\\/\",\"name\":\"EL INFORMATIVO DE TAMAULIPAS\",\"description\":\"Desde la Zona Metropolitana Para Todo M\u00e9xico\",\"publisher\":{\"@id\":\"https:\\\/\\\/elinformativotam.com\\\/#organization\"},\"potentialAction\":[{\"@type\":\"SearchAction\",\"target\":{\"@type\":\"EntryPoint\",\"urlTemplate\":\"https:\\\/\\\/elinformativotam.com\\\/?s={search_term_string}\"},\"query-input\":{\"@type\":\"PropertyValueSpecification\",\"valueRequired\":true,\"valueName\":\"search_term_string\"}}],\"inLanguage\":\"es\"},{\"@type\":\"Organization\",\"@id\":\"https:\\\/\\\/elinformativotam.com\\\/#organization\",\"name\":\"EL INFORMATIVO DE TAMAULIPAS\",\"url\":\"https:\\\/\\\/elinformativotam.com\\\/\",\"logo\":{\"@type\":\"ImageObject\",\"inLanguage\":\"es\",\"@id\":\"https:\\\/\\\/elinformativotam.com\\\/#\\\/schema\\\/logo\\\/image\\\/\",\"url\":\"https:\\\/\\\/elinformativotam.com\\\/wp-content\\\/uploads\\\/2026\\\/02\\\/Cabezal.png\",\"contentUrl\":\"https:\\\/\\\/elinformativotam.com\\\/wp-content\\\/uploads\\\/2026\\\/02\\\/Cabezal.png\",\"width\":960,\"height\":640,\"caption\":\"EL INFORMATIVO DE TAMAULIPAS\"},\"image\":{\"@id\":\"https:\\\/\\\/elinformativotam.com\\\/#\\\/schema\\\/logo\\\/image\\\/\"}},{\"@type\":\"Person\",\"@id\":\"https:\\\/\\\/elinformativotam.com\\\/#\\\/schema\\\/person\\\/78e08040eed0f6110f0c5f83b6153590\",\"name\":\"El Informativo Tam\",\"image\":{\"@type\":\"ImageObject\",\"inLanguage\":\"es\",\"@id\":\"https:\\\/\\\/secure.gravatar.com\\\/avatar\\\/f3b7ad3af540688955925ac610647be00b0cf41feea9c4978b73a707ee86bc53?s=96&d=mm&r=g\",\"url\":\"https:\\\/\\\/secure.gravatar.com\\\/avatar\\\/f3b7ad3af540688955925ac610647be00b0cf41feea9c4978b73a707ee86bc53?s=96&d=mm&r=g\",\"contentUrl\":\"https:\\\/\\\/secure.gravatar.com\\\/avatar\\\/f3b7ad3af540688955925ac610647be00b0cf41feea9c4978b73a707ee86bc53?s=96&d=mm&r=g\",\"caption\":\"El Informativo Tam\"}}]}<\/script>\n<!-- \/ Yoast SEO plugin. -->","yoast_head_json":{"title":"LLEGAR\u00c1 ZONA SUR A TENER EN SUS CALLES Y AVENIDAS M\u00c1S DE 600 MIL VEH\u00cdCULOS POR VACACIONES - EL INFORMATIVO DE TAMAULIPAS","description":"*El Aforo Veh\u00edcular Se Disparar\u00e1 De Manera Notable A Partir De Esta Semana &nbsp; &nbsp; A partir de este fin de semana y hasta culminar el periodo","robots":{"index":"index","follow":"follow","max-snippet":"max-snippet:-1","max-image-preview":"max-image-preview:large","max-video-preview":"max-video-preview:-1"},"canonical":"https:\/\/elinformativotam.com\/index.php\/2024\/03\/26\/llegara-zona-sur-a-tener-en-sus-calles-y-avenidas-mas-de-600-mil-vehiculos-por-vacaciones\/","og_locale":"es_MX","og_type":"article","og_title":"LLEGAR\u00c1 ZONA SUR A TENER EN SUS CALLES Y AVENIDAS M\u00c1S DE 600 MIL VEH\u00cdCULOS POR VACACIONES - EL INFORMATIVO DE TAMAULIPAS","og_description":"*El Aforo Veh\u00edcular Se Disparar\u00e1 De Manera Notable A Partir De Esta Semana &nbsp; &nbsp; A partir de este fin de semana y hasta culminar el periodo","og_url":"https:\/\/elinformativotam.com\/index.php\/2024\/03\/26\/llegara-zona-sur-a-tener-en-sus-calles-y-avenidas-mas-de-600-mil-vehiculos-por-vacaciones\/","og_site_name":"EL INFORMATIVO DE TAMAULIPAS","article_published_time":"2024-03-26T06:07:28+00:00","og_image":[{"width":1600,"height":1204,"url":"https:\/\/elinformativotam.com\/wp-content\/uploads\/2024\/03\/Kid.jpeg","type":"image\/jpeg"}],"author":"El Informativo Tam","twitter_card":"summary_large_image","twitter_misc":{"Escrito por":"El Informativo Tam","Tiempo de lectura":"2 minutos"},"schema":{"@context":"https:\/\/schema.org","@graph":[{"@type":"Article","@id":"https:\/\/elinformativotam.com\/index.php\/2024\/03\/26\/llegara-zona-sur-a-tener-en-sus-calles-y-avenidas-mas-de-600-mil-vehiculos-por-vacaciones\/#article","isPartOf":{"@id":"https:\/\/elinformativotam.com\/index.php\/2024\/03\/26\/llegara-zona-sur-a-tener-en-sus-calles-y-avenidas-mas-de-600-mil-vehiculos-por-vacaciones\/"},"author":{"name":"El Informativo Tam","@id":"https:\/\/elinformativotam.com\/#\/schema\/person\/78e08040eed0f6110f0c5f83b6153590"},"headline":"LLEGAR\u00c1 ZONA SUR A TENER EN SUS CALLES Y AVENIDAS M\u00c1S DE 600 MIL VEH\u00cdCULOS POR VACACIONES","datePublished":"2024-03-26T06:07:28+00:00","mainEntityOfPage":{"@id":"https:\/\/elinformativotam.com\/index.php\/2024\/03\/26\/llegara-zona-sur-a-tener-en-sus-calles-y-avenidas-mas-de-600-mil-vehiculos-por-vacaciones\/"},"wordCount":344,"commentCount":0,"publisher":{"@id":"https:\/\/elinformativotam.com\/#organization"},"image":{"@id":"https:\/\/elinformativotam.com\/index.php\/2024\/03\/26\/llegara-zona-sur-a-tener-en-sus-calles-y-avenidas-mas-de-600-mil-vehiculos-por-vacaciones\/#primaryimage"},"thumbnailUrl":"https:\/\/elinformativotam.com\/wp-content\/uploads\/2024\/03\/Kid.jpeg","articleSection":["Tampico"],"inLanguage":"es","potentialAction":[{"@type":"CommentAction","name":"Comment","target":["https:\/\/elinformativotam.com\/index.php\/2024\/03\/26\/llegara-zona-sur-a-tener-en-sus-calles-y-avenidas-mas-de-600-mil-vehiculos-por-vacaciones\/#respond"]}]},{"@type":"WebPage","@id":"https:\/\/elinformativotam.com\/index.php\/2024\/03\/26\/llegara-zona-sur-a-tener-en-sus-calles-y-avenidas-mas-de-600-mil-vehiculos-por-vacaciones\/","url":"https:\/\/elinformativotam.com\/index.php\/2024\/03\/26\/llegara-zona-sur-a-tener-en-sus-calles-y-avenidas-mas-de-600-mil-vehiculos-por-vacaciones\/","name":"LLEGAR\u00c1 ZONA SUR A TENER EN SUS CALLES Y AVENIDAS M\u00c1S DE 600 MIL VEH\u00cdCULOS POR VACACIONES - EL INFORMATIVO DE TAMAULIPAS","isPartOf":{"@id":"https:\/\/elinformativotam.com\/#website"},"primaryImageOfPage":{"@id":"https:\/\/elinformativotam.com\/index.php\/2024\/03\/26\/llegara-zona-sur-a-tener-en-sus-calles-y-avenidas-mas-de-600-mil-vehiculos-por-vacaciones\/#primaryimage"},"image":{"@id":"https:\/\/elinformativotam.com\/index.php\/2024\/03\/26\/llegara-zona-sur-a-tener-en-sus-calles-y-avenidas-mas-de-600-mil-vehiculos-por-vacaciones\/#primaryimage"},"thumbnailUrl":"https:\/\/elinformativotam.com\/wp-content\/uploads\/2024\/03\/Kid.jpeg","datePublished":"2024-03-26T06:07:28+00:00","description":"*El Aforo Veh\u00edcular Se Disparar\u00e1 De Manera Notable A Partir De Esta Semana &nbsp; &nbsp; A partir de este fin de semana y hasta culminar el periodo","inLanguage":"es","potentialAction":[{"@type":"ReadAction","target":["https:\/\/elinformativotam.com\/index.php\/2024\/03\/26\/llegara-zona-sur-a-tener-en-sus-calles-y-avenidas-mas-de-600-mil-vehiculos-por-vacaciones\/"]}]},{"@type":"ImageObject","inLanguage":"es","@id":"https:\/\/elinformativotam.com\/index.php\/2024\/03\/26\/llegara-zona-sur-a-tener-en-sus-calles-y-avenidas-mas-de-600-mil-vehiculos-por-vacaciones\/#primaryimage","url":"https:\/\/elinformativotam.com\/wp-content\/uploads\/2024\/03\/Kid.jpeg","contentUrl":"https:\/\/elinformativotam.com\/wp-content\/uploads\/2024\/03\/Kid.jpeg","width":1600,"height":1204},{"@type":"WebSite","@id":"https:\/\/elinformativotam.com\/#website","url":"https:\/\/elinformativotam.com\/","name":"EL INFORMATIVO DE TAMAULIPAS","description":"Desde la Zona Metropolitana Para Todo M\u00e9xico","publisher":{"@id":"https:\/\/elinformativotam.com\/#organization"},"potentialAction":[{"@type":"SearchAction","target":{"@type":"EntryPoint","urlTemplate":"https:\/\/elinformativotam.com\/?s={search_term_string}"},"query-input":{"@type":"PropertyValueSpecification","valueRequired":true,"valueName":"search_term_string"}}],"inLanguage":"es"},{"@type":"Organization","@id":"https:\/\/elinformativotam.com\/#organization","name":"EL INFORMATIVO DE TAMAULIPAS","url":"https:\/\/elinformativotam.com\/","logo":{"@type":"ImageObject","inLanguage":"es","@id":"https:\/\/elinformativotam.com\/#\/schema\/logo\/image\/","url":"https:\/\/elinformativotam.com\/wp-content\/uploads\/2026\/02\/Cabezal.png","contentUrl":"https:\/\/elinformativotam.com\/wp-content\/uploads\/2026\/02\/Cabezal.png","width":960,"height":640,"caption":"EL INFORMATIVO DE TAMAULIPAS"},"image":{"@id":"https:\/\/elinformativotam.com\/#\/schema\/logo\/image\/"}},{"@type":"Person","@id":"https:\/\/elinformativotam.com\/#\/schema\/person\/78e08040eed0f6110f0c5f83b6153590","name":"El Informativo Tam","image":{"@type":"ImageObject","inLanguage":"es","@id":"https:\/\/secure.gravatar.com\/avatar\/f3b7ad3af540688955925ac610647be00b0cf41feea9c4978b73a707ee86bc53?s=96&d=mm&r=g","url":"https:\/\/secure.gravatar.com\/avatar\/f3b7ad3af540688955925ac610647be00b0cf41feea9c4978b73a707ee86bc53?s=96&d=mm&r=g","contentUrl":"https:\/\/secure.gravatar.com\/avatar\/f3b7ad3af540688955925ac610647be00b0cf41feea9c4978b73a707ee86bc53?s=96&d=mm&r=g","caption":"El Informativo Tam"}}]}},"_links":{"self":[{"href":"https:\/\/elinformativotam.com\/index.php\/wp-json\/wp\/v2\/posts\/49843","targetHints":{"allow":["GET"]}}],"collection":[{"href":"https:\/\/elinformativotam.com\/index.php\/wp-json\/wp\/v2\/posts"}],"about":[{"href":"https:\/\/elinformativotam.com\/index.php\/wp-json\/wp\/v2\/types\/post"}],"author":[{"embeddable":true,"href":"https:\/\/elinformativotam.com\/index.php\/wp-json\/wp\/v2\/users\/1"}],"replies":[{"embeddable":true,"href":"https:\/\/elinformativotam.com\/index.php\/wp-json\/wp\/v2\/comments?post=49843"}],"version-history":[{"count":1,"href":"https:\/\/elinformativotam.com\/index.php\/wp-json\/wp\/v2\/posts\/49843\/revisions"}],"predecessor-version":[{"id":49844,"href":"https:\/\/elinformativotam.com\/index.php\/wp-json\/wp\/v2\/posts\/49843\/revisions\/49844"}],"wp:featuredmedia":[{"embeddable":true,"href":"https:\/\/elinformativotam.com\/index.php\/wp-json\/wp\/v2\/media\/49837"}],"wp:attachment":[{"href":"https:\/\/elinformativotam.com\/index.php\/wp-json\/wp\/v2\/media?parent=49843"}],"wp:term":[{"taxonomy":"category","embeddable":true,"href":"https:\/\/elinformativotam.com\/index.php\/wp-json\/wp\/v2\/categories?post=49843"},{"taxonomy":"post_tag","embeddable":true,"href":"https:\/\/elinformativotam.com\/index.php\/wp-json\/wp\/v2\/tags?post=49843"}],"curies":[{"name":"wp","href":"https:\/\/api.w.org\/{rel}","templated":true}]}}