{"id":49817,"date":"2024-03-21T22:20:11","date_gmt":"2024-03-22T04:20:11","guid":{"rendered":"https:\/\/elinformativotam.com\/?p=49817"},"modified":"2024-03-21T22:20:11","modified_gmt":"2024-03-22T04:20:11","slug":"previenen-en-secundaria-de-madero-se-cometan-robo-en-la-escuela","status":"publish","type":"post","link":"https:\/\/elinformativotam.com\/index.php\/2024\/03\/21\/previenen-en-secundaria-de-madero-se-cometan-robo-en-la-escuela\/","title":{"rendered":"PREVIENEN EN SECUNDARIA DE MADERO SE COMETAN ROBO EN LA ESCUELA."},"content":{"rendered":"<p>Cd. Madero, Tamaulipas.- Para evitar se suscite alg\u00fan robo en la escuela, el equipo con el que se cuenta en la secundaria 20 de noviembre, ser\u00e1 resguardado con los profesores o padres de familia.<\/p>\n<p>&nbsp;<\/p>\n<p>El director del plantel Miguel Cervantes Gonz\u00e1lez, se\u00f1al\u00f3 que se tiene rondines de vigilancia de elementos de la guardia estatal, as\u00ed como la colaboraci\u00f3n de los vecinos para estar al pendiente que no ingrese gente extra\u00f1a al plantel.<\/p>\n<p>&nbsp;<\/p>\n<p>Mencion\u00f3 que cuenta con un velador que tambi\u00e9n es padre de familia y quien coadyuva para que los amantes de lo ajeno no hagan de las suyas en la secundaria.<\/p>\n<p>&nbsp;<\/p>\n<p>Destac\u00f3 que gracias a esta vigilancia han evitado que se presenten robos en el plantel, resaltando la colaboraci\u00f3n de los padres de familia en esto.<\/p>\n<p>&nbsp;<\/p>\n<p>A\u00f1adi\u00f3 que esperan que este periodo vacacional de semana santa sea tranquilo para las escuelas, debido a que no desean se cometa alg\u00fan robo en la instituci\u00f3n educativa o en cualquier otra.<\/p>\n<p>&nbsp;<\/p>\n","protected":false},"excerpt":{"rendered":"<p>Cd. Madero, Tamaulipas.- Para evitar se suscite alg\u00fan robo en la escuela, el equipo con el que se cuenta en&hellip;<\/p>\n","protected":false},"author":1,"featured_media":49807,"comment_status":"open","ping_status":"open","sticky":false,"template":"","format":"standard","meta":{"footnotes":""},"categories":[4],"tags":[],"class_list":["post-49817","post","type-post","status-publish","format-standard","has-post-thumbnail","hentry","category-madero"],"yoast_head":"<!-- This site is optimized with the Yoast SEO plugin v27.5 - https:\/\/yoast.com\/product\/yoast-seo-wordpress\/ -->\n<title>PREVIENEN EN SECUNDARIA DE MADERO SE COMETAN ROBO EN LA ESCUELA. - EL INFORMATIVO DE TAMAULIPAS<\/title>\n<meta name=\"description\" content=\"Cd. Madero, Tamaulipas.- Para evitar se suscite alg\u00fan robo en la escuela, el equipo con el que se cuenta en la secundaria 20 de noviembre, ser\u00e1\" \/>\n<meta name=\"robots\" content=\"index, follow, max-snippet:-1, max-image-preview:large, max-video-preview:-1\" \/>\n<link rel=\"canonical\" href=\"https:\/\/elinformativotam.com\/index.php\/2024\/03\/21\/previenen-en-secundaria-de-madero-se-cometan-robo-en-la-escuela\/\" \/>\n<meta property=\"og:locale\" content=\"es_MX\" \/>\n<meta property=\"og:type\" content=\"article\" \/>\n<meta property=\"og:title\" content=\"PREVIENEN EN SECUNDARIA DE MADERO SE COMETAN ROBO EN LA ESCUELA. - EL INFORMATIVO DE TAMAULIPAS\" \/>\n<meta property=\"og:description\" content=\"Cd. Madero, Tamaulipas.- Para evitar se suscite alg\u00fan robo en la escuela, el equipo con el que se cuenta en la secundaria 20 de noviembre, ser\u00e1\" \/>\n<meta property=\"og:url\" content=\"https:\/\/elinformativotam.com\/index.php\/2024\/03\/21\/previenen-en-secundaria-de-madero-se-cometan-robo-en-la-escuela\/\" \/>\n<meta property=\"og:site_name\" content=\"EL INFORMATIVO DE TAMAULIPAS\" \/>\n<meta property=\"article:published_time\" content=\"2024-03-22T04:20:11+00:00\" \/>\n<meta property=\"og:image\" content=\"https:\/\/elinformativotam.com\/wp-content\/uploads\/2024\/03\/MIguel-Cervantes.jpeg\" \/>\n\t<meta property=\"og:image:width\" content=\"720\" \/>\n\t<meta property=\"og:image:height\" content=\"1174\" \/>\n\t<meta property=\"og:image:type\" content=\"image\/jpeg\" \/>\n<meta name=\"author\" content=\"El Informativo Tam\" \/>\n<meta name=\"twitter:card\" content=\"summary_large_image\" \/>\n<meta name=\"twitter:label1\" content=\"Escrito por\" \/>\n\t<meta name=\"twitter:data1\" content=\"El Informativo Tam\" \/>\n\t<meta name=\"twitter:label2\" content=\"Tiempo de lectura\" \/>\n\t<meta name=\"twitter:data2\" content=\"1 minuto\" \/>\n<script type=\"application\/ld+json\" class=\"yoast-schema-graph\">{\"@context\":\"https:\\\/\\\/schema.org\",\"@graph\":[{\"@type\":\"Article\",\"@id\":\"https:\\\/\\\/elinformativotam.com\\\/index.php\\\/2024\\\/03\\\/21\\\/previenen-en-secundaria-de-madero-se-cometan-robo-en-la-escuela\\\/#article\",\"isPartOf\":{\"@id\":\"https:\\\/\\\/elinformativotam.com\\\/index.php\\\/2024\\\/03\\\/21\\\/previenen-en-secundaria-de-madero-se-cometan-robo-en-la-escuela\\\/\"},\"author\":{\"name\":\"El Informativo Tam\",\"@id\":\"https:\\\/\\\/elinformativotam.com\\\/#\\\/schema\\\/person\\\/78e08040eed0f6110f0c5f83b6153590\"},\"headline\":\"PREVIENEN EN SECUNDARIA DE MADERO SE COMETAN ROBO EN LA ESCUELA.\",\"datePublished\":\"2024-03-22T04:20:11+00:00\",\"mainEntityOfPage\":{\"@id\":\"https:\\\/\\\/elinformativotam.com\\\/index.php\\\/2024\\\/03\\\/21\\\/previenen-en-secundaria-de-madero-se-cometan-robo-en-la-escuela\\\/\"},\"wordCount\":185,\"commentCount\":0,\"publisher\":{\"@id\":\"https:\\\/\\\/elinformativotam.com\\\/#organization\"},\"image\":{\"@id\":\"https:\\\/\\\/elinformativotam.com\\\/index.php\\\/2024\\\/03\\\/21\\\/previenen-en-secundaria-de-madero-se-cometan-robo-en-la-escuela\\\/#primaryimage\"},\"thumbnailUrl\":\"https:\\\/\\\/elinformativotam.com\\\/wp-content\\\/uploads\\\/2024\\\/03\\\/MIguel-Cervantes.jpeg\",\"articleSection\":[\"Cd Madero\"],\"inLanguage\":\"es\",\"potentialAction\":[{\"@type\":\"CommentAction\",\"name\":\"Comment\",\"target\":[\"https:\\\/\\\/elinformativotam.com\\\/index.php\\\/2024\\\/03\\\/21\\\/previenen-en-secundaria-de-madero-se-cometan-robo-en-la-escuela\\\/#respond\"]}]},{\"@type\":\"WebPage\",\"@id\":\"https:\\\/\\\/elinformativotam.com\\\/index.php\\\/2024\\\/03\\\/21\\\/previenen-en-secundaria-de-madero-se-cometan-robo-en-la-escuela\\\/\",\"url\":\"https:\\\/\\\/elinformativotam.com\\\/index.php\\\/2024\\\/03\\\/21\\\/previenen-en-secundaria-de-madero-se-cometan-robo-en-la-escuela\\\/\",\"name\":\"PREVIENEN EN SECUNDARIA DE MADERO SE COMETAN ROBO EN LA ESCUELA. - EL INFORMATIVO DE TAMAULIPAS\",\"isPartOf\":{\"@id\":\"https:\\\/\\\/elinformativotam.com\\\/#website\"},\"primaryImageOfPage\":{\"@id\":\"https:\\\/\\\/elinformativotam.com\\\/index.php\\\/2024\\\/03\\\/21\\\/previenen-en-secundaria-de-madero-se-cometan-robo-en-la-escuela\\\/#primaryimage\"},\"image\":{\"@id\":\"https:\\\/\\\/elinformativotam.com\\\/index.php\\\/2024\\\/03\\\/21\\\/previenen-en-secundaria-de-madero-se-cometan-robo-en-la-escuela\\\/#primaryimage\"},\"thumbnailUrl\":\"https:\\\/\\\/elinformativotam.com\\\/wp-content\\\/uploads\\\/2024\\\/03\\\/MIguel-Cervantes.jpeg\",\"datePublished\":\"2024-03-22T04:20:11+00:00\",\"description\":\"Cd. Madero, Tamaulipas.- Para evitar se suscite alg\u00fan robo en la escuela, el equipo con el que se cuenta en la secundaria 20 de noviembre, ser\u00e1\",\"inLanguage\":\"es\",\"potentialAction\":[{\"@type\":\"ReadAction\",\"target\":[\"https:\\\/\\\/elinformativotam.com\\\/index.php\\\/2024\\\/03\\\/21\\\/previenen-en-secundaria-de-madero-se-cometan-robo-en-la-escuela\\\/\"]}]},{\"@type\":\"ImageObject\",\"inLanguage\":\"es\",\"@id\":\"https:\\\/\\\/elinformativotam.com\\\/index.php\\\/2024\\\/03\\\/21\\\/previenen-en-secundaria-de-madero-se-cometan-robo-en-la-escuela\\\/#primaryimage\",\"url\":\"https:\\\/\\\/elinformativotam.com\\\/wp-content\\\/uploads\\\/2024\\\/03\\\/MIguel-Cervantes.jpeg\",\"contentUrl\":\"https:\\\/\\\/elinformativotam.com\\\/wp-content\\\/uploads\\\/2024\\\/03\\\/MIguel-Cervantes.jpeg\",\"width\":720,\"height\":1174},{\"@type\":\"WebSite\",\"@id\":\"https:\\\/\\\/elinformativotam.com\\\/#website\",\"url\":\"https:\\\/\\\/elinformativotam.com\\\/\",\"name\":\"EL INFORMATIVO DE TAMAULIPAS\",\"description\":\"Desde la Zona Metropolitana Para Todo M\u00e9xico\",\"publisher\":{\"@id\":\"https:\\\/\\\/elinformativotam.com\\\/#organization\"},\"potentialAction\":[{\"@type\":\"SearchAction\",\"target\":{\"@type\":\"EntryPoint\",\"urlTemplate\":\"https:\\\/\\\/elinformativotam.com\\\/?s={search_term_string}\"},\"query-input\":{\"@type\":\"PropertyValueSpecification\",\"valueRequired\":true,\"valueName\":\"search_term_string\"}}],\"inLanguage\":\"es\"},{\"@type\":\"Organization\",\"@id\":\"https:\\\/\\\/elinformativotam.com\\\/#organization\",\"name\":\"EL INFORMATIVO DE TAMAULIPAS\",\"url\":\"https:\\\/\\\/elinformativotam.com\\\/\",\"logo\":{\"@type\":\"ImageObject\",\"inLanguage\":\"es\",\"@id\":\"https:\\\/\\\/elinformativotam.com\\\/#\\\/schema\\\/logo\\\/image\\\/\",\"url\":\"https:\\\/\\\/elinformativotam.com\\\/wp-content\\\/uploads\\\/2026\\\/02\\\/Cabezal.png\",\"contentUrl\":\"https:\\\/\\\/elinformativotam.com\\\/wp-content\\\/uploads\\\/2026\\\/02\\\/Cabezal.png\",\"width\":960,\"height\":640,\"caption\":\"EL INFORMATIVO DE TAMAULIPAS\"},\"image\":{\"@id\":\"https:\\\/\\\/elinformativotam.com\\\/#\\\/schema\\\/logo\\\/image\\\/\"}},{\"@type\":\"Person\",\"@id\":\"https:\\\/\\\/elinformativotam.com\\\/#\\\/schema\\\/person\\\/78e08040eed0f6110f0c5f83b6153590\",\"name\":\"El Informativo Tam\",\"image\":{\"@type\":\"ImageObject\",\"inLanguage\":\"es\",\"@id\":\"https:\\\/\\\/secure.gravatar.com\\\/avatar\\\/f3b7ad3af540688955925ac610647be00b0cf41feea9c4978b73a707ee86bc53?s=96&d=mm&r=g\",\"url\":\"https:\\\/\\\/secure.gravatar.com\\\/avatar\\\/f3b7ad3af540688955925ac610647be00b0cf41feea9c4978b73a707ee86bc53?s=96&d=mm&r=g\",\"contentUrl\":\"https:\\\/\\\/secure.gravatar.com\\\/avatar\\\/f3b7ad3af540688955925ac610647be00b0cf41feea9c4978b73a707ee86bc53?s=96&d=mm&r=g\",\"caption\":\"El Informativo Tam\"}}]}<\/script>\n<!-- \/ Yoast SEO plugin. -->","yoast_head_json":{"title":"PREVIENEN EN SECUNDARIA DE MADERO SE COMETAN ROBO EN LA ESCUELA. - EL INFORMATIVO DE TAMAULIPAS","description":"Cd. Madero, Tamaulipas.- Para evitar se suscite alg\u00fan robo en la escuela, el equipo con el que se cuenta en la secundaria 20 de noviembre, ser\u00e1","robots":{"index":"index","follow":"follow","max-snippet":"max-snippet:-1","max-image-preview":"max-image-preview:large","max-video-preview":"max-video-preview:-1"},"canonical":"https:\/\/elinformativotam.com\/index.php\/2024\/03\/21\/previenen-en-secundaria-de-madero-se-cometan-robo-en-la-escuela\/","og_locale":"es_MX","og_type":"article","og_title":"PREVIENEN EN SECUNDARIA DE MADERO SE COMETAN ROBO EN LA ESCUELA. - EL INFORMATIVO DE TAMAULIPAS","og_description":"Cd. Madero, Tamaulipas.- Para evitar se suscite alg\u00fan robo en la escuela, el equipo con el que se cuenta en la secundaria 20 de noviembre, ser\u00e1","og_url":"https:\/\/elinformativotam.com\/index.php\/2024\/03\/21\/previenen-en-secundaria-de-madero-se-cometan-robo-en-la-escuela\/","og_site_name":"EL INFORMATIVO DE TAMAULIPAS","article_published_time":"2024-03-22T04:20:11+00:00","og_image":[{"width":720,"height":1174,"url":"https:\/\/elinformativotam.com\/wp-content\/uploads\/2024\/03\/MIguel-Cervantes.jpeg","type":"image\/jpeg"}],"author":"El Informativo Tam","twitter_card":"summary_large_image","twitter_misc":{"Escrito por":"El Informativo Tam","Tiempo de lectura":"1 minuto"},"schema":{"@context":"https:\/\/schema.org","@graph":[{"@type":"Article","@id":"https:\/\/elinformativotam.com\/index.php\/2024\/03\/21\/previenen-en-secundaria-de-madero-se-cometan-robo-en-la-escuela\/#article","isPartOf":{"@id":"https:\/\/elinformativotam.com\/index.php\/2024\/03\/21\/previenen-en-secundaria-de-madero-se-cometan-robo-en-la-escuela\/"},"author":{"name":"El Informativo Tam","@id":"https:\/\/elinformativotam.com\/#\/schema\/person\/78e08040eed0f6110f0c5f83b6153590"},"headline":"PREVIENEN EN SECUNDARIA DE MADERO SE COMETAN ROBO EN LA ESCUELA.","datePublished":"2024-03-22T04:20:11+00:00","mainEntityOfPage":{"@id":"https:\/\/elinformativotam.com\/index.php\/2024\/03\/21\/previenen-en-secundaria-de-madero-se-cometan-robo-en-la-escuela\/"},"wordCount":185,"commentCount":0,"publisher":{"@id":"https:\/\/elinformativotam.com\/#organization"},"image":{"@id":"https:\/\/elinformativotam.com\/index.php\/2024\/03\/21\/previenen-en-secundaria-de-madero-se-cometan-robo-en-la-escuela\/#primaryimage"},"thumbnailUrl":"https:\/\/elinformativotam.com\/wp-content\/uploads\/2024\/03\/MIguel-Cervantes.jpeg","articleSection":["Cd Madero"],"inLanguage":"es","potentialAction":[{"@type":"CommentAction","name":"Comment","target":["https:\/\/elinformativotam.com\/index.php\/2024\/03\/21\/previenen-en-secundaria-de-madero-se-cometan-robo-en-la-escuela\/#respond"]}]},{"@type":"WebPage","@id":"https:\/\/elinformativotam.com\/index.php\/2024\/03\/21\/previenen-en-secundaria-de-madero-se-cometan-robo-en-la-escuela\/","url":"https:\/\/elinformativotam.com\/index.php\/2024\/03\/21\/previenen-en-secundaria-de-madero-se-cometan-robo-en-la-escuela\/","name":"PREVIENEN EN SECUNDARIA DE MADERO SE COMETAN ROBO EN LA ESCUELA. - EL INFORMATIVO DE TAMAULIPAS","isPartOf":{"@id":"https:\/\/elinformativotam.com\/#website"},"primaryImageOfPage":{"@id":"https:\/\/elinformativotam.com\/index.php\/2024\/03\/21\/previenen-en-secundaria-de-madero-se-cometan-robo-en-la-escuela\/#primaryimage"},"image":{"@id":"https:\/\/elinformativotam.com\/index.php\/2024\/03\/21\/previenen-en-secundaria-de-madero-se-cometan-robo-en-la-escuela\/#primaryimage"},"thumbnailUrl":"https:\/\/elinformativotam.com\/wp-content\/uploads\/2024\/03\/MIguel-Cervantes.jpeg","datePublished":"2024-03-22T04:20:11+00:00","description":"Cd. Madero, Tamaulipas.- Para evitar se suscite alg\u00fan robo en la escuela, el equipo con el que se cuenta en la secundaria 20 de noviembre, ser\u00e1","inLanguage":"es","potentialAction":[{"@type":"ReadAction","target":["https:\/\/elinformativotam.com\/index.php\/2024\/03\/21\/previenen-en-secundaria-de-madero-se-cometan-robo-en-la-escuela\/"]}]},{"@type":"ImageObject","inLanguage":"es","@id":"https:\/\/elinformativotam.com\/index.php\/2024\/03\/21\/previenen-en-secundaria-de-madero-se-cometan-robo-en-la-escuela\/#primaryimage","url":"https:\/\/elinformativotam.com\/wp-content\/uploads\/2024\/03\/MIguel-Cervantes.jpeg","contentUrl":"https:\/\/elinformativotam.com\/wp-content\/uploads\/2024\/03\/MIguel-Cervantes.jpeg","width":720,"height":1174},{"@type":"WebSite","@id":"https:\/\/elinformativotam.com\/#website","url":"https:\/\/elinformativotam.com\/","name":"EL INFORMATIVO DE TAMAULIPAS","description":"Desde la Zona Metropolitana Para Todo M\u00e9xico","publisher":{"@id":"https:\/\/elinformativotam.com\/#organization"},"potentialAction":[{"@type":"SearchAction","target":{"@type":"EntryPoint","urlTemplate":"https:\/\/elinformativotam.com\/?s={search_term_string}"},"query-input":{"@type":"PropertyValueSpecification","valueRequired":true,"valueName":"search_term_string"}}],"inLanguage":"es"},{"@type":"Organization","@id":"https:\/\/elinformativotam.com\/#organization","name":"EL INFORMATIVO DE TAMAULIPAS","url":"https:\/\/elinformativotam.com\/","logo":{"@type":"ImageObject","inLanguage":"es","@id":"https:\/\/elinformativotam.com\/#\/schema\/logo\/image\/","url":"https:\/\/elinformativotam.com\/wp-content\/uploads\/2026\/02\/Cabezal.png","contentUrl":"https:\/\/elinformativotam.com\/wp-content\/uploads\/2026\/02\/Cabezal.png","width":960,"height":640,"caption":"EL INFORMATIVO DE TAMAULIPAS"},"image":{"@id":"https:\/\/elinformativotam.com\/#\/schema\/logo\/image\/"}},{"@type":"Person","@id":"https:\/\/elinformativotam.com\/#\/schema\/person\/78e08040eed0f6110f0c5f83b6153590","name":"El Informativo Tam","image":{"@type":"ImageObject","inLanguage":"es","@id":"https:\/\/secure.gravatar.com\/avatar\/f3b7ad3af540688955925ac610647be00b0cf41feea9c4978b73a707ee86bc53?s=96&d=mm&r=g","url":"https:\/\/secure.gravatar.com\/avatar\/f3b7ad3af540688955925ac610647be00b0cf41feea9c4978b73a707ee86bc53?s=96&d=mm&r=g","contentUrl":"https:\/\/secure.gravatar.com\/avatar\/f3b7ad3af540688955925ac610647be00b0cf41feea9c4978b73a707ee86bc53?s=96&d=mm&r=g","caption":"El Informativo Tam"}}]}},"_links":{"self":[{"href":"https:\/\/elinformativotam.com\/index.php\/wp-json\/wp\/v2\/posts\/49817","targetHints":{"allow":["GET"]}}],"collection":[{"href":"https:\/\/elinformativotam.com\/index.php\/wp-json\/wp\/v2\/posts"}],"about":[{"href":"https:\/\/elinformativotam.com\/index.php\/wp-json\/wp\/v2\/types\/post"}],"author":[{"embeddable":true,"href":"https:\/\/elinformativotam.com\/index.php\/wp-json\/wp\/v2\/users\/1"}],"replies":[{"embeddable":true,"href":"https:\/\/elinformativotam.com\/index.php\/wp-json\/wp\/v2\/comments?post=49817"}],"version-history":[{"count":1,"href":"https:\/\/elinformativotam.com\/index.php\/wp-json\/wp\/v2\/posts\/49817\/revisions"}],"predecessor-version":[{"id":49818,"href":"https:\/\/elinformativotam.com\/index.php\/wp-json\/wp\/v2\/posts\/49817\/revisions\/49818"}],"wp:featuredmedia":[{"embeddable":true,"href":"https:\/\/elinformativotam.com\/index.php\/wp-json\/wp\/v2\/media\/49807"}],"wp:attachment":[{"href":"https:\/\/elinformativotam.com\/index.php\/wp-json\/wp\/v2\/media?parent=49817"}],"wp:term":[{"taxonomy":"category","embeddable":true,"href":"https:\/\/elinformativotam.com\/index.php\/wp-json\/wp\/v2\/categories?post=49817"},{"taxonomy":"post_tag","embeddable":true,"href":"https:\/\/elinformativotam.com\/index.php\/wp-json\/wp\/v2\/tags?post=49817"}],"curies":[{"name":"wp","href":"https:\/\/api.w.org\/{rel}","templated":true}]}}