{"id":49814,"date":"2024-03-21T22:09:13","date_gmt":"2024-03-22T04:09:13","guid":{"rendered":"https:\/\/elinformativotam.com\/?p=49814"},"modified":"2024-03-21T22:09:13","modified_gmt":"2024-03-22T04:09:13","slug":"ganara-chucho-en-8-distrito-caso-oseguera-no-nos-interesa-tobias-sigala","status":"publish","type":"post","link":"https:\/\/elinformativotam.com\/index.php\/2024\/03\/21\/ganara-chucho-en-8-distrito-caso-oseguera-no-nos-interesa-tobias-sigala\/","title":{"rendered":"GANAR\u00c1 CHUCHO EN 8 DISTRITO; CASO OSEGUERA NO NOS INTERESA: TOB\u00cdAS SIGALA"},"content":{"rendered":"<h2 style=\"text-align: center;\"><em><span style=\"font-family: 'times new roman', times;\">*Se\u00f1ala Dirigente Del Sol Azteca Que La Campa\u00f1a Del Alcalde Porte\u00f1o Con Licencia Est\u00e1 Impactando De Manera Positiva En Las Colonias<\/span><\/em><\/h2>\n<p>&nbsp;<\/p>\n<p>&nbsp;<\/p>\n<p>&#8220;Con o sin Oseguera(Adri\u00e1n) en la competencia, nosotros y la coalici\u00f3n vamos a ganar en el 8 distrito electoral federal&#8221; se\u00f1al\u00f3 el Presidente del Comit\u00e9 Directivo Municipal del PRD en Tampico, Francisco Tob\u00edas Sigala.<\/p>\n<p>&nbsp;<\/p>\n<p>Al referirse al caso de la impugnaci\u00f3n y sustituci\u00f3n del candidato de Morena, el representante del Sol Azteca en el puerto, dej\u00f3 en claro que Jes\u00fas Nader Nasrrallah trae un nivel importante de impacto en la sociedad maderense, que dijo, es donde tiene que convencer que es la mejor opci\u00f3n.<\/p>\n<p>&nbsp;<\/p>\n<p>Explic\u00f3, que en los recorridos que hace el abanderado en las colonias de Tampico muchos ciudadanos le piden que prevalezca la continuidad de sus acciones de gobierno, que le han dado otra cara a la ciudad, y en Madero &#8220;le piden que sea alcalde de ese municipio, y \u00e9l les dice que no se puede, pero que desde el Congreso de la Uni\u00f3n buscar\u00e1 hacer la parte que le corresponde para que la urbe maderense le vaya mejor&#8221;.<\/p>\n<p>&nbsp;<\/p>\n<p>El Presidente del Partido Amarillo en el Puerto extern\u00f3 que &#8220;a nosotros nos es indiferente si se baja o sigue Oseguera, nosotros queremos refrendar ese esca\u00f1o p\u00fablico y est\u00e1mos confiados de qu\u00e9 vamos a ganar&#8221;, dijo<\/p>\n<p>&nbsp;<\/p>\n<p>Tob\u00edas, manifest\u00f3 que a 21 d\u00edas de la campa\u00f1a constitucional el abanderado de la alianza &#8220;Fuerza y Coraz\u00f3n por M\u00e9xico&#8221; &#8220;est\u00e1 fuerte y juntos vamos a salir avantes en este proceso electoral&#8221;.<\/p>\n<p>&nbsp;<\/p>\n<p>Asimismo, el dirigente perredista en Tampico dio a conocer que ayer por la tarde-noche el instituto pol\u00edtico registr\u00f3 a V\u00edctor Hugo Doria como candidato a la alcald\u00eda &#8220;con una planilla de regidores de todos los sectores de la sociedad civil&#8221;; as\u00ed c\u00f3mo a los candidatos a diputados locales por el distrito 21, Benjam\u00edn De Lira Zurricanday; y por el distrito 22 Odette Tob\u00edas.<\/p>\n<p>&nbsp;<\/p>\n","protected":false},"excerpt":{"rendered":"<p>*Se\u00f1ala Dirigente Del Sol Azteca Que La Campa\u00f1a Del Alcalde Porte\u00f1o Con Licencia Est\u00e1 Impactando De Manera Positiva En Las&hellip;<\/p>\n","protected":false},"author":1,"featured_media":49809,"comment_status":"open","ping_status":"open","sticky":false,"template":"","format":"standard","meta":{"footnotes":""},"categories":[3],"tags":[],"class_list":["post-49814","post","type-post","status-publish","format-standard","has-post-thumbnail","hentry","category-tampico"],"yoast_head":"<!-- This site is optimized with the Yoast SEO plugin v27.5 - https:\/\/yoast.com\/product\/yoast-seo-wordpress\/ -->\n<title>GANAR\u00c1 CHUCHO EN 8 DISTRITO; CASO OSEGUERA NO NOS INTERESA: TOB\u00cdAS SIGALA - EL INFORMATIVO DE TAMAULIPAS<\/title>\n<meta name=\"description\" content=\"*Se\u00f1ala Dirigente Del Sol Azteca Que La Campa\u00f1a Del Alcalde Porte\u00f1o Con Licencia Est\u00e1 Impactando De Manera Positiva En Las Colonias &nbsp; &nbsp; &quot;Con o\" \/>\n<meta name=\"robots\" content=\"index, follow, max-snippet:-1, max-image-preview:large, max-video-preview:-1\" \/>\n<link rel=\"canonical\" href=\"https:\/\/elinformativotam.com\/index.php\/2024\/03\/21\/ganara-chucho-en-8-distrito-caso-oseguera-no-nos-interesa-tobias-sigala\/\" \/>\n<meta property=\"og:locale\" content=\"es_MX\" \/>\n<meta property=\"og:type\" content=\"article\" \/>\n<meta property=\"og:title\" content=\"GANAR\u00c1 CHUCHO EN 8 DISTRITO; CASO OSEGUERA NO NOS INTERESA: TOB\u00cdAS SIGALA - EL INFORMATIVO DE TAMAULIPAS\" \/>\n<meta property=\"og:description\" content=\"*Se\u00f1ala Dirigente Del Sol Azteca Que La Campa\u00f1a Del Alcalde Porte\u00f1o Con Licencia Est\u00e1 Impactando De Manera Positiva En Las Colonias &nbsp; &nbsp; &quot;Con o\" \/>\n<meta property=\"og:url\" content=\"https:\/\/elinformativotam.com\/index.php\/2024\/03\/21\/ganara-chucho-en-8-distrito-caso-oseguera-no-nos-interesa-tobias-sigala\/\" \/>\n<meta property=\"og:site_name\" content=\"EL INFORMATIVO DE TAMAULIPAS\" \/>\n<meta property=\"article:published_time\" content=\"2024-03-22T04:09:13+00:00\" \/>\n<meta property=\"og:image\" content=\"https:\/\/elinformativotam.com\/wp-content\/uploads\/2024\/03\/Tobias.jpeg\" \/>\n\t<meta property=\"og:image:width\" content=\"1600\" \/>\n\t<meta property=\"og:image:height\" content=\"1204\" \/>\n\t<meta property=\"og:image:type\" content=\"image\/jpeg\" \/>\n<meta name=\"author\" content=\"El Informativo Tam\" \/>\n<meta name=\"twitter:card\" content=\"summary_large_image\" \/>\n<meta name=\"twitter:label1\" content=\"Escrito por\" \/>\n\t<meta name=\"twitter:data1\" content=\"El Informativo Tam\" \/>\n\t<meta name=\"twitter:label2\" content=\"Tiempo de lectura\" \/>\n\t<meta name=\"twitter:data2\" content=\"2 minutos\" \/>\n<script type=\"application\/ld+json\" class=\"yoast-schema-graph\">{\"@context\":\"https:\\\/\\\/schema.org\",\"@graph\":[{\"@type\":\"Article\",\"@id\":\"https:\\\/\\\/elinformativotam.com\\\/index.php\\\/2024\\\/03\\\/21\\\/ganara-chucho-en-8-distrito-caso-oseguera-no-nos-interesa-tobias-sigala\\\/#article\",\"isPartOf\":{\"@id\":\"https:\\\/\\\/elinformativotam.com\\\/index.php\\\/2024\\\/03\\\/21\\\/ganara-chucho-en-8-distrito-caso-oseguera-no-nos-interesa-tobias-sigala\\\/\"},\"author\":{\"name\":\"El Informativo Tam\",\"@id\":\"https:\\\/\\\/elinformativotam.com\\\/#\\\/schema\\\/person\\\/78e08040eed0f6110f0c5f83b6153590\"},\"headline\":\"GANAR\u00c1 CHUCHO EN 8 DISTRITO; CASO OSEGUERA NO NOS INTERESA: TOB\u00cdAS SIGALA\",\"datePublished\":\"2024-03-22T04:09:13+00:00\",\"mainEntityOfPage\":{\"@id\":\"https:\\\/\\\/elinformativotam.com\\\/index.php\\\/2024\\\/03\\\/21\\\/ganara-chucho-en-8-distrito-caso-oseguera-no-nos-interesa-tobias-sigala\\\/\"},\"wordCount\":357,\"commentCount\":0,\"publisher\":{\"@id\":\"https:\\\/\\\/elinformativotam.com\\\/#organization\"},\"image\":{\"@id\":\"https:\\\/\\\/elinformativotam.com\\\/index.php\\\/2024\\\/03\\\/21\\\/ganara-chucho-en-8-distrito-caso-oseguera-no-nos-interesa-tobias-sigala\\\/#primaryimage\"},\"thumbnailUrl\":\"https:\\\/\\\/elinformativotam.com\\\/wp-content\\\/uploads\\\/2024\\\/03\\\/Tobias.jpeg\",\"articleSection\":[\"Tampico\"],\"inLanguage\":\"es\",\"potentialAction\":[{\"@type\":\"CommentAction\",\"name\":\"Comment\",\"target\":[\"https:\\\/\\\/elinformativotam.com\\\/index.php\\\/2024\\\/03\\\/21\\\/ganara-chucho-en-8-distrito-caso-oseguera-no-nos-interesa-tobias-sigala\\\/#respond\"]}]},{\"@type\":\"WebPage\",\"@id\":\"https:\\\/\\\/elinformativotam.com\\\/index.php\\\/2024\\\/03\\\/21\\\/ganara-chucho-en-8-distrito-caso-oseguera-no-nos-interesa-tobias-sigala\\\/\",\"url\":\"https:\\\/\\\/elinformativotam.com\\\/index.php\\\/2024\\\/03\\\/21\\\/ganara-chucho-en-8-distrito-caso-oseguera-no-nos-interesa-tobias-sigala\\\/\",\"name\":\"GANAR\u00c1 CHUCHO EN 8 DISTRITO; CASO OSEGUERA NO NOS INTERESA: TOB\u00cdAS SIGALA - EL INFORMATIVO DE TAMAULIPAS\",\"isPartOf\":{\"@id\":\"https:\\\/\\\/elinformativotam.com\\\/#website\"},\"primaryImageOfPage\":{\"@id\":\"https:\\\/\\\/elinformativotam.com\\\/index.php\\\/2024\\\/03\\\/21\\\/ganara-chucho-en-8-distrito-caso-oseguera-no-nos-interesa-tobias-sigala\\\/#primaryimage\"},\"image\":{\"@id\":\"https:\\\/\\\/elinformativotam.com\\\/index.php\\\/2024\\\/03\\\/21\\\/ganara-chucho-en-8-distrito-caso-oseguera-no-nos-interesa-tobias-sigala\\\/#primaryimage\"},\"thumbnailUrl\":\"https:\\\/\\\/elinformativotam.com\\\/wp-content\\\/uploads\\\/2024\\\/03\\\/Tobias.jpeg\",\"datePublished\":\"2024-03-22T04:09:13+00:00\",\"description\":\"*Se\u00f1ala Dirigente Del Sol Azteca Que La Campa\u00f1a Del Alcalde Porte\u00f1o Con Licencia Est\u00e1 Impactando De Manera Positiva En Las Colonias &nbsp; &nbsp; \\\"Con o\",\"inLanguage\":\"es\",\"potentialAction\":[{\"@type\":\"ReadAction\",\"target\":[\"https:\\\/\\\/elinformativotam.com\\\/index.php\\\/2024\\\/03\\\/21\\\/ganara-chucho-en-8-distrito-caso-oseguera-no-nos-interesa-tobias-sigala\\\/\"]}]},{\"@type\":\"ImageObject\",\"inLanguage\":\"es\",\"@id\":\"https:\\\/\\\/elinformativotam.com\\\/index.php\\\/2024\\\/03\\\/21\\\/ganara-chucho-en-8-distrito-caso-oseguera-no-nos-interesa-tobias-sigala\\\/#primaryimage\",\"url\":\"https:\\\/\\\/elinformativotam.com\\\/wp-content\\\/uploads\\\/2024\\\/03\\\/Tobias.jpeg\",\"contentUrl\":\"https:\\\/\\\/elinformativotam.com\\\/wp-content\\\/uploads\\\/2024\\\/03\\\/Tobias.jpeg\",\"width\":1600,\"height\":1204},{\"@type\":\"WebSite\",\"@id\":\"https:\\\/\\\/elinformativotam.com\\\/#website\",\"url\":\"https:\\\/\\\/elinformativotam.com\\\/\",\"name\":\"EL INFORMATIVO DE TAMAULIPAS\",\"description\":\"Desde la Zona Metropolitana Para Todo M\u00e9xico\",\"publisher\":{\"@id\":\"https:\\\/\\\/elinformativotam.com\\\/#organization\"},\"potentialAction\":[{\"@type\":\"SearchAction\",\"target\":{\"@type\":\"EntryPoint\",\"urlTemplate\":\"https:\\\/\\\/elinformativotam.com\\\/?s={search_term_string}\"},\"query-input\":{\"@type\":\"PropertyValueSpecification\",\"valueRequired\":true,\"valueName\":\"search_term_string\"}}],\"inLanguage\":\"es\"},{\"@type\":\"Organization\",\"@id\":\"https:\\\/\\\/elinformativotam.com\\\/#organization\",\"name\":\"EL INFORMATIVO DE TAMAULIPAS\",\"url\":\"https:\\\/\\\/elinformativotam.com\\\/\",\"logo\":{\"@type\":\"ImageObject\",\"inLanguage\":\"es\",\"@id\":\"https:\\\/\\\/elinformativotam.com\\\/#\\\/schema\\\/logo\\\/image\\\/\",\"url\":\"https:\\\/\\\/elinformativotam.com\\\/wp-content\\\/uploads\\\/2026\\\/02\\\/Cabezal.png\",\"contentUrl\":\"https:\\\/\\\/elinformativotam.com\\\/wp-content\\\/uploads\\\/2026\\\/02\\\/Cabezal.png\",\"width\":960,\"height\":640,\"caption\":\"EL INFORMATIVO DE TAMAULIPAS\"},\"image\":{\"@id\":\"https:\\\/\\\/elinformativotam.com\\\/#\\\/schema\\\/logo\\\/image\\\/\"}},{\"@type\":\"Person\",\"@id\":\"https:\\\/\\\/elinformativotam.com\\\/#\\\/schema\\\/person\\\/78e08040eed0f6110f0c5f83b6153590\",\"name\":\"El Informativo Tam\",\"image\":{\"@type\":\"ImageObject\",\"inLanguage\":\"es\",\"@id\":\"https:\\\/\\\/secure.gravatar.com\\\/avatar\\\/f3b7ad3af540688955925ac610647be00b0cf41feea9c4978b73a707ee86bc53?s=96&d=mm&r=g\",\"url\":\"https:\\\/\\\/secure.gravatar.com\\\/avatar\\\/f3b7ad3af540688955925ac610647be00b0cf41feea9c4978b73a707ee86bc53?s=96&d=mm&r=g\",\"contentUrl\":\"https:\\\/\\\/secure.gravatar.com\\\/avatar\\\/f3b7ad3af540688955925ac610647be00b0cf41feea9c4978b73a707ee86bc53?s=96&d=mm&r=g\",\"caption\":\"El Informativo Tam\"}}]}<\/script>\n<!-- \/ Yoast SEO plugin. -->","yoast_head_json":{"title":"GANAR\u00c1 CHUCHO EN 8 DISTRITO; CASO OSEGUERA NO NOS INTERESA: TOB\u00cdAS SIGALA - EL INFORMATIVO DE TAMAULIPAS","description":"*Se\u00f1ala Dirigente Del Sol Azteca Que La Campa\u00f1a Del Alcalde Porte\u00f1o Con Licencia Est\u00e1 Impactando De Manera Positiva En Las Colonias &nbsp; &nbsp; \"Con o","robots":{"index":"index","follow":"follow","max-snippet":"max-snippet:-1","max-image-preview":"max-image-preview:large","max-video-preview":"max-video-preview:-1"},"canonical":"https:\/\/elinformativotam.com\/index.php\/2024\/03\/21\/ganara-chucho-en-8-distrito-caso-oseguera-no-nos-interesa-tobias-sigala\/","og_locale":"es_MX","og_type":"article","og_title":"GANAR\u00c1 CHUCHO EN 8 DISTRITO; CASO OSEGUERA NO NOS INTERESA: TOB\u00cdAS SIGALA - EL INFORMATIVO DE TAMAULIPAS","og_description":"*Se\u00f1ala Dirigente Del Sol Azteca Que La Campa\u00f1a Del Alcalde Porte\u00f1o Con Licencia Est\u00e1 Impactando De Manera Positiva En Las Colonias &nbsp; &nbsp; \"Con o","og_url":"https:\/\/elinformativotam.com\/index.php\/2024\/03\/21\/ganara-chucho-en-8-distrito-caso-oseguera-no-nos-interesa-tobias-sigala\/","og_site_name":"EL INFORMATIVO DE TAMAULIPAS","article_published_time":"2024-03-22T04:09:13+00:00","og_image":[{"width":1600,"height":1204,"url":"https:\/\/elinformativotam.com\/wp-content\/uploads\/2024\/03\/Tobias.jpeg","type":"image\/jpeg"}],"author":"El Informativo Tam","twitter_card":"summary_large_image","twitter_misc":{"Escrito por":"El Informativo Tam","Tiempo de lectura":"2 minutos"},"schema":{"@context":"https:\/\/schema.org","@graph":[{"@type":"Article","@id":"https:\/\/elinformativotam.com\/index.php\/2024\/03\/21\/ganara-chucho-en-8-distrito-caso-oseguera-no-nos-interesa-tobias-sigala\/#article","isPartOf":{"@id":"https:\/\/elinformativotam.com\/index.php\/2024\/03\/21\/ganara-chucho-en-8-distrito-caso-oseguera-no-nos-interesa-tobias-sigala\/"},"author":{"name":"El Informativo Tam","@id":"https:\/\/elinformativotam.com\/#\/schema\/person\/78e08040eed0f6110f0c5f83b6153590"},"headline":"GANAR\u00c1 CHUCHO EN 8 DISTRITO; CASO OSEGUERA NO NOS INTERESA: TOB\u00cdAS SIGALA","datePublished":"2024-03-22T04:09:13+00:00","mainEntityOfPage":{"@id":"https:\/\/elinformativotam.com\/index.php\/2024\/03\/21\/ganara-chucho-en-8-distrito-caso-oseguera-no-nos-interesa-tobias-sigala\/"},"wordCount":357,"commentCount":0,"publisher":{"@id":"https:\/\/elinformativotam.com\/#organization"},"image":{"@id":"https:\/\/elinformativotam.com\/index.php\/2024\/03\/21\/ganara-chucho-en-8-distrito-caso-oseguera-no-nos-interesa-tobias-sigala\/#primaryimage"},"thumbnailUrl":"https:\/\/elinformativotam.com\/wp-content\/uploads\/2024\/03\/Tobias.jpeg","articleSection":["Tampico"],"inLanguage":"es","potentialAction":[{"@type":"CommentAction","name":"Comment","target":["https:\/\/elinformativotam.com\/index.php\/2024\/03\/21\/ganara-chucho-en-8-distrito-caso-oseguera-no-nos-interesa-tobias-sigala\/#respond"]}]},{"@type":"WebPage","@id":"https:\/\/elinformativotam.com\/index.php\/2024\/03\/21\/ganara-chucho-en-8-distrito-caso-oseguera-no-nos-interesa-tobias-sigala\/","url":"https:\/\/elinformativotam.com\/index.php\/2024\/03\/21\/ganara-chucho-en-8-distrito-caso-oseguera-no-nos-interesa-tobias-sigala\/","name":"GANAR\u00c1 CHUCHO EN 8 DISTRITO; CASO OSEGUERA NO NOS INTERESA: TOB\u00cdAS SIGALA - EL INFORMATIVO DE TAMAULIPAS","isPartOf":{"@id":"https:\/\/elinformativotam.com\/#website"},"primaryImageOfPage":{"@id":"https:\/\/elinformativotam.com\/index.php\/2024\/03\/21\/ganara-chucho-en-8-distrito-caso-oseguera-no-nos-interesa-tobias-sigala\/#primaryimage"},"image":{"@id":"https:\/\/elinformativotam.com\/index.php\/2024\/03\/21\/ganara-chucho-en-8-distrito-caso-oseguera-no-nos-interesa-tobias-sigala\/#primaryimage"},"thumbnailUrl":"https:\/\/elinformativotam.com\/wp-content\/uploads\/2024\/03\/Tobias.jpeg","datePublished":"2024-03-22T04:09:13+00:00","description":"*Se\u00f1ala Dirigente Del Sol Azteca Que La Campa\u00f1a Del Alcalde Porte\u00f1o Con Licencia Est\u00e1 Impactando De Manera Positiva En Las Colonias &nbsp; &nbsp; \"Con o","inLanguage":"es","potentialAction":[{"@type":"ReadAction","target":["https:\/\/elinformativotam.com\/index.php\/2024\/03\/21\/ganara-chucho-en-8-distrito-caso-oseguera-no-nos-interesa-tobias-sigala\/"]}]},{"@type":"ImageObject","inLanguage":"es","@id":"https:\/\/elinformativotam.com\/index.php\/2024\/03\/21\/ganara-chucho-en-8-distrito-caso-oseguera-no-nos-interesa-tobias-sigala\/#primaryimage","url":"https:\/\/elinformativotam.com\/wp-content\/uploads\/2024\/03\/Tobias.jpeg","contentUrl":"https:\/\/elinformativotam.com\/wp-content\/uploads\/2024\/03\/Tobias.jpeg","width":1600,"height":1204},{"@type":"WebSite","@id":"https:\/\/elinformativotam.com\/#website","url":"https:\/\/elinformativotam.com\/","name":"EL INFORMATIVO DE TAMAULIPAS","description":"Desde la Zona Metropolitana Para Todo M\u00e9xico","publisher":{"@id":"https:\/\/elinformativotam.com\/#organization"},"potentialAction":[{"@type":"SearchAction","target":{"@type":"EntryPoint","urlTemplate":"https:\/\/elinformativotam.com\/?s={search_term_string}"},"query-input":{"@type":"PropertyValueSpecification","valueRequired":true,"valueName":"search_term_string"}}],"inLanguage":"es"},{"@type":"Organization","@id":"https:\/\/elinformativotam.com\/#organization","name":"EL INFORMATIVO DE TAMAULIPAS","url":"https:\/\/elinformativotam.com\/","logo":{"@type":"ImageObject","inLanguage":"es","@id":"https:\/\/elinformativotam.com\/#\/schema\/logo\/image\/","url":"https:\/\/elinformativotam.com\/wp-content\/uploads\/2026\/02\/Cabezal.png","contentUrl":"https:\/\/elinformativotam.com\/wp-content\/uploads\/2026\/02\/Cabezal.png","width":960,"height":640,"caption":"EL INFORMATIVO DE TAMAULIPAS"},"image":{"@id":"https:\/\/elinformativotam.com\/#\/schema\/logo\/image\/"}},{"@type":"Person","@id":"https:\/\/elinformativotam.com\/#\/schema\/person\/78e08040eed0f6110f0c5f83b6153590","name":"El Informativo Tam","image":{"@type":"ImageObject","inLanguage":"es","@id":"https:\/\/secure.gravatar.com\/avatar\/f3b7ad3af540688955925ac610647be00b0cf41feea9c4978b73a707ee86bc53?s=96&d=mm&r=g","url":"https:\/\/secure.gravatar.com\/avatar\/f3b7ad3af540688955925ac610647be00b0cf41feea9c4978b73a707ee86bc53?s=96&d=mm&r=g","contentUrl":"https:\/\/secure.gravatar.com\/avatar\/f3b7ad3af540688955925ac610647be00b0cf41feea9c4978b73a707ee86bc53?s=96&d=mm&r=g","caption":"El Informativo Tam"}}]}},"_links":{"self":[{"href":"https:\/\/elinformativotam.com\/index.php\/wp-json\/wp\/v2\/posts\/49814","targetHints":{"allow":["GET"]}}],"collection":[{"href":"https:\/\/elinformativotam.com\/index.php\/wp-json\/wp\/v2\/posts"}],"about":[{"href":"https:\/\/elinformativotam.com\/index.php\/wp-json\/wp\/v2\/types\/post"}],"author":[{"embeddable":true,"href":"https:\/\/elinformativotam.com\/index.php\/wp-json\/wp\/v2\/users\/1"}],"replies":[{"embeddable":true,"href":"https:\/\/elinformativotam.com\/index.php\/wp-json\/wp\/v2\/comments?post=49814"}],"version-history":[{"count":1,"href":"https:\/\/elinformativotam.com\/index.php\/wp-json\/wp\/v2\/posts\/49814\/revisions"}],"predecessor-version":[{"id":49815,"href":"https:\/\/elinformativotam.com\/index.php\/wp-json\/wp\/v2\/posts\/49814\/revisions\/49815"}],"wp:featuredmedia":[{"embeddable":true,"href":"https:\/\/elinformativotam.com\/index.php\/wp-json\/wp\/v2\/media\/49809"}],"wp:attachment":[{"href":"https:\/\/elinformativotam.com\/index.php\/wp-json\/wp\/v2\/media?parent=49814"}],"wp:term":[{"taxonomy":"category","embeddable":true,"href":"https:\/\/elinformativotam.com\/index.php\/wp-json\/wp\/v2\/categories?post=49814"},{"taxonomy":"post_tag","embeddable":true,"href":"https:\/\/elinformativotam.com\/index.php\/wp-json\/wp\/v2\/tags?post=49814"}],"curies":[{"name":"wp","href":"https:\/\/api.w.org\/{rel}","templated":true}]}}