{"id":49802,"date":"2024-03-21T21:51:45","date_gmt":"2024-03-22T03:51:45","guid":{"rendered":"https:\/\/elinformativotam.com\/?p=49802"},"modified":"2024-03-21T21:51:45","modified_gmt":"2024-03-22T03:51:45","slug":"la-direccion-de-proteccion-civil-indico-que-estan-preparados-para-semana-santa-y-comenzar-con-el-operativo-en-playa-tesoro-en-altamira","status":"publish","type":"post","link":"https:\/\/elinformativotam.com\/index.php\/2024\/03\/21\/la-direccion-de-proteccion-civil-indico-que-estan-preparados-para-semana-santa-y-comenzar-con-el-operativo-en-playa-tesoro-en-altamira\/","title":{"rendered":"LA DIRECCI\u00d3N DE PROTECCI\u00d3N CIVIL INDIC\u00d3 QUE EST\u00c1N PREPARADOS PARA SEMANA SANTA Y COMENZAR CON EL OPERATIVO EN PLAYA TESORO EN ALTAMIRA."},"content":{"rendered":"<p>Ana Luisa Cuevas Rivera, titular de la dependencia, coment\u00f3 que habr\u00e1 12 torres salvavidas y en cada torre se van habr\u00e1 tres personas un por parte de Protecci\u00f3n Civil, otra m\u00e1s de Bomberos y una de Marina.<\/p>\n<p>&nbsp;<\/p>\n<p>&#8220;Ahorita se est\u00e1 trabajando con maquinaria para abrir los accesos y lo que s\u00ed hay que decirle a la poblaci\u00f3n que no se deben meter en \u00e1reas donde no est\u00e1 habilitado el acceso&#8221;, coment\u00f3.<\/p>\n<p>&nbsp;<\/p>\n<p>Detall\u00f3 que en lo que es la primer playa habr\u00e1 acceso hasta la torre 7, por qu\u00e9 la intensi\u00f3n es que las personas que lleguen est\u00e9n distribuidas por todo el lugar y mantenerlos vigilados.<\/p>\n<p>&nbsp;<\/p>\n<p>Agreg\u00f3 que tambi\u00e9n estar\u00e1n participando diversas corporaciones de auxilio entre Tr\u00e1nsito, Protecci\u00f3n Civil, Bomberos, grupos voluntarios.<\/p>\n<p>&nbsp;<\/p>\n","protected":false},"excerpt":{"rendered":"<p>Ana Luisa Cuevas Rivera, titular de la dependencia, coment\u00f3 que habr\u00e1 12 torres salvavidas y en cada torre se van&hellip;<\/p>\n","protected":false},"author":1,"featured_media":47244,"comment_status":"open","ping_status":"open","sticky":false,"template":"","format":"standard","meta":{"footnotes":""},"categories":[5],"tags":[],"class_list":["post-49802","post","type-post","status-publish","format-standard","has-post-thumbnail","hentry","category-altamira"],"yoast_head":"<!-- This site is optimized with the Yoast SEO plugin v27.5 - https:\/\/yoast.com\/product\/yoast-seo-wordpress\/ -->\n<title>LA DIRECCI\u00d3N DE PROTECCI\u00d3N CIVIL INDIC\u00d3 QUE EST\u00c1N PREPARADOS PARA SEMANA SANTA Y COMENZAR CON EL OPERATIVO EN PLAYA TESORO EN ALTAMIRA. - EL INFORMATIVO DE TAMAULIPAS<\/title>\n<meta name=\"description\" content=\"Ana Luisa Cuevas Rivera, titular de la dependencia, coment\u00f3 que habr\u00e1 12 torres salvavidas y en cada torre se van habr\u00e1 tres personas un por parte de\" \/>\n<meta name=\"robots\" content=\"index, follow, max-snippet:-1, max-image-preview:large, max-video-preview:-1\" \/>\n<link rel=\"canonical\" href=\"https:\/\/elinformativotam.com\/index.php\/2024\/03\/21\/la-direccion-de-proteccion-civil-indico-que-estan-preparados-para-semana-santa-y-comenzar-con-el-operativo-en-playa-tesoro-en-altamira\/\" \/>\n<meta property=\"og:locale\" content=\"es_MX\" \/>\n<meta property=\"og:type\" content=\"article\" \/>\n<meta property=\"og:title\" content=\"LA DIRECCI\u00d3N DE PROTECCI\u00d3N CIVIL INDIC\u00d3 QUE EST\u00c1N PREPARADOS PARA SEMANA SANTA Y COMENZAR CON EL OPERATIVO EN PLAYA TESORO EN ALTAMIRA. - EL INFORMATIVO DE TAMAULIPAS\" \/>\n<meta property=\"og:description\" content=\"Ana Luisa Cuevas Rivera, titular de la dependencia, coment\u00f3 que habr\u00e1 12 torres salvavidas y en cada torre se van habr\u00e1 tres personas un por parte de\" \/>\n<meta property=\"og:url\" content=\"https:\/\/elinformativotam.com\/index.php\/2024\/03\/21\/la-direccion-de-proteccion-civil-indico-que-estan-preparados-para-semana-santa-y-comenzar-con-el-operativo-en-playa-tesoro-en-altamira\/\" \/>\n<meta property=\"og:site_name\" content=\"EL INFORMATIVO DE TAMAULIPAS\" \/>\n<meta property=\"article:published_time\" content=\"2024-03-22T03:51:45+00:00\" \/>\n<meta property=\"og:image\" content=\"https:\/\/elinformativotam.com\/wp-content\/uploads\/2023\/12\/Maria-Luisa.jpeg\" \/>\n\t<meta property=\"og:image:width\" content=\"800\" \/>\n\t<meta property=\"og:image:height\" content=\"833\" \/>\n\t<meta property=\"og:image:type\" content=\"image\/jpeg\" \/>\n<meta name=\"author\" content=\"El Informativo Tam\" \/>\n<meta name=\"twitter:card\" content=\"summary_large_image\" \/>\n<meta name=\"twitter:label1\" content=\"Escrito por\" \/>\n\t<meta name=\"twitter:data1\" content=\"El Informativo Tam\" \/>\n\t<meta name=\"twitter:label2\" content=\"Tiempo de lectura\" \/>\n\t<meta name=\"twitter:data2\" content=\"1 minuto\" \/>\n<script type=\"application\/ld+json\" class=\"yoast-schema-graph\">{\"@context\":\"https:\\\/\\\/schema.org\",\"@graph\":[{\"@type\":\"Article\",\"@id\":\"https:\\\/\\\/elinformativotam.com\\\/index.php\\\/2024\\\/03\\\/21\\\/la-direccion-de-proteccion-civil-indico-que-estan-preparados-para-semana-santa-y-comenzar-con-el-operativo-en-playa-tesoro-en-altamira\\\/#article\",\"isPartOf\":{\"@id\":\"https:\\\/\\\/elinformativotam.com\\\/index.php\\\/2024\\\/03\\\/21\\\/la-direccion-de-proteccion-civil-indico-que-estan-preparados-para-semana-santa-y-comenzar-con-el-operativo-en-playa-tesoro-en-altamira\\\/\"},\"author\":{\"name\":\"El Informativo Tam\",\"@id\":\"https:\\\/\\\/elinformativotam.com\\\/#\\\/schema\\\/person\\\/78e08040eed0f6110f0c5f83b6153590\"},\"headline\":\"LA DIRECCI\u00d3N DE PROTECCI\u00d3N CIVIL INDIC\u00d3 QUE EST\u00c1N PREPARADOS PARA SEMANA SANTA Y COMENZAR CON EL OPERATIVO EN PLAYA TESORO EN ALTAMIRA.\",\"datePublished\":\"2024-03-22T03:51:45+00:00\",\"mainEntityOfPage\":{\"@id\":\"https:\\\/\\\/elinformativotam.com\\\/index.php\\\/2024\\\/03\\\/21\\\/la-direccion-de-proteccion-civil-indico-que-estan-preparados-para-semana-santa-y-comenzar-con-el-operativo-en-playa-tesoro-en-altamira\\\/\"},\"wordCount\":157,\"commentCount\":0,\"publisher\":{\"@id\":\"https:\\\/\\\/elinformativotam.com\\\/#organization\"},\"image\":{\"@id\":\"https:\\\/\\\/elinformativotam.com\\\/index.php\\\/2024\\\/03\\\/21\\\/la-direccion-de-proteccion-civil-indico-que-estan-preparados-para-semana-santa-y-comenzar-con-el-operativo-en-playa-tesoro-en-altamira\\\/#primaryimage\"},\"thumbnailUrl\":\"https:\\\/\\\/elinformativotam.com\\\/wp-content\\\/uploads\\\/2023\\\/12\\\/Maria-Luisa.jpeg\",\"articleSection\":[\"Altamira\"],\"inLanguage\":\"es\",\"potentialAction\":[{\"@type\":\"CommentAction\",\"name\":\"Comment\",\"target\":[\"https:\\\/\\\/elinformativotam.com\\\/index.php\\\/2024\\\/03\\\/21\\\/la-direccion-de-proteccion-civil-indico-que-estan-preparados-para-semana-santa-y-comenzar-con-el-operativo-en-playa-tesoro-en-altamira\\\/#respond\"]}]},{\"@type\":\"WebPage\",\"@id\":\"https:\\\/\\\/elinformativotam.com\\\/index.php\\\/2024\\\/03\\\/21\\\/la-direccion-de-proteccion-civil-indico-que-estan-preparados-para-semana-santa-y-comenzar-con-el-operativo-en-playa-tesoro-en-altamira\\\/\",\"url\":\"https:\\\/\\\/elinformativotam.com\\\/index.php\\\/2024\\\/03\\\/21\\\/la-direccion-de-proteccion-civil-indico-que-estan-preparados-para-semana-santa-y-comenzar-con-el-operativo-en-playa-tesoro-en-altamira\\\/\",\"name\":\"LA DIRECCI\u00d3N DE PROTECCI\u00d3N CIVIL INDIC\u00d3 QUE EST\u00c1N PREPARADOS PARA SEMANA SANTA Y COMENZAR CON EL OPERATIVO EN PLAYA TESORO EN ALTAMIRA. - EL INFORMATIVO DE TAMAULIPAS\",\"isPartOf\":{\"@id\":\"https:\\\/\\\/elinformativotam.com\\\/#website\"},\"primaryImageOfPage\":{\"@id\":\"https:\\\/\\\/elinformativotam.com\\\/index.php\\\/2024\\\/03\\\/21\\\/la-direccion-de-proteccion-civil-indico-que-estan-preparados-para-semana-santa-y-comenzar-con-el-operativo-en-playa-tesoro-en-altamira\\\/#primaryimage\"},\"image\":{\"@id\":\"https:\\\/\\\/elinformativotam.com\\\/index.php\\\/2024\\\/03\\\/21\\\/la-direccion-de-proteccion-civil-indico-que-estan-preparados-para-semana-santa-y-comenzar-con-el-operativo-en-playa-tesoro-en-altamira\\\/#primaryimage\"},\"thumbnailUrl\":\"https:\\\/\\\/elinformativotam.com\\\/wp-content\\\/uploads\\\/2023\\\/12\\\/Maria-Luisa.jpeg\",\"datePublished\":\"2024-03-22T03:51:45+00:00\",\"description\":\"Ana Luisa Cuevas Rivera, titular de la dependencia, coment\u00f3 que habr\u00e1 12 torres salvavidas y en cada torre se van habr\u00e1 tres personas un por parte de\",\"inLanguage\":\"es\",\"potentialAction\":[{\"@type\":\"ReadAction\",\"target\":[\"https:\\\/\\\/elinformativotam.com\\\/index.php\\\/2024\\\/03\\\/21\\\/la-direccion-de-proteccion-civil-indico-que-estan-preparados-para-semana-santa-y-comenzar-con-el-operativo-en-playa-tesoro-en-altamira\\\/\"]}]},{\"@type\":\"ImageObject\",\"inLanguage\":\"es\",\"@id\":\"https:\\\/\\\/elinformativotam.com\\\/index.php\\\/2024\\\/03\\\/21\\\/la-direccion-de-proteccion-civil-indico-que-estan-preparados-para-semana-santa-y-comenzar-con-el-operativo-en-playa-tesoro-en-altamira\\\/#primaryimage\",\"url\":\"https:\\\/\\\/elinformativotam.com\\\/wp-content\\\/uploads\\\/2023\\\/12\\\/Maria-Luisa.jpeg\",\"contentUrl\":\"https:\\\/\\\/elinformativotam.com\\\/wp-content\\\/uploads\\\/2023\\\/12\\\/Maria-Luisa.jpeg\",\"width\":800,\"height\":833},{\"@type\":\"WebSite\",\"@id\":\"https:\\\/\\\/elinformativotam.com\\\/#website\",\"url\":\"https:\\\/\\\/elinformativotam.com\\\/\",\"name\":\"EL INFORMATIVO DE TAMAULIPAS\",\"description\":\"Desde la Zona Metropolitana Para Todo M\u00e9xico\",\"publisher\":{\"@id\":\"https:\\\/\\\/elinformativotam.com\\\/#organization\"},\"potentialAction\":[{\"@type\":\"SearchAction\",\"target\":{\"@type\":\"EntryPoint\",\"urlTemplate\":\"https:\\\/\\\/elinformativotam.com\\\/?s={search_term_string}\"},\"query-input\":{\"@type\":\"PropertyValueSpecification\",\"valueRequired\":true,\"valueName\":\"search_term_string\"}}],\"inLanguage\":\"es\"},{\"@type\":\"Organization\",\"@id\":\"https:\\\/\\\/elinformativotam.com\\\/#organization\",\"name\":\"EL INFORMATIVO DE TAMAULIPAS\",\"url\":\"https:\\\/\\\/elinformativotam.com\\\/\",\"logo\":{\"@type\":\"ImageObject\",\"inLanguage\":\"es\",\"@id\":\"https:\\\/\\\/elinformativotam.com\\\/#\\\/schema\\\/logo\\\/image\\\/\",\"url\":\"https:\\\/\\\/elinformativotam.com\\\/wp-content\\\/uploads\\\/2026\\\/02\\\/Cabezal.png\",\"contentUrl\":\"https:\\\/\\\/elinformativotam.com\\\/wp-content\\\/uploads\\\/2026\\\/02\\\/Cabezal.png\",\"width\":960,\"height\":640,\"caption\":\"EL INFORMATIVO DE TAMAULIPAS\"},\"image\":{\"@id\":\"https:\\\/\\\/elinformativotam.com\\\/#\\\/schema\\\/logo\\\/image\\\/\"}},{\"@type\":\"Person\",\"@id\":\"https:\\\/\\\/elinformativotam.com\\\/#\\\/schema\\\/person\\\/78e08040eed0f6110f0c5f83b6153590\",\"name\":\"El Informativo Tam\",\"image\":{\"@type\":\"ImageObject\",\"inLanguage\":\"es\",\"@id\":\"https:\\\/\\\/secure.gravatar.com\\\/avatar\\\/f3b7ad3af540688955925ac610647be00b0cf41feea9c4978b73a707ee86bc53?s=96&d=mm&r=g\",\"url\":\"https:\\\/\\\/secure.gravatar.com\\\/avatar\\\/f3b7ad3af540688955925ac610647be00b0cf41feea9c4978b73a707ee86bc53?s=96&d=mm&r=g\",\"contentUrl\":\"https:\\\/\\\/secure.gravatar.com\\\/avatar\\\/f3b7ad3af540688955925ac610647be00b0cf41feea9c4978b73a707ee86bc53?s=96&d=mm&r=g\",\"caption\":\"El Informativo Tam\"}}]}<\/script>\n<!-- \/ Yoast SEO plugin. -->","yoast_head_json":{"title":"LA DIRECCI\u00d3N DE PROTECCI\u00d3N CIVIL INDIC\u00d3 QUE EST\u00c1N PREPARADOS PARA SEMANA SANTA Y COMENZAR CON EL OPERATIVO EN PLAYA TESORO EN ALTAMIRA. - EL INFORMATIVO DE TAMAULIPAS","description":"Ana Luisa Cuevas Rivera, titular de la dependencia, coment\u00f3 que habr\u00e1 12 torres salvavidas y en cada torre se van habr\u00e1 tres personas un por parte de","robots":{"index":"index","follow":"follow","max-snippet":"max-snippet:-1","max-image-preview":"max-image-preview:large","max-video-preview":"max-video-preview:-1"},"canonical":"https:\/\/elinformativotam.com\/index.php\/2024\/03\/21\/la-direccion-de-proteccion-civil-indico-que-estan-preparados-para-semana-santa-y-comenzar-con-el-operativo-en-playa-tesoro-en-altamira\/","og_locale":"es_MX","og_type":"article","og_title":"LA DIRECCI\u00d3N DE PROTECCI\u00d3N CIVIL INDIC\u00d3 QUE EST\u00c1N PREPARADOS PARA SEMANA SANTA Y COMENZAR CON EL OPERATIVO EN PLAYA TESORO EN ALTAMIRA. - EL INFORMATIVO DE TAMAULIPAS","og_description":"Ana Luisa Cuevas Rivera, titular de la dependencia, coment\u00f3 que habr\u00e1 12 torres salvavidas y en cada torre se van habr\u00e1 tres personas un por parte de","og_url":"https:\/\/elinformativotam.com\/index.php\/2024\/03\/21\/la-direccion-de-proteccion-civil-indico-que-estan-preparados-para-semana-santa-y-comenzar-con-el-operativo-en-playa-tesoro-en-altamira\/","og_site_name":"EL INFORMATIVO DE TAMAULIPAS","article_published_time":"2024-03-22T03:51:45+00:00","og_image":[{"width":800,"height":833,"url":"https:\/\/elinformativotam.com\/wp-content\/uploads\/2023\/12\/Maria-Luisa.jpeg","type":"image\/jpeg"}],"author":"El Informativo Tam","twitter_card":"summary_large_image","twitter_misc":{"Escrito por":"El Informativo Tam","Tiempo de lectura":"1 minuto"},"schema":{"@context":"https:\/\/schema.org","@graph":[{"@type":"Article","@id":"https:\/\/elinformativotam.com\/index.php\/2024\/03\/21\/la-direccion-de-proteccion-civil-indico-que-estan-preparados-para-semana-santa-y-comenzar-con-el-operativo-en-playa-tesoro-en-altamira\/#article","isPartOf":{"@id":"https:\/\/elinformativotam.com\/index.php\/2024\/03\/21\/la-direccion-de-proteccion-civil-indico-que-estan-preparados-para-semana-santa-y-comenzar-con-el-operativo-en-playa-tesoro-en-altamira\/"},"author":{"name":"El Informativo Tam","@id":"https:\/\/elinformativotam.com\/#\/schema\/person\/78e08040eed0f6110f0c5f83b6153590"},"headline":"LA DIRECCI\u00d3N DE PROTECCI\u00d3N CIVIL INDIC\u00d3 QUE EST\u00c1N PREPARADOS PARA SEMANA SANTA Y COMENZAR CON EL OPERATIVO EN PLAYA TESORO EN ALTAMIRA.","datePublished":"2024-03-22T03:51:45+00:00","mainEntityOfPage":{"@id":"https:\/\/elinformativotam.com\/index.php\/2024\/03\/21\/la-direccion-de-proteccion-civil-indico-que-estan-preparados-para-semana-santa-y-comenzar-con-el-operativo-en-playa-tesoro-en-altamira\/"},"wordCount":157,"commentCount":0,"publisher":{"@id":"https:\/\/elinformativotam.com\/#organization"},"image":{"@id":"https:\/\/elinformativotam.com\/index.php\/2024\/03\/21\/la-direccion-de-proteccion-civil-indico-que-estan-preparados-para-semana-santa-y-comenzar-con-el-operativo-en-playa-tesoro-en-altamira\/#primaryimage"},"thumbnailUrl":"https:\/\/elinformativotam.com\/wp-content\/uploads\/2023\/12\/Maria-Luisa.jpeg","articleSection":["Altamira"],"inLanguage":"es","potentialAction":[{"@type":"CommentAction","name":"Comment","target":["https:\/\/elinformativotam.com\/index.php\/2024\/03\/21\/la-direccion-de-proteccion-civil-indico-que-estan-preparados-para-semana-santa-y-comenzar-con-el-operativo-en-playa-tesoro-en-altamira\/#respond"]}]},{"@type":"WebPage","@id":"https:\/\/elinformativotam.com\/index.php\/2024\/03\/21\/la-direccion-de-proteccion-civil-indico-que-estan-preparados-para-semana-santa-y-comenzar-con-el-operativo-en-playa-tesoro-en-altamira\/","url":"https:\/\/elinformativotam.com\/index.php\/2024\/03\/21\/la-direccion-de-proteccion-civil-indico-que-estan-preparados-para-semana-santa-y-comenzar-con-el-operativo-en-playa-tesoro-en-altamira\/","name":"LA DIRECCI\u00d3N DE PROTECCI\u00d3N CIVIL INDIC\u00d3 QUE EST\u00c1N PREPARADOS PARA SEMANA SANTA Y COMENZAR CON EL OPERATIVO EN PLAYA TESORO EN ALTAMIRA. - EL INFORMATIVO DE TAMAULIPAS","isPartOf":{"@id":"https:\/\/elinformativotam.com\/#website"},"primaryImageOfPage":{"@id":"https:\/\/elinformativotam.com\/index.php\/2024\/03\/21\/la-direccion-de-proteccion-civil-indico-que-estan-preparados-para-semana-santa-y-comenzar-con-el-operativo-en-playa-tesoro-en-altamira\/#primaryimage"},"image":{"@id":"https:\/\/elinformativotam.com\/index.php\/2024\/03\/21\/la-direccion-de-proteccion-civil-indico-que-estan-preparados-para-semana-santa-y-comenzar-con-el-operativo-en-playa-tesoro-en-altamira\/#primaryimage"},"thumbnailUrl":"https:\/\/elinformativotam.com\/wp-content\/uploads\/2023\/12\/Maria-Luisa.jpeg","datePublished":"2024-03-22T03:51:45+00:00","description":"Ana Luisa Cuevas Rivera, titular de la dependencia, coment\u00f3 que habr\u00e1 12 torres salvavidas y en cada torre se van habr\u00e1 tres personas un por parte de","inLanguage":"es","potentialAction":[{"@type":"ReadAction","target":["https:\/\/elinformativotam.com\/index.php\/2024\/03\/21\/la-direccion-de-proteccion-civil-indico-que-estan-preparados-para-semana-santa-y-comenzar-con-el-operativo-en-playa-tesoro-en-altamira\/"]}]},{"@type":"ImageObject","inLanguage":"es","@id":"https:\/\/elinformativotam.com\/index.php\/2024\/03\/21\/la-direccion-de-proteccion-civil-indico-que-estan-preparados-para-semana-santa-y-comenzar-con-el-operativo-en-playa-tesoro-en-altamira\/#primaryimage","url":"https:\/\/elinformativotam.com\/wp-content\/uploads\/2023\/12\/Maria-Luisa.jpeg","contentUrl":"https:\/\/elinformativotam.com\/wp-content\/uploads\/2023\/12\/Maria-Luisa.jpeg","width":800,"height":833},{"@type":"WebSite","@id":"https:\/\/elinformativotam.com\/#website","url":"https:\/\/elinformativotam.com\/","name":"EL INFORMATIVO DE TAMAULIPAS","description":"Desde la Zona Metropolitana Para Todo M\u00e9xico","publisher":{"@id":"https:\/\/elinformativotam.com\/#organization"},"potentialAction":[{"@type":"SearchAction","target":{"@type":"EntryPoint","urlTemplate":"https:\/\/elinformativotam.com\/?s={search_term_string}"},"query-input":{"@type":"PropertyValueSpecification","valueRequired":true,"valueName":"search_term_string"}}],"inLanguage":"es"},{"@type":"Organization","@id":"https:\/\/elinformativotam.com\/#organization","name":"EL INFORMATIVO DE TAMAULIPAS","url":"https:\/\/elinformativotam.com\/","logo":{"@type":"ImageObject","inLanguage":"es","@id":"https:\/\/elinformativotam.com\/#\/schema\/logo\/image\/","url":"https:\/\/elinformativotam.com\/wp-content\/uploads\/2026\/02\/Cabezal.png","contentUrl":"https:\/\/elinformativotam.com\/wp-content\/uploads\/2026\/02\/Cabezal.png","width":960,"height":640,"caption":"EL INFORMATIVO DE TAMAULIPAS"},"image":{"@id":"https:\/\/elinformativotam.com\/#\/schema\/logo\/image\/"}},{"@type":"Person","@id":"https:\/\/elinformativotam.com\/#\/schema\/person\/78e08040eed0f6110f0c5f83b6153590","name":"El Informativo Tam","image":{"@type":"ImageObject","inLanguage":"es","@id":"https:\/\/secure.gravatar.com\/avatar\/f3b7ad3af540688955925ac610647be00b0cf41feea9c4978b73a707ee86bc53?s=96&d=mm&r=g","url":"https:\/\/secure.gravatar.com\/avatar\/f3b7ad3af540688955925ac610647be00b0cf41feea9c4978b73a707ee86bc53?s=96&d=mm&r=g","contentUrl":"https:\/\/secure.gravatar.com\/avatar\/f3b7ad3af540688955925ac610647be00b0cf41feea9c4978b73a707ee86bc53?s=96&d=mm&r=g","caption":"El Informativo Tam"}}]}},"_links":{"self":[{"href":"https:\/\/elinformativotam.com\/index.php\/wp-json\/wp\/v2\/posts\/49802","targetHints":{"allow":["GET"]}}],"collection":[{"href":"https:\/\/elinformativotam.com\/index.php\/wp-json\/wp\/v2\/posts"}],"about":[{"href":"https:\/\/elinformativotam.com\/index.php\/wp-json\/wp\/v2\/types\/post"}],"author":[{"embeddable":true,"href":"https:\/\/elinformativotam.com\/index.php\/wp-json\/wp\/v2\/users\/1"}],"replies":[{"embeddable":true,"href":"https:\/\/elinformativotam.com\/index.php\/wp-json\/wp\/v2\/comments?post=49802"}],"version-history":[{"count":1,"href":"https:\/\/elinformativotam.com\/index.php\/wp-json\/wp\/v2\/posts\/49802\/revisions"}],"predecessor-version":[{"id":49803,"href":"https:\/\/elinformativotam.com\/index.php\/wp-json\/wp\/v2\/posts\/49802\/revisions\/49803"}],"wp:featuredmedia":[{"embeddable":true,"href":"https:\/\/elinformativotam.com\/index.php\/wp-json\/wp\/v2\/media\/47244"}],"wp:attachment":[{"href":"https:\/\/elinformativotam.com\/index.php\/wp-json\/wp\/v2\/media?parent=49802"}],"wp:term":[{"taxonomy":"category","embeddable":true,"href":"https:\/\/elinformativotam.com\/index.php\/wp-json\/wp\/v2\/categories?post=49802"},{"taxonomy":"post_tag","embeddable":true,"href":"https:\/\/elinformativotam.com\/index.php\/wp-json\/wp\/v2\/tags?post=49802"}],"curies":[{"name":"wp","href":"https:\/\/api.w.org\/{rel}","templated":true}]}}