{"id":49799,"date":"2024-03-21T21:49:45","date_gmt":"2024-03-22T03:49:45","guid":{"rendered":"https:\/\/elinformativotam.com\/?p=49799"},"modified":"2024-03-21T21:49:45","modified_gmt":"2024-03-22T03:49:45","slug":"guardia-estatal-actuo-conforme-a-derecho-jose-luis-hernandez","status":"publish","type":"post","link":"https:\/\/elinformativotam.com\/index.php\/2024\/03\/21\/guardia-estatal-actuo-conforme-a-derecho-jose-luis-hernandez\/","title":{"rendered":"GUARDIA ESTATAL ACTU\u00d3 CONFORME A DERECHO: JOS\u00c9 LUIS HERN\u00c1NDEZ"},"content":{"rendered":"<p>Ante la manifestaci\u00f3n que se llev\u00f3 a cabo en la ma\u00f1ana por parte de madres de familia de una escuela primaria, al lugar arribo la polic\u00eda de la Guardia Estatal y a estos le recriminaron el que hayan dejado libre a sujeto que se meti\u00f3 a robar.<\/p>\n<p>&nbsp;<\/p>\n<p>Jose Luis Hern\u00e1ndez, segundo de la Guardia Estatal, se\u00f1al\u00f3 que ellos est\u00e1n trabajando conforme a lo que va su programa y asegur\u00f3 que ellos no son quien para brindar informaci\u00f3n.<\/p>\n<p>&nbsp;<\/p>\n<p>Adem\u00e1s se\u00f1al\u00f3 que para saber lo que ocurri\u00f3, pidi\u00f3 nos comunicaremos a la vocer\u00eda de la Guardia Estatal; sin embargo, los pap\u00e1s les reclamaron, porque se han metido en siete ocasiones y les preguntaron a d\u00f3nde estaban ellos.<\/p>\n<p>&nbsp;<\/p>\n<p>Ante la situaci\u00f3n, \u00e9l y su persona mejor se retiraron del lugar, argumentando que ellos tienen el compromiso de seguir trabajando.<\/p>\n<p>&nbsp;<\/p>\n<p>&nbsp;<\/p>\n<p>&nbsp;<\/p>\n","protected":false},"excerpt":{"rendered":"<p>Ante la manifestaci\u00f3n que se llev\u00f3 a cabo en la ma\u00f1ana por parte de madres de familia de una escuela&hellip;<\/p>\n","protected":false},"author":1,"featured_media":49800,"comment_status":"open","ping_status":"open","sticky":false,"template":"","format":"standard","meta":{"footnotes":""},"categories":[5],"tags":[],"class_list":["post-49799","post","type-post","status-publish","format-standard","has-post-thumbnail","hentry","category-altamira"],"yoast_head":"<!-- This site is optimized with the Yoast SEO plugin v27.5 - https:\/\/yoast.com\/product\/yoast-seo-wordpress\/ -->\n<title>GUARDIA ESTATAL ACTU\u00d3 CONFORME A DERECHO: JOS\u00c9 LUIS HERN\u00c1NDEZ - EL INFORMATIVO DE TAMAULIPAS<\/title>\n<meta name=\"description\" content=\"Ante la manifestaci\u00f3n que se llev\u00f3 a cabo en la ma\u00f1ana por parte de madres de familia de una escuela primaria, al lugar arribo la polic\u00eda de la Guardia\" \/>\n<meta name=\"robots\" content=\"index, follow, max-snippet:-1, max-image-preview:large, max-video-preview:-1\" \/>\n<link rel=\"canonical\" href=\"https:\/\/elinformativotam.com\/index.php\/2024\/03\/21\/guardia-estatal-actuo-conforme-a-derecho-jose-luis-hernandez\/\" \/>\n<meta property=\"og:locale\" content=\"es_MX\" \/>\n<meta property=\"og:type\" content=\"article\" \/>\n<meta property=\"og:title\" content=\"GUARDIA ESTATAL ACTU\u00d3 CONFORME A DERECHO: JOS\u00c9 LUIS HERN\u00c1NDEZ - EL INFORMATIVO DE TAMAULIPAS\" \/>\n<meta property=\"og:description\" content=\"Ante la manifestaci\u00f3n que se llev\u00f3 a cabo en la ma\u00f1ana por parte de madres de familia de una escuela primaria, al lugar arribo la polic\u00eda de la Guardia\" \/>\n<meta property=\"og:url\" content=\"https:\/\/elinformativotam.com\/index.php\/2024\/03\/21\/guardia-estatal-actuo-conforme-a-derecho-jose-luis-hernandez\/\" \/>\n<meta property=\"og:site_name\" content=\"EL INFORMATIVO DE TAMAULIPAS\" \/>\n<meta property=\"article:published_time\" content=\"2024-03-22T03:49:45+00:00\" \/>\n<meta property=\"og:image\" content=\"https:\/\/elinformativotam.com\/wp-content\/uploads\/2024\/03\/Guardia-Estatal.jpg\" \/>\n\t<meta property=\"og:image:width\" content=\"1600\" \/>\n\t<meta property=\"og:image:height\" content=\"1066\" \/>\n\t<meta property=\"og:image:type\" content=\"image\/jpeg\" \/>\n<meta name=\"author\" content=\"El Informativo Tam\" \/>\n<meta name=\"twitter:card\" content=\"summary_large_image\" \/>\n<meta name=\"twitter:label1\" content=\"Escrito por\" \/>\n\t<meta name=\"twitter:data1\" content=\"El Informativo Tam\" \/>\n\t<meta name=\"twitter:label2\" content=\"Tiempo de lectura\" \/>\n\t<meta name=\"twitter:data2\" content=\"1 minuto\" \/>\n<script type=\"application\/ld+json\" class=\"yoast-schema-graph\">{\"@context\":\"https:\\\/\\\/schema.org\",\"@graph\":[{\"@type\":\"Article\",\"@id\":\"https:\\\/\\\/elinformativotam.com\\\/index.php\\\/2024\\\/03\\\/21\\\/guardia-estatal-actuo-conforme-a-derecho-jose-luis-hernandez\\\/#article\",\"isPartOf\":{\"@id\":\"https:\\\/\\\/elinformativotam.com\\\/index.php\\\/2024\\\/03\\\/21\\\/guardia-estatal-actuo-conforme-a-derecho-jose-luis-hernandez\\\/\"},\"author\":{\"name\":\"El Informativo Tam\",\"@id\":\"https:\\\/\\\/elinformativotam.com\\\/#\\\/schema\\\/person\\\/78e08040eed0f6110f0c5f83b6153590\"},\"headline\":\"GUARDIA ESTATAL ACTU\u00d3 CONFORME A DERECHO: JOS\u00c9 LUIS HERN\u00c1NDEZ\",\"datePublished\":\"2024-03-22T03:49:45+00:00\",\"mainEntityOfPage\":{\"@id\":\"https:\\\/\\\/elinformativotam.com\\\/index.php\\\/2024\\\/03\\\/21\\\/guardia-estatal-actuo-conforme-a-derecho-jose-luis-hernandez\\\/\"},\"wordCount\":165,\"commentCount\":0,\"publisher\":{\"@id\":\"https:\\\/\\\/elinformativotam.com\\\/#organization\"},\"image\":{\"@id\":\"https:\\\/\\\/elinformativotam.com\\\/index.php\\\/2024\\\/03\\\/21\\\/guardia-estatal-actuo-conforme-a-derecho-jose-luis-hernandez\\\/#primaryimage\"},\"thumbnailUrl\":\"https:\\\/\\\/elinformativotam.com\\\/wp-content\\\/uploads\\\/2024\\\/03\\\/Guardia-Estatal.jpg\",\"articleSection\":[\"Altamira\"],\"inLanguage\":\"es\",\"potentialAction\":[{\"@type\":\"CommentAction\",\"name\":\"Comment\",\"target\":[\"https:\\\/\\\/elinformativotam.com\\\/index.php\\\/2024\\\/03\\\/21\\\/guardia-estatal-actuo-conforme-a-derecho-jose-luis-hernandez\\\/#respond\"]}]},{\"@type\":\"WebPage\",\"@id\":\"https:\\\/\\\/elinformativotam.com\\\/index.php\\\/2024\\\/03\\\/21\\\/guardia-estatal-actuo-conforme-a-derecho-jose-luis-hernandez\\\/\",\"url\":\"https:\\\/\\\/elinformativotam.com\\\/index.php\\\/2024\\\/03\\\/21\\\/guardia-estatal-actuo-conforme-a-derecho-jose-luis-hernandez\\\/\",\"name\":\"GUARDIA ESTATAL ACTU\u00d3 CONFORME A DERECHO: JOS\u00c9 LUIS HERN\u00c1NDEZ - EL INFORMATIVO DE TAMAULIPAS\",\"isPartOf\":{\"@id\":\"https:\\\/\\\/elinformativotam.com\\\/#website\"},\"primaryImageOfPage\":{\"@id\":\"https:\\\/\\\/elinformativotam.com\\\/index.php\\\/2024\\\/03\\\/21\\\/guardia-estatal-actuo-conforme-a-derecho-jose-luis-hernandez\\\/#primaryimage\"},\"image\":{\"@id\":\"https:\\\/\\\/elinformativotam.com\\\/index.php\\\/2024\\\/03\\\/21\\\/guardia-estatal-actuo-conforme-a-derecho-jose-luis-hernandez\\\/#primaryimage\"},\"thumbnailUrl\":\"https:\\\/\\\/elinformativotam.com\\\/wp-content\\\/uploads\\\/2024\\\/03\\\/Guardia-Estatal.jpg\",\"datePublished\":\"2024-03-22T03:49:45+00:00\",\"description\":\"Ante la manifestaci\u00f3n que se llev\u00f3 a cabo en la ma\u00f1ana por parte de madres de familia de una escuela primaria, al lugar arribo la polic\u00eda de la Guardia\",\"inLanguage\":\"es\",\"potentialAction\":[{\"@type\":\"ReadAction\",\"target\":[\"https:\\\/\\\/elinformativotam.com\\\/index.php\\\/2024\\\/03\\\/21\\\/guardia-estatal-actuo-conforme-a-derecho-jose-luis-hernandez\\\/\"]}]},{\"@type\":\"ImageObject\",\"inLanguage\":\"es\",\"@id\":\"https:\\\/\\\/elinformativotam.com\\\/index.php\\\/2024\\\/03\\\/21\\\/guardia-estatal-actuo-conforme-a-derecho-jose-luis-hernandez\\\/#primaryimage\",\"url\":\"https:\\\/\\\/elinformativotam.com\\\/wp-content\\\/uploads\\\/2024\\\/03\\\/Guardia-Estatal.jpg\",\"contentUrl\":\"https:\\\/\\\/elinformativotam.com\\\/wp-content\\\/uploads\\\/2024\\\/03\\\/Guardia-Estatal.jpg\",\"width\":1600,\"height\":1066},{\"@type\":\"WebSite\",\"@id\":\"https:\\\/\\\/elinformativotam.com\\\/#website\",\"url\":\"https:\\\/\\\/elinformativotam.com\\\/\",\"name\":\"EL INFORMATIVO DE TAMAULIPAS\",\"description\":\"Desde la Zona Metropolitana Para Todo M\u00e9xico\",\"publisher\":{\"@id\":\"https:\\\/\\\/elinformativotam.com\\\/#organization\"},\"potentialAction\":[{\"@type\":\"SearchAction\",\"target\":{\"@type\":\"EntryPoint\",\"urlTemplate\":\"https:\\\/\\\/elinformativotam.com\\\/?s={search_term_string}\"},\"query-input\":{\"@type\":\"PropertyValueSpecification\",\"valueRequired\":true,\"valueName\":\"search_term_string\"}}],\"inLanguage\":\"es\"},{\"@type\":\"Organization\",\"@id\":\"https:\\\/\\\/elinformativotam.com\\\/#organization\",\"name\":\"EL INFORMATIVO DE TAMAULIPAS\",\"url\":\"https:\\\/\\\/elinformativotam.com\\\/\",\"logo\":{\"@type\":\"ImageObject\",\"inLanguage\":\"es\",\"@id\":\"https:\\\/\\\/elinformativotam.com\\\/#\\\/schema\\\/logo\\\/image\\\/\",\"url\":\"https:\\\/\\\/elinformativotam.com\\\/wp-content\\\/uploads\\\/2026\\\/02\\\/Cabezal.png\",\"contentUrl\":\"https:\\\/\\\/elinformativotam.com\\\/wp-content\\\/uploads\\\/2026\\\/02\\\/Cabezal.png\",\"width\":960,\"height\":640,\"caption\":\"EL INFORMATIVO DE TAMAULIPAS\"},\"image\":{\"@id\":\"https:\\\/\\\/elinformativotam.com\\\/#\\\/schema\\\/logo\\\/image\\\/\"}},{\"@type\":\"Person\",\"@id\":\"https:\\\/\\\/elinformativotam.com\\\/#\\\/schema\\\/person\\\/78e08040eed0f6110f0c5f83b6153590\",\"name\":\"El Informativo Tam\",\"image\":{\"@type\":\"ImageObject\",\"inLanguage\":\"es\",\"@id\":\"https:\\\/\\\/secure.gravatar.com\\\/avatar\\\/f3b7ad3af540688955925ac610647be00b0cf41feea9c4978b73a707ee86bc53?s=96&d=mm&r=g\",\"url\":\"https:\\\/\\\/secure.gravatar.com\\\/avatar\\\/f3b7ad3af540688955925ac610647be00b0cf41feea9c4978b73a707ee86bc53?s=96&d=mm&r=g\",\"contentUrl\":\"https:\\\/\\\/secure.gravatar.com\\\/avatar\\\/f3b7ad3af540688955925ac610647be00b0cf41feea9c4978b73a707ee86bc53?s=96&d=mm&r=g\",\"caption\":\"El Informativo Tam\"}}]}<\/script>\n<!-- \/ Yoast SEO plugin. -->","yoast_head_json":{"title":"GUARDIA ESTATAL ACTU\u00d3 CONFORME A DERECHO: JOS\u00c9 LUIS HERN\u00c1NDEZ - EL INFORMATIVO DE TAMAULIPAS","description":"Ante la manifestaci\u00f3n que se llev\u00f3 a cabo en la ma\u00f1ana por parte de madres de familia de una escuela primaria, al lugar arribo la polic\u00eda de la Guardia","robots":{"index":"index","follow":"follow","max-snippet":"max-snippet:-1","max-image-preview":"max-image-preview:large","max-video-preview":"max-video-preview:-1"},"canonical":"https:\/\/elinformativotam.com\/index.php\/2024\/03\/21\/guardia-estatal-actuo-conforme-a-derecho-jose-luis-hernandez\/","og_locale":"es_MX","og_type":"article","og_title":"GUARDIA ESTATAL ACTU\u00d3 CONFORME A DERECHO: JOS\u00c9 LUIS HERN\u00c1NDEZ - EL INFORMATIVO DE TAMAULIPAS","og_description":"Ante la manifestaci\u00f3n que se llev\u00f3 a cabo en la ma\u00f1ana por parte de madres de familia de una escuela primaria, al lugar arribo la polic\u00eda de la Guardia","og_url":"https:\/\/elinformativotam.com\/index.php\/2024\/03\/21\/guardia-estatal-actuo-conforme-a-derecho-jose-luis-hernandez\/","og_site_name":"EL INFORMATIVO DE TAMAULIPAS","article_published_time":"2024-03-22T03:49:45+00:00","og_image":[{"width":1600,"height":1066,"url":"https:\/\/elinformativotam.com\/wp-content\/uploads\/2024\/03\/Guardia-Estatal.jpg","type":"image\/jpeg"}],"author":"El Informativo Tam","twitter_card":"summary_large_image","twitter_misc":{"Escrito por":"El Informativo Tam","Tiempo de lectura":"1 minuto"},"schema":{"@context":"https:\/\/schema.org","@graph":[{"@type":"Article","@id":"https:\/\/elinformativotam.com\/index.php\/2024\/03\/21\/guardia-estatal-actuo-conforme-a-derecho-jose-luis-hernandez\/#article","isPartOf":{"@id":"https:\/\/elinformativotam.com\/index.php\/2024\/03\/21\/guardia-estatal-actuo-conforme-a-derecho-jose-luis-hernandez\/"},"author":{"name":"El Informativo Tam","@id":"https:\/\/elinformativotam.com\/#\/schema\/person\/78e08040eed0f6110f0c5f83b6153590"},"headline":"GUARDIA ESTATAL ACTU\u00d3 CONFORME A DERECHO: JOS\u00c9 LUIS HERN\u00c1NDEZ","datePublished":"2024-03-22T03:49:45+00:00","mainEntityOfPage":{"@id":"https:\/\/elinformativotam.com\/index.php\/2024\/03\/21\/guardia-estatal-actuo-conforme-a-derecho-jose-luis-hernandez\/"},"wordCount":165,"commentCount":0,"publisher":{"@id":"https:\/\/elinformativotam.com\/#organization"},"image":{"@id":"https:\/\/elinformativotam.com\/index.php\/2024\/03\/21\/guardia-estatal-actuo-conforme-a-derecho-jose-luis-hernandez\/#primaryimage"},"thumbnailUrl":"https:\/\/elinformativotam.com\/wp-content\/uploads\/2024\/03\/Guardia-Estatal.jpg","articleSection":["Altamira"],"inLanguage":"es","potentialAction":[{"@type":"CommentAction","name":"Comment","target":["https:\/\/elinformativotam.com\/index.php\/2024\/03\/21\/guardia-estatal-actuo-conforme-a-derecho-jose-luis-hernandez\/#respond"]}]},{"@type":"WebPage","@id":"https:\/\/elinformativotam.com\/index.php\/2024\/03\/21\/guardia-estatal-actuo-conforme-a-derecho-jose-luis-hernandez\/","url":"https:\/\/elinformativotam.com\/index.php\/2024\/03\/21\/guardia-estatal-actuo-conforme-a-derecho-jose-luis-hernandez\/","name":"GUARDIA ESTATAL ACTU\u00d3 CONFORME A DERECHO: JOS\u00c9 LUIS HERN\u00c1NDEZ - EL INFORMATIVO DE TAMAULIPAS","isPartOf":{"@id":"https:\/\/elinformativotam.com\/#website"},"primaryImageOfPage":{"@id":"https:\/\/elinformativotam.com\/index.php\/2024\/03\/21\/guardia-estatal-actuo-conforme-a-derecho-jose-luis-hernandez\/#primaryimage"},"image":{"@id":"https:\/\/elinformativotam.com\/index.php\/2024\/03\/21\/guardia-estatal-actuo-conforme-a-derecho-jose-luis-hernandez\/#primaryimage"},"thumbnailUrl":"https:\/\/elinformativotam.com\/wp-content\/uploads\/2024\/03\/Guardia-Estatal.jpg","datePublished":"2024-03-22T03:49:45+00:00","description":"Ante la manifestaci\u00f3n que se llev\u00f3 a cabo en la ma\u00f1ana por parte de madres de familia de una escuela primaria, al lugar arribo la polic\u00eda de la Guardia","inLanguage":"es","potentialAction":[{"@type":"ReadAction","target":["https:\/\/elinformativotam.com\/index.php\/2024\/03\/21\/guardia-estatal-actuo-conforme-a-derecho-jose-luis-hernandez\/"]}]},{"@type":"ImageObject","inLanguage":"es","@id":"https:\/\/elinformativotam.com\/index.php\/2024\/03\/21\/guardia-estatal-actuo-conforme-a-derecho-jose-luis-hernandez\/#primaryimage","url":"https:\/\/elinformativotam.com\/wp-content\/uploads\/2024\/03\/Guardia-Estatal.jpg","contentUrl":"https:\/\/elinformativotam.com\/wp-content\/uploads\/2024\/03\/Guardia-Estatal.jpg","width":1600,"height":1066},{"@type":"WebSite","@id":"https:\/\/elinformativotam.com\/#website","url":"https:\/\/elinformativotam.com\/","name":"EL INFORMATIVO DE TAMAULIPAS","description":"Desde la Zona Metropolitana Para Todo M\u00e9xico","publisher":{"@id":"https:\/\/elinformativotam.com\/#organization"},"potentialAction":[{"@type":"SearchAction","target":{"@type":"EntryPoint","urlTemplate":"https:\/\/elinformativotam.com\/?s={search_term_string}"},"query-input":{"@type":"PropertyValueSpecification","valueRequired":true,"valueName":"search_term_string"}}],"inLanguage":"es"},{"@type":"Organization","@id":"https:\/\/elinformativotam.com\/#organization","name":"EL INFORMATIVO DE TAMAULIPAS","url":"https:\/\/elinformativotam.com\/","logo":{"@type":"ImageObject","inLanguage":"es","@id":"https:\/\/elinformativotam.com\/#\/schema\/logo\/image\/","url":"https:\/\/elinformativotam.com\/wp-content\/uploads\/2026\/02\/Cabezal.png","contentUrl":"https:\/\/elinformativotam.com\/wp-content\/uploads\/2026\/02\/Cabezal.png","width":960,"height":640,"caption":"EL INFORMATIVO DE TAMAULIPAS"},"image":{"@id":"https:\/\/elinformativotam.com\/#\/schema\/logo\/image\/"}},{"@type":"Person","@id":"https:\/\/elinformativotam.com\/#\/schema\/person\/78e08040eed0f6110f0c5f83b6153590","name":"El Informativo Tam","image":{"@type":"ImageObject","inLanguage":"es","@id":"https:\/\/secure.gravatar.com\/avatar\/f3b7ad3af540688955925ac610647be00b0cf41feea9c4978b73a707ee86bc53?s=96&d=mm&r=g","url":"https:\/\/secure.gravatar.com\/avatar\/f3b7ad3af540688955925ac610647be00b0cf41feea9c4978b73a707ee86bc53?s=96&d=mm&r=g","contentUrl":"https:\/\/secure.gravatar.com\/avatar\/f3b7ad3af540688955925ac610647be00b0cf41feea9c4978b73a707ee86bc53?s=96&d=mm&r=g","caption":"El Informativo Tam"}}]}},"_links":{"self":[{"href":"https:\/\/elinformativotam.com\/index.php\/wp-json\/wp\/v2\/posts\/49799","targetHints":{"allow":["GET"]}}],"collection":[{"href":"https:\/\/elinformativotam.com\/index.php\/wp-json\/wp\/v2\/posts"}],"about":[{"href":"https:\/\/elinformativotam.com\/index.php\/wp-json\/wp\/v2\/types\/post"}],"author":[{"embeddable":true,"href":"https:\/\/elinformativotam.com\/index.php\/wp-json\/wp\/v2\/users\/1"}],"replies":[{"embeddable":true,"href":"https:\/\/elinformativotam.com\/index.php\/wp-json\/wp\/v2\/comments?post=49799"}],"version-history":[{"count":1,"href":"https:\/\/elinformativotam.com\/index.php\/wp-json\/wp\/v2\/posts\/49799\/revisions"}],"predecessor-version":[{"id":49801,"href":"https:\/\/elinformativotam.com\/index.php\/wp-json\/wp\/v2\/posts\/49799\/revisions\/49801"}],"wp:featuredmedia":[{"embeddable":true,"href":"https:\/\/elinformativotam.com\/index.php\/wp-json\/wp\/v2\/media\/49800"}],"wp:attachment":[{"href":"https:\/\/elinformativotam.com\/index.php\/wp-json\/wp\/v2\/media?parent=49799"}],"wp:term":[{"taxonomy":"category","embeddable":true,"href":"https:\/\/elinformativotam.com\/index.php\/wp-json\/wp\/v2\/categories?post=49799"},{"taxonomy":"post_tag","embeddable":true,"href":"https:\/\/elinformativotam.com\/index.php\/wp-json\/wp\/v2\/tags?post=49799"}],"curies":[{"name":"wp","href":"https:\/\/api.w.org\/{rel}","templated":true}]}}