{"id":49796,"date":"2024-03-21T21:46:25","date_gmt":"2024-03-22T03:46:25","guid":{"rendered":"https:\/\/elinformativotam.com\/?p=49796"},"modified":"2024-03-21T21:46:25","modified_gmt":"2024-03-22T03:46:25","slug":"padres-de-familia-se-manifiestan-porque-fiscalia-deja-libre-a-ratero-que-se-introdujo-en-escuela-primaria","status":"publish","type":"post","link":"https:\/\/elinformativotam.com\/index.php\/2024\/03\/21\/padres-de-familia-se-manifiestan-porque-fiscalia-deja-libre-a-ratero-que-se-introdujo-en-escuela-primaria\/","title":{"rendered":"PADRES DE FAMILIA SE MANIFIESTAN PORQUE FISCAL\u00cdA DEJA LIBRE A RATERO QUE SE INTRODUJO EN ESCUELA PRIMARIA"},"content":{"rendered":"<p>Un grupo de padres de familia de la escuela primaria \u201cM\u00e1rtires de la Revoluci\u00f3n\u201d con pancarta en mano recorrieron las calles Hidalgo y Quintero de la zona centro de Altamira, hasta llegar a Palacio Municipal de Altamira donde exigen justicia a la Fiscal\u00eda General de Justicia de Tamaulipas justicia porque el lunes personal de la escuela captur\u00f3 al ratero que presuntamente ha robado siete veces al plantel y lo dejaron libre.<\/p>\n<p>&nbsp;<\/p>\n<p>Roberto Espinoza sotero padre de familia de esta instituci\u00f3n menciona que est\u00e1 molesto del actuar de la autoridad pues se le entregaron toda la evidencia y pese a ello la persona que atraparon sali\u00f3 libre.<\/p>\n<p>&nbsp;<\/p>\n<p>&#8220;La gota que derram\u00f3 el vaso es que alguien lo vio entrar lo agarraron le hablaron a la justicia pero no pas\u00f3 nada, porque lo soltaron&#8221;, coment\u00f3.<\/p>\n<p>&nbsp;<\/p>\n<p>Jovana Salazar,madre de familia, tambi\u00e9n molesta por la situaci\u00f3n que est\u00e1 pasando, dijo que lo que no quieren es que esta persona vuelva a entrar a las instalaciones, porque ha hecho mucho da\u00f1o a los ni\u00f1os.<\/p>\n<p>&nbsp;<\/p>\n<p>&#8220;Lo que queremos es que nos hagan caso para que agarren al ratero y que haya m\u00e1s seguridad, porque est\u00e1 en la zona centro y estamos muy descuidados&#8221;, agreg\u00f3.<\/p>\n<p>&nbsp;<\/p>\n<p>&nbsp;<\/p>\n","protected":false},"excerpt":{"rendered":"<p>Un grupo de padres de familia de la escuela primaria \u201cM\u00e1rtires de la Revoluci\u00f3n\u201d con pancarta en mano recorrieron las&hellip;<\/p>\n","protected":false},"author":1,"featured_media":49797,"comment_status":"open","ping_status":"open","sticky":false,"template":"","format":"standard","meta":{"footnotes":""},"categories":[5],"tags":[],"class_list":["post-49796","post","type-post","status-publish","format-standard","has-post-thumbnail","hentry","category-altamira"],"yoast_head":"<!-- This site is optimized with the Yoast SEO plugin v27.5 - https:\/\/yoast.com\/product\/yoast-seo-wordpress\/ -->\n<title>PADRES DE FAMILIA SE MANIFIESTAN PORQUE FISCAL\u00cdA DEJA LIBRE A RATERO QUE SE INTRODUJO EN ESCUELA PRIMARIA - EL INFORMATIVO DE TAMAULIPAS<\/title>\n<meta name=\"description\" content=\"Un grupo de padres de familia de la escuela primaria \u201cM\u00e1rtires de la Revoluci\u00f3n\u201d con pancarta en mano recorrieron las calles Hidalgo y Quintero de la zona\" \/>\n<meta name=\"robots\" content=\"index, follow, max-snippet:-1, max-image-preview:large, max-video-preview:-1\" \/>\n<link rel=\"canonical\" href=\"https:\/\/elinformativotam.com\/index.php\/2024\/03\/21\/padres-de-familia-se-manifiestan-porque-fiscalia-deja-libre-a-ratero-que-se-introdujo-en-escuela-primaria\/\" \/>\n<meta property=\"og:locale\" content=\"es_MX\" \/>\n<meta property=\"og:type\" content=\"article\" \/>\n<meta property=\"og:title\" content=\"PADRES DE FAMILIA SE MANIFIESTAN PORQUE FISCAL\u00cdA DEJA LIBRE A RATERO QUE SE INTRODUJO EN ESCUELA PRIMARIA - EL INFORMATIVO DE TAMAULIPAS\" \/>\n<meta property=\"og:description\" content=\"Un grupo de padres de familia de la escuela primaria \u201cM\u00e1rtires de la Revoluci\u00f3n\u201d con pancarta en mano recorrieron las calles Hidalgo y Quintero de la zona\" \/>\n<meta property=\"og:url\" content=\"https:\/\/elinformativotam.com\/index.php\/2024\/03\/21\/padres-de-familia-se-manifiestan-porque-fiscalia-deja-libre-a-ratero-que-se-introdujo-en-escuela-primaria\/\" \/>\n<meta property=\"og:site_name\" content=\"EL INFORMATIVO DE TAMAULIPAS\" \/>\n<meta property=\"article:published_time\" content=\"2024-03-22T03:46:25+00:00\" \/>\n<meta property=\"og:image\" content=\"https:\/\/elinformativotam.com\/wp-content\/uploads\/2024\/03\/Protesta-Altamira.jpg\" \/>\n\t<meta property=\"og:image:width\" content=\"1222\" \/>\n\t<meta property=\"og:image:height\" content=\"720\" \/>\n\t<meta property=\"og:image:type\" content=\"image\/jpeg\" \/>\n<meta name=\"author\" content=\"El Informativo Tam\" \/>\n<meta name=\"twitter:card\" content=\"summary_large_image\" \/>\n<meta name=\"twitter:label1\" content=\"Escrito por\" \/>\n\t<meta name=\"twitter:data1\" content=\"El Informativo Tam\" \/>\n\t<meta name=\"twitter:label2\" content=\"Tiempo de lectura\" \/>\n\t<meta name=\"twitter:data2\" content=\"2 minutos\" \/>\n<script type=\"application\/ld+json\" class=\"yoast-schema-graph\">{\"@context\":\"https:\\\/\\\/schema.org\",\"@graph\":[{\"@type\":\"Article\",\"@id\":\"https:\\\/\\\/elinformativotam.com\\\/index.php\\\/2024\\\/03\\\/21\\\/padres-de-familia-se-manifiestan-porque-fiscalia-deja-libre-a-ratero-que-se-introdujo-en-escuela-primaria\\\/#article\",\"isPartOf\":{\"@id\":\"https:\\\/\\\/elinformativotam.com\\\/index.php\\\/2024\\\/03\\\/21\\\/padres-de-familia-se-manifiestan-porque-fiscalia-deja-libre-a-ratero-que-se-introdujo-en-escuela-primaria\\\/\"},\"author\":{\"name\":\"El Informativo Tam\",\"@id\":\"https:\\\/\\\/elinformativotam.com\\\/#\\\/schema\\\/person\\\/78e08040eed0f6110f0c5f83b6153590\"},\"headline\":\"PADRES DE FAMILIA SE MANIFIESTAN PORQUE FISCAL\u00cdA DEJA LIBRE A RATERO QUE SE INTRODUJO EN ESCUELA PRIMARIA\",\"datePublished\":\"2024-03-22T03:46:25+00:00\",\"mainEntityOfPage\":{\"@id\":\"https:\\\/\\\/elinformativotam.com\\\/index.php\\\/2024\\\/03\\\/21\\\/padres-de-familia-se-manifiestan-porque-fiscalia-deja-libre-a-ratero-que-se-introdujo-en-escuela-primaria\\\/\"},\"wordCount\":232,\"commentCount\":0,\"publisher\":{\"@id\":\"https:\\\/\\\/elinformativotam.com\\\/#organization\"},\"image\":{\"@id\":\"https:\\\/\\\/elinformativotam.com\\\/index.php\\\/2024\\\/03\\\/21\\\/padres-de-familia-se-manifiestan-porque-fiscalia-deja-libre-a-ratero-que-se-introdujo-en-escuela-primaria\\\/#primaryimage\"},\"thumbnailUrl\":\"https:\\\/\\\/elinformativotam.com\\\/wp-content\\\/uploads\\\/2024\\\/03\\\/Protesta-Altamira.jpg\",\"articleSection\":[\"Altamira\"],\"inLanguage\":\"es\",\"potentialAction\":[{\"@type\":\"CommentAction\",\"name\":\"Comment\",\"target\":[\"https:\\\/\\\/elinformativotam.com\\\/index.php\\\/2024\\\/03\\\/21\\\/padres-de-familia-se-manifiestan-porque-fiscalia-deja-libre-a-ratero-que-se-introdujo-en-escuela-primaria\\\/#respond\"]}]},{\"@type\":\"WebPage\",\"@id\":\"https:\\\/\\\/elinformativotam.com\\\/index.php\\\/2024\\\/03\\\/21\\\/padres-de-familia-se-manifiestan-porque-fiscalia-deja-libre-a-ratero-que-se-introdujo-en-escuela-primaria\\\/\",\"url\":\"https:\\\/\\\/elinformativotam.com\\\/index.php\\\/2024\\\/03\\\/21\\\/padres-de-familia-se-manifiestan-porque-fiscalia-deja-libre-a-ratero-que-se-introdujo-en-escuela-primaria\\\/\",\"name\":\"PADRES DE FAMILIA SE MANIFIESTAN PORQUE FISCAL\u00cdA DEJA LIBRE A RATERO QUE SE INTRODUJO EN ESCUELA PRIMARIA - EL INFORMATIVO DE TAMAULIPAS\",\"isPartOf\":{\"@id\":\"https:\\\/\\\/elinformativotam.com\\\/#website\"},\"primaryImageOfPage\":{\"@id\":\"https:\\\/\\\/elinformativotam.com\\\/index.php\\\/2024\\\/03\\\/21\\\/padres-de-familia-se-manifiestan-porque-fiscalia-deja-libre-a-ratero-que-se-introdujo-en-escuela-primaria\\\/#primaryimage\"},\"image\":{\"@id\":\"https:\\\/\\\/elinformativotam.com\\\/index.php\\\/2024\\\/03\\\/21\\\/padres-de-familia-se-manifiestan-porque-fiscalia-deja-libre-a-ratero-que-se-introdujo-en-escuela-primaria\\\/#primaryimage\"},\"thumbnailUrl\":\"https:\\\/\\\/elinformativotam.com\\\/wp-content\\\/uploads\\\/2024\\\/03\\\/Protesta-Altamira.jpg\",\"datePublished\":\"2024-03-22T03:46:25+00:00\",\"description\":\"Un grupo de padres de familia de la escuela primaria \u201cM\u00e1rtires de la Revoluci\u00f3n\u201d con pancarta en mano recorrieron las calles Hidalgo y Quintero de la zona\",\"inLanguage\":\"es\",\"potentialAction\":[{\"@type\":\"ReadAction\",\"target\":[\"https:\\\/\\\/elinformativotam.com\\\/index.php\\\/2024\\\/03\\\/21\\\/padres-de-familia-se-manifiestan-porque-fiscalia-deja-libre-a-ratero-que-se-introdujo-en-escuela-primaria\\\/\"]}]},{\"@type\":\"ImageObject\",\"inLanguage\":\"es\",\"@id\":\"https:\\\/\\\/elinformativotam.com\\\/index.php\\\/2024\\\/03\\\/21\\\/padres-de-familia-se-manifiestan-porque-fiscalia-deja-libre-a-ratero-que-se-introdujo-en-escuela-primaria\\\/#primaryimage\",\"url\":\"https:\\\/\\\/elinformativotam.com\\\/wp-content\\\/uploads\\\/2024\\\/03\\\/Protesta-Altamira.jpg\",\"contentUrl\":\"https:\\\/\\\/elinformativotam.com\\\/wp-content\\\/uploads\\\/2024\\\/03\\\/Protesta-Altamira.jpg\",\"width\":1222,\"height\":720},{\"@type\":\"WebSite\",\"@id\":\"https:\\\/\\\/elinformativotam.com\\\/#website\",\"url\":\"https:\\\/\\\/elinformativotam.com\\\/\",\"name\":\"EL INFORMATIVO DE TAMAULIPAS\",\"description\":\"Desde la Zona Metropolitana Para Todo M\u00e9xico\",\"publisher\":{\"@id\":\"https:\\\/\\\/elinformativotam.com\\\/#organization\"},\"potentialAction\":[{\"@type\":\"SearchAction\",\"target\":{\"@type\":\"EntryPoint\",\"urlTemplate\":\"https:\\\/\\\/elinformativotam.com\\\/?s={search_term_string}\"},\"query-input\":{\"@type\":\"PropertyValueSpecification\",\"valueRequired\":true,\"valueName\":\"search_term_string\"}}],\"inLanguage\":\"es\"},{\"@type\":\"Organization\",\"@id\":\"https:\\\/\\\/elinformativotam.com\\\/#organization\",\"name\":\"EL INFORMATIVO DE TAMAULIPAS\",\"url\":\"https:\\\/\\\/elinformativotam.com\\\/\",\"logo\":{\"@type\":\"ImageObject\",\"inLanguage\":\"es\",\"@id\":\"https:\\\/\\\/elinformativotam.com\\\/#\\\/schema\\\/logo\\\/image\\\/\",\"url\":\"https:\\\/\\\/elinformativotam.com\\\/wp-content\\\/uploads\\\/2026\\\/02\\\/Cabezal.png\",\"contentUrl\":\"https:\\\/\\\/elinformativotam.com\\\/wp-content\\\/uploads\\\/2026\\\/02\\\/Cabezal.png\",\"width\":960,\"height\":640,\"caption\":\"EL INFORMATIVO DE TAMAULIPAS\"},\"image\":{\"@id\":\"https:\\\/\\\/elinformativotam.com\\\/#\\\/schema\\\/logo\\\/image\\\/\"}},{\"@type\":\"Person\",\"@id\":\"https:\\\/\\\/elinformativotam.com\\\/#\\\/schema\\\/person\\\/78e08040eed0f6110f0c5f83b6153590\",\"name\":\"El Informativo Tam\",\"image\":{\"@type\":\"ImageObject\",\"inLanguage\":\"es\",\"@id\":\"https:\\\/\\\/secure.gravatar.com\\\/avatar\\\/f3b7ad3af540688955925ac610647be00b0cf41feea9c4978b73a707ee86bc53?s=96&d=mm&r=g\",\"url\":\"https:\\\/\\\/secure.gravatar.com\\\/avatar\\\/f3b7ad3af540688955925ac610647be00b0cf41feea9c4978b73a707ee86bc53?s=96&d=mm&r=g\",\"contentUrl\":\"https:\\\/\\\/secure.gravatar.com\\\/avatar\\\/f3b7ad3af540688955925ac610647be00b0cf41feea9c4978b73a707ee86bc53?s=96&d=mm&r=g\",\"caption\":\"El Informativo Tam\"}}]}<\/script>\n<!-- \/ Yoast SEO plugin. -->","yoast_head_json":{"title":"PADRES DE FAMILIA SE MANIFIESTAN PORQUE FISCAL\u00cdA DEJA LIBRE A RATERO QUE SE INTRODUJO EN ESCUELA PRIMARIA - EL INFORMATIVO DE TAMAULIPAS","description":"Un grupo de padres de familia de la escuela primaria \u201cM\u00e1rtires de la Revoluci\u00f3n\u201d con pancarta en mano recorrieron las calles Hidalgo y Quintero de la zona","robots":{"index":"index","follow":"follow","max-snippet":"max-snippet:-1","max-image-preview":"max-image-preview:large","max-video-preview":"max-video-preview:-1"},"canonical":"https:\/\/elinformativotam.com\/index.php\/2024\/03\/21\/padres-de-familia-se-manifiestan-porque-fiscalia-deja-libre-a-ratero-que-se-introdujo-en-escuela-primaria\/","og_locale":"es_MX","og_type":"article","og_title":"PADRES DE FAMILIA SE MANIFIESTAN PORQUE FISCAL\u00cdA DEJA LIBRE A RATERO QUE SE INTRODUJO EN ESCUELA PRIMARIA - EL INFORMATIVO DE TAMAULIPAS","og_description":"Un grupo de padres de familia de la escuela primaria \u201cM\u00e1rtires de la Revoluci\u00f3n\u201d con pancarta en mano recorrieron las calles Hidalgo y Quintero de la zona","og_url":"https:\/\/elinformativotam.com\/index.php\/2024\/03\/21\/padres-de-familia-se-manifiestan-porque-fiscalia-deja-libre-a-ratero-que-se-introdujo-en-escuela-primaria\/","og_site_name":"EL INFORMATIVO DE TAMAULIPAS","article_published_time":"2024-03-22T03:46:25+00:00","og_image":[{"width":1222,"height":720,"url":"https:\/\/elinformativotam.com\/wp-content\/uploads\/2024\/03\/Protesta-Altamira.jpg","type":"image\/jpeg"}],"author":"El Informativo Tam","twitter_card":"summary_large_image","twitter_misc":{"Escrito por":"El Informativo Tam","Tiempo de lectura":"2 minutos"},"schema":{"@context":"https:\/\/schema.org","@graph":[{"@type":"Article","@id":"https:\/\/elinformativotam.com\/index.php\/2024\/03\/21\/padres-de-familia-se-manifiestan-porque-fiscalia-deja-libre-a-ratero-que-se-introdujo-en-escuela-primaria\/#article","isPartOf":{"@id":"https:\/\/elinformativotam.com\/index.php\/2024\/03\/21\/padres-de-familia-se-manifiestan-porque-fiscalia-deja-libre-a-ratero-que-se-introdujo-en-escuela-primaria\/"},"author":{"name":"El Informativo Tam","@id":"https:\/\/elinformativotam.com\/#\/schema\/person\/78e08040eed0f6110f0c5f83b6153590"},"headline":"PADRES DE FAMILIA SE MANIFIESTAN PORQUE FISCAL\u00cdA DEJA LIBRE A RATERO QUE SE INTRODUJO EN ESCUELA PRIMARIA","datePublished":"2024-03-22T03:46:25+00:00","mainEntityOfPage":{"@id":"https:\/\/elinformativotam.com\/index.php\/2024\/03\/21\/padres-de-familia-se-manifiestan-porque-fiscalia-deja-libre-a-ratero-que-se-introdujo-en-escuela-primaria\/"},"wordCount":232,"commentCount":0,"publisher":{"@id":"https:\/\/elinformativotam.com\/#organization"},"image":{"@id":"https:\/\/elinformativotam.com\/index.php\/2024\/03\/21\/padres-de-familia-se-manifiestan-porque-fiscalia-deja-libre-a-ratero-que-se-introdujo-en-escuela-primaria\/#primaryimage"},"thumbnailUrl":"https:\/\/elinformativotam.com\/wp-content\/uploads\/2024\/03\/Protesta-Altamira.jpg","articleSection":["Altamira"],"inLanguage":"es","potentialAction":[{"@type":"CommentAction","name":"Comment","target":["https:\/\/elinformativotam.com\/index.php\/2024\/03\/21\/padres-de-familia-se-manifiestan-porque-fiscalia-deja-libre-a-ratero-que-se-introdujo-en-escuela-primaria\/#respond"]}]},{"@type":"WebPage","@id":"https:\/\/elinformativotam.com\/index.php\/2024\/03\/21\/padres-de-familia-se-manifiestan-porque-fiscalia-deja-libre-a-ratero-que-se-introdujo-en-escuela-primaria\/","url":"https:\/\/elinformativotam.com\/index.php\/2024\/03\/21\/padres-de-familia-se-manifiestan-porque-fiscalia-deja-libre-a-ratero-que-se-introdujo-en-escuela-primaria\/","name":"PADRES DE FAMILIA SE MANIFIESTAN PORQUE FISCAL\u00cdA DEJA LIBRE A RATERO QUE SE INTRODUJO EN ESCUELA PRIMARIA - EL INFORMATIVO DE TAMAULIPAS","isPartOf":{"@id":"https:\/\/elinformativotam.com\/#website"},"primaryImageOfPage":{"@id":"https:\/\/elinformativotam.com\/index.php\/2024\/03\/21\/padres-de-familia-se-manifiestan-porque-fiscalia-deja-libre-a-ratero-que-se-introdujo-en-escuela-primaria\/#primaryimage"},"image":{"@id":"https:\/\/elinformativotam.com\/index.php\/2024\/03\/21\/padres-de-familia-se-manifiestan-porque-fiscalia-deja-libre-a-ratero-que-se-introdujo-en-escuela-primaria\/#primaryimage"},"thumbnailUrl":"https:\/\/elinformativotam.com\/wp-content\/uploads\/2024\/03\/Protesta-Altamira.jpg","datePublished":"2024-03-22T03:46:25+00:00","description":"Un grupo de padres de familia de la escuela primaria \u201cM\u00e1rtires de la Revoluci\u00f3n\u201d con pancarta en mano recorrieron las calles Hidalgo y Quintero de la zona","inLanguage":"es","potentialAction":[{"@type":"ReadAction","target":["https:\/\/elinformativotam.com\/index.php\/2024\/03\/21\/padres-de-familia-se-manifiestan-porque-fiscalia-deja-libre-a-ratero-que-se-introdujo-en-escuela-primaria\/"]}]},{"@type":"ImageObject","inLanguage":"es","@id":"https:\/\/elinformativotam.com\/index.php\/2024\/03\/21\/padres-de-familia-se-manifiestan-porque-fiscalia-deja-libre-a-ratero-que-se-introdujo-en-escuela-primaria\/#primaryimage","url":"https:\/\/elinformativotam.com\/wp-content\/uploads\/2024\/03\/Protesta-Altamira.jpg","contentUrl":"https:\/\/elinformativotam.com\/wp-content\/uploads\/2024\/03\/Protesta-Altamira.jpg","width":1222,"height":720},{"@type":"WebSite","@id":"https:\/\/elinformativotam.com\/#website","url":"https:\/\/elinformativotam.com\/","name":"EL INFORMATIVO DE TAMAULIPAS","description":"Desde la Zona Metropolitana Para Todo M\u00e9xico","publisher":{"@id":"https:\/\/elinformativotam.com\/#organization"},"potentialAction":[{"@type":"SearchAction","target":{"@type":"EntryPoint","urlTemplate":"https:\/\/elinformativotam.com\/?s={search_term_string}"},"query-input":{"@type":"PropertyValueSpecification","valueRequired":true,"valueName":"search_term_string"}}],"inLanguage":"es"},{"@type":"Organization","@id":"https:\/\/elinformativotam.com\/#organization","name":"EL INFORMATIVO DE TAMAULIPAS","url":"https:\/\/elinformativotam.com\/","logo":{"@type":"ImageObject","inLanguage":"es","@id":"https:\/\/elinformativotam.com\/#\/schema\/logo\/image\/","url":"https:\/\/elinformativotam.com\/wp-content\/uploads\/2026\/02\/Cabezal.png","contentUrl":"https:\/\/elinformativotam.com\/wp-content\/uploads\/2026\/02\/Cabezal.png","width":960,"height":640,"caption":"EL INFORMATIVO DE TAMAULIPAS"},"image":{"@id":"https:\/\/elinformativotam.com\/#\/schema\/logo\/image\/"}},{"@type":"Person","@id":"https:\/\/elinformativotam.com\/#\/schema\/person\/78e08040eed0f6110f0c5f83b6153590","name":"El Informativo Tam","image":{"@type":"ImageObject","inLanguage":"es","@id":"https:\/\/secure.gravatar.com\/avatar\/f3b7ad3af540688955925ac610647be00b0cf41feea9c4978b73a707ee86bc53?s=96&d=mm&r=g","url":"https:\/\/secure.gravatar.com\/avatar\/f3b7ad3af540688955925ac610647be00b0cf41feea9c4978b73a707ee86bc53?s=96&d=mm&r=g","contentUrl":"https:\/\/secure.gravatar.com\/avatar\/f3b7ad3af540688955925ac610647be00b0cf41feea9c4978b73a707ee86bc53?s=96&d=mm&r=g","caption":"El Informativo Tam"}}]}},"_links":{"self":[{"href":"https:\/\/elinformativotam.com\/index.php\/wp-json\/wp\/v2\/posts\/49796","targetHints":{"allow":["GET"]}}],"collection":[{"href":"https:\/\/elinformativotam.com\/index.php\/wp-json\/wp\/v2\/posts"}],"about":[{"href":"https:\/\/elinformativotam.com\/index.php\/wp-json\/wp\/v2\/types\/post"}],"author":[{"embeddable":true,"href":"https:\/\/elinformativotam.com\/index.php\/wp-json\/wp\/v2\/users\/1"}],"replies":[{"embeddable":true,"href":"https:\/\/elinformativotam.com\/index.php\/wp-json\/wp\/v2\/comments?post=49796"}],"version-history":[{"count":1,"href":"https:\/\/elinformativotam.com\/index.php\/wp-json\/wp\/v2\/posts\/49796\/revisions"}],"predecessor-version":[{"id":49798,"href":"https:\/\/elinformativotam.com\/index.php\/wp-json\/wp\/v2\/posts\/49796\/revisions\/49798"}],"wp:featuredmedia":[{"embeddable":true,"href":"https:\/\/elinformativotam.com\/index.php\/wp-json\/wp\/v2\/media\/49797"}],"wp:attachment":[{"href":"https:\/\/elinformativotam.com\/index.php\/wp-json\/wp\/v2\/media?parent=49796"}],"wp:term":[{"taxonomy":"category","embeddable":true,"href":"https:\/\/elinformativotam.com\/index.php\/wp-json\/wp\/v2\/categories?post=49796"},{"taxonomy":"post_tag","embeddable":true,"href":"https:\/\/elinformativotam.com\/index.php\/wp-json\/wp\/v2\/tags?post=49796"}],"curies":[{"name":"wp","href":"https:\/\/api.w.org\/{rel}","templated":true}]}}