{"id":49793,"date":"2024-03-21T21:43:48","date_gmt":"2024-03-22T03:43:48","guid":{"rendered":"https:\/\/elinformativotam.com\/?p=49793"},"modified":"2024-03-21T21:43:48","modified_gmt":"2024-03-22T03:43:48","slug":"se-registra-erasmo-gonzalez-robledo-como-candidato-a-presidente-municipal-por-morena-pvem-y-pt-ante-el-ietam","status":"publish","type":"post","link":"https:\/\/elinformativotam.com\/index.php\/2024\/03\/21\/se-registra-erasmo-gonzalez-robledo-como-candidato-a-presidente-municipal-por-morena-pvem-y-pt-ante-el-ietam\/","title":{"rendered":"SE REGISTRA ERASMO GONZ\u00c1LEZ ROBLEDO COMO CANDIDATO A PRESIDENTE MUNICIPAL POR MORENA, PVEM Y PT ANTE EL IETAM"},"content":{"rendered":"<p>Erasmo Gonz\u00e1lez Robledo dio cumplimiento a la entrega en tiempo y forma de la solicitud de registro ante el Instituto Electoral de Tamaulipas para su candidatura a Presidente Municipal de Ciudad Madero, por la coalici\u00f3n \u201cSigamos Haciendo Historia en Tamaulipas\u201d, que integran los partidos Movimiento de Regeneraci\u00f3n Nacional (MORENA), Verde Ecologista de M\u00e9xico y Partido del Trabajo.<\/p>\n<p>&nbsp;<\/p>\n<p>La documentaci\u00f3n fue entregada en forma directa ante el IETAM en Ciudad Victoria, por disposiciones de la dirigencia estatal de MORENA, donde fue entregada la carpeta correspondiente de la documentaci\u00f3n en la solicitud de registro de Erasmo Gonz\u00e1lez Robledo al cargo de Presidente Municipal, as\u00ed como la planilla integra de S\u00edndicos y Regidores, propietarios y suplentes.<\/p>\n<p>&nbsp;<\/p>\n<p>Se ha dado cumplimiento dentro del plazo establecido por la autoridad, conforme a las disposiciones a los preceptos que establece la Ley Electoral Local, as\u00ed como del C\u00f3digo Municipal y de cada uno de los lineamientos de registros de candidaturas de elecci\u00f3n popular en el Estado de Tamaulipas.<\/p>\n<p>&nbsp;<\/p>\n<p>Tras hacer oficial su registro como candidato a Presidente Municipal, Erasmo Gonz\u00e1lez Robledo, reiter\u00f3 ser muy respetuoso dentro de lo que establece la Ley Electoral y de sus autoridades, apegados en los principios de la transparencia, honestidad y de respeto\u201d.<\/p>\n<p>&nbsp;<\/p>\n<p>Tambi\u00e9n mencion\u00f3 fortalecer la austeridad republicana, sin influyent\u00edsimo, sin corrupci\u00f3n y sin impunidad, fortalecer la transformaci\u00f3n pac\u00edfica y democr\u00e1tica en la defensa del inter\u00e9s p\u00fablico y social a trav\u00e9s del di\u00e1logo, la participaci\u00f3n de todos los sectores como un pueblo extraordinario; para generar paz social y seguir construyendo el segundo piso de la transformaci\u00f3n.<\/p>\n","protected":false},"excerpt":{"rendered":"<p>Erasmo Gonz\u00e1lez Robledo dio cumplimiento a la entrega en tiempo y forma de la solicitud de registro ante el Instituto&hellip;<\/p>\n","protected":false},"author":1,"featured_media":49794,"comment_status":"open","ping_status":"open","sticky":false,"template":"","format":"standard","meta":{"footnotes":""},"categories":[4],"tags":[],"class_list":["post-49793","post","type-post","status-publish","format-standard","has-post-thumbnail","hentry","category-madero"],"yoast_head":"<!-- This site is optimized with the Yoast SEO plugin v27.5 - https:\/\/yoast.com\/product\/yoast-seo-wordpress\/ -->\n<title>SE REGISTRA ERASMO GONZ\u00c1LEZ ROBLEDO COMO CANDIDATO A PRESIDENTE MUNICIPAL POR MORENA, PVEM Y PT ANTE EL IETAM - EL INFORMATIVO DE TAMAULIPAS<\/title>\n<meta name=\"description\" content=\"Erasmo Gonz\u00e1lez Robledo dio cumplimiento a la entrega en tiempo y forma de la solicitud de registro ante el Instituto Electoral de Tamaulipas para su\" \/>\n<meta name=\"robots\" content=\"index, follow, max-snippet:-1, max-image-preview:large, max-video-preview:-1\" \/>\n<link rel=\"canonical\" href=\"https:\/\/elinformativotam.com\/index.php\/2024\/03\/21\/se-registra-erasmo-gonzalez-robledo-como-candidato-a-presidente-municipal-por-morena-pvem-y-pt-ante-el-ietam\/\" \/>\n<meta property=\"og:locale\" content=\"es_MX\" \/>\n<meta property=\"og:type\" content=\"article\" \/>\n<meta property=\"og:title\" content=\"SE REGISTRA ERASMO GONZ\u00c1LEZ ROBLEDO COMO CANDIDATO A PRESIDENTE MUNICIPAL POR MORENA, PVEM Y PT ANTE EL IETAM - EL INFORMATIVO DE TAMAULIPAS\" \/>\n<meta property=\"og:description\" content=\"Erasmo Gonz\u00e1lez Robledo dio cumplimiento a la entrega en tiempo y forma de la solicitud de registro ante el Instituto Electoral de Tamaulipas para su\" \/>\n<meta property=\"og:url\" content=\"https:\/\/elinformativotam.com\/index.php\/2024\/03\/21\/se-registra-erasmo-gonzalez-robledo-como-candidato-a-presidente-municipal-por-morena-pvem-y-pt-ante-el-ietam\/\" \/>\n<meta property=\"og:site_name\" content=\"EL INFORMATIVO DE TAMAULIPAS\" \/>\n<meta property=\"article:published_time\" content=\"2024-03-22T03:43:48+00:00\" \/>\n<meta property=\"og:image\" content=\"https:\/\/elinformativotam.com\/wp-content\/uploads\/2024\/03\/Erasmo.jpeg\" \/>\n\t<meta property=\"og:image:width\" content=\"808\" \/>\n\t<meta property=\"og:image:height\" content=\"1080\" \/>\n\t<meta property=\"og:image:type\" content=\"image\/jpeg\" \/>\n<meta name=\"author\" content=\"El Informativo Tam\" \/>\n<meta name=\"twitter:card\" content=\"summary_large_image\" \/>\n<meta name=\"twitter:label1\" content=\"Escrito por\" \/>\n\t<meta name=\"twitter:data1\" content=\"El Informativo Tam\" \/>\n\t<meta name=\"twitter:label2\" content=\"Tiempo de lectura\" \/>\n\t<meta name=\"twitter:data2\" content=\"2 minutos\" \/>\n<script type=\"application\/ld+json\" class=\"yoast-schema-graph\">{\"@context\":\"https:\\\/\\\/schema.org\",\"@graph\":[{\"@type\":\"Article\",\"@id\":\"https:\\\/\\\/elinformativotam.com\\\/index.php\\\/2024\\\/03\\\/21\\\/se-registra-erasmo-gonzalez-robledo-como-candidato-a-presidente-municipal-por-morena-pvem-y-pt-ante-el-ietam\\\/#article\",\"isPartOf\":{\"@id\":\"https:\\\/\\\/elinformativotam.com\\\/index.php\\\/2024\\\/03\\\/21\\\/se-registra-erasmo-gonzalez-robledo-como-candidato-a-presidente-municipal-por-morena-pvem-y-pt-ante-el-ietam\\\/\"},\"author\":{\"name\":\"El Informativo Tam\",\"@id\":\"https:\\\/\\\/elinformativotam.com\\\/#\\\/schema\\\/person\\\/78e08040eed0f6110f0c5f83b6153590\"},\"headline\":\"SE REGISTRA ERASMO GONZ\u00c1LEZ ROBLEDO COMO CANDIDATO A PRESIDENTE MUNICIPAL POR MORENA, PVEM Y PT ANTE EL IETAM\",\"datePublished\":\"2024-03-22T03:43:48+00:00\",\"mainEntityOfPage\":{\"@id\":\"https:\\\/\\\/elinformativotam.com\\\/index.php\\\/2024\\\/03\\\/21\\\/se-registra-erasmo-gonzalez-robledo-como-candidato-a-presidente-municipal-por-morena-pvem-y-pt-ante-el-ietam\\\/\"},\"wordCount\":301,\"commentCount\":0,\"publisher\":{\"@id\":\"https:\\\/\\\/elinformativotam.com\\\/#organization\"},\"image\":{\"@id\":\"https:\\\/\\\/elinformativotam.com\\\/index.php\\\/2024\\\/03\\\/21\\\/se-registra-erasmo-gonzalez-robledo-como-candidato-a-presidente-municipal-por-morena-pvem-y-pt-ante-el-ietam\\\/#primaryimage\"},\"thumbnailUrl\":\"https:\\\/\\\/elinformativotam.com\\\/wp-content\\\/uploads\\\/2024\\\/03\\\/Erasmo.jpeg\",\"articleSection\":[\"Cd Madero\"],\"inLanguage\":\"es\",\"potentialAction\":[{\"@type\":\"CommentAction\",\"name\":\"Comment\",\"target\":[\"https:\\\/\\\/elinformativotam.com\\\/index.php\\\/2024\\\/03\\\/21\\\/se-registra-erasmo-gonzalez-robledo-como-candidato-a-presidente-municipal-por-morena-pvem-y-pt-ante-el-ietam\\\/#respond\"]}]},{\"@type\":\"WebPage\",\"@id\":\"https:\\\/\\\/elinformativotam.com\\\/index.php\\\/2024\\\/03\\\/21\\\/se-registra-erasmo-gonzalez-robledo-como-candidato-a-presidente-municipal-por-morena-pvem-y-pt-ante-el-ietam\\\/\",\"url\":\"https:\\\/\\\/elinformativotam.com\\\/index.php\\\/2024\\\/03\\\/21\\\/se-registra-erasmo-gonzalez-robledo-como-candidato-a-presidente-municipal-por-morena-pvem-y-pt-ante-el-ietam\\\/\",\"name\":\"SE REGISTRA ERASMO GONZ\u00c1LEZ ROBLEDO COMO CANDIDATO A PRESIDENTE MUNICIPAL POR MORENA, PVEM Y PT ANTE EL IETAM - EL INFORMATIVO DE TAMAULIPAS\",\"isPartOf\":{\"@id\":\"https:\\\/\\\/elinformativotam.com\\\/#website\"},\"primaryImageOfPage\":{\"@id\":\"https:\\\/\\\/elinformativotam.com\\\/index.php\\\/2024\\\/03\\\/21\\\/se-registra-erasmo-gonzalez-robledo-como-candidato-a-presidente-municipal-por-morena-pvem-y-pt-ante-el-ietam\\\/#primaryimage\"},\"image\":{\"@id\":\"https:\\\/\\\/elinformativotam.com\\\/index.php\\\/2024\\\/03\\\/21\\\/se-registra-erasmo-gonzalez-robledo-como-candidato-a-presidente-municipal-por-morena-pvem-y-pt-ante-el-ietam\\\/#primaryimage\"},\"thumbnailUrl\":\"https:\\\/\\\/elinformativotam.com\\\/wp-content\\\/uploads\\\/2024\\\/03\\\/Erasmo.jpeg\",\"datePublished\":\"2024-03-22T03:43:48+00:00\",\"description\":\"Erasmo Gonz\u00e1lez Robledo dio cumplimiento a la entrega en tiempo y forma de la solicitud de registro ante el Instituto Electoral de Tamaulipas para su\",\"inLanguage\":\"es\",\"potentialAction\":[{\"@type\":\"ReadAction\",\"target\":[\"https:\\\/\\\/elinformativotam.com\\\/index.php\\\/2024\\\/03\\\/21\\\/se-registra-erasmo-gonzalez-robledo-como-candidato-a-presidente-municipal-por-morena-pvem-y-pt-ante-el-ietam\\\/\"]}]},{\"@type\":\"ImageObject\",\"inLanguage\":\"es\",\"@id\":\"https:\\\/\\\/elinformativotam.com\\\/index.php\\\/2024\\\/03\\\/21\\\/se-registra-erasmo-gonzalez-robledo-como-candidato-a-presidente-municipal-por-morena-pvem-y-pt-ante-el-ietam\\\/#primaryimage\",\"url\":\"https:\\\/\\\/elinformativotam.com\\\/wp-content\\\/uploads\\\/2024\\\/03\\\/Erasmo.jpeg\",\"contentUrl\":\"https:\\\/\\\/elinformativotam.com\\\/wp-content\\\/uploads\\\/2024\\\/03\\\/Erasmo.jpeg\",\"width\":808,\"height\":1080},{\"@type\":\"WebSite\",\"@id\":\"https:\\\/\\\/elinformativotam.com\\\/#website\",\"url\":\"https:\\\/\\\/elinformativotam.com\\\/\",\"name\":\"EL INFORMATIVO DE TAMAULIPAS\",\"description\":\"Desde la Zona Metropolitana Para Todo M\u00e9xico\",\"publisher\":{\"@id\":\"https:\\\/\\\/elinformativotam.com\\\/#organization\"},\"potentialAction\":[{\"@type\":\"SearchAction\",\"target\":{\"@type\":\"EntryPoint\",\"urlTemplate\":\"https:\\\/\\\/elinformativotam.com\\\/?s={search_term_string}\"},\"query-input\":{\"@type\":\"PropertyValueSpecification\",\"valueRequired\":true,\"valueName\":\"search_term_string\"}}],\"inLanguage\":\"es\"},{\"@type\":\"Organization\",\"@id\":\"https:\\\/\\\/elinformativotam.com\\\/#organization\",\"name\":\"EL INFORMATIVO DE TAMAULIPAS\",\"url\":\"https:\\\/\\\/elinformativotam.com\\\/\",\"logo\":{\"@type\":\"ImageObject\",\"inLanguage\":\"es\",\"@id\":\"https:\\\/\\\/elinformativotam.com\\\/#\\\/schema\\\/logo\\\/image\\\/\",\"url\":\"https:\\\/\\\/elinformativotam.com\\\/wp-content\\\/uploads\\\/2026\\\/02\\\/Cabezal.png\",\"contentUrl\":\"https:\\\/\\\/elinformativotam.com\\\/wp-content\\\/uploads\\\/2026\\\/02\\\/Cabezal.png\",\"width\":960,\"height\":640,\"caption\":\"EL INFORMATIVO DE TAMAULIPAS\"},\"image\":{\"@id\":\"https:\\\/\\\/elinformativotam.com\\\/#\\\/schema\\\/logo\\\/image\\\/\"}},{\"@type\":\"Person\",\"@id\":\"https:\\\/\\\/elinformativotam.com\\\/#\\\/schema\\\/person\\\/78e08040eed0f6110f0c5f83b6153590\",\"name\":\"El Informativo Tam\",\"image\":{\"@type\":\"ImageObject\",\"inLanguage\":\"es\",\"@id\":\"https:\\\/\\\/secure.gravatar.com\\\/avatar\\\/f3b7ad3af540688955925ac610647be00b0cf41feea9c4978b73a707ee86bc53?s=96&d=mm&r=g\",\"url\":\"https:\\\/\\\/secure.gravatar.com\\\/avatar\\\/f3b7ad3af540688955925ac610647be00b0cf41feea9c4978b73a707ee86bc53?s=96&d=mm&r=g\",\"contentUrl\":\"https:\\\/\\\/secure.gravatar.com\\\/avatar\\\/f3b7ad3af540688955925ac610647be00b0cf41feea9c4978b73a707ee86bc53?s=96&d=mm&r=g\",\"caption\":\"El Informativo Tam\"}}]}<\/script>\n<!-- \/ Yoast SEO plugin. -->","yoast_head_json":{"title":"SE REGISTRA ERASMO GONZ\u00c1LEZ ROBLEDO COMO CANDIDATO A PRESIDENTE MUNICIPAL POR MORENA, PVEM Y PT ANTE EL IETAM - EL INFORMATIVO DE TAMAULIPAS","description":"Erasmo Gonz\u00e1lez Robledo dio cumplimiento a la entrega en tiempo y forma de la solicitud de registro ante el Instituto Electoral de Tamaulipas para su","robots":{"index":"index","follow":"follow","max-snippet":"max-snippet:-1","max-image-preview":"max-image-preview:large","max-video-preview":"max-video-preview:-1"},"canonical":"https:\/\/elinformativotam.com\/index.php\/2024\/03\/21\/se-registra-erasmo-gonzalez-robledo-como-candidato-a-presidente-municipal-por-morena-pvem-y-pt-ante-el-ietam\/","og_locale":"es_MX","og_type":"article","og_title":"SE REGISTRA ERASMO GONZ\u00c1LEZ ROBLEDO COMO CANDIDATO A PRESIDENTE MUNICIPAL POR MORENA, PVEM Y PT ANTE EL IETAM - EL INFORMATIVO DE TAMAULIPAS","og_description":"Erasmo Gonz\u00e1lez Robledo dio cumplimiento a la entrega en tiempo y forma de la solicitud de registro ante el Instituto Electoral de Tamaulipas para su","og_url":"https:\/\/elinformativotam.com\/index.php\/2024\/03\/21\/se-registra-erasmo-gonzalez-robledo-como-candidato-a-presidente-municipal-por-morena-pvem-y-pt-ante-el-ietam\/","og_site_name":"EL INFORMATIVO DE TAMAULIPAS","article_published_time":"2024-03-22T03:43:48+00:00","og_image":[{"width":808,"height":1080,"url":"https:\/\/elinformativotam.com\/wp-content\/uploads\/2024\/03\/Erasmo.jpeg","type":"image\/jpeg"}],"author":"El Informativo Tam","twitter_card":"summary_large_image","twitter_misc":{"Escrito por":"El Informativo Tam","Tiempo de lectura":"2 minutos"},"schema":{"@context":"https:\/\/schema.org","@graph":[{"@type":"Article","@id":"https:\/\/elinformativotam.com\/index.php\/2024\/03\/21\/se-registra-erasmo-gonzalez-robledo-como-candidato-a-presidente-municipal-por-morena-pvem-y-pt-ante-el-ietam\/#article","isPartOf":{"@id":"https:\/\/elinformativotam.com\/index.php\/2024\/03\/21\/se-registra-erasmo-gonzalez-robledo-como-candidato-a-presidente-municipal-por-morena-pvem-y-pt-ante-el-ietam\/"},"author":{"name":"El Informativo Tam","@id":"https:\/\/elinformativotam.com\/#\/schema\/person\/78e08040eed0f6110f0c5f83b6153590"},"headline":"SE REGISTRA ERASMO GONZ\u00c1LEZ ROBLEDO COMO CANDIDATO A PRESIDENTE MUNICIPAL POR MORENA, PVEM Y PT ANTE EL IETAM","datePublished":"2024-03-22T03:43:48+00:00","mainEntityOfPage":{"@id":"https:\/\/elinformativotam.com\/index.php\/2024\/03\/21\/se-registra-erasmo-gonzalez-robledo-como-candidato-a-presidente-municipal-por-morena-pvem-y-pt-ante-el-ietam\/"},"wordCount":301,"commentCount":0,"publisher":{"@id":"https:\/\/elinformativotam.com\/#organization"},"image":{"@id":"https:\/\/elinformativotam.com\/index.php\/2024\/03\/21\/se-registra-erasmo-gonzalez-robledo-como-candidato-a-presidente-municipal-por-morena-pvem-y-pt-ante-el-ietam\/#primaryimage"},"thumbnailUrl":"https:\/\/elinformativotam.com\/wp-content\/uploads\/2024\/03\/Erasmo.jpeg","articleSection":["Cd Madero"],"inLanguage":"es","potentialAction":[{"@type":"CommentAction","name":"Comment","target":["https:\/\/elinformativotam.com\/index.php\/2024\/03\/21\/se-registra-erasmo-gonzalez-robledo-como-candidato-a-presidente-municipal-por-morena-pvem-y-pt-ante-el-ietam\/#respond"]}]},{"@type":"WebPage","@id":"https:\/\/elinformativotam.com\/index.php\/2024\/03\/21\/se-registra-erasmo-gonzalez-robledo-como-candidato-a-presidente-municipal-por-morena-pvem-y-pt-ante-el-ietam\/","url":"https:\/\/elinformativotam.com\/index.php\/2024\/03\/21\/se-registra-erasmo-gonzalez-robledo-como-candidato-a-presidente-municipal-por-morena-pvem-y-pt-ante-el-ietam\/","name":"SE REGISTRA ERASMO GONZ\u00c1LEZ ROBLEDO COMO CANDIDATO A PRESIDENTE MUNICIPAL POR MORENA, PVEM Y PT ANTE EL IETAM - EL INFORMATIVO DE TAMAULIPAS","isPartOf":{"@id":"https:\/\/elinformativotam.com\/#website"},"primaryImageOfPage":{"@id":"https:\/\/elinformativotam.com\/index.php\/2024\/03\/21\/se-registra-erasmo-gonzalez-robledo-como-candidato-a-presidente-municipal-por-morena-pvem-y-pt-ante-el-ietam\/#primaryimage"},"image":{"@id":"https:\/\/elinformativotam.com\/index.php\/2024\/03\/21\/se-registra-erasmo-gonzalez-robledo-como-candidato-a-presidente-municipal-por-morena-pvem-y-pt-ante-el-ietam\/#primaryimage"},"thumbnailUrl":"https:\/\/elinformativotam.com\/wp-content\/uploads\/2024\/03\/Erasmo.jpeg","datePublished":"2024-03-22T03:43:48+00:00","description":"Erasmo Gonz\u00e1lez Robledo dio cumplimiento a la entrega en tiempo y forma de la solicitud de registro ante el Instituto Electoral de Tamaulipas para su","inLanguage":"es","potentialAction":[{"@type":"ReadAction","target":["https:\/\/elinformativotam.com\/index.php\/2024\/03\/21\/se-registra-erasmo-gonzalez-robledo-como-candidato-a-presidente-municipal-por-morena-pvem-y-pt-ante-el-ietam\/"]}]},{"@type":"ImageObject","inLanguage":"es","@id":"https:\/\/elinformativotam.com\/index.php\/2024\/03\/21\/se-registra-erasmo-gonzalez-robledo-como-candidato-a-presidente-municipal-por-morena-pvem-y-pt-ante-el-ietam\/#primaryimage","url":"https:\/\/elinformativotam.com\/wp-content\/uploads\/2024\/03\/Erasmo.jpeg","contentUrl":"https:\/\/elinformativotam.com\/wp-content\/uploads\/2024\/03\/Erasmo.jpeg","width":808,"height":1080},{"@type":"WebSite","@id":"https:\/\/elinformativotam.com\/#website","url":"https:\/\/elinformativotam.com\/","name":"EL INFORMATIVO DE TAMAULIPAS","description":"Desde la Zona Metropolitana Para Todo M\u00e9xico","publisher":{"@id":"https:\/\/elinformativotam.com\/#organization"},"potentialAction":[{"@type":"SearchAction","target":{"@type":"EntryPoint","urlTemplate":"https:\/\/elinformativotam.com\/?s={search_term_string}"},"query-input":{"@type":"PropertyValueSpecification","valueRequired":true,"valueName":"search_term_string"}}],"inLanguage":"es"},{"@type":"Organization","@id":"https:\/\/elinformativotam.com\/#organization","name":"EL INFORMATIVO DE TAMAULIPAS","url":"https:\/\/elinformativotam.com\/","logo":{"@type":"ImageObject","inLanguage":"es","@id":"https:\/\/elinformativotam.com\/#\/schema\/logo\/image\/","url":"https:\/\/elinformativotam.com\/wp-content\/uploads\/2026\/02\/Cabezal.png","contentUrl":"https:\/\/elinformativotam.com\/wp-content\/uploads\/2026\/02\/Cabezal.png","width":960,"height":640,"caption":"EL INFORMATIVO DE TAMAULIPAS"},"image":{"@id":"https:\/\/elinformativotam.com\/#\/schema\/logo\/image\/"}},{"@type":"Person","@id":"https:\/\/elinformativotam.com\/#\/schema\/person\/78e08040eed0f6110f0c5f83b6153590","name":"El Informativo Tam","image":{"@type":"ImageObject","inLanguage":"es","@id":"https:\/\/secure.gravatar.com\/avatar\/f3b7ad3af540688955925ac610647be00b0cf41feea9c4978b73a707ee86bc53?s=96&d=mm&r=g","url":"https:\/\/secure.gravatar.com\/avatar\/f3b7ad3af540688955925ac610647be00b0cf41feea9c4978b73a707ee86bc53?s=96&d=mm&r=g","contentUrl":"https:\/\/secure.gravatar.com\/avatar\/f3b7ad3af540688955925ac610647be00b0cf41feea9c4978b73a707ee86bc53?s=96&d=mm&r=g","caption":"El Informativo Tam"}}]}},"_links":{"self":[{"href":"https:\/\/elinformativotam.com\/index.php\/wp-json\/wp\/v2\/posts\/49793","targetHints":{"allow":["GET"]}}],"collection":[{"href":"https:\/\/elinformativotam.com\/index.php\/wp-json\/wp\/v2\/posts"}],"about":[{"href":"https:\/\/elinformativotam.com\/index.php\/wp-json\/wp\/v2\/types\/post"}],"author":[{"embeddable":true,"href":"https:\/\/elinformativotam.com\/index.php\/wp-json\/wp\/v2\/users\/1"}],"replies":[{"embeddable":true,"href":"https:\/\/elinformativotam.com\/index.php\/wp-json\/wp\/v2\/comments?post=49793"}],"version-history":[{"count":1,"href":"https:\/\/elinformativotam.com\/index.php\/wp-json\/wp\/v2\/posts\/49793\/revisions"}],"predecessor-version":[{"id":49795,"href":"https:\/\/elinformativotam.com\/index.php\/wp-json\/wp\/v2\/posts\/49793\/revisions\/49795"}],"wp:featuredmedia":[{"embeddable":true,"href":"https:\/\/elinformativotam.com\/index.php\/wp-json\/wp\/v2\/media\/49794"}],"wp:attachment":[{"href":"https:\/\/elinformativotam.com\/index.php\/wp-json\/wp\/v2\/media?parent=49793"}],"wp:term":[{"taxonomy":"category","embeddable":true,"href":"https:\/\/elinformativotam.com\/index.php\/wp-json\/wp\/v2\/categories?post=49793"},{"taxonomy":"post_tag","embeddable":true,"href":"https:\/\/elinformativotam.com\/index.php\/wp-json\/wp\/v2\/tags?post=49793"}],"curies":[{"name":"wp","href":"https:\/\/api.w.org\/{rel}","templated":true}]}}