{"id":49727,"date":"2024-03-18T21:39:17","date_gmt":"2024-03-19T03:39:17","guid":{"rendered":"https:\/\/elinformativotam.com\/?p=49727"},"modified":"2024-03-18T21:39:17","modified_gmt":"2024-03-19T03:39:17","slug":"mejores-refinerias-y-certeza-laboral-a-petroleros-propone-chucho-nader","status":"publish","type":"post","link":"https:\/\/elinformativotam.com\/index.php\/2024\/03\/18\/mejores-refinerias-y-certeza-laboral-a-petroleros-propone-chucho-nader\/","title":{"rendered":"MEJORES REFINER\u00cdAS Y CERTEZA LABORAL A PETROLEROS, PROPONE CHUCHO NADER"},"content":{"rendered":"<p>Chucho Nader, Candidato de la Alianza \u201cFuerza y Coraz\u00f3n por M\u00e9xico\u201d a la Diputaci\u00f3n Federal por el octavo distrito que comprende los municipios de Tampico y Ciudad Madero, reiter\u00f3 su respaldo a los trabajadores del industria petrolera en el marco de la conmemoraci\u00f3n del 86 aniversario de la Expropiaci\u00f3n Petrolera decretada en 1938 por el entonces Presidente de M\u00e9xico, General L\u00e1zaro C\u00e1rdenas del R\u00edo.<\/p>\n<p>&nbsp;<\/p>\n<p>El aspirante a la C\u00e1mara de Diputados destac\u00f3 que en Ciudad Madero miles de familias dependen de la industria petrolera, pero tambi\u00e9n, dijo, hay toda una importante cadena productiva relacionada con el ramo energ\u00e9tico que depende de la industria petrolera para su desarrollo y sostenimiento.<\/p>\n<p>&nbsp;<\/p>\n<p>\u201cVamos a seguir impulsando la generaci\u00f3n de energ\u00edas limpias en las diferentes regiones del pa\u00eds; y vamos a fortalecer la industria petrolera mediante la modernizaci\u00f3n de las refiner\u00edas existentes, a fin de qu\u00e9 alcancemos la autosuficiencia en materia de combustibles, pero siempre cuidando y protegiendo nuestro medio ambiente, y sobre todo el derecho de las y los trabajadores petroleros\u201d<\/p>\n<p>&nbsp;<\/p>\n<p>Nader Nasrallah subray\u00f3 que la gran fortaleza industrial del sur de Tamaulipas se ubica en ciudad Madero con la refiner\u00eda y en Altamira con el Cluster petroqu\u00edmico, por lo que sostuvo su compromiso de apoyar a los trabajadores y proponer iniciativas orientadas a la protecci\u00f3n del entorno mediante el desarrollo de energ\u00edas limpias que, en el futuro, sustituyen a los hidrocarburos f\u00f3siles.<\/p>\n<p>&nbsp;<\/p>\n<p>El candidato del PAN-PRI-PRD asegur\u00f3 que la mejor manera de conmemorar la expropiaci\u00f3n petrolera, es asumiendo el compromiso de hacer del Sistema Nacional de Refinamiento, uno de los mejores del mundo y seguir mejorando las condiciones laborales de los trabajadores petroleros.<\/p>\n<p>&nbsp;<\/p>\n","protected":false},"excerpt":{"rendered":"<p>Chucho Nader, Candidato de la Alianza \u201cFuerza y Coraz\u00f3n por M\u00e9xico\u201d a la Diputaci\u00f3n Federal por el octavo distrito que&hellip;<\/p>\n","protected":false},"author":1,"featured_media":49705,"comment_status":"open","ping_status":"open","sticky":false,"template":"","format":"standard","meta":{"footnotes":""},"categories":[4],"tags":[],"class_list":["post-49727","post","type-post","status-publish","format-standard","has-post-thumbnail","hentry","category-madero"],"yoast_head":"<!-- This site is optimized with the Yoast SEO plugin v27.5 - https:\/\/yoast.com\/product\/yoast-seo-wordpress\/ -->\n<title>MEJORES REFINER\u00cdAS Y CERTEZA LABORAL A PETROLEROS, PROPONE CHUCHO NADER - EL INFORMATIVO DE TAMAULIPAS<\/title>\n<meta name=\"description\" content=\"Chucho Nader, Candidato de la Alianza \u201cFuerza y Coraz\u00f3n por M\u00e9xico\u201d a la Diputaci\u00f3n Federal por el octavo distrito que comprende los municipios de Tampico\" \/>\n<meta name=\"robots\" content=\"index, follow, max-snippet:-1, max-image-preview:large, max-video-preview:-1\" \/>\n<link rel=\"canonical\" href=\"https:\/\/elinformativotam.com\/index.php\/2024\/03\/18\/mejores-refinerias-y-certeza-laboral-a-petroleros-propone-chucho-nader\/\" \/>\n<meta property=\"og:locale\" content=\"es_MX\" \/>\n<meta property=\"og:type\" content=\"article\" \/>\n<meta property=\"og:title\" content=\"MEJORES REFINER\u00cdAS Y CERTEZA LABORAL A PETROLEROS, PROPONE CHUCHO NADER - EL INFORMATIVO DE TAMAULIPAS\" \/>\n<meta property=\"og:description\" content=\"Chucho Nader, Candidato de la Alianza \u201cFuerza y Coraz\u00f3n por M\u00e9xico\u201d a la Diputaci\u00f3n Federal por el octavo distrito que comprende los municipios de Tampico\" \/>\n<meta property=\"og:url\" content=\"https:\/\/elinformativotam.com\/index.php\/2024\/03\/18\/mejores-refinerias-y-certeza-laboral-a-petroleros-propone-chucho-nader\/\" \/>\n<meta property=\"og:site_name\" content=\"EL INFORMATIVO DE TAMAULIPAS\" \/>\n<meta property=\"article:published_time\" content=\"2024-03-19T03:39:17+00:00\" \/>\n<meta property=\"og:image\" content=\"https:\/\/elinformativotam.com\/wp-content\/uploads\/2024\/03\/Refi.jpeg\" \/>\n\t<meta property=\"og:image:width\" content=\"1600\" \/>\n\t<meta property=\"og:image:height\" content=\"1200\" \/>\n\t<meta property=\"og:image:type\" content=\"image\/jpeg\" \/>\n<meta name=\"author\" content=\"El Informativo Tam\" \/>\n<meta name=\"twitter:card\" content=\"summary_large_image\" \/>\n<meta name=\"twitter:label1\" content=\"Escrito por\" \/>\n\t<meta name=\"twitter:data1\" content=\"El Informativo Tam\" \/>\n\t<meta name=\"twitter:label2\" content=\"Tiempo de lectura\" \/>\n\t<meta name=\"twitter:data2\" content=\"2 minutos\" \/>\n<script type=\"application\/ld+json\" class=\"yoast-schema-graph\">{\"@context\":\"https:\\\/\\\/schema.org\",\"@graph\":[{\"@type\":\"Article\",\"@id\":\"https:\\\/\\\/elinformativotam.com\\\/index.php\\\/2024\\\/03\\\/18\\\/mejores-refinerias-y-certeza-laboral-a-petroleros-propone-chucho-nader\\\/#article\",\"isPartOf\":{\"@id\":\"https:\\\/\\\/elinformativotam.com\\\/index.php\\\/2024\\\/03\\\/18\\\/mejores-refinerias-y-certeza-laboral-a-petroleros-propone-chucho-nader\\\/\"},\"author\":{\"name\":\"El Informativo Tam\",\"@id\":\"https:\\\/\\\/elinformativotam.com\\\/#\\\/schema\\\/person\\\/78e08040eed0f6110f0c5f83b6153590\"},\"headline\":\"MEJORES REFINER\u00cdAS Y CERTEZA LABORAL A PETROLEROS, PROPONE CHUCHO NADER\",\"datePublished\":\"2024-03-19T03:39:17+00:00\",\"mainEntityOfPage\":{\"@id\":\"https:\\\/\\\/elinformativotam.com\\\/index.php\\\/2024\\\/03\\\/18\\\/mejores-refinerias-y-certeza-laboral-a-petroleros-propone-chucho-nader\\\/\"},\"wordCount\":308,\"commentCount\":0,\"publisher\":{\"@id\":\"https:\\\/\\\/elinformativotam.com\\\/#organization\"},\"image\":{\"@id\":\"https:\\\/\\\/elinformativotam.com\\\/index.php\\\/2024\\\/03\\\/18\\\/mejores-refinerias-y-certeza-laboral-a-petroleros-propone-chucho-nader\\\/#primaryimage\"},\"thumbnailUrl\":\"https:\\\/\\\/elinformativotam.com\\\/wp-content\\\/uploads\\\/2024\\\/03\\\/Refi.jpeg\",\"articleSection\":[\"Cd Madero\"],\"inLanguage\":\"es\",\"potentialAction\":[{\"@type\":\"CommentAction\",\"name\":\"Comment\",\"target\":[\"https:\\\/\\\/elinformativotam.com\\\/index.php\\\/2024\\\/03\\\/18\\\/mejores-refinerias-y-certeza-laboral-a-petroleros-propone-chucho-nader\\\/#respond\"]}]},{\"@type\":\"WebPage\",\"@id\":\"https:\\\/\\\/elinformativotam.com\\\/index.php\\\/2024\\\/03\\\/18\\\/mejores-refinerias-y-certeza-laboral-a-petroleros-propone-chucho-nader\\\/\",\"url\":\"https:\\\/\\\/elinformativotam.com\\\/index.php\\\/2024\\\/03\\\/18\\\/mejores-refinerias-y-certeza-laboral-a-petroleros-propone-chucho-nader\\\/\",\"name\":\"MEJORES REFINER\u00cdAS Y CERTEZA LABORAL A PETROLEROS, PROPONE CHUCHO NADER - EL INFORMATIVO DE TAMAULIPAS\",\"isPartOf\":{\"@id\":\"https:\\\/\\\/elinformativotam.com\\\/#website\"},\"primaryImageOfPage\":{\"@id\":\"https:\\\/\\\/elinformativotam.com\\\/index.php\\\/2024\\\/03\\\/18\\\/mejores-refinerias-y-certeza-laboral-a-petroleros-propone-chucho-nader\\\/#primaryimage\"},\"image\":{\"@id\":\"https:\\\/\\\/elinformativotam.com\\\/index.php\\\/2024\\\/03\\\/18\\\/mejores-refinerias-y-certeza-laboral-a-petroleros-propone-chucho-nader\\\/#primaryimage\"},\"thumbnailUrl\":\"https:\\\/\\\/elinformativotam.com\\\/wp-content\\\/uploads\\\/2024\\\/03\\\/Refi.jpeg\",\"datePublished\":\"2024-03-19T03:39:17+00:00\",\"description\":\"Chucho Nader, Candidato de la Alianza \u201cFuerza y Coraz\u00f3n por M\u00e9xico\u201d a la Diputaci\u00f3n Federal por el octavo distrito que comprende los municipios de Tampico\",\"inLanguage\":\"es\",\"potentialAction\":[{\"@type\":\"ReadAction\",\"target\":[\"https:\\\/\\\/elinformativotam.com\\\/index.php\\\/2024\\\/03\\\/18\\\/mejores-refinerias-y-certeza-laboral-a-petroleros-propone-chucho-nader\\\/\"]}]},{\"@type\":\"ImageObject\",\"inLanguage\":\"es\",\"@id\":\"https:\\\/\\\/elinformativotam.com\\\/index.php\\\/2024\\\/03\\\/18\\\/mejores-refinerias-y-certeza-laboral-a-petroleros-propone-chucho-nader\\\/#primaryimage\",\"url\":\"https:\\\/\\\/elinformativotam.com\\\/wp-content\\\/uploads\\\/2024\\\/03\\\/Refi.jpeg\",\"contentUrl\":\"https:\\\/\\\/elinformativotam.com\\\/wp-content\\\/uploads\\\/2024\\\/03\\\/Refi.jpeg\",\"width\":1600,\"height\":1200},{\"@type\":\"WebSite\",\"@id\":\"https:\\\/\\\/elinformativotam.com\\\/#website\",\"url\":\"https:\\\/\\\/elinformativotam.com\\\/\",\"name\":\"EL INFORMATIVO DE TAMAULIPAS\",\"description\":\"Desde la Zona Metropolitana Para Todo M\u00e9xico\",\"publisher\":{\"@id\":\"https:\\\/\\\/elinformativotam.com\\\/#organization\"},\"potentialAction\":[{\"@type\":\"SearchAction\",\"target\":{\"@type\":\"EntryPoint\",\"urlTemplate\":\"https:\\\/\\\/elinformativotam.com\\\/?s={search_term_string}\"},\"query-input\":{\"@type\":\"PropertyValueSpecification\",\"valueRequired\":true,\"valueName\":\"search_term_string\"}}],\"inLanguage\":\"es\"},{\"@type\":\"Organization\",\"@id\":\"https:\\\/\\\/elinformativotam.com\\\/#organization\",\"name\":\"EL INFORMATIVO DE TAMAULIPAS\",\"url\":\"https:\\\/\\\/elinformativotam.com\\\/\",\"logo\":{\"@type\":\"ImageObject\",\"inLanguage\":\"es\",\"@id\":\"https:\\\/\\\/elinformativotam.com\\\/#\\\/schema\\\/logo\\\/image\\\/\",\"url\":\"https:\\\/\\\/elinformativotam.com\\\/wp-content\\\/uploads\\\/2026\\\/02\\\/Cabezal.png\",\"contentUrl\":\"https:\\\/\\\/elinformativotam.com\\\/wp-content\\\/uploads\\\/2026\\\/02\\\/Cabezal.png\",\"width\":960,\"height\":640,\"caption\":\"EL INFORMATIVO DE TAMAULIPAS\"},\"image\":{\"@id\":\"https:\\\/\\\/elinformativotam.com\\\/#\\\/schema\\\/logo\\\/image\\\/\"}},{\"@type\":\"Person\",\"@id\":\"https:\\\/\\\/elinformativotam.com\\\/#\\\/schema\\\/person\\\/78e08040eed0f6110f0c5f83b6153590\",\"name\":\"El Informativo Tam\",\"image\":{\"@type\":\"ImageObject\",\"inLanguage\":\"es\",\"@id\":\"https:\\\/\\\/secure.gravatar.com\\\/avatar\\\/f3b7ad3af540688955925ac610647be00b0cf41feea9c4978b73a707ee86bc53?s=96&d=mm&r=g\",\"url\":\"https:\\\/\\\/secure.gravatar.com\\\/avatar\\\/f3b7ad3af540688955925ac610647be00b0cf41feea9c4978b73a707ee86bc53?s=96&d=mm&r=g\",\"contentUrl\":\"https:\\\/\\\/secure.gravatar.com\\\/avatar\\\/f3b7ad3af540688955925ac610647be00b0cf41feea9c4978b73a707ee86bc53?s=96&d=mm&r=g\",\"caption\":\"El Informativo Tam\"}}]}<\/script>\n<!-- \/ Yoast SEO plugin. -->","yoast_head_json":{"title":"MEJORES REFINER\u00cdAS Y CERTEZA LABORAL A PETROLEROS, PROPONE CHUCHO NADER - EL INFORMATIVO DE TAMAULIPAS","description":"Chucho Nader, Candidato de la Alianza \u201cFuerza y Coraz\u00f3n por M\u00e9xico\u201d a la Diputaci\u00f3n Federal por el octavo distrito que comprende los municipios de Tampico","robots":{"index":"index","follow":"follow","max-snippet":"max-snippet:-1","max-image-preview":"max-image-preview:large","max-video-preview":"max-video-preview:-1"},"canonical":"https:\/\/elinformativotam.com\/index.php\/2024\/03\/18\/mejores-refinerias-y-certeza-laboral-a-petroleros-propone-chucho-nader\/","og_locale":"es_MX","og_type":"article","og_title":"MEJORES REFINER\u00cdAS Y CERTEZA LABORAL A PETROLEROS, PROPONE CHUCHO NADER - EL INFORMATIVO DE TAMAULIPAS","og_description":"Chucho Nader, Candidato de la Alianza \u201cFuerza y Coraz\u00f3n por M\u00e9xico\u201d a la Diputaci\u00f3n Federal por el octavo distrito que comprende los municipios de Tampico","og_url":"https:\/\/elinformativotam.com\/index.php\/2024\/03\/18\/mejores-refinerias-y-certeza-laboral-a-petroleros-propone-chucho-nader\/","og_site_name":"EL INFORMATIVO DE TAMAULIPAS","article_published_time":"2024-03-19T03:39:17+00:00","og_image":[{"width":1600,"height":1200,"url":"https:\/\/elinformativotam.com\/wp-content\/uploads\/2024\/03\/Refi.jpeg","type":"image\/jpeg"}],"author":"El Informativo Tam","twitter_card":"summary_large_image","twitter_misc":{"Escrito por":"El Informativo Tam","Tiempo de lectura":"2 minutos"},"schema":{"@context":"https:\/\/schema.org","@graph":[{"@type":"Article","@id":"https:\/\/elinformativotam.com\/index.php\/2024\/03\/18\/mejores-refinerias-y-certeza-laboral-a-petroleros-propone-chucho-nader\/#article","isPartOf":{"@id":"https:\/\/elinformativotam.com\/index.php\/2024\/03\/18\/mejores-refinerias-y-certeza-laboral-a-petroleros-propone-chucho-nader\/"},"author":{"name":"El Informativo Tam","@id":"https:\/\/elinformativotam.com\/#\/schema\/person\/78e08040eed0f6110f0c5f83b6153590"},"headline":"MEJORES REFINER\u00cdAS Y CERTEZA LABORAL A PETROLEROS, PROPONE CHUCHO NADER","datePublished":"2024-03-19T03:39:17+00:00","mainEntityOfPage":{"@id":"https:\/\/elinformativotam.com\/index.php\/2024\/03\/18\/mejores-refinerias-y-certeza-laboral-a-petroleros-propone-chucho-nader\/"},"wordCount":308,"commentCount":0,"publisher":{"@id":"https:\/\/elinformativotam.com\/#organization"},"image":{"@id":"https:\/\/elinformativotam.com\/index.php\/2024\/03\/18\/mejores-refinerias-y-certeza-laboral-a-petroleros-propone-chucho-nader\/#primaryimage"},"thumbnailUrl":"https:\/\/elinformativotam.com\/wp-content\/uploads\/2024\/03\/Refi.jpeg","articleSection":["Cd Madero"],"inLanguage":"es","potentialAction":[{"@type":"CommentAction","name":"Comment","target":["https:\/\/elinformativotam.com\/index.php\/2024\/03\/18\/mejores-refinerias-y-certeza-laboral-a-petroleros-propone-chucho-nader\/#respond"]}]},{"@type":"WebPage","@id":"https:\/\/elinformativotam.com\/index.php\/2024\/03\/18\/mejores-refinerias-y-certeza-laboral-a-petroleros-propone-chucho-nader\/","url":"https:\/\/elinformativotam.com\/index.php\/2024\/03\/18\/mejores-refinerias-y-certeza-laboral-a-petroleros-propone-chucho-nader\/","name":"MEJORES REFINER\u00cdAS Y CERTEZA LABORAL A PETROLEROS, PROPONE CHUCHO NADER - EL INFORMATIVO DE TAMAULIPAS","isPartOf":{"@id":"https:\/\/elinformativotam.com\/#website"},"primaryImageOfPage":{"@id":"https:\/\/elinformativotam.com\/index.php\/2024\/03\/18\/mejores-refinerias-y-certeza-laboral-a-petroleros-propone-chucho-nader\/#primaryimage"},"image":{"@id":"https:\/\/elinformativotam.com\/index.php\/2024\/03\/18\/mejores-refinerias-y-certeza-laboral-a-petroleros-propone-chucho-nader\/#primaryimage"},"thumbnailUrl":"https:\/\/elinformativotam.com\/wp-content\/uploads\/2024\/03\/Refi.jpeg","datePublished":"2024-03-19T03:39:17+00:00","description":"Chucho Nader, Candidato de la Alianza \u201cFuerza y Coraz\u00f3n por M\u00e9xico\u201d a la Diputaci\u00f3n Federal por el octavo distrito que comprende los municipios de Tampico","inLanguage":"es","potentialAction":[{"@type":"ReadAction","target":["https:\/\/elinformativotam.com\/index.php\/2024\/03\/18\/mejores-refinerias-y-certeza-laboral-a-petroleros-propone-chucho-nader\/"]}]},{"@type":"ImageObject","inLanguage":"es","@id":"https:\/\/elinformativotam.com\/index.php\/2024\/03\/18\/mejores-refinerias-y-certeza-laboral-a-petroleros-propone-chucho-nader\/#primaryimage","url":"https:\/\/elinformativotam.com\/wp-content\/uploads\/2024\/03\/Refi.jpeg","contentUrl":"https:\/\/elinformativotam.com\/wp-content\/uploads\/2024\/03\/Refi.jpeg","width":1600,"height":1200},{"@type":"WebSite","@id":"https:\/\/elinformativotam.com\/#website","url":"https:\/\/elinformativotam.com\/","name":"EL INFORMATIVO DE TAMAULIPAS","description":"Desde la Zona Metropolitana Para Todo M\u00e9xico","publisher":{"@id":"https:\/\/elinformativotam.com\/#organization"},"potentialAction":[{"@type":"SearchAction","target":{"@type":"EntryPoint","urlTemplate":"https:\/\/elinformativotam.com\/?s={search_term_string}"},"query-input":{"@type":"PropertyValueSpecification","valueRequired":true,"valueName":"search_term_string"}}],"inLanguage":"es"},{"@type":"Organization","@id":"https:\/\/elinformativotam.com\/#organization","name":"EL INFORMATIVO DE TAMAULIPAS","url":"https:\/\/elinformativotam.com\/","logo":{"@type":"ImageObject","inLanguage":"es","@id":"https:\/\/elinformativotam.com\/#\/schema\/logo\/image\/","url":"https:\/\/elinformativotam.com\/wp-content\/uploads\/2026\/02\/Cabezal.png","contentUrl":"https:\/\/elinformativotam.com\/wp-content\/uploads\/2026\/02\/Cabezal.png","width":960,"height":640,"caption":"EL INFORMATIVO DE TAMAULIPAS"},"image":{"@id":"https:\/\/elinformativotam.com\/#\/schema\/logo\/image\/"}},{"@type":"Person","@id":"https:\/\/elinformativotam.com\/#\/schema\/person\/78e08040eed0f6110f0c5f83b6153590","name":"El Informativo Tam","image":{"@type":"ImageObject","inLanguage":"es","@id":"https:\/\/secure.gravatar.com\/avatar\/f3b7ad3af540688955925ac610647be00b0cf41feea9c4978b73a707ee86bc53?s=96&d=mm&r=g","url":"https:\/\/secure.gravatar.com\/avatar\/f3b7ad3af540688955925ac610647be00b0cf41feea9c4978b73a707ee86bc53?s=96&d=mm&r=g","contentUrl":"https:\/\/secure.gravatar.com\/avatar\/f3b7ad3af540688955925ac610647be00b0cf41feea9c4978b73a707ee86bc53?s=96&d=mm&r=g","caption":"El Informativo Tam"}}]}},"_links":{"self":[{"href":"https:\/\/elinformativotam.com\/index.php\/wp-json\/wp\/v2\/posts\/49727","targetHints":{"allow":["GET"]}}],"collection":[{"href":"https:\/\/elinformativotam.com\/index.php\/wp-json\/wp\/v2\/posts"}],"about":[{"href":"https:\/\/elinformativotam.com\/index.php\/wp-json\/wp\/v2\/types\/post"}],"author":[{"embeddable":true,"href":"https:\/\/elinformativotam.com\/index.php\/wp-json\/wp\/v2\/users\/1"}],"replies":[{"embeddable":true,"href":"https:\/\/elinformativotam.com\/index.php\/wp-json\/wp\/v2\/comments?post=49727"}],"version-history":[{"count":1,"href":"https:\/\/elinformativotam.com\/index.php\/wp-json\/wp\/v2\/posts\/49727\/revisions"}],"predecessor-version":[{"id":49728,"href":"https:\/\/elinformativotam.com\/index.php\/wp-json\/wp\/v2\/posts\/49727\/revisions\/49728"}],"wp:featuredmedia":[{"embeddable":true,"href":"https:\/\/elinformativotam.com\/index.php\/wp-json\/wp\/v2\/media\/49705"}],"wp:attachment":[{"href":"https:\/\/elinformativotam.com\/index.php\/wp-json\/wp\/v2\/media?parent=49727"}],"wp:term":[{"taxonomy":"category","embeddable":true,"href":"https:\/\/elinformativotam.com\/index.php\/wp-json\/wp\/v2\/categories?post=49727"},{"taxonomy":"post_tag","embeddable":true,"href":"https:\/\/elinformativotam.com\/index.php\/wp-json\/wp\/v2\/tags?post=49727"}],"curies":[{"name":"wp","href":"https:\/\/api.w.org\/{rel}","templated":true}]}}