{"id":49725,"date":"2024-03-18T21:37:34","date_gmt":"2024-03-19T03:37:34","guid":{"rendered":"https:\/\/elinformativotam.com\/?p=49725"},"modified":"2024-03-18T21:37:34","modified_gmt":"2024-03-19T03:37:34","slug":"456-ciudadanos-del-8-distrito-no-podran-votar-credencial-actualizada-se-fue-a-la-bodega","status":"publish","type":"post","link":"https:\/\/elinformativotam.com\/index.php\/2024\/03\/18\/456-ciudadanos-del-8-distrito-no-podran-votar-credencial-actualizada-se-fue-a-la-bodega\/","title":{"rendered":"456 CIUDADANOS DEL 8 DISTRITO NO PODR\u00c1N VOTAR; CREDENCIAL ACTUALIZADA SE FUE A LA BODEGA"},"content":{"rendered":"<h2 style=\"text-align: center;\"><em><span style=\"font-family: 'times new roman', times;\">*Ese N\u00famero De Ciudadanos Hizo El Tr\u00e1mite De Actualizaci\u00f3n Del Documento, Pero No Fueron A Recogerlo<\/span><\/em><\/h2>\n<p>&nbsp;<\/p>\n<p>&nbsp;<\/p>\n<p>Luego de que el pasado 14 de Marzo venciera el plazo para recoger la credencial de elector de aquellas personas que hicieron su actualizaci\u00f3n, 456 documentos que no fueron recogidos quedar\u00e1n a resguardo en las oficinas de la junta ejecutiva del 8 distrito para ser entregadas una vez que hayan transcurrido los comicios del 2 de Junio.<\/p>\n<p>&nbsp;<\/p>\n<p>Mar\u00eda de la Luz Espinoza Hern\u00e1ndez, vocal ejecutiva de la junta distrital 8 del INE indic\u00f3 que fue un \u00e9xito la campa\u00f1a de actualizaci\u00f3n de la credencial de elector, que inici\u00f3 en el \u00faltimo cuatrimestre del a\u00f1o pasado y que venci\u00f3 el pasado 21 de enero.<\/p>\n<p>&nbsp;<\/p>\n<p>Explic\u00f3 que de un universo de m\u00e1s de 20 mil personas que no contaban con la actualizaci\u00f3n de la credencial al inicio de la campa\u00f1a, al final se logr\u00f3 abatir de manera considerable ese n\u00famero.<\/p>\n<p>&nbsp;<\/p>\n<p>Manifest\u00f3 que 261 credenciales sin del m\u00f3dulo principal y 195 m\u00e1s en el segundo m\u00f3dulo ubicado en la plaza comercial que se encuentra en bulevar L\u00f3pez Mateos y avenida Universidad.<\/p>\n<p>&nbsp;<\/p>\n<p>Espinoza, dej\u00f3 en claro que el universo de credenciales que quedaron pendientes de entregar apenas representa el 1.12% del total de los tr\u00e1mites realizados en el distrito.<\/p>\n<p>&nbsp;<\/p>\n<p>&#8220;Que fue de 40 mil 434 durante el periodo que comprendi\u00f3 del 1 de septiembre del a\u00f1o pasado al 8 de febrero del presente a\u00f1o&#8221;, explic\u00f3<\/p>\n<p>&nbsp;<\/p>\n<p>Puntualiz\u00f3 que la garant\u00eda al derecho a la identidad es una de las principales premisas que tiene la junta distrital 8 hacia la poblaci\u00f3n, y la posibilidad de ejercer sus derechos pol\u00edtico-electorales en la pr\u00f3xima jornada electoral local del 2 de junio.<\/p>\n<p>&nbsp;<\/p>\n<p>Detall\u00f3 que toda aquella persona que haya perdido su credencial para votar y que la tenga actualizada, podr\u00e1 solicitar una reimpresi\u00f3n id\u00e9ntica a la extraviada .<\/p>\n<p>&nbsp;<\/p>\n<p>&#8220;Y as\u00ed poder participar en la elecci\u00f3n del 2 de Junio, de lo contrario no podr\u00e1 hacerlo&#8221;, extern\u00f3<\/p>\n<p>&nbsp;<\/p>\n<p>Finalmente, coment\u00f3 que la fecha l\u00edmite para solicitar este tr\u00e1mite es el 20 de Mayo, con fecha l\u00edmite para recogerla que es el 31 del mismo mes.<\/p>\n","protected":false},"excerpt":{"rendered":"<p>*Ese N\u00famero De Ciudadanos Hizo El Tr\u00e1mite De Actualizaci\u00f3n Del Documento, Pero No Fueron A Recogerlo &nbsp; &nbsp; Luego de&hellip;<\/p>\n","protected":false},"author":1,"featured_media":49708,"comment_status":"open","ping_status":"open","sticky":false,"template":"","format":"standard","meta":{"footnotes":""},"categories":[3],"tags":[],"class_list":["post-49725","post","type-post","status-publish","format-standard","has-post-thumbnail","hentry","category-tampico"],"yoast_head":"<!-- This site is optimized with the Yoast SEO plugin v27.5 - https:\/\/yoast.com\/product\/yoast-seo-wordpress\/ -->\n<title>456 CIUDADANOS DEL 8 DISTRITO NO PODR\u00c1N VOTAR; CREDENCIAL ACTUALIZADA SE FUE A LA BODEGA - EL INFORMATIVO DE TAMAULIPAS<\/title>\n<meta name=\"description\" content=\"*Ese N\u00famero De Ciudadanos Hizo El Tr\u00e1mite De Actualizaci\u00f3n Del Documento, Pero No Fueron A Recogerlo &nbsp; &nbsp; Luego de que el pasado 14 de Marzo\" \/>\n<meta name=\"robots\" content=\"index, follow, max-snippet:-1, max-image-preview:large, max-video-preview:-1\" \/>\n<link rel=\"canonical\" href=\"https:\/\/elinformativotam.com\/index.php\/2024\/03\/18\/456-ciudadanos-del-8-distrito-no-podran-votar-credencial-actualizada-se-fue-a-la-bodega\/\" \/>\n<meta property=\"og:locale\" content=\"es_MX\" \/>\n<meta property=\"og:type\" content=\"article\" \/>\n<meta property=\"og:title\" content=\"456 CIUDADANOS DEL 8 DISTRITO NO PODR\u00c1N VOTAR; CREDENCIAL ACTUALIZADA SE FUE A LA BODEGA - EL INFORMATIVO DE TAMAULIPAS\" \/>\n<meta property=\"og:description\" content=\"*Ese N\u00famero De Ciudadanos Hizo El Tr\u00e1mite De Actualizaci\u00f3n Del Documento, Pero No Fueron A Recogerlo &nbsp; &nbsp; Luego de que el pasado 14 de Marzo\" \/>\n<meta property=\"og:url\" content=\"https:\/\/elinformativotam.com\/index.php\/2024\/03\/18\/456-ciudadanos-del-8-distrito-no-podran-votar-credencial-actualizada-se-fue-a-la-bodega\/\" \/>\n<meta property=\"og:site_name\" content=\"EL INFORMATIVO DE TAMAULIPAS\" \/>\n<meta property=\"article:published_time\" content=\"2024-03-19T03:37:34+00:00\" \/>\n<meta property=\"og:image\" content=\"https:\/\/elinformativotam.com\/wp-content\/uploads\/2024\/03\/Maria-De-la-Luz-1.jpeg\" \/>\n\t<meta property=\"og:image:width\" content=\"1600\" \/>\n\t<meta property=\"og:image:height\" content=\"1204\" \/>\n\t<meta property=\"og:image:type\" content=\"image\/jpeg\" \/>\n<meta name=\"author\" content=\"El Informativo Tam\" \/>\n<meta name=\"twitter:card\" content=\"summary_large_image\" \/>\n<meta name=\"twitter:label1\" content=\"Escrito por\" \/>\n\t<meta name=\"twitter:data1\" content=\"El Informativo Tam\" \/>\n\t<meta name=\"twitter:label2\" content=\"Tiempo de lectura\" \/>\n\t<meta name=\"twitter:data2\" content=\"2 minutos\" \/>\n<script type=\"application\/ld+json\" class=\"yoast-schema-graph\">{\"@context\":\"https:\\\/\\\/schema.org\",\"@graph\":[{\"@type\":\"Article\",\"@id\":\"https:\\\/\\\/elinformativotam.com\\\/index.php\\\/2024\\\/03\\\/18\\\/456-ciudadanos-del-8-distrito-no-podran-votar-credencial-actualizada-se-fue-a-la-bodega\\\/#article\",\"isPartOf\":{\"@id\":\"https:\\\/\\\/elinformativotam.com\\\/index.php\\\/2024\\\/03\\\/18\\\/456-ciudadanos-del-8-distrito-no-podran-votar-credencial-actualizada-se-fue-a-la-bodega\\\/\"},\"author\":{\"name\":\"El Informativo Tam\",\"@id\":\"https:\\\/\\\/elinformativotam.com\\\/#\\\/schema\\\/person\\\/78e08040eed0f6110f0c5f83b6153590\"},\"headline\":\"456 CIUDADANOS DEL 8 DISTRITO NO PODR\u00c1N VOTAR; CREDENCIAL ACTUALIZADA SE FUE A LA BODEGA\",\"datePublished\":\"2024-03-19T03:37:34+00:00\",\"mainEntityOfPage\":{\"@id\":\"https:\\\/\\\/elinformativotam.com\\\/index.php\\\/2024\\\/03\\\/18\\\/456-ciudadanos-del-8-distrito-no-podran-votar-credencial-actualizada-se-fue-a-la-bodega\\\/\"},\"wordCount\":386,\"commentCount\":0,\"publisher\":{\"@id\":\"https:\\\/\\\/elinformativotam.com\\\/#organization\"},\"image\":{\"@id\":\"https:\\\/\\\/elinformativotam.com\\\/index.php\\\/2024\\\/03\\\/18\\\/456-ciudadanos-del-8-distrito-no-podran-votar-credencial-actualizada-se-fue-a-la-bodega\\\/#primaryimage\"},\"thumbnailUrl\":\"https:\\\/\\\/elinformativotam.com\\\/wp-content\\\/uploads\\\/2024\\\/03\\\/Maria-De-la-Luz-1.jpeg\",\"articleSection\":[\"Tampico\"],\"inLanguage\":\"es\",\"potentialAction\":[{\"@type\":\"CommentAction\",\"name\":\"Comment\",\"target\":[\"https:\\\/\\\/elinformativotam.com\\\/index.php\\\/2024\\\/03\\\/18\\\/456-ciudadanos-del-8-distrito-no-podran-votar-credencial-actualizada-se-fue-a-la-bodega\\\/#respond\"]}]},{\"@type\":\"WebPage\",\"@id\":\"https:\\\/\\\/elinformativotam.com\\\/index.php\\\/2024\\\/03\\\/18\\\/456-ciudadanos-del-8-distrito-no-podran-votar-credencial-actualizada-se-fue-a-la-bodega\\\/\",\"url\":\"https:\\\/\\\/elinformativotam.com\\\/index.php\\\/2024\\\/03\\\/18\\\/456-ciudadanos-del-8-distrito-no-podran-votar-credencial-actualizada-se-fue-a-la-bodega\\\/\",\"name\":\"456 CIUDADANOS DEL 8 DISTRITO NO PODR\u00c1N VOTAR; CREDENCIAL ACTUALIZADA SE FUE A LA BODEGA - EL INFORMATIVO DE TAMAULIPAS\",\"isPartOf\":{\"@id\":\"https:\\\/\\\/elinformativotam.com\\\/#website\"},\"primaryImageOfPage\":{\"@id\":\"https:\\\/\\\/elinformativotam.com\\\/index.php\\\/2024\\\/03\\\/18\\\/456-ciudadanos-del-8-distrito-no-podran-votar-credencial-actualizada-se-fue-a-la-bodega\\\/#primaryimage\"},\"image\":{\"@id\":\"https:\\\/\\\/elinformativotam.com\\\/index.php\\\/2024\\\/03\\\/18\\\/456-ciudadanos-del-8-distrito-no-podran-votar-credencial-actualizada-se-fue-a-la-bodega\\\/#primaryimage\"},\"thumbnailUrl\":\"https:\\\/\\\/elinformativotam.com\\\/wp-content\\\/uploads\\\/2024\\\/03\\\/Maria-De-la-Luz-1.jpeg\",\"datePublished\":\"2024-03-19T03:37:34+00:00\",\"description\":\"*Ese N\u00famero De Ciudadanos Hizo El Tr\u00e1mite De Actualizaci\u00f3n Del Documento, Pero No Fueron A Recogerlo &nbsp; &nbsp; Luego de que el pasado 14 de Marzo\",\"inLanguage\":\"es\",\"potentialAction\":[{\"@type\":\"ReadAction\",\"target\":[\"https:\\\/\\\/elinformativotam.com\\\/index.php\\\/2024\\\/03\\\/18\\\/456-ciudadanos-del-8-distrito-no-podran-votar-credencial-actualizada-se-fue-a-la-bodega\\\/\"]}]},{\"@type\":\"ImageObject\",\"inLanguage\":\"es\",\"@id\":\"https:\\\/\\\/elinformativotam.com\\\/index.php\\\/2024\\\/03\\\/18\\\/456-ciudadanos-del-8-distrito-no-podran-votar-credencial-actualizada-se-fue-a-la-bodega\\\/#primaryimage\",\"url\":\"https:\\\/\\\/elinformativotam.com\\\/wp-content\\\/uploads\\\/2024\\\/03\\\/Maria-De-la-Luz-1.jpeg\",\"contentUrl\":\"https:\\\/\\\/elinformativotam.com\\\/wp-content\\\/uploads\\\/2024\\\/03\\\/Maria-De-la-Luz-1.jpeg\",\"width\":1600,\"height\":1204},{\"@type\":\"WebSite\",\"@id\":\"https:\\\/\\\/elinformativotam.com\\\/#website\",\"url\":\"https:\\\/\\\/elinformativotam.com\\\/\",\"name\":\"EL INFORMATIVO DE TAMAULIPAS\",\"description\":\"Desde la Zona Metropolitana Para Todo M\u00e9xico\",\"publisher\":{\"@id\":\"https:\\\/\\\/elinformativotam.com\\\/#organization\"},\"potentialAction\":[{\"@type\":\"SearchAction\",\"target\":{\"@type\":\"EntryPoint\",\"urlTemplate\":\"https:\\\/\\\/elinformativotam.com\\\/?s={search_term_string}\"},\"query-input\":{\"@type\":\"PropertyValueSpecification\",\"valueRequired\":true,\"valueName\":\"search_term_string\"}}],\"inLanguage\":\"es\"},{\"@type\":\"Organization\",\"@id\":\"https:\\\/\\\/elinformativotam.com\\\/#organization\",\"name\":\"EL INFORMATIVO DE TAMAULIPAS\",\"url\":\"https:\\\/\\\/elinformativotam.com\\\/\",\"logo\":{\"@type\":\"ImageObject\",\"inLanguage\":\"es\",\"@id\":\"https:\\\/\\\/elinformativotam.com\\\/#\\\/schema\\\/logo\\\/image\\\/\",\"url\":\"https:\\\/\\\/elinformativotam.com\\\/wp-content\\\/uploads\\\/2026\\\/02\\\/Cabezal.png\",\"contentUrl\":\"https:\\\/\\\/elinformativotam.com\\\/wp-content\\\/uploads\\\/2026\\\/02\\\/Cabezal.png\",\"width\":960,\"height\":640,\"caption\":\"EL INFORMATIVO DE TAMAULIPAS\"},\"image\":{\"@id\":\"https:\\\/\\\/elinformativotam.com\\\/#\\\/schema\\\/logo\\\/image\\\/\"}},{\"@type\":\"Person\",\"@id\":\"https:\\\/\\\/elinformativotam.com\\\/#\\\/schema\\\/person\\\/78e08040eed0f6110f0c5f83b6153590\",\"name\":\"El Informativo Tam\",\"image\":{\"@type\":\"ImageObject\",\"inLanguage\":\"es\",\"@id\":\"https:\\\/\\\/secure.gravatar.com\\\/avatar\\\/f3b7ad3af540688955925ac610647be00b0cf41feea9c4978b73a707ee86bc53?s=96&d=mm&r=g\",\"url\":\"https:\\\/\\\/secure.gravatar.com\\\/avatar\\\/f3b7ad3af540688955925ac610647be00b0cf41feea9c4978b73a707ee86bc53?s=96&d=mm&r=g\",\"contentUrl\":\"https:\\\/\\\/secure.gravatar.com\\\/avatar\\\/f3b7ad3af540688955925ac610647be00b0cf41feea9c4978b73a707ee86bc53?s=96&d=mm&r=g\",\"caption\":\"El Informativo Tam\"}}]}<\/script>\n<!-- \/ Yoast SEO plugin. -->","yoast_head_json":{"title":"456 CIUDADANOS DEL 8 DISTRITO NO PODR\u00c1N VOTAR; CREDENCIAL ACTUALIZADA SE FUE A LA BODEGA - EL INFORMATIVO DE TAMAULIPAS","description":"*Ese N\u00famero De Ciudadanos Hizo El Tr\u00e1mite De Actualizaci\u00f3n Del Documento, Pero No Fueron A Recogerlo &nbsp; &nbsp; Luego de que el pasado 14 de Marzo","robots":{"index":"index","follow":"follow","max-snippet":"max-snippet:-1","max-image-preview":"max-image-preview:large","max-video-preview":"max-video-preview:-1"},"canonical":"https:\/\/elinformativotam.com\/index.php\/2024\/03\/18\/456-ciudadanos-del-8-distrito-no-podran-votar-credencial-actualizada-se-fue-a-la-bodega\/","og_locale":"es_MX","og_type":"article","og_title":"456 CIUDADANOS DEL 8 DISTRITO NO PODR\u00c1N VOTAR; CREDENCIAL ACTUALIZADA SE FUE A LA BODEGA - EL INFORMATIVO DE TAMAULIPAS","og_description":"*Ese N\u00famero De Ciudadanos Hizo El Tr\u00e1mite De Actualizaci\u00f3n Del Documento, Pero No Fueron A Recogerlo &nbsp; &nbsp; Luego de que el pasado 14 de Marzo","og_url":"https:\/\/elinformativotam.com\/index.php\/2024\/03\/18\/456-ciudadanos-del-8-distrito-no-podran-votar-credencial-actualizada-se-fue-a-la-bodega\/","og_site_name":"EL INFORMATIVO DE TAMAULIPAS","article_published_time":"2024-03-19T03:37:34+00:00","og_image":[{"width":1600,"height":1204,"url":"https:\/\/elinformativotam.com\/wp-content\/uploads\/2024\/03\/Maria-De-la-Luz-1.jpeg","type":"image\/jpeg"}],"author":"El Informativo Tam","twitter_card":"summary_large_image","twitter_misc":{"Escrito por":"El Informativo Tam","Tiempo de lectura":"2 minutos"},"schema":{"@context":"https:\/\/schema.org","@graph":[{"@type":"Article","@id":"https:\/\/elinformativotam.com\/index.php\/2024\/03\/18\/456-ciudadanos-del-8-distrito-no-podran-votar-credencial-actualizada-se-fue-a-la-bodega\/#article","isPartOf":{"@id":"https:\/\/elinformativotam.com\/index.php\/2024\/03\/18\/456-ciudadanos-del-8-distrito-no-podran-votar-credencial-actualizada-se-fue-a-la-bodega\/"},"author":{"name":"El Informativo Tam","@id":"https:\/\/elinformativotam.com\/#\/schema\/person\/78e08040eed0f6110f0c5f83b6153590"},"headline":"456 CIUDADANOS DEL 8 DISTRITO NO PODR\u00c1N VOTAR; CREDENCIAL ACTUALIZADA SE FUE A LA BODEGA","datePublished":"2024-03-19T03:37:34+00:00","mainEntityOfPage":{"@id":"https:\/\/elinformativotam.com\/index.php\/2024\/03\/18\/456-ciudadanos-del-8-distrito-no-podran-votar-credencial-actualizada-se-fue-a-la-bodega\/"},"wordCount":386,"commentCount":0,"publisher":{"@id":"https:\/\/elinformativotam.com\/#organization"},"image":{"@id":"https:\/\/elinformativotam.com\/index.php\/2024\/03\/18\/456-ciudadanos-del-8-distrito-no-podran-votar-credencial-actualizada-se-fue-a-la-bodega\/#primaryimage"},"thumbnailUrl":"https:\/\/elinformativotam.com\/wp-content\/uploads\/2024\/03\/Maria-De-la-Luz-1.jpeg","articleSection":["Tampico"],"inLanguage":"es","potentialAction":[{"@type":"CommentAction","name":"Comment","target":["https:\/\/elinformativotam.com\/index.php\/2024\/03\/18\/456-ciudadanos-del-8-distrito-no-podran-votar-credencial-actualizada-se-fue-a-la-bodega\/#respond"]}]},{"@type":"WebPage","@id":"https:\/\/elinformativotam.com\/index.php\/2024\/03\/18\/456-ciudadanos-del-8-distrito-no-podran-votar-credencial-actualizada-se-fue-a-la-bodega\/","url":"https:\/\/elinformativotam.com\/index.php\/2024\/03\/18\/456-ciudadanos-del-8-distrito-no-podran-votar-credencial-actualizada-se-fue-a-la-bodega\/","name":"456 CIUDADANOS DEL 8 DISTRITO NO PODR\u00c1N VOTAR; CREDENCIAL ACTUALIZADA SE FUE A LA BODEGA - EL INFORMATIVO DE TAMAULIPAS","isPartOf":{"@id":"https:\/\/elinformativotam.com\/#website"},"primaryImageOfPage":{"@id":"https:\/\/elinformativotam.com\/index.php\/2024\/03\/18\/456-ciudadanos-del-8-distrito-no-podran-votar-credencial-actualizada-se-fue-a-la-bodega\/#primaryimage"},"image":{"@id":"https:\/\/elinformativotam.com\/index.php\/2024\/03\/18\/456-ciudadanos-del-8-distrito-no-podran-votar-credencial-actualizada-se-fue-a-la-bodega\/#primaryimage"},"thumbnailUrl":"https:\/\/elinformativotam.com\/wp-content\/uploads\/2024\/03\/Maria-De-la-Luz-1.jpeg","datePublished":"2024-03-19T03:37:34+00:00","description":"*Ese N\u00famero De Ciudadanos Hizo El Tr\u00e1mite De Actualizaci\u00f3n Del Documento, Pero No Fueron A Recogerlo &nbsp; &nbsp; Luego de que el pasado 14 de Marzo","inLanguage":"es","potentialAction":[{"@type":"ReadAction","target":["https:\/\/elinformativotam.com\/index.php\/2024\/03\/18\/456-ciudadanos-del-8-distrito-no-podran-votar-credencial-actualizada-se-fue-a-la-bodega\/"]}]},{"@type":"ImageObject","inLanguage":"es","@id":"https:\/\/elinformativotam.com\/index.php\/2024\/03\/18\/456-ciudadanos-del-8-distrito-no-podran-votar-credencial-actualizada-se-fue-a-la-bodega\/#primaryimage","url":"https:\/\/elinformativotam.com\/wp-content\/uploads\/2024\/03\/Maria-De-la-Luz-1.jpeg","contentUrl":"https:\/\/elinformativotam.com\/wp-content\/uploads\/2024\/03\/Maria-De-la-Luz-1.jpeg","width":1600,"height":1204},{"@type":"WebSite","@id":"https:\/\/elinformativotam.com\/#website","url":"https:\/\/elinformativotam.com\/","name":"EL INFORMATIVO DE TAMAULIPAS","description":"Desde la Zona Metropolitana Para Todo M\u00e9xico","publisher":{"@id":"https:\/\/elinformativotam.com\/#organization"},"potentialAction":[{"@type":"SearchAction","target":{"@type":"EntryPoint","urlTemplate":"https:\/\/elinformativotam.com\/?s={search_term_string}"},"query-input":{"@type":"PropertyValueSpecification","valueRequired":true,"valueName":"search_term_string"}}],"inLanguage":"es"},{"@type":"Organization","@id":"https:\/\/elinformativotam.com\/#organization","name":"EL INFORMATIVO DE TAMAULIPAS","url":"https:\/\/elinformativotam.com\/","logo":{"@type":"ImageObject","inLanguage":"es","@id":"https:\/\/elinformativotam.com\/#\/schema\/logo\/image\/","url":"https:\/\/elinformativotam.com\/wp-content\/uploads\/2026\/02\/Cabezal.png","contentUrl":"https:\/\/elinformativotam.com\/wp-content\/uploads\/2026\/02\/Cabezal.png","width":960,"height":640,"caption":"EL INFORMATIVO DE TAMAULIPAS"},"image":{"@id":"https:\/\/elinformativotam.com\/#\/schema\/logo\/image\/"}},{"@type":"Person","@id":"https:\/\/elinformativotam.com\/#\/schema\/person\/78e08040eed0f6110f0c5f83b6153590","name":"El Informativo Tam","image":{"@type":"ImageObject","inLanguage":"es","@id":"https:\/\/secure.gravatar.com\/avatar\/f3b7ad3af540688955925ac610647be00b0cf41feea9c4978b73a707ee86bc53?s=96&d=mm&r=g","url":"https:\/\/secure.gravatar.com\/avatar\/f3b7ad3af540688955925ac610647be00b0cf41feea9c4978b73a707ee86bc53?s=96&d=mm&r=g","contentUrl":"https:\/\/secure.gravatar.com\/avatar\/f3b7ad3af540688955925ac610647be00b0cf41feea9c4978b73a707ee86bc53?s=96&d=mm&r=g","caption":"El Informativo Tam"}}]}},"_links":{"self":[{"href":"https:\/\/elinformativotam.com\/index.php\/wp-json\/wp\/v2\/posts\/49725","targetHints":{"allow":["GET"]}}],"collection":[{"href":"https:\/\/elinformativotam.com\/index.php\/wp-json\/wp\/v2\/posts"}],"about":[{"href":"https:\/\/elinformativotam.com\/index.php\/wp-json\/wp\/v2\/types\/post"}],"author":[{"embeddable":true,"href":"https:\/\/elinformativotam.com\/index.php\/wp-json\/wp\/v2\/users\/1"}],"replies":[{"embeddable":true,"href":"https:\/\/elinformativotam.com\/index.php\/wp-json\/wp\/v2\/comments?post=49725"}],"version-history":[{"count":1,"href":"https:\/\/elinformativotam.com\/index.php\/wp-json\/wp\/v2\/posts\/49725\/revisions"}],"predecessor-version":[{"id":49726,"href":"https:\/\/elinformativotam.com\/index.php\/wp-json\/wp\/v2\/posts\/49725\/revisions\/49726"}],"wp:featuredmedia":[{"embeddable":true,"href":"https:\/\/elinformativotam.com\/index.php\/wp-json\/wp\/v2\/media\/49708"}],"wp:attachment":[{"href":"https:\/\/elinformativotam.com\/index.php\/wp-json\/wp\/v2\/media?parent=49725"}],"wp:term":[{"taxonomy":"category","embeddable":true,"href":"https:\/\/elinformativotam.com\/index.php\/wp-json\/wp\/v2\/categories?post=49725"},{"taxonomy":"post_tag","embeddable":true,"href":"https:\/\/elinformativotam.com\/index.php\/wp-json\/wp\/v2\/tags?post=49725"}],"curies":[{"name":"wp","href":"https:\/\/api.w.org\/{rel}","templated":true}]}}