{"id":49723,"date":"2024-03-18T21:34:58","date_gmt":"2024-03-19T03:34:58","guid":{"rendered":"https:\/\/elinformativotam.com\/?p=49723"},"modified":"2024-03-18T21:34:58","modified_gmt":"2024-03-19T03:34:58","slug":"tiene-zona-sur-condiciones-para-aterrizar-proyecto-de-planta-desalinizadora","status":"publish","type":"post","link":"https:\/\/elinformativotam.com\/index.php\/2024\/03\/18\/tiene-zona-sur-condiciones-para-aterrizar-proyecto-de-planta-desalinizadora\/","title":{"rendered":"TIENE ZONA SUR CONDICIONES PARA ATERRIZAR PROYECTO DE PLANTA DESALINIZADORA"},"content":{"rendered":"<h2 style=\"text-align: center;\"><em><span style=\"font-family: 'times new roman', times;\">*Con Eso Se Acabar\u00eda El Problema De La Falta De Lluvias Y El Adecuado Abasto Del Vital L\u00edquido En La Regi\u00f3n<\/span><\/em><\/h2>\n<p>&nbsp;<\/p>\n<p>&nbsp;<\/p>\n<p>El agua del mar es una opci\u00f3n para solucionar el problema de la falta de lluvias en la zona sur, y una propuesta es que se construya una planta desalinizadora que permita abastecer el vital l\u00edquido, se\u00f1al\u00f3 el representante de la Asociaci\u00f3n de Profesionistas del Tec de Madero, Rutilo Ru\u00edz Vigil.<\/p>\n<p>&nbsp;<\/p>\n<p>Explic\u00f3 que al igual que pa\u00edses del primer mundo, donde esta tecnolog\u00eda ya se ha implementado y que ha generado resultados satisfactorios, en la zona sur ser\u00eda una buena opci\u00f3n.<\/p>\n<p>&nbsp;<\/p>\n<p>El profesionista de la regi\u00f3n expres\u00f3 que la poblaci\u00f3n ya no quiere volver a vivir, pero sobre todo usar agua salobre en sus viviendas.<\/p>\n<p>&nbsp;<\/p>\n<p>Destac\u00f3 que debido a esa problem\u00e1tica que se tuvo que sortear en el 2021, la asociaci\u00f3n de profesionistas envi\u00f3 una propuesta de proyecto a la CNA para tener una planta desaladora, especial y costosa pero es una opci\u00f3n&#8221;.<\/p>\n<p>&nbsp;<\/p>\n<p>Ru\u00edz, dejo en claro que ante la crisis por la falta de precipitaciones pluviales, el agua del Golfo de M\u00e9xico es una opci\u00f3n<\/p>\n<p>&nbsp;<\/p>\n<p>&#8220;Hicimos una propuesta, volteamos al mar sugerimos a la Comisi\u00f3n Nacional del Agua en M\u00e9xico una planta desaladora, especial y costosa pero es una opci\u00f3n&#8221;, remarc\u00f3<\/p>\n<p>&nbsp;<\/p>\n<p>Indic\u00f3 que a\u00fan y cuando esta clase de proyectos es una opci\u00f3n de soluci\u00f3n, tambi\u00e9n subray\u00f3 la necesidad de que la poblaci\u00f3n sigua con el uso racional del vital l\u00edquido.<\/p>\n<p>&nbsp;<\/p>\n<p>&nbsp;<\/p>\n","protected":false},"excerpt":{"rendered":"<p>*Con Eso Se Acabar\u00eda El Problema De La Falta De Lluvias Y El Adecuado Abasto Del Vital L\u00edquido En La&hellip;<\/p>\n","protected":false},"author":1,"featured_media":49707,"comment_status":"open","ping_status":"open","sticky":false,"template":"","format":"standard","meta":{"footnotes":""},"categories":[3],"tags":[],"class_list":["post-49723","post","type-post","status-publish","format-standard","has-post-thumbnail","hentry","category-tampico"],"yoast_head":"<!-- This site is optimized with the Yoast SEO plugin v27.5 - https:\/\/yoast.com\/product\/yoast-seo-wordpress\/ -->\n<title>TIENE ZONA SUR CONDICIONES PARA ATERRIZAR PROYECTO DE PLANTA DESALINIZADORA - EL INFORMATIVO DE TAMAULIPAS<\/title>\n<meta name=\"description\" content=\"*Con Eso Se Acabar\u00eda El Problema De La Falta De Lluvias Y El Adecuado Abasto Del Vital L\u00edquido En La Regi\u00f3n &nbsp; &nbsp; El agua del mar es una opci\u00f3n\" \/>\n<meta name=\"robots\" content=\"index, follow, max-snippet:-1, max-image-preview:large, max-video-preview:-1\" \/>\n<link rel=\"canonical\" href=\"https:\/\/elinformativotam.com\/index.php\/2024\/03\/18\/tiene-zona-sur-condiciones-para-aterrizar-proyecto-de-planta-desalinizadora\/\" \/>\n<meta property=\"og:locale\" content=\"es_MX\" \/>\n<meta property=\"og:type\" content=\"article\" \/>\n<meta property=\"og:title\" content=\"TIENE ZONA SUR CONDICIONES PARA ATERRIZAR PROYECTO DE PLANTA DESALINIZADORA - EL INFORMATIVO DE TAMAULIPAS\" \/>\n<meta property=\"og:description\" content=\"*Con Eso Se Acabar\u00eda El Problema De La Falta De Lluvias Y El Adecuado Abasto Del Vital L\u00edquido En La Regi\u00f3n &nbsp; &nbsp; El agua del mar es una opci\u00f3n\" \/>\n<meta property=\"og:url\" content=\"https:\/\/elinformativotam.com\/index.php\/2024\/03\/18\/tiene-zona-sur-condiciones-para-aterrizar-proyecto-de-planta-desalinizadora\/\" \/>\n<meta property=\"og:site_name\" content=\"EL INFORMATIVO DE TAMAULIPAS\" \/>\n<meta property=\"article:published_time\" content=\"2024-03-19T03:34:58+00:00\" \/>\n<meta property=\"og:image\" content=\"https:\/\/elinformativotam.com\/wp-content\/uploads\/2024\/03\/Rutilo.jpeg\" \/>\n\t<meta property=\"og:image:width\" content=\"1600\" \/>\n\t<meta property=\"og:image:height\" content=\"1204\" \/>\n\t<meta property=\"og:image:type\" content=\"image\/jpeg\" \/>\n<meta name=\"author\" content=\"El Informativo Tam\" \/>\n<meta name=\"twitter:card\" content=\"summary_large_image\" \/>\n<meta name=\"twitter:label1\" content=\"Escrito por\" \/>\n\t<meta name=\"twitter:data1\" content=\"El Informativo Tam\" \/>\n\t<meta name=\"twitter:label2\" content=\"Tiempo de lectura\" \/>\n\t<meta name=\"twitter:data2\" content=\"2 minutos\" \/>\n<script type=\"application\/ld+json\" class=\"yoast-schema-graph\">{\"@context\":\"https:\\\/\\\/schema.org\",\"@graph\":[{\"@type\":\"Article\",\"@id\":\"https:\\\/\\\/elinformativotam.com\\\/index.php\\\/2024\\\/03\\\/18\\\/tiene-zona-sur-condiciones-para-aterrizar-proyecto-de-planta-desalinizadora\\\/#article\",\"isPartOf\":{\"@id\":\"https:\\\/\\\/elinformativotam.com\\\/index.php\\\/2024\\\/03\\\/18\\\/tiene-zona-sur-condiciones-para-aterrizar-proyecto-de-planta-desalinizadora\\\/\"},\"author\":{\"name\":\"El Informativo Tam\",\"@id\":\"https:\\\/\\\/elinformativotam.com\\\/#\\\/schema\\\/person\\\/78e08040eed0f6110f0c5f83b6153590\"},\"headline\":\"TIENE ZONA SUR CONDICIONES PARA ATERRIZAR PROYECTO DE PLANTA DESALINIZADORA\",\"datePublished\":\"2024-03-19T03:34:58+00:00\",\"mainEntityOfPage\":{\"@id\":\"https:\\\/\\\/elinformativotam.com\\\/index.php\\\/2024\\\/03\\\/18\\\/tiene-zona-sur-condiciones-para-aterrizar-proyecto-de-planta-desalinizadora\\\/\"},\"wordCount\":291,\"commentCount\":0,\"publisher\":{\"@id\":\"https:\\\/\\\/elinformativotam.com\\\/#organization\"},\"image\":{\"@id\":\"https:\\\/\\\/elinformativotam.com\\\/index.php\\\/2024\\\/03\\\/18\\\/tiene-zona-sur-condiciones-para-aterrizar-proyecto-de-planta-desalinizadora\\\/#primaryimage\"},\"thumbnailUrl\":\"https:\\\/\\\/elinformativotam.com\\\/wp-content\\\/uploads\\\/2024\\\/03\\\/Rutilo.jpeg\",\"articleSection\":[\"Tampico\"],\"inLanguage\":\"es\",\"potentialAction\":[{\"@type\":\"CommentAction\",\"name\":\"Comment\",\"target\":[\"https:\\\/\\\/elinformativotam.com\\\/index.php\\\/2024\\\/03\\\/18\\\/tiene-zona-sur-condiciones-para-aterrizar-proyecto-de-planta-desalinizadora\\\/#respond\"]}]},{\"@type\":\"WebPage\",\"@id\":\"https:\\\/\\\/elinformativotam.com\\\/index.php\\\/2024\\\/03\\\/18\\\/tiene-zona-sur-condiciones-para-aterrizar-proyecto-de-planta-desalinizadora\\\/\",\"url\":\"https:\\\/\\\/elinformativotam.com\\\/index.php\\\/2024\\\/03\\\/18\\\/tiene-zona-sur-condiciones-para-aterrizar-proyecto-de-planta-desalinizadora\\\/\",\"name\":\"TIENE ZONA SUR CONDICIONES PARA ATERRIZAR PROYECTO DE PLANTA DESALINIZADORA - EL INFORMATIVO DE TAMAULIPAS\",\"isPartOf\":{\"@id\":\"https:\\\/\\\/elinformativotam.com\\\/#website\"},\"primaryImageOfPage\":{\"@id\":\"https:\\\/\\\/elinformativotam.com\\\/index.php\\\/2024\\\/03\\\/18\\\/tiene-zona-sur-condiciones-para-aterrizar-proyecto-de-planta-desalinizadora\\\/#primaryimage\"},\"image\":{\"@id\":\"https:\\\/\\\/elinformativotam.com\\\/index.php\\\/2024\\\/03\\\/18\\\/tiene-zona-sur-condiciones-para-aterrizar-proyecto-de-planta-desalinizadora\\\/#primaryimage\"},\"thumbnailUrl\":\"https:\\\/\\\/elinformativotam.com\\\/wp-content\\\/uploads\\\/2024\\\/03\\\/Rutilo.jpeg\",\"datePublished\":\"2024-03-19T03:34:58+00:00\",\"description\":\"*Con Eso Se Acabar\u00eda El Problema De La Falta De Lluvias Y El Adecuado Abasto Del Vital L\u00edquido En La Regi\u00f3n &nbsp; &nbsp; El agua del mar es una opci\u00f3n\",\"inLanguage\":\"es\",\"potentialAction\":[{\"@type\":\"ReadAction\",\"target\":[\"https:\\\/\\\/elinformativotam.com\\\/index.php\\\/2024\\\/03\\\/18\\\/tiene-zona-sur-condiciones-para-aterrizar-proyecto-de-planta-desalinizadora\\\/\"]}]},{\"@type\":\"ImageObject\",\"inLanguage\":\"es\",\"@id\":\"https:\\\/\\\/elinformativotam.com\\\/index.php\\\/2024\\\/03\\\/18\\\/tiene-zona-sur-condiciones-para-aterrizar-proyecto-de-planta-desalinizadora\\\/#primaryimage\",\"url\":\"https:\\\/\\\/elinformativotam.com\\\/wp-content\\\/uploads\\\/2024\\\/03\\\/Rutilo.jpeg\",\"contentUrl\":\"https:\\\/\\\/elinformativotam.com\\\/wp-content\\\/uploads\\\/2024\\\/03\\\/Rutilo.jpeg\",\"width\":1600,\"height\":1204},{\"@type\":\"WebSite\",\"@id\":\"https:\\\/\\\/elinformativotam.com\\\/#website\",\"url\":\"https:\\\/\\\/elinformativotam.com\\\/\",\"name\":\"EL INFORMATIVO DE TAMAULIPAS\",\"description\":\"Desde la Zona Metropolitana Para Todo M\u00e9xico\",\"publisher\":{\"@id\":\"https:\\\/\\\/elinformativotam.com\\\/#organization\"},\"potentialAction\":[{\"@type\":\"SearchAction\",\"target\":{\"@type\":\"EntryPoint\",\"urlTemplate\":\"https:\\\/\\\/elinformativotam.com\\\/?s={search_term_string}\"},\"query-input\":{\"@type\":\"PropertyValueSpecification\",\"valueRequired\":true,\"valueName\":\"search_term_string\"}}],\"inLanguage\":\"es\"},{\"@type\":\"Organization\",\"@id\":\"https:\\\/\\\/elinformativotam.com\\\/#organization\",\"name\":\"EL INFORMATIVO DE TAMAULIPAS\",\"url\":\"https:\\\/\\\/elinformativotam.com\\\/\",\"logo\":{\"@type\":\"ImageObject\",\"inLanguage\":\"es\",\"@id\":\"https:\\\/\\\/elinformativotam.com\\\/#\\\/schema\\\/logo\\\/image\\\/\",\"url\":\"https:\\\/\\\/elinformativotam.com\\\/wp-content\\\/uploads\\\/2026\\\/02\\\/Cabezal.png\",\"contentUrl\":\"https:\\\/\\\/elinformativotam.com\\\/wp-content\\\/uploads\\\/2026\\\/02\\\/Cabezal.png\",\"width\":960,\"height\":640,\"caption\":\"EL INFORMATIVO DE TAMAULIPAS\"},\"image\":{\"@id\":\"https:\\\/\\\/elinformativotam.com\\\/#\\\/schema\\\/logo\\\/image\\\/\"}},{\"@type\":\"Person\",\"@id\":\"https:\\\/\\\/elinformativotam.com\\\/#\\\/schema\\\/person\\\/78e08040eed0f6110f0c5f83b6153590\",\"name\":\"El Informativo Tam\",\"image\":{\"@type\":\"ImageObject\",\"inLanguage\":\"es\",\"@id\":\"https:\\\/\\\/secure.gravatar.com\\\/avatar\\\/f3b7ad3af540688955925ac610647be00b0cf41feea9c4978b73a707ee86bc53?s=96&d=mm&r=g\",\"url\":\"https:\\\/\\\/secure.gravatar.com\\\/avatar\\\/f3b7ad3af540688955925ac610647be00b0cf41feea9c4978b73a707ee86bc53?s=96&d=mm&r=g\",\"contentUrl\":\"https:\\\/\\\/secure.gravatar.com\\\/avatar\\\/f3b7ad3af540688955925ac610647be00b0cf41feea9c4978b73a707ee86bc53?s=96&d=mm&r=g\",\"caption\":\"El Informativo Tam\"}}]}<\/script>\n<!-- \/ Yoast SEO plugin. -->","yoast_head_json":{"title":"TIENE ZONA SUR CONDICIONES PARA ATERRIZAR PROYECTO DE PLANTA DESALINIZADORA - EL INFORMATIVO DE TAMAULIPAS","description":"*Con Eso Se Acabar\u00eda El Problema De La Falta De Lluvias Y El Adecuado Abasto Del Vital L\u00edquido En La Regi\u00f3n &nbsp; &nbsp; El agua del mar es una opci\u00f3n","robots":{"index":"index","follow":"follow","max-snippet":"max-snippet:-1","max-image-preview":"max-image-preview:large","max-video-preview":"max-video-preview:-1"},"canonical":"https:\/\/elinformativotam.com\/index.php\/2024\/03\/18\/tiene-zona-sur-condiciones-para-aterrizar-proyecto-de-planta-desalinizadora\/","og_locale":"es_MX","og_type":"article","og_title":"TIENE ZONA SUR CONDICIONES PARA ATERRIZAR PROYECTO DE PLANTA DESALINIZADORA - EL INFORMATIVO DE TAMAULIPAS","og_description":"*Con Eso Se Acabar\u00eda El Problema De La Falta De Lluvias Y El Adecuado Abasto Del Vital L\u00edquido En La Regi\u00f3n &nbsp; &nbsp; El agua del mar es una opci\u00f3n","og_url":"https:\/\/elinformativotam.com\/index.php\/2024\/03\/18\/tiene-zona-sur-condiciones-para-aterrizar-proyecto-de-planta-desalinizadora\/","og_site_name":"EL INFORMATIVO DE TAMAULIPAS","article_published_time":"2024-03-19T03:34:58+00:00","og_image":[{"width":1600,"height":1204,"url":"https:\/\/elinformativotam.com\/wp-content\/uploads\/2024\/03\/Rutilo.jpeg","type":"image\/jpeg"}],"author":"El Informativo Tam","twitter_card":"summary_large_image","twitter_misc":{"Escrito por":"El Informativo Tam","Tiempo de lectura":"2 minutos"},"schema":{"@context":"https:\/\/schema.org","@graph":[{"@type":"Article","@id":"https:\/\/elinformativotam.com\/index.php\/2024\/03\/18\/tiene-zona-sur-condiciones-para-aterrizar-proyecto-de-planta-desalinizadora\/#article","isPartOf":{"@id":"https:\/\/elinformativotam.com\/index.php\/2024\/03\/18\/tiene-zona-sur-condiciones-para-aterrizar-proyecto-de-planta-desalinizadora\/"},"author":{"name":"El Informativo Tam","@id":"https:\/\/elinformativotam.com\/#\/schema\/person\/78e08040eed0f6110f0c5f83b6153590"},"headline":"TIENE ZONA SUR CONDICIONES PARA ATERRIZAR PROYECTO DE PLANTA DESALINIZADORA","datePublished":"2024-03-19T03:34:58+00:00","mainEntityOfPage":{"@id":"https:\/\/elinformativotam.com\/index.php\/2024\/03\/18\/tiene-zona-sur-condiciones-para-aterrizar-proyecto-de-planta-desalinizadora\/"},"wordCount":291,"commentCount":0,"publisher":{"@id":"https:\/\/elinformativotam.com\/#organization"},"image":{"@id":"https:\/\/elinformativotam.com\/index.php\/2024\/03\/18\/tiene-zona-sur-condiciones-para-aterrizar-proyecto-de-planta-desalinizadora\/#primaryimage"},"thumbnailUrl":"https:\/\/elinformativotam.com\/wp-content\/uploads\/2024\/03\/Rutilo.jpeg","articleSection":["Tampico"],"inLanguage":"es","potentialAction":[{"@type":"CommentAction","name":"Comment","target":["https:\/\/elinformativotam.com\/index.php\/2024\/03\/18\/tiene-zona-sur-condiciones-para-aterrizar-proyecto-de-planta-desalinizadora\/#respond"]}]},{"@type":"WebPage","@id":"https:\/\/elinformativotam.com\/index.php\/2024\/03\/18\/tiene-zona-sur-condiciones-para-aterrizar-proyecto-de-planta-desalinizadora\/","url":"https:\/\/elinformativotam.com\/index.php\/2024\/03\/18\/tiene-zona-sur-condiciones-para-aterrizar-proyecto-de-planta-desalinizadora\/","name":"TIENE ZONA SUR CONDICIONES PARA ATERRIZAR PROYECTO DE PLANTA DESALINIZADORA - EL INFORMATIVO DE TAMAULIPAS","isPartOf":{"@id":"https:\/\/elinformativotam.com\/#website"},"primaryImageOfPage":{"@id":"https:\/\/elinformativotam.com\/index.php\/2024\/03\/18\/tiene-zona-sur-condiciones-para-aterrizar-proyecto-de-planta-desalinizadora\/#primaryimage"},"image":{"@id":"https:\/\/elinformativotam.com\/index.php\/2024\/03\/18\/tiene-zona-sur-condiciones-para-aterrizar-proyecto-de-planta-desalinizadora\/#primaryimage"},"thumbnailUrl":"https:\/\/elinformativotam.com\/wp-content\/uploads\/2024\/03\/Rutilo.jpeg","datePublished":"2024-03-19T03:34:58+00:00","description":"*Con Eso Se Acabar\u00eda El Problema De La Falta De Lluvias Y El Adecuado Abasto Del Vital L\u00edquido En La Regi\u00f3n &nbsp; &nbsp; El agua del mar es una opci\u00f3n","inLanguage":"es","potentialAction":[{"@type":"ReadAction","target":["https:\/\/elinformativotam.com\/index.php\/2024\/03\/18\/tiene-zona-sur-condiciones-para-aterrizar-proyecto-de-planta-desalinizadora\/"]}]},{"@type":"ImageObject","inLanguage":"es","@id":"https:\/\/elinformativotam.com\/index.php\/2024\/03\/18\/tiene-zona-sur-condiciones-para-aterrizar-proyecto-de-planta-desalinizadora\/#primaryimage","url":"https:\/\/elinformativotam.com\/wp-content\/uploads\/2024\/03\/Rutilo.jpeg","contentUrl":"https:\/\/elinformativotam.com\/wp-content\/uploads\/2024\/03\/Rutilo.jpeg","width":1600,"height":1204},{"@type":"WebSite","@id":"https:\/\/elinformativotam.com\/#website","url":"https:\/\/elinformativotam.com\/","name":"EL INFORMATIVO DE TAMAULIPAS","description":"Desde la Zona Metropolitana Para Todo M\u00e9xico","publisher":{"@id":"https:\/\/elinformativotam.com\/#organization"},"potentialAction":[{"@type":"SearchAction","target":{"@type":"EntryPoint","urlTemplate":"https:\/\/elinformativotam.com\/?s={search_term_string}"},"query-input":{"@type":"PropertyValueSpecification","valueRequired":true,"valueName":"search_term_string"}}],"inLanguage":"es"},{"@type":"Organization","@id":"https:\/\/elinformativotam.com\/#organization","name":"EL INFORMATIVO DE TAMAULIPAS","url":"https:\/\/elinformativotam.com\/","logo":{"@type":"ImageObject","inLanguage":"es","@id":"https:\/\/elinformativotam.com\/#\/schema\/logo\/image\/","url":"https:\/\/elinformativotam.com\/wp-content\/uploads\/2026\/02\/Cabezal.png","contentUrl":"https:\/\/elinformativotam.com\/wp-content\/uploads\/2026\/02\/Cabezal.png","width":960,"height":640,"caption":"EL INFORMATIVO DE TAMAULIPAS"},"image":{"@id":"https:\/\/elinformativotam.com\/#\/schema\/logo\/image\/"}},{"@type":"Person","@id":"https:\/\/elinformativotam.com\/#\/schema\/person\/78e08040eed0f6110f0c5f83b6153590","name":"El Informativo Tam","image":{"@type":"ImageObject","inLanguage":"es","@id":"https:\/\/secure.gravatar.com\/avatar\/f3b7ad3af540688955925ac610647be00b0cf41feea9c4978b73a707ee86bc53?s=96&d=mm&r=g","url":"https:\/\/secure.gravatar.com\/avatar\/f3b7ad3af540688955925ac610647be00b0cf41feea9c4978b73a707ee86bc53?s=96&d=mm&r=g","contentUrl":"https:\/\/secure.gravatar.com\/avatar\/f3b7ad3af540688955925ac610647be00b0cf41feea9c4978b73a707ee86bc53?s=96&d=mm&r=g","caption":"El Informativo Tam"}}]}},"_links":{"self":[{"href":"https:\/\/elinformativotam.com\/index.php\/wp-json\/wp\/v2\/posts\/49723","targetHints":{"allow":["GET"]}}],"collection":[{"href":"https:\/\/elinformativotam.com\/index.php\/wp-json\/wp\/v2\/posts"}],"about":[{"href":"https:\/\/elinformativotam.com\/index.php\/wp-json\/wp\/v2\/types\/post"}],"author":[{"embeddable":true,"href":"https:\/\/elinformativotam.com\/index.php\/wp-json\/wp\/v2\/users\/1"}],"replies":[{"embeddable":true,"href":"https:\/\/elinformativotam.com\/index.php\/wp-json\/wp\/v2\/comments?post=49723"}],"version-history":[{"count":1,"href":"https:\/\/elinformativotam.com\/index.php\/wp-json\/wp\/v2\/posts\/49723\/revisions"}],"predecessor-version":[{"id":49724,"href":"https:\/\/elinformativotam.com\/index.php\/wp-json\/wp\/v2\/posts\/49723\/revisions\/49724"}],"wp:featuredmedia":[{"embeddable":true,"href":"https:\/\/elinformativotam.com\/index.php\/wp-json\/wp\/v2\/media\/49707"}],"wp:attachment":[{"href":"https:\/\/elinformativotam.com\/index.php\/wp-json\/wp\/v2\/media?parent=49723"}],"wp:term":[{"taxonomy":"category","embeddable":true,"href":"https:\/\/elinformativotam.com\/index.php\/wp-json\/wp\/v2\/categories?post=49723"},{"taxonomy":"post_tag","embeddable":true,"href":"https:\/\/elinformativotam.com\/index.php\/wp-json\/wp\/v2\/tags?post=49723"}],"curies":[{"name":"wp","href":"https:\/\/api.w.org\/{rel}","templated":true}]}}