{"id":49721,"date":"2024-03-18T21:13:49","date_gmt":"2024-03-19T03:13:49","guid":{"rendered":"https:\/\/elinformativotam.com\/?p=49721"},"modified":"2024-03-18T21:13:49","modified_gmt":"2024-03-19T03:13:49","slug":"abanderados-de-todos-los-pp-deben-traer-seguridad-personal","status":"publish","type":"post","link":"https:\/\/elinformativotam.com\/index.php\/2024\/03\/18\/abanderados-de-todos-los-pp-deben-traer-seguridad-personal\/","title":{"rendered":"ABANDERADOS DE TODOS LOS PP DEBEN TRAER SEGURIDAD PERSONAL"},"content":{"rendered":"<h2 style=\"text-align: center;\"><em><span style=\"font-family: 'times new roman', times;\">*Las Condiciones No Son Del Todo Buenas En El Rengl\u00f3n De Seguridad En La Entidad<\/span><\/em><\/h2>\n<p>&nbsp;<\/p>\n<p>&nbsp;<\/p>\n<p>Luego de que ya suman 10 candidatos muertos en el pa\u00eds rumbo a las elecciones del 2 de Junio, el CIEST plante\u00f3 la necesidad de que todos los abanderados que compiten en Tamaulipas por un espacio p\u00fablico tengan seguridad personal.<\/p>\n<p>&nbsp;<\/p>\n<p>Juan \u00c1ngel Paredes Espinosa, Presidente del Organismo C\u00e1maral, detall\u00f3 que s\u00ed bien hasta el momento en el tema de la seguridad en las campa\u00f1as ha transcurrido sin novedades, es importante que la autoridad siga considerando la importancia de que exista seguridad en las campa\u00f1as federales y locales.<\/p>\n<p>&nbsp;<\/p>\n<p>Precis\u00f3 que a un mes de que la campa\u00f1a constitucional federal se empate con la local(15 de Abril) los abanderados deber\u00e1n evaluar las condiciones que privan en cada municipio o distrito, y de esta manera solicitar la seguridad ante la autoridad electoral o correspondiente.<\/p>\n<p>&nbsp;<\/p>\n<p>El Presidente del CIEST dej\u00f3 ver qu\u00e9 a partir de la segunda quincena del mes entrante las campa\u00f1as podr\u00edan subir de tono, ya que por lo regular la campa\u00f1a constitucional local es la que prende el \u00e1nimo de los electores.<\/p>\n<p>&nbsp;<\/p>\n<p>Destac\u00f3 que los abanderados de todos los partidos pol\u00edticos no deben echar en saco roto \u00e9sta opci\u00f3n que les ofrece la autoridad electoral y el gobierno del estado, pues con ello sus equipos de campa\u00f1a tendr\u00e1n certidumbre al momento de andar en la calle en \u00f1a labor de proselitismo.<\/p>\n<p>&nbsp;<\/p>\n<p>Paredes, remarc\u00f3 que la poblaci\u00f3n tiene el compromiso de analizar y valorar las propuestas de campa\u00f1a y del perfil de los abanderados, ya que de esta manera habr\u00e1n de elegir a buenos gobernantes y representantes de la sociedad en la Presidencia de M\u00e9xico y el poder legislativo<\/p>\n<p>&nbsp;<\/p>\n<p>Finalmente, coment\u00f3 que el abstencionismo no debe de aparecer el 2 de junio, y para ello dijo, es necesario que exista una sociedad bien informada y conocedora del tema pol\u00edtico.<\/p>\n","protected":false},"excerpt":{"rendered":"<p>*Las Condiciones No Son Del Todo Buenas En El Rengl\u00f3n De Seguridad En La Entidad &nbsp; &nbsp; Luego de que&hellip;<\/p>\n","protected":false},"author":1,"featured_media":49706,"comment_status":"open","ping_status":"open","sticky":false,"template":"","format":"standard","meta":{"footnotes":""},"categories":[3],"tags":[],"class_list":["post-49721","post","type-post","status-publish","format-standard","has-post-thumbnail","hentry","category-tampico"],"yoast_head":"<!-- This site is optimized with the Yoast SEO plugin v27.5 - https:\/\/yoast.com\/product\/yoast-seo-wordpress\/ -->\n<title>ABANDERADOS DE TODOS LOS PP DEBEN TRAER SEGURIDAD PERSONAL - EL INFORMATIVO DE TAMAULIPAS<\/title>\n<meta name=\"description\" content=\"*Las Condiciones No Son Del Todo Buenas En El Rengl\u00f3n De Seguridad En La Entidad &nbsp; &nbsp; Luego de que ya suman 10 candidatos muertos en el pa\u00eds\" \/>\n<meta name=\"robots\" content=\"index, follow, max-snippet:-1, max-image-preview:large, max-video-preview:-1\" \/>\n<link rel=\"canonical\" href=\"https:\/\/elinformativotam.com\/index.php\/2024\/03\/18\/abanderados-de-todos-los-pp-deben-traer-seguridad-personal\/\" \/>\n<meta property=\"og:locale\" content=\"es_MX\" \/>\n<meta property=\"og:type\" content=\"article\" \/>\n<meta property=\"og:title\" content=\"ABANDERADOS DE TODOS LOS PP DEBEN TRAER SEGURIDAD PERSONAL - EL INFORMATIVO DE TAMAULIPAS\" \/>\n<meta property=\"og:description\" content=\"*Las Condiciones No Son Del Todo Buenas En El Rengl\u00f3n De Seguridad En La Entidad &nbsp; &nbsp; Luego de que ya suman 10 candidatos muertos en el pa\u00eds\" \/>\n<meta property=\"og:url\" content=\"https:\/\/elinformativotam.com\/index.php\/2024\/03\/18\/abanderados-de-todos-los-pp-deben-traer-seguridad-personal\/\" \/>\n<meta property=\"og:site_name\" content=\"EL INFORMATIVO DE TAMAULIPAS\" \/>\n<meta property=\"article:published_time\" content=\"2024-03-19T03:13:49+00:00\" \/>\n<meta property=\"og:image\" content=\"https:\/\/elinformativotam.com\/wp-content\/uploads\/2024\/03\/Angel-Parecdes.jpeg\" \/>\n\t<meta property=\"og:image:width\" content=\"1600\" \/>\n\t<meta property=\"og:image:height\" content=\"1204\" \/>\n\t<meta property=\"og:image:type\" content=\"image\/jpeg\" \/>\n<meta name=\"author\" content=\"El Informativo Tam\" \/>\n<meta name=\"twitter:card\" content=\"summary_large_image\" \/>\n<meta name=\"twitter:label1\" content=\"Escrito por\" \/>\n\t<meta name=\"twitter:data1\" content=\"El Informativo Tam\" \/>\n\t<meta name=\"twitter:label2\" content=\"Tiempo de lectura\" \/>\n\t<meta name=\"twitter:data2\" content=\"2 minutos\" \/>\n<script type=\"application\/ld+json\" class=\"yoast-schema-graph\">{\"@context\":\"https:\\\/\\\/schema.org\",\"@graph\":[{\"@type\":\"Article\",\"@id\":\"https:\\\/\\\/elinformativotam.com\\\/index.php\\\/2024\\\/03\\\/18\\\/abanderados-de-todos-los-pp-deben-traer-seguridad-personal\\\/#article\",\"isPartOf\":{\"@id\":\"https:\\\/\\\/elinformativotam.com\\\/index.php\\\/2024\\\/03\\\/18\\\/abanderados-de-todos-los-pp-deben-traer-seguridad-personal\\\/\"},\"author\":{\"name\":\"El Informativo Tam\",\"@id\":\"https:\\\/\\\/elinformativotam.com\\\/#\\\/schema\\\/person\\\/78e08040eed0f6110f0c5f83b6153590\"},\"headline\":\"ABANDERADOS DE TODOS LOS PP DEBEN TRAER SEGURIDAD PERSONAL\",\"datePublished\":\"2024-03-19T03:13:49+00:00\",\"mainEntityOfPage\":{\"@id\":\"https:\\\/\\\/elinformativotam.com\\\/index.php\\\/2024\\\/03\\\/18\\\/abanderados-de-todos-los-pp-deben-traer-seguridad-personal\\\/\"},\"wordCount\":346,\"commentCount\":0,\"publisher\":{\"@id\":\"https:\\\/\\\/elinformativotam.com\\\/#organization\"},\"image\":{\"@id\":\"https:\\\/\\\/elinformativotam.com\\\/index.php\\\/2024\\\/03\\\/18\\\/abanderados-de-todos-los-pp-deben-traer-seguridad-personal\\\/#primaryimage\"},\"thumbnailUrl\":\"https:\\\/\\\/elinformativotam.com\\\/wp-content\\\/uploads\\\/2024\\\/03\\\/Angel-Parecdes.jpeg\",\"articleSection\":[\"Tampico\"],\"inLanguage\":\"es\",\"potentialAction\":[{\"@type\":\"CommentAction\",\"name\":\"Comment\",\"target\":[\"https:\\\/\\\/elinformativotam.com\\\/index.php\\\/2024\\\/03\\\/18\\\/abanderados-de-todos-los-pp-deben-traer-seguridad-personal\\\/#respond\"]}]},{\"@type\":\"WebPage\",\"@id\":\"https:\\\/\\\/elinformativotam.com\\\/index.php\\\/2024\\\/03\\\/18\\\/abanderados-de-todos-los-pp-deben-traer-seguridad-personal\\\/\",\"url\":\"https:\\\/\\\/elinformativotam.com\\\/index.php\\\/2024\\\/03\\\/18\\\/abanderados-de-todos-los-pp-deben-traer-seguridad-personal\\\/\",\"name\":\"ABANDERADOS DE TODOS LOS PP DEBEN TRAER SEGURIDAD PERSONAL - EL INFORMATIVO DE TAMAULIPAS\",\"isPartOf\":{\"@id\":\"https:\\\/\\\/elinformativotam.com\\\/#website\"},\"primaryImageOfPage\":{\"@id\":\"https:\\\/\\\/elinformativotam.com\\\/index.php\\\/2024\\\/03\\\/18\\\/abanderados-de-todos-los-pp-deben-traer-seguridad-personal\\\/#primaryimage\"},\"image\":{\"@id\":\"https:\\\/\\\/elinformativotam.com\\\/index.php\\\/2024\\\/03\\\/18\\\/abanderados-de-todos-los-pp-deben-traer-seguridad-personal\\\/#primaryimage\"},\"thumbnailUrl\":\"https:\\\/\\\/elinformativotam.com\\\/wp-content\\\/uploads\\\/2024\\\/03\\\/Angel-Parecdes.jpeg\",\"datePublished\":\"2024-03-19T03:13:49+00:00\",\"description\":\"*Las Condiciones No Son Del Todo Buenas En El Rengl\u00f3n De Seguridad En La Entidad &nbsp; &nbsp; Luego de que ya suman 10 candidatos muertos en el pa\u00eds\",\"inLanguage\":\"es\",\"potentialAction\":[{\"@type\":\"ReadAction\",\"target\":[\"https:\\\/\\\/elinformativotam.com\\\/index.php\\\/2024\\\/03\\\/18\\\/abanderados-de-todos-los-pp-deben-traer-seguridad-personal\\\/\"]}]},{\"@type\":\"ImageObject\",\"inLanguage\":\"es\",\"@id\":\"https:\\\/\\\/elinformativotam.com\\\/index.php\\\/2024\\\/03\\\/18\\\/abanderados-de-todos-los-pp-deben-traer-seguridad-personal\\\/#primaryimage\",\"url\":\"https:\\\/\\\/elinformativotam.com\\\/wp-content\\\/uploads\\\/2024\\\/03\\\/Angel-Parecdes.jpeg\",\"contentUrl\":\"https:\\\/\\\/elinformativotam.com\\\/wp-content\\\/uploads\\\/2024\\\/03\\\/Angel-Parecdes.jpeg\",\"width\":1600,\"height\":1204},{\"@type\":\"WebSite\",\"@id\":\"https:\\\/\\\/elinformativotam.com\\\/#website\",\"url\":\"https:\\\/\\\/elinformativotam.com\\\/\",\"name\":\"EL INFORMATIVO DE TAMAULIPAS\",\"description\":\"Desde la Zona Metropolitana Para Todo M\u00e9xico\",\"publisher\":{\"@id\":\"https:\\\/\\\/elinformativotam.com\\\/#organization\"},\"potentialAction\":[{\"@type\":\"SearchAction\",\"target\":{\"@type\":\"EntryPoint\",\"urlTemplate\":\"https:\\\/\\\/elinformativotam.com\\\/?s={search_term_string}\"},\"query-input\":{\"@type\":\"PropertyValueSpecification\",\"valueRequired\":true,\"valueName\":\"search_term_string\"}}],\"inLanguage\":\"es\"},{\"@type\":\"Organization\",\"@id\":\"https:\\\/\\\/elinformativotam.com\\\/#organization\",\"name\":\"EL INFORMATIVO DE TAMAULIPAS\",\"url\":\"https:\\\/\\\/elinformativotam.com\\\/\",\"logo\":{\"@type\":\"ImageObject\",\"inLanguage\":\"es\",\"@id\":\"https:\\\/\\\/elinformativotam.com\\\/#\\\/schema\\\/logo\\\/image\\\/\",\"url\":\"https:\\\/\\\/elinformativotam.com\\\/wp-content\\\/uploads\\\/2026\\\/02\\\/Cabezal.png\",\"contentUrl\":\"https:\\\/\\\/elinformativotam.com\\\/wp-content\\\/uploads\\\/2026\\\/02\\\/Cabezal.png\",\"width\":960,\"height\":640,\"caption\":\"EL INFORMATIVO DE TAMAULIPAS\"},\"image\":{\"@id\":\"https:\\\/\\\/elinformativotam.com\\\/#\\\/schema\\\/logo\\\/image\\\/\"}},{\"@type\":\"Person\",\"@id\":\"https:\\\/\\\/elinformativotam.com\\\/#\\\/schema\\\/person\\\/78e08040eed0f6110f0c5f83b6153590\",\"name\":\"El Informativo Tam\",\"image\":{\"@type\":\"ImageObject\",\"inLanguage\":\"es\",\"@id\":\"https:\\\/\\\/secure.gravatar.com\\\/avatar\\\/f3b7ad3af540688955925ac610647be00b0cf41feea9c4978b73a707ee86bc53?s=96&d=mm&r=g\",\"url\":\"https:\\\/\\\/secure.gravatar.com\\\/avatar\\\/f3b7ad3af540688955925ac610647be00b0cf41feea9c4978b73a707ee86bc53?s=96&d=mm&r=g\",\"contentUrl\":\"https:\\\/\\\/secure.gravatar.com\\\/avatar\\\/f3b7ad3af540688955925ac610647be00b0cf41feea9c4978b73a707ee86bc53?s=96&d=mm&r=g\",\"caption\":\"El Informativo Tam\"}}]}<\/script>\n<!-- \/ Yoast SEO plugin. -->","yoast_head_json":{"title":"ABANDERADOS DE TODOS LOS PP DEBEN TRAER SEGURIDAD PERSONAL - EL INFORMATIVO DE TAMAULIPAS","description":"*Las Condiciones No Son Del Todo Buenas En El Rengl\u00f3n De Seguridad En La Entidad &nbsp; &nbsp; Luego de que ya suman 10 candidatos muertos en el pa\u00eds","robots":{"index":"index","follow":"follow","max-snippet":"max-snippet:-1","max-image-preview":"max-image-preview:large","max-video-preview":"max-video-preview:-1"},"canonical":"https:\/\/elinformativotam.com\/index.php\/2024\/03\/18\/abanderados-de-todos-los-pp-deben-traer-seguridad-personal\/","og_locale":"es_MX","og_type":"article","og_title":"ABANDERADOS DE TODOS LOS PP DEBEN TRAER SEGURIDAD PERSONAL - EL INFORMATIVO DE TAMAULIPAS","og_description":"*Las Condiciones No Son Del Todo Buenas En El Rengl\u00f3n De Seguridad En La Entidad &nbsp; &nbsp; Luego de que ya suman 10 candidatos muertos en el pa\u00eds","og_url":"https:\/\/elinformativotam.com\/index.php\/2024\/03\/18\/abanderados-de-todos-los-pp-deben-traer-seguridad-personal\/","og_site_name":"EL INFORMATIVO DE TAMAULIPAS","article_published_time":"2024-03-19T03:13:49+00:00","og_image":[{"width":1600,"height":1204,"url":"https:\/\/elinformativotam.com\/wp-content\/uploads\/2024\/03\/Angel-Parecdes.jpeg","type":"image\/jpeg"}],"author":"El Informativo Tam","twitter_card":"summary_large_image","twitter_misc":{"Escrito por":"El Informativo Tam","Tiempo de lectura":"2 minutos"},"schema":{"@context":"https:\/\/schema.org","@graph":[{"@type":"Article","@id":"https:\/\/elinformativotam.com\/index.php\/2024\/03\/18\/abanderados-de-todos-los-pp-deben-traer-seguridad-personal\/#article","isPartOf":{"@id":"https:\/\/elinformativotam.com\/index.php\/2024\/03\/18\/abanderados-de-todos-los-pp-deben-traer-seguridad-personal\/"},"author":{"name":"El Informativo Tam","@id":"https:\/\/elinformativotam.com\/#\/schema\/person\/78e08040eed0f6110f0c5f83b6153590"},"headline":"ABANDERADOS DE TODOS LOS PP DEBEN TRAER SEGURIDAD PERSONAL","datePublished":"2024-03-19T03:13:49+00:00","mainEntityOfPage":{"@id":"https:\/\/elinformativotam.com\/index.php\/2024\/03\/18\/abanderados-de-todos-los-pp-deben-traer-seguridad-personal\/"},"wordCount":346,"commentCount":0,"publisher":{"@id":"https:\/\/elinformativotam.com\/#organization"},"image":{"@id":"https:\/\/elinformativotam.com\/index.php\/2024\/03\/18\/abanderados-de-todos-los-pp-deben-traer-seguridad-personal\/#primaryimage"},"thumbnailUrl":"https:\/\/elinformativotam.com\/wp-content\/uploads\/2024\/03\/Angel-Parecdes.jpeg","articleSection":["Tampico"],"inLanguage":"es","potentialAction":[{"@type":"CommentAction","name":"Comment","target":["https:\/\/elinformativotam.com\/index.php\/2024\/03\/18\/abanderados-de-todos-los-pp-deben-traer-seguridad-personal\/#respond"]}]},{"@type":"WebPage","@id":"https:\/\/elinformativotam.com\/index.php\/2024\/03\/18\/abanderados-de-todos-los-pp-deben-traer-seguridad-personal\/","url":"https:\/\/elinformativotam.com\/index.php\/2024\/03\/18\/abanderados-de-todos-los-pp-deben-traer-seguridad-personal\/","name":"ABANDERADOS DE TODOS LOS PP DEBEN TRAER SEGURIDAD PERSONAL - EL INFORMATIVO DE TAMAULIPAS","isPartOf":{"@id":"https:\/\/elinformativotam.com\/#website"},"primaryImageOfPage":{"@id":"https:\/\/elinformativotam.com\/index.php\/2024\/03\/18\/abanderados-de-todos-los-pp-deben-traer-seguridad-personal\/#primaryimage"},"image":{"@id":"https:\/\/elinformativotam.com\/index.php\/2024\/03\/18\/abanderados-de-todos-los-pp-deben-traer-seguridad-personal\/#primaryimage"},"thumbnailUrl":"https:\/\/elinformativotam.com\/wp-content\/uploads\/2024\/03\/Angel-Parecdes.jpeg","datePublished":"2024-03-19T03:13:49+00:00","description":"*Las Condiciones No Son Del Todo Buenas En El Rengl\u00f3n De Seguridad En La Entidad &nbsp; &nbsp; Luego de que ya suman 10 candidatos muertos en el pa\u00eds","inLanguage":"es","potentialAction":[{"@type":"ReadAction","target":["https:\/\/elinformativotam.com\/index.php\/2024\/03\/18\/abanderados-de-todos-los-pp-deben-traer-seguridad-personal\/"]}]},{"@type":"ImageObject","inLanguage":"es","@id":"https:\/\/elinformativotam.com\/index.php\/2024\/03\/18\/abanderados-de-todos-los-pp-deben-traer-seguridad-personal\/#primaryimage","url":"https:\/\/elinformativotam.com\/wp-content\/uploads\/2024\/03\/Angel-Parecdes.jpeg","contentUrl":"https:\/\/elinformativotam.com\/wp-content\/uploads\/2024\/03\/Angel-Parecdes.jpeg","width":1600,"height":1204},{"@type":"WebSite","@id":"https:\/\/elinformativotam.com\/#website","url":"https:\/\/elinformativotam.com\/","name":"EL INFORMATIVO DE TAMAULIPAS","description":"Desde la Zona Metropolitana Para Todo M\u00e9xico","publisher":{"@id":"https:\/\/elinformativotam.com\/#organization"},"potentialAction":[{"@type":"SearchAction","target":{"@type":"EntryPoint","urlTemplate":"https:\/\/elinformativotam.com\/?s={search_term_string}"},"query-input":{"@type":"PropertyValueSpecification","valueRequired":true,"valueName":"search_term_string"}}],"inLanguage":"es"},{"@type":"Organization","@id":"https:\/\/elinformativotam.com\/#organization","name":"EL INFORMATIVO DE TAMAULIPAS","url":"https:\/\/elinformativotam.com\/","logo":{"@type":"ImageObject","inLanguage":"es","@id":"https:\/\/elinformativotam.com\/#\/schema\/logo\/image\/","url":"https:\/\/elinformativotam.com\/wp-content\/uploads\/2026\/02\/Cabezal.png","contentUrl":"https:\/\/elinformativotam.com\/wp-content\/uploads\/2026\/02\/Cabezal.png","width":960,"height":640,"caption":"EL INFORMATIVO DE TAMAULIPAS"},"image":{"@id":"https:\/\/elinformativotam.com\/#\/schema\/logo\/image\/"}},{"@type":"Person","@id":"https:\/\/elinformativotam.com\/#\/schema\/person\/78e08040eed0f6110f0c5f83b6153590","name":"El Informativo Tam","image":{"@type":"ImageObject","inLanguage":"es","@id":"https:\/\/secure.gravatar.com\/avatar\/f3b7ad3af540688955925ac610647be00b0cf41feea9c4978b73a707ee86bc53?s=96&d=mm&r=g","url":"https:\/\/secure.gravatar.com\/avatar\/f3b7ad3af540688955925ac610647be00b0cf41feea9c4978b73a707ee86bc53?s=96&d=mm&r=g","contentUrl":"https:\/\/secure.gravatar.com\/avatar\/f3b7ad3af540688955925ac610647be00b0cf41feea9c4978b73a707ee86bc53?s=96&d=mm&r=g","caption":"El Informativo Tam"}}]}},"_links":{"self":[{"href":"https:\/\/elinformativotam.com\/index.php\/wp-json\/wp\/v2\/posts\/49721","targetHints":{"allow":["GET"]}}],"collection":[{"href":"https:\/\/elinformativotam.com\/index.php\/wp-json\/wp\/v2\/posts"}],"about":[{"href":"https:\/\/elinformativotam.com\/index.php\/wp-json\/wp\/v2\/types\/post"}],"author":[{"embeddable":true,"href":"https:\/\/elinformativotam.com\/index.php\/wp-json\/wp\/v2\/users\/1"}],"replies":[{"embeddable":true,"href":"https:\/\/elinformativotam.com\/index.php\/wp-json\/wp\/v2\/comments?post=49721"}],"version-history":[{"count":1,"href":"https:\/\/elinformativotam.com\/index.php\/wp-json\/wp\/v2\/posts\/49721\/revisions"}],"predecessor-version":[{"id":49722,"href":"https:\/\/elinformativotam.com\/index.php\/wp-json\/wp\/v2\/posts\/49721\/revisions\/49722"}],"wp:featuredmedia":[{"embeddable":true,"href":"https:\/\/elinformativotam.com\/index.php\/wp-json\/wp\/v2\/media\/49706"}],"wp:attachment":[{"href":"https:\/\/elinformativotam.com\/index.php\/wp-json\/wp\/v2\/media?parent=49721"}],"wp:term":[{"taxonomy":"category","embeddable":true,"href":"https:\/\/elinformativotam.com\/index.php\/wp-json\/wp\/v2\/categories?post=49721"},{"taxonomy":"post_tag","embeddable":true,"href":"https:\/\/elinformativotam.com\/index.php\/wp-json\/wp\/v2\/tags?post=49721"}],"curies":[{"name":"wp","href":"https:\/\/api.w.org\/{rel}","templated":true}]}}