{"id":49719,"date":"2024-03-18T21:10:25","date_gmt":"2024-03-19T03:10:25","guid":{"rendered":"https:\/\/elinformativotam.com\/?p=49719"},"modified":"2024-03-18T21:10:25","modified_gmt":"2024-03-19T03:10:25","slug":"necesario-reconversion-en-tema-vial-para-la-zona-centro-de-tampico","status":"publish","type":"post","link":"https:\/\/elinformativotam.com\/index.php\/2024\/03\/18\/necesario-reconversion-en-tema-vial-para-la-zona-centro-de-tampico\/","title":{"rendered":"NECESARIO RECONVERSI\u00d3N EN TEMA VIAL PARA LA ZONA CENTRO DE TAMPICO"},"content":{"rendered":"<h2 style=\"text-align: center;\"><em><span style=\"font-family: 'times new roman', times;\">*Muchos Obst\u00e1culos Que Tiene Que Sortear El Automovilista Para Salir De La Zona Cero<\/span><\/em><\/h2>\n<p>&nbsp;<\/p>\n<p>&nbsp;<\/p>\n<p>La zona centro de Tampico as\u00ed como el \u00e1rea de los mercados municipales requieren de una recomposici\u00f3n en materia vial, que conlleva en tener sem\u00e1foros sincronizados, pues un autom\u00f3vil tarda un promedio de 10 a 15 minutos en salir de la llamada zona cero.<\/p>\n<p>&nbsp;<\/p>\n<p>Al respecto, el ex presidente del CIEST, Eduardo Manzur Manzur, extern\u00f3 que la llamada zona cero hoy sigue estando muy congestionada, debido a que el estacionamiento en horas pico se torna agudo, aunado a que el comercio organizado y la zona de los mercados, utilizan las vialidades para realizar actividades de carga y descarga en horarios no autorizados.<\/p>\n<p>&nbsp;<\/p>\n<p>Expres\u00f3 que incluso hay calles donde s\u00f3lo se observa la circulaci\u00f3n en un solo carril y en los dos restantes ocupados por carros estacionados.<\/p>\n<p>&nbsp;<\/p>\n<p>&#8220;El primer cuadro siempre se entorpece la vialidad por las horas pico y de alta actividad y esto provoca que una unidad tarde en promedio de salir de la zona centro de 10 a 15 minutos&#8221;, dijo<\/p>\n<p>&nbsp;<\/p>\n<p>Manzur, enfatiz\u00f3 la importancia de que todos los sem\u00e1foros logren contar con una sincronizaci\u00f3n que permita observar vialidades con menos carga vehicular.<\/p>\n<p>&nbsp;<\/p>\n<p>&#8220;Incluso con la oportunidad de tener sem\u00e1foros inteligentes que puedan medir las cargas vehiculares y que se reprogramen, y con elementos que ayuden a la agilidad en la circulaci\u00f3n&#8221;, indic\u00f3<\/p>\n<p>&nbsp;<\/p>\n<p>Puntualiz\u00f3 que lejos del centro de la ciudad tambi\u00e9n la parte sur y norte muestran \u00e1reas de oportunidad como la necesidad de construir puentes y pasos a desnivel, incluso hasta pares viales.<\/p>\n","protected":false},"excerpt":{"rendered":"<p>*Muchos Obst\u00e1culos Que Tiene Que Sortear El Automovilista Para Salir De La Zona Cero &nbsp; &nbsp; La zona centro de&hellip;<\/p>\n","protected":false},"author":1,"featured_media":49710,"comment_status":"open","ping_status":"open","sticky":false,"template":"","format":"standard","meta":{"footnotes":""},"categories":[3],"tags":[],"class_list":["post-49719","post","type-post","status-publish","format-standard","has-post-thumbnail","hentry","category-tampico"],"yoast_head":"<!-- This site is optimized with the Yoast SEO plugin v27.5 - https:\/\/yoast.com\/product\/yoast-seo-wordpress\/ -->\n<title>NECESARIO RECONVERSI\u00d3N EN TEMA VIAL PARA LA ZONA CENTRO DE TAMPICO - EL INFORMATIVO DE TAMAULIPAS<\/title>\n<meta name=\"description\" content=\"*Muchos Obst\u00e1culos Que Tiene Que Sortear El Automovilista Para Salir De La Zona Cero &nbsp; &nbsp; La zona centro de Tampico as\u00ed como el \u00e1rea de los\" \/>\n<meta name=\"robots\" content=\"index, follow, max-snippet:-1, max-image-preview:large, max-video-preview:-1\" \/>\n<link rel=\"canonical\" href=\"https:\/\/elinformativotam.com\/index.php\/2024\/03\/18\/necesario-reconversion-en-tema-vial-para-la-zona-centro-de-tampico\/\" \/>\n<meta property=\"og:locale\" content=\"es_MX\" \/>\n<meta property=\"og:type\" content=\"article\" \/>\n<meta property=\"og:title\" content=\"NECESARIO RECONVERSI\u00d3N EN TEMA VIAL PARA LA ZONA CENTRO DE TAMPICO - EL INFORMATIVO DE TAMAULIPAS\" \/>\n<meta property=\"og:description\" content=\"*Muchos Obst\u00e1culos Que Tiene Que Sortear El Automovilista Para Salir De La Zona Cero &nbsp; &nbsp; La zona centro de Tampico as\u00ed como el \u00e1rea de los\" \/>\n<meta property=\"og:url\" content=\"https:\/\/elinformativotam.com\/index.php\/2024\/03\/18\/necesario-reconversion-en-tema-vial-para-la-zona-centro-de-tampico\/\" \/>\n<meta property=\"og:site_name\" content=\"EL INFORMATIVO DE TAMAULIPAS\" \/>\n<meta property=\"article:published_time\" content=\"2024-03-19T03:10:25+00:00\" \/>\n<meta property=\"og:image\" content=\"https:\/\/elinformativotam.com\/wp-content\/uploads\/2024\/03\/Manzur-Manzur.jpeg\" \/>\n\t<meta property=\"og:image:width\" content=\"1280\" \/>\n\t<meta property=\"og:image:height\" content=\"963\" \/>\n\t<meta property=\"og:image:type\" content=\"image\/jpeg\" \/>\n<meta name=\"author\" content=\"El Informativo Tam\" \/>\n<meta name=\"twitter:card\" content=\"summary_large_image\" \/>\n<meta name=\"twitter:label1\" content=\"Escrito por\" \/>\n\t<meta name=\"twitter:data1\" content=\"El Informativo Tam\" \/>\n\t<meta name=\"twitter:label2\" content=\"Tiempo de lectura\" \/>\n\t<meta name=\"twitter:data2\" content=\"2 minutos\" \/>\n<script type=\"application\/ld+json\" class=\"yoast-schema-graph\">{\"@context\":\"https:\\\/\\\/schema.org\",\"@graph\":[{\"@type\":\"Article\",\"@id\":\"https:\\\/\\\/elinformativotam.com\\\/index.php\\\/2024\\\/03\\\/18\\\/necesario-reconversion-en-tema-vial-para-la-zona-centro-de-tampico\\\/#article\",\"isPartOf\":{\"@id\":\"https:\\\/\\\/elinformativotam.com\\\/index.php\\\/2024\\\/03\\\/18\\\/necesario-reconversion-en-tema-vial-para-la-zona-centro-de-tampico\\\/\"},\"author\":{\"name\":\"El Informativo Tam\",\"@id\":\"https:\\\/\\\/elinformativotam.com\\\/#\\\/schema\\\/person\\\/78e08040eed0f6110f0c5f83b6153590\"},\"headline\":\"NECESARIO RECONVERSI\u00d3N EN TEMA VIAL PARA LA ZONA CENTRO DE TAMPICO\",\"datePublished\":\"2024-03-19T03:10:25+00:00\",\"mainEntityOfPage\":{\"@id\":\"https:\\\/\\\/elinformativotam.com\\\/index.php\\\/2024\\\/03\\\/18\\\/necesario-reconversion-en-tema-vial-para-la-zona-centro-de-tampico\\\/\"},\"wordCount\":288,\"commentCount\":0,\"publisher\":{\"@id\":\"https:\\\/\\\/elinformativotam.com\\\/#organization\"},\"image\":{\"@id\":\"https:\\\/\\\/elinformativotam.com\\\/index.php\\\/2024\\\/03\\\/18\\\/necesario-reconversion-en-tema-vial-para-la-zona-centro-de-tampico\\\/#primaryimage\"},\"thumbnailUrl\":\"https:\\\/\\\/elinformativotam.com\\\/wp-content\\\/uploads\\\/2024\\\/03\\\/Manzur-Manzur.jpeg\",\"articleSection\":[\"Tampico\"],\"inLanguage\":\"es\",\"potentialAction\":[{\"@type\":\"CommentAction\",\"name\":\"Comment\",\"target\":[\"https:\\\/\\\/elinformativotam.com\\\/index.php\\\/2024\\\/03\\\/18\\\/necesario-reconversion-en-tema-vial-para-la-zona-centro-de-tampico\\\/#respond\"]}]},{\"@type\":\"WebPage\",\"@id\":\"https:\\\/\\\/elinformativotam.com\\\/index.php\\\/2024\\\/03\\\/18\\\/necesario-reconversion-en-tema-vial-para-la-zona-centro-de-tampico\\\/\",\"url\":\"https:\\\/\\\/elinformativotam.com\\\/index.php\\\/2024\\\/03\\\/18\\\/necesario-reconversion-en-tema-vial-para-la-zona-centro-de-tampico\\\/\",\"name\":\"NECESARIO RECONVERSI\u00d3N EN TEMA VIAL PARA LA ZONA CENTRO DE TAMPICO - EL INFORMATIVO DE TAMAULIPAS\",\"isPartOf\":{\"@id\":\"https:\\\/\\\/elinformativotam.com\\\/#website\"},\"primaryImageOfPage\":{\"@id\":\"https:\\\/\\\/elinformativotam.com\\\/index.php\\\/2024\\\/03\\\/18\\\/necesario-reconversion-en-tema-vial-para-la-zona-centro-de-tampico\\\/#primaryimage\"},\"image\":{\"@id\":\"https:\\\/\\\/elinformativotam.com\\\/index.php\\\/2024\\\/03\\\/18\\\/necesario-reconversion-en-tema-vial-para-la-zona-centro-de-tampico\\\/#primaryimage\"},\"thumbnailUrl\":\"https:\\\/\\\/elinformativotam.com\\\/wp-content\\\/uploads\\\/2024\\\/03\\\/Manzur-Manzur.jpeg\",\"datePublished\":\"2024-03-19T03:10:25+00:00\",\"description\":\"*Muchos Obst\u00e1culos Que Tiene Que Sortear El Automovilista Para Salir De La Zona Cero &nbsp; &nbsp; La zona centro de Tampico as\u00ed como el \u00e1rea de los\",\"inLanguage\":\"es\",\"potentialAction\":[{\"@type\":\"ReadAction\",\"target\":[\"https:\\\/\\\/elinformativotam.com\\\/index.php\\\/2024\\\/03\\\/18\\\/necesario-reconversion-en-tema-vial-para-la-zona-centro-de-tampico\\\/\"]}]},{\"@type\":\"ImageObject\",\"inLanguage\":\"es\",\"@id\":\"https:\\\/\\\/elinformativotam.com\\\/index.php\\\/2024\\\/03\\\/18\\\/necesario-reconversion-en-tema-vial-para-la-zona-centro-de-tampico\\\/#primaryimage\",\"url\":\"https:\\\/\\\/elinformativotam.com\\\/wp-content\\\/uploads\\\/2024\\\/03\\\/Manzur-Manzur.jpeg\",\"contentUrl\":\"https:\\\/\\\/elinformativotam.com\\\/wp-content\\\/uploads\\\/2024\\\/03\\\/Manzur-Manzur.jpeg\",\"width\":1280,\"height\":963},{\"@type\":\"WebSite\",\"@id\":\"https:\\\/\\\/elinformativotam.com\\\/#website\",\"url\":\"https:\\\/\\\/elinformativotam.com\\\/\",\"name\":\"EL INFORMATIVO DE TAMAULIPAS\",\"description\":\"Desde la Zona Metropolitana Para Todo M\u00e9xico\",\"publisher\":{\"@id\":\"https:\\\/\\\/elinformativotam.com\\\/#organization\"},\"potentialAction\":[{\"@type\":\"SearchAction\",\"target\":{\"@type\":\"EntryPoint\",\"urlTemplate\":\"https:\\\/\\\/elinformativotam.com\\\/?s={search_term_string}\"},\"query-input\":{\"@type\":\"PropertyValueSpecification\",\"valueRequired\":true,\"valueName\":\"search_term_string\"}}],\"inLanguage\":\"es\"},{\"@type\":\"Organization\",\"@id\":\"https:\\\/\\\/elinformativotam.com\\\/#organization\",\"name\":\"EL INFORMATIVO DE TAMAULIPAS\",\"url\":\"https:\\\/\\\/elinformativotam.com\\\/\",\"logo\":{\"@type\":\"ImageObject\",\"inLanguage\":\"es\",\"@id\":\"https:\\\/\\\/elinformativotam.com\\\/#\\\/schema\\\/logo\\\/image\\\/\",\"url\":\"https:\\\/\\\/elinformativotam.com\\\/wp-content\\\/uploads\\\/2026\\\/02\\\/Cabezal.png\",\"contentUrl\":\"https:\\\/\\\/elinformativotam.com\\\/wp-content\\\/uploads\\\/2026\\\/02\\\/Cabezal.png\",\"width\":960,\"height\":640,\"caption\":\"EL INFORMATIVO DE TAMAULIPAS\"},\"image\":{\"@id\":\"https:\\\/\\\/elinformativotam.com\\\/#\\\/schema\\\/logo\\\/image\\\/\"}},{\"@type\":\"Person\",\"@id\":\"https:\\\/\\\/elinformativotam.com\\\/#\\\/schema\\\/person\\\/78e08040eed0f6110f0c5f83b6153590\",\"name\":\"El Informativo Tam\",\"image\":{\"@type\":\"ImageObject\",\"inLanguage\":\"es\",\"@id\":\"https:\\\/\\\/secure.gravatar.com\\\/avatar\\\/f3b7ad3af540688955925ac610647be00b0cf41feea9c4978b73a707ee86bc53?s=96&d=mm&r=g\",\"url\":\"https:\\\/\\\/secure.gravatar.com\\\/avatar\\\/f3b7ad3af540688955925ac610647be00b0cf41feea9c4978b73a707ee86bc53?s=96&d=mm&r=g\",\"contentUrl\":\"https:\\\/\\\/secure.gravatar.com\\\/avatar\\\/f3b7ad3af540688955925ac610647be00b0cf41feea9c4978b73a707ee86bc53?s=96&d=mm&r=g\",\"caption\":\"El Informativo Tam\"}}]}<\/script>\n<!-- \/ Yoast SEO plugin. -->","yoast_head_json":{"title":"NECESARIO RECONVERSI\u00d3N EN TEMA VIAL PARA LA ZONA CENTRO DE TAMPICO - EL INFORMATIVO DE TAMAULIPAS","description":"*Muchos Obst\u00e1culos Que Tiene Que Sortear El Automovilista Para Salir De La Zona Cero &nbsp; &nbsp; La zona centro de Tampico as\u00ed como el \u00e1rea de los","robots":{"index":"index","follow":"follow","max-snippet":"max-snippet:-1","max-image-preview":"max-image-preview:large","max-video-preview":"max-video-preview:-1"},"canonical":"https:\/\/elinformativotam.com\/index.php\/2024\/03\/18\/necesario-reconversion-en-tema-vial-para-la-zona-centro-de-tampico\/","og_locale":"es_MX","og_type":"article","og_title":"NECESARIO RECONVERSI\u00d3N EN TEMA VIAL PARA LA ZONA CENTRO DE TAMPICO - EL INFORMATIVO DE TAMAULIPAS","og_description":"*Muchos Obst\u00e1culos Que Tiene Que Sortear El Automovilista Para Salir De La Zona Cero &nbsp; &nbsp; La zona centro de Tampico as\u00ed como el \u00e1rea de los","og_url":"https:\/\/elinformativotam.com\/index.php\/2024\/03\/18\/necesario-reconversion-en-tema-vial-para-la-zona-centro-de-tampico\/","og_site_name":"EL INFORMATIVO DE TAMAULIPAS","article_published_time":"2024-03-19T03:10:25+00:00","og_image":[{"width":1280,"height":963,"url":"https:\/\/elinformativotam.com\/wp-content\/uploads\/2024\/03\/Manzur-Manzur.jpeg","type":"image\/jpeg"}],"author":"El Informativo Tam","twitter_card":"summary_large_image","twitter_misc":{"Escrito por":"El Informativo Tam","Tiempo de lectura":"2 minutos"},"schema":{"@context":"https:\/\/schema.org","@graph":[{"@type":"Article","@id":"https:\/\/elinformativotam.com\/index.php\/2024\/03\/18\/necesario-reconversion-en-tema-vial-para-la-zona-centro-de-tampico\/#article","isPartOf":{"@id":"https:\/\/elinformativotam.com\/index.php\/2024\/03\/18\/necesario-reconversion-en-tema-vial-para-la-zona-centro-de-tampico\/"},"author":{"name":"El Informativo Tam","@id":"https:\/\/elinformativotam.com\/#\/schema\/person\/78e08040eed0f6110f0c5f83b6153590"},"headline":"NECESARIO RECONVERSI\u00d3N EN TEMA VIAL PARA LA ZONA CENTRO DE TAMPICO","datePublished":"2024-03-19T03:10:25+00:00","mainEntityOfPage":{"@id":"https:\/\/elinformativotam.com\/index.php\/2024\/03\/18\/necesario-reconversion-en-tema-vial-para-la-zona-centro-de-tampico\/"},"wordCount":288,"commentCount":0,"publisher":{"@id":"https:\/\/elinformativotam.com\/#organization"},"image":{"@id":"https:\/\/elinformativotam.com\/index.php\/2024\/03\/18\/necesario-reconversion-en-tema-vial-para-la-zona-centro-de-tampico\/#primaryimage"},"thumbnailUrl":"https:\/\/elinformativotam.com\/wp-content\/uploads\/2024\/03\/Manzur-Manzur.jpeg","articleSection":["Tampico"],"inLanguage":"es","potentialAction":[{"@type":"CommentAction","name":"Comment","target":["https:\/\/elinformativotam.com\/index.php\/2024\/03\/18\/necesario-reconversion-en-tema-vial-para-la-zona-centro-de-tampico\/#respond"]}]},{"@type":"WebPage","@id":"https:\/\/elinformativotam.com\/index.php\/2024\/03\/18\/necesario-reconversion-en-tema-vial-para-la-zona-centro-de-tampico\/","url":"https:\/\/elinformativotam.com\/index.php\/2024\/03\/18\/necesario-reconversion-en-tema-vial-para-la-zona-centro-de-tampico\/","name":"NECESARIO RECONVERSI\u00d3N EN TEMA VIAL PARA LA ZONA CENTRO DE TAMPICO - EL INFORMATIVO DE TAMAULIPAS","isPartOf":{"@id":"https:\/\/elinformativotam.com\/#website"},"primaryImageOfPage":{"@id":"https:\/\/elinformativotam.com\/index.php\/2024\/03\/18\/necesario-reconversion-en-tema-vial-para-la-zona-centro-de-tampico\/#primaryimage"},"image":{"@id":"https:\/\/elinformativotam.com\/index.php\/2024\/03\/18\/necesario-reconversion-en-tema-vial-para-la-zona-centro-de-tampico\/#primaryimage"},"thumbnailUrl":"https:\/\/elinformativotam.com\/wp-content\/uploads\/2024\/03\/Manzur-Manzur.jpeg","datePublished":"2024-03-19T03:10:25+00:00","description":"*Muchos Obst\u00e1culos Que Tiene Que Sortear El Automovilista Para Salir De La Zona Cero &nbsp; &nbsp; La zona centro de Tampico as\u00ed como el \u00e1rea de los","inLanguage":"es","potentialAction":[{"@type":"ReadAction","target":["https:\/\/elinformativotam.com\/index.php\/2024\/03\/18\/necesario-reconversion-en-tema-vial-para-la-zona-centro-de-tampico\/"]}]},{"@type":"ImageObject","inLanguage":"es","@id":"https:\/\/elinformativotam.com\/index.php\/2024\/03\/18\/necesario-reconversion-en-tema-vial-para-la-zona-centro-de-tampico\/#primaryimage","url":"https:\/\/elinformativotam.com\/wp-content\/uploads\/2024\/03\/Manzur-Manzur.jpeg","contentUrl":"https:\/\/elinformativotam.com\/wp-content\/uploads\/2024\/03\/Manzur-Manzur.jpeg","width":1280,"height":963},{"@type":"WebSite","@id":"https:\/\/elinformativotam.com\/#website","url":"https:\/\/elinformativotam.com\/","name":"EL INFORMATIVO DE TAMAULIPAS","description":"Desde la Zona Metropolitana Para Todo M\u00e9xico","publisher":{"@id":"https:\/\/elinformativotam.com\/#organization"},"potentialAction":[{"@type":"SearchAction","target":{"@type":"EntryPoint","urlTemplate":"https:\/\/elinformativotam.com\/?s={search_term_string}"},"query-input":{"@type":"PropertyValueSpecification","valueRequired":true,"valueName":"search_term_string"}}],"inLanguage":"es"},{"@type":"Organization","@id":"https:\/\/elinformativotam.com\/#organization","name":"EL INFORMATIVO DE TAMAULIPAS","url":"https:\/\/elinformativotam.com\/","logo":{"@type":"ImageObject","inLanguage":"es","@id":"https:\/\/elinformativotam.com\/#\/schema\/logo\/image\/","url":"https:\/\/elinformativotam.com\/wp-content\/uploads\/2026\/02\/Cabezal.png","contentUrl":"https:\/\/elinformativotam.com\/wp-content\/uploads\/2026\/02\/Cabezal.png","width":960,"height":640,"caption":"EL INFORMATIVO DE TAMAULIPAS"},"image":{"@id":"https:\/\/elinformativotam.com\/#\/schema\/logo\/image\/"}},{"@type":"Person","@id":"https:\/\/elinformativotam.com\/#\/schema\/person\/78e08040eed0f6110f0c5f83b6153590","name":"El Informativo Tam","image":{"@type":"ImageObject","inLanguage":"es","@id":"https:\/\/secure.gravatar.com\/avatar\/f3b7ad3af540688955925ac610647be00b0cf41feea9c4978b73a707ee86bc53?s=96&d=mm&r=g","url":"https:\/\/secure.gravatar.com\/avatar\/f3b7ad3af540688955925ac610647be00b0cf41feea9c4978b73a707ee86bc53?s=96&d=mm&r=g","contentUrl":"https:\/\/secure.gravatar.com\/avatar\/f3b7ad3af540688955925ac610647be00b0cf41feea9c4978b73a707ee86bc53?s=96&d=mm&r=g","caption":"El Informativo Tam"}}]}},"_links":{"self":[{"href":"https:\/\/elinformativotam.com\/index.php\/wp-json\/wp\/v2\/posts\/49719","targetHints":{"allow":["GET"]}}],"collection":[{"href":"https:\/\/elinformativotam.com\/index.php\/wp-json\/wp\/v2\/posts"}],"about":[{"href":"https:\/\/elinformativotam.com\/index.php\/wp-json\/wp\/v2\/types\/post"}],"author":[{"embeddable":true,"href":"https:\/\/elinformativotam.com\/index.php\/wp-json\/wp\/v2\/users\/1"}],"replies":[{"embeddable":true,"href":"https:\/\/elinformativotam.com\/index.php\/wp-json\/wp\/v2\/comments?post=49719"}],"version-history":[{"count":1,"href":"https:\/\/elinformativotam.com\/index.php\/wp-json\/wp\/v2\/posts\/49719\/revisions"}],"predecessor-version":[{"id":49720,"href":"https:\/\/elinformativotam.com\/index.php\/wp-json\/wp\/v2\/posts\/49719\/revisions\/49720"}],"wp:featuredmedia":[{"embeddable":true,"href":"https:\/\/elinformativotam.com\/index.php\/wp-json\/wp\/v2\/media\/49710"}],"wp:attachment":[{"href":"https:\/\/elinformativotam.com\/index.php\/wp-json\/wp\/v2\/media?parent=49719"}],"wp:term":[{"taxonomy":"category","embeddable":true,"href":"https:\/\/elinformativotam.com\/index.php\/wp-json\/wp\/v2\/categories?post=49719"},{"taxonomy":"post_tag","embeddable":true,"href":"https:\/\/elinformativotam.com\/index.php\/wp-json\/wp\/v2\/tags?post=49719"}],"curies":[{"name":"wp","href":"https:\/\/api.w.org\/{rel}","templated":true}]}}