{"id":49717,"date":"2024-03-18T21:07:47","date_gmt":"2024-03-19T03:07:47","guid":{"rendered":"https:\/\/elinformativotam.com\/?p=49717"},"modified":"2024-03-18T21:07:47","modified_gmt":"2024-03-19T03:07:47","slug":"sera-prioridad-el-vacacionista-en-tampico","status":"publish","type":"post","link":"https:\/\/elinformativotam.com\/index.php\/2024\/03\/18\/sera-prioridad-el-vacacionista-en-tampico\/","title":{"rendered":"SER\u00c1 PRIORIDAD EL VACACIONISTA EN TAMPICO"},"content":{"rendered":"<h2 style=\"text-align: center;\"><em><span style=\"font-family: 'times new roman', times;\">*Habr\u00e1 Vigilancia En Todos Los Espacios De Recreaci\u00f3n Que Tiene La Ciudad<\/span><\/em><\/h2>\n<p>&nbsp;<\/p>\n<p>La Secretar\u00eda de Protecci\u00f3n Civil del Municipio de Tampico anunci\u00f3 que estar\u00e1 integrando un operativo de atenci\u00f3n al vacacionista y poblaci\u00f3n en general por Semana Santa, con el objetivo de que todas las \u00e1reas de esparcimiento y recreaci\u00f3n se encuentren seguras y aptas al momento de ser visitadas.<\/p>\n<p>&nbsp;<\/p>\n<p>Pedro Romero S\u00e1nchez, titular de esa dependencia municipal, advirti\u00f3 que sitios altamente concurridos como Laguna del Carpintero, Parque Chairel y Fray Andr\u00e9s de Olmos, estar\u00e1n monitoreados desde la pr\u00f3xima semana, cuando inicie de manera formal la primavera<\/p>\n<p>&nbsp;<\/p>\n<p>Explic\u00f3 que el heroico cuerpo de bomberos, Cruz Roja as\u00ed como dependencias de auxilio, adem\u00e1s de los fuerzas del orden, complementan el operativo que tiene como fin salvaguardar la integridad del visitante y que al final registre saldo blanco.<\/p>\n<p>&nbsp;<\/p>\n<p>Romero, dej\u00f3 en claro que en este \u00faltimo tramo del gobierno panista se tiene como esencial finalidad que todo el turismo pase unos d\u00edas de tranquilidad y solaz esparcimiento.<\/p>\n<p>&nbsp;<\/p>\n<p>&#8220;Y qu\u00e9 mejor que todos los cuerpos de auxilio y seguridad est\u00e9n enfocados a lograr que la atenci\u00f3n sea positiva en la poblaci\u00f3n y qui\u00e9n nos visita&#8221;, indic\u00f3<\/p>\n<p>&nbsp;<\/p>\n<p>El funcionario porte\u00f1o, enfatiz\u00f3 que hay condiciones para que en la ciudad se tengan unas vacaciones seguras, siempre y cuando los mismos visitantes se conduzcan con responsabilidad y precauci\u00f3n en su estancia por el Puerto.<\/p>\n","protected":false},"excerpt":{"rendered":"<p>*Habr\u00e1 Vigilancia En Todos Los Espacios De Recreaci\u00f3n Que Tiene La Ciudad &nbsp; La Secretar\u00eda de Protecci\u00f3n Civil del Municipio&hellip;<\/p>\n","protected":false},"author":1,"featured_media":49711,"comment_status":"open","ping_status":"open","sticky":false,"template":"","format":"standard","meta":{"footnotes":""},"categories":[3],"tags":[],"class_list":["post-49717","post","type-post","status-publish","format-standard","has-post-thumbnail","hentry","category-tampico"],"yoast_head":"<!-- This site is optimized with the Yoast SEO plugin v27.5 - https:\/\/yoast.com\/product\/yoast-seo-wordpress\/ -->\n<title>SER\u00c1 PRIORIDAD EL VACACIONISTA EN TAMPICO - EL INFORMATIVO DE TAMAULIPAS<\/title>\n<meta name=\"description\" content=\"*Habr\u00e1 Vigilancia En Todos Los Espacios De Recreaci\u00f3n Que Tiene La Ciudad &nbsp; La Secretar\u00eda de Protecci\u00f3n Civil del Municipio de Tampico anunci\u00f3 que\" \/>\n<meta name=\"robots\" content=\"index, follow, max-snippet:-1, max-image-preview:large, max-video-preview:-1\" \/>\n<link rel=\"canonical\" href=\"https:\/\/elinformativotam.com\/index.php\/2024\/03\/18\/sera-prioridad-el-vacacionista-en-tampico\/\" \/>\n<meta property=\"og:locale\" content=\"es_MX\" \/>\n<meta property=\"og:type\" content=\"article\" \/>\n<meta property=\"og:title\" content=\"SER\u00c1 PRIORIDAD EL VACACIONISTA EN TAMPICO - EL INFORMATIVO DE TAMAULIPAS\" \/>\n<meta property=\"og:description\" content=\"*Habr\u00e1 Vigilancia En Todos Los Espacios De Recreaci\u00f3n Que Tiene La Ciudad &nbsp; La Secretar\u00eda de Protecci\u00f3n Civil del Municipio de Tampico anunci\u00f3 que\" \/>\n<meta property=\"og:url\" content=\"https:\/\/elinformativotam.com\/index.php\/2024\/03\/18\/sera-prioridad-el-vacacionista-en-tampico\/\" \/>\n<meta property=\"og:site_name\" content=\"EL INFORMATIVO DE TAMAULIPAS\" \/>\n<meta property=\"article:published_time\" content=\"2024-03-19T03:07:47+00:00\" \/>\n<meta property=\"og:image\" content=\"https:\/\/elinformativotam.com\/wp-content\/uploads\/2024\/03\/Pedro-Romero-PC.jpeg\" \/>\n\t<meta property=\"og:image:width\" content=\"1280\" \/>\n\t<meta property=\"og:image:height\" content=\"963\" \/>\n\t<meta property=\"og:image:type\" content=\"image\/jpeg\" \/>\n<meta name=\"author\" content=\"El Informativo Tam\" \/>\n<meta name=\"twitter:card\" content=\"summary_large_image\" \/>\n<meta name=\"twitter:label1\" content=\"Escrito por\" \/>\n\t<meta name=\"twitter:data1\" content=\"El Informativo Tam\" \/>\n\t<meta name=\"twitter:label2\" content=\"Tiempo de lectura\" \/>\n\t<meta name=\"twitter:data2\" content=\"2 minutos\" \/>\n<script type=\"application\/ld+json\" class=\"yoast-schema-graph\">{\"@context\":\"https:\\\/\\\/schema.org\",\"@graph\":[{\"@type\":\"Article\",\"@id\":\"https:\\\/\\\/elinformativotam.com\\\/index.php\\\/2024\\\/03\\\/18\\\/sera-prioridad-el-vacacionista-en-tampico\\\/#article\",\"isPartOf\":{\"@id\":\"https:\\\/\\\/elinformativotam.com\\\/index.php\\\/2024\\\/03\\\/18\\\/sera-prioridad-el-vacacionista-en-tampico\\\/\"},\"author\":{\"name\":\"El Informativo Tam\",\"@id\":\"https:\\\/\\\/elinformativotam.com\\\/#\\\/schema\\\/person\\\/78e08040eed0f6110f0c5f83b6153590\"},\"headline\":\"SER\u00c1 PRIORIDAD EL VACACIONISTA EN TAMPICO\",\"datePublished\":\"2024-03-19T03:07:47+00:00\",\"mainEntityOfPage\":{\"@id\":\"https:\\\/\\\/elinformativotam.com\\\/index.php\\\/2024\\\/03\\\/18\\\/sera-prioridad-el-vacacionista-en-tampico\\\/\"},\"wordCount\":258,\"commentCount\":0,\"publisher\":{\"@id\":\"https:\\\/\\\/elinformativotam.com\\\/#organization\"},\"image\":{\"@id\":\"https:\\\/\\\/elinformativotam.com\\\/index.php\\\/2024\\\/03\\\/18\\\/sera-prioridad-el-vacacionista-en-tampico\\\/#primaryimage\"},\"thumbnailUrl\":\"https:\\\/\\\/elinformativotam.com\\\/wp-content\\\/uploads\\\/2024\\\/03\\\/Pedro-Romero-PC.jpeg\",\"articleSection\":[\"Tampico\"],\"inLanguage\":\"es\",\"potentialAction\":[{\"@type\":\"CommentAction\",\"name\":\"Comment\",\"target\":[\"https:\\\/\\\/elinformativotam.com\\\/index.php\\\/2024\\\/03\\\/18\\\/sera-prioridad-el-vacacionista-en-tampico\\\/#respond\"]}]},{\"@type\":\"WebPage\",\"@id\":\"https:\\\/\\\/elinformativotam.com\\\/index.php\\\/2024\\\/03\\\/18\\\/sera-prioridad-el-vacacionista-en-tampico\\\/\",\"url\":\"https:\\\/\\\/elinformativotam.com\\\/index.php\\\/2024\\\/03\\\/18\\\/sera-prioridad-el-vacacionista-en-tampico\\\/\",\"name\":\"SER\u00c1 PRIORIDAD EL VACACIONISTA EN TAMPICO - EL INFORMATIVO DE TAMAULIPAS\",\"isPartOf\":{\"@id\":\"https:\\\/\\\/elinformativotam.com\\\/#website\"},\"primaryImageOfPage\":{\"@id\":\"https:\\\/\\\/elinformativotam.com\\\/index.php\\\/2024\\\/03\\\/18\\\/sera-prioridad-el-vacacionista-en-tampico\\\/#primaryimage\"},\"image\":{\"@id\":\"https:\\\/\\\/elinformativotam.com\\\/index.php\\\/2024\\\/03\\\/18\\\/sera-prioridad-el-vacacionista-en-tampico\\\/#primaryimage\"},\"thumbnailUrl\":\"https:\\\/\\\/elinformativotam.com\\\/wp-content\\\/uploads\\\/2024\\\/03\\\/Pedro-Romero-PC.jpeg\",\"datePublished\":\"2024-03-19T03:07:47+00:00\",\"description\":\"*Habr\u00e1 Vigilancia En Todos Los Espacios De Recreaci\u00f3n Que Tiene La Ciudad &nbsp; La Secretar\u00eda de Protecci\u00f3n Civil del Municipio de Tampico anunci\u00f3 que\",\"inLanguage\":\"es\",\"potentialAction\":[{\"@type\":\"ReadAction\",\"target\":[\"https:\\\/\\\/elinformativotam.com\\\/index.php\\\/2024\\\/03\\\/18\\\/sera-prioridad-el-vacacionista-en-tampico\\\/\"]}]},{\"@type\":\"ImageObject\",\"inLanguage\":\"es\",\"@id\":\"https:\\\/\\\/elinformativotam.com\\\/index.php\\\/2024\\\/03\\\/18\\\/sera-prioridad-el-vacacionista-en-tampico\\\/#primaryimage\",\"url\":\"https:\\\/\\\/elinformativotam.com\\\/wp-content\\\/uploads\\\/2024\\\/03\\\/Pedro-Romero-PC.jpeg\",\"contentUrl\":\"https:\\\/\\\/elinformativotam.com\\\/wp-content\\\/uploads\\\/2024\\\/03\\\/Pedro-Romero-PC.jpeg\",\"width\":1280,\"height\":963},{\"@type\":\"WebSite\",\"@id\":\"https:\\\/\\\/elinformativotam.com\\\/#website\",\"url\":\"https:\\\/\\\/elinformativotam.com\\\/\",\"name\":\"EL INFORMATIVO DE TAMAULIPAS\",\"description\":\"Desde la Zona Metropolitana Para Todo M\u00e9xico\",\"publisher\":{\"@id\":\"https:\\\/\\\/elinformativotam.com\\\/#organization\"},\"potentialAction\":[{\"@type\":\"SearchAction\",\"target\":{\"@type\":\"EntryPoint\",\"urlTemplate\":\"https:\\\/\\\/elinformativotam.com\\\/?s={search_term_string}\"},\"query-input\":{\"@type\":\"PropertyValueSpecification\",\"valueRequired\":true,\"valueName\":\"search_term_string\"}}],\"inLanguage\":\"es\"},{\"@type\":\"Organization\",\"@id\":\"https:\\\/\\\/elinformativotam.com\\\/#organization\",\"name\":\"EL INFORMATIVO DE TAMAULIPAS\",\"url\":\"https:\\\/\\\/elinformativotam.com\\\/\",\"logo\":{\"@type\":\"ImageObject\",\"inLanguage\":\"es\",\"@id\":\"https:\\\/\\\/elinformativotam.com\\\/#\\\/schema\\\/logo\\\/image\\\/\",\"url\":\"https:\\\/\\\/elinformativotam.com\\\/wp-content\\\/uploads\\\/2026\\\/02\\\/Cabezal.png\",\"contentUrl\":\"https:\\\/\\\/elinformativotam.com\\\/wp-content\\\/uploads\\\/2026\\\/02\\\/Cabezal.png\",\"width\":960,\"height\":640,\"caption\":\"EL INFORMATIVO DE TAMAULIPAS\"},\"image\":{\"@id\":\"https:\\\/\\\/elinformativotam.com\\\/#\\\/schema\\\/logo\\\/image\\\/\"}},{\"@type\":\"Person\",\"@id\":\"https:\\\/\\\/elinformativotam.com\\\/#\\\/schema\\\/person\\\/78e08040eed0f6110f0c5f83b6153590\",\"name\":\"El Informativo Tam\",\"image\":{\"@type\":\"ImageObject\",\"inLanguage\":\"es\",\"@id\":\"https:\\\/\\\/secure.gravatar.com\\\/avatar\\\/f3b7ad3af540688955925ac610647be00b0cf41feea9c4978b73a707ee86bc53?s=96&d=mm&r=g\",\"url\":\"https:\\\/\\\/secure.gravatar.com\\\/avatar\\\/f3b7ad3af540688955925ac610647be00b0cf41feea9c4978b73a707ee86bc53?s=96&d=mm&r=g\",\"contentUrl\":\"https:\\\/\\\/secure.gravatar.com\\\/avatar\\\/f3b7ad3af540688955925ac610647be00b0cf41feea9c4978b73a707ee86bc53?s=96&d=mm&r=g\",\"caption\":\"El Informativo Tam\"}}]}<\/script>\n<!-- \/ Yoast SEO plugin. -->","yoast_head_json":{"title":"SER\u00c1 PRIORIDAD EL VACACIONISTA EN TAMPICO - EL INFORMATIVO DE TAMAULIPAS","description":"*Habr\u00e1 Vigilancia En Todos Los Espacios De Recreaci\u00f3n Que Tiene La Ciudad &nbsp; La Secretar\u00eda de Protecci\u00f3n Civil del Municipio de Tampico anunci\u00f3 que","robots":{"index":"index","follow":"follow","max-snippet":"max-snippet:-1","max-image-preview":"max-image-preview:large","max-video-preview":"max-video-preview:-1"},"canonical":"https:\/\/elinformativotam.com\/index.php\/2024\/03\/18\/sera-prioridad-el-vacacionista-en-tampico\/","og_locale":"es_MX","og_type":"article","og_title":"SER\u00c1 PRIORIDAD EL VACACIONISTA EN TAMPICO - EL INFORMATIVO DE TAMAULIPAS","og_description":"*Habr\u00e1 Vigilancia En Todos Los Espacios De Recreaci\u00f3n Que Tiene La Ciudad &nbsp; La Secretar\u00eda de Protecci\u00f3n Civil del Municipio de Tampico anunci\u00f3 que","og_url":"https:\/\/elinformativotam.com\/index.php\/2024\/03\/18\/sera-prioridad-el-vacacionista-en-tampico\/","og_site_name":"EL INFORMATIVO DE TAMAULIPAS","article_published_time":"2024-03-19T03:07:47+00:00","og_image":[{"width":1280,"height":963,"url":"https:\/\/elinformativotam.com\/wp-content\/uploads\/2024\/03\/Pedro-Romero-PC.jpeg","type":"image\/jpeg"}],"author":"El Informativo Tam","twitter_card":"summary_large_image","twitter_misc":{"Escrito por":"El Informativo Tam","Tiempo de lectura":"2 minutos"},"schema":{"@context":"https:\/\/schema.org","@graph":[{"@type":"Article","@id":"https:\/\/elinformativotam.com\/index.php\/2024\/03\/18\/sera-prioridad-el-vacacionista-en-tampico\/#article","isPartOf":{"@id":"https:\/\/elinformativotam.com\/index.php\/2024\/03\/18\/sera-prioridad-el-vacacionista-en-tampico\/"},"author":{"name":"El Informativo Tam","@id":"https:\/\/elinformativotam.com\/#\/schema\/person\/78e08040eed0f6110f0c5f83b6153590"},"headline":"SER\u00c1 PRIORIDAD EL VACACIONISTA EN TAMPICO","datePublished":"2024-03-19T03:07:47+00:00","mainEntityOfPage":{"@id":"https:\/\/elinformativotam.com\/index.php\/2024\/03\/18\/sera-prioridad-el-vacacionista-en-tampico\/"},"wordCount":258,"commentCount":0,"publisher":{"@id":"https:\/\/elinformativotam.com\/#organization"},"image":{"@id":"https:\/\/elinformativotam.com\/index.php\/2024\/03\/18\/sera-prioridad-el-vacacionista-en-tampico\/#primaryimage"},"thumbnailUrl":"https:\/\/elinformativotam.com\/wp-content\/uploads\/2024\/03\/Pedro-Romero-PC.jpeg","articleSection":["Tampico"],"inLanguage":"es","potentialAction":[{"@type":"CommentAction","name":"Comment","target":["https:\/\/elinformativotam.com\/index.php\/2024\/03\/18\/sera-prioridad-el-vacacionista-en-tampico\/#respond"]}]},{"@type":"WebPage","@id":"https:\/\/elinformativotam.com\/index.php\/2024\/03\/18\/sera-prioridad-el-vacacionista-en-tampico\/","url":"https:\/\/elinformativotam.com\/index.php\/2024\/03\/18\/sera-prioridad-el-vacacionista-en-tampico\/","name":"SER\u00c1 PRIORIDAD EL VACACIONISTA EN TAMPICO - EL INFORMATIVO DE TAMAULIPAS","isPartOf":{"@id":"https:\/\/elinformativotam.com\/#website"},"primaryImageOfPage":{"@id":"https:\/\/elinformativotam.com\/index.php\/2024\/03\/18\/sera-prioridad-el-vacacionista-en-tampico\/#primaryimage"},"image":{"@id":"https:\/\/elinformativotam.com\/index.php\/2024\/03\/18\/sera-prioridad-el-vacacionista-en-tampico\/#primaryimage"},"thumbnailUrl":"https:\/\/elinformativotam.com\/wp-content\/uploads\/2024\/03\/Pedro-Romero-PC.jpeg","datePublished":"2024-03-19T03:07:47+00:00","description":"*Habr\u00e1 Vigilancia En Todos Los Espacios De Recreaci\u00f3n Que Tiene La Ciudad &nbsp; La Secretar\u00eda de Protecci\u00f3n Civil del Municipio de Tampico anunci\u00f3 que","inLanguage":"es","potentialAction":[{"@type":"ReadAction","target":["https:\/\/elinformativotam.com\/index.php\/2024\/03\/18\/sera-prioridad-el-vacacionista-en-tampico\/"]}]},{"@type":"ImageObject","inLanguage":"es","@id":"https:\/\/elinformativotam.com\/index.php\/2024\/03\/18\/sera-prioridad-el-vacacionista-en-tampico\/#primaryimage","url":"https:\/\/elinformativotam.com\/wp-content\/uploads\/2024\/03\/Pedro-Romero-PC.jpeg","contentUrl":"https:\/\/elinformativotam.com\/wp-content\/uploads\/2024\/03\/Pedro-Romero-PC.jpeg","width":1280,"height":963},{"@type":"WebSite","@id":"https:\/\/elinformativotam.com\/#website","url":"https:\/\/elinformativotam.com\/","name":"EL INFORMATIVO DE TAMAULIPAS","description":"Desde la Zona Metropolitana Para Todo M\u00e9xico","publisher":{"@id":"https:\/\/elinformativotam.com\/#organization"},"potentialAction":[{"@type":"SearchAction","target":{"@type":"EntryPoint","urlTemplate":"https:\/\/elinformativotam.com\/?s={search_term_string}"},"query-input":{"@type":"PropertyValueSpecification","valueRequired":true,"valueName":"search_term_string"}}],"inLanguage":"es"},{"@type":"Organization","@id":"https:\/\/elinformativotam.com\/#organization","name":"EL INFORMATIVO DE TAMAULIPAS","url":"https:\/\/elinformativotam.com\/","logo":{"@type":"ImageObject","inLanguage":"es","@id":"https:\/\/elinformativotam.com\/#\/schema\/logo\/image\/","url":"https:\/\/elinformativotam.com\/wp-content\/uploads\/2026\/02\/Cabezal.png","contentUrl":"https:\/\/elinformativotam.com\/wp-content\/uploads\/2026\/02\/Cabezal.png","width":960,"height":640,"caption":"EL INFORMATIVO DE TAMAULIPAS"},"image":{"@id":"https:\/\/elinformativotam.com\/#\/schema\/logo\/image\/"}},{"@type":"Person","@id":"https:\/\/elinformativotam.com\/#\/schema\/person\/78e08040eed0f6110f0c5f83b6153590","name":"El Informativo Tam","image":{"@type":"ImageObject","inLanguage":"es","@id":"https:\/\/secure.gravatar.com\/avatar\/f3b7ad3af540688955925ac610647be00b0cf41feea9c4978b73a707ee86bc53?s=96&d=mm&r=g","url":"https:\/\/secure.gravatar.com\/avatar\/f3b7ad3af540688955925ac610647be00b0cf41feea9c4978b73a707ee86bc53?s=96&d=mm&r=g","contentUrl":"https:\/\/secure.gravatar.com\/avatar\/f3b7ad3af540688955925ac610647be00b0cf41feea9c4978b73a707ee86bc53?s=96&d=mm&r=g","caption":"El Informativo Tam"}}]}},"_links":{"self":[{"href":"https:\/\/elinformativotam.com\/index.php\/wp-json\/wp\/v2\/posts\/49717","targetHints":{"allow":["GET"]}}],"collection":[{"href":"https:\/\/elinformativotam.com\/index.php\/wp-json\/wp\/v2\/posts"}],"about":[{"href":"https:\/\/elinformativotam.com\/index.php\/wp-json\/wp\/v2\/types\/post"}],"author":[{"embeddable":true,"href":"https:\/\/elinformativotam.com\/index.php\/wp-json\/wp\/v2\/users\/1"}],"replies":[{"embeddable":true,"href":"https:\/\/elinformativotam.com\/index.php\/wp-json\/wp\/v2\/comments?post=49717"}],"version-history":[{"count":1,"href":"https:\/\/elinformativotam.com\/index.php\/wp-json\/wp\/v2\/posts\/49717\/revisions"}],"predecessor-version":[{"id":49718,"href":"https:\/\/elinformativotam.com\/index.php\/wp-json\/wp\/v2\/posts\/49717\/revisions\/49718"}],"wp:featuredmedia":[{"embeddable":true,"href":"https:\/\/elinformativotam.com\/index.php\/wp-json\/wp\/v2\/media\/49711"}],"wp:attachment":[{"href":"https:\/\/elinformativotam.com\/index.php\/wp-json\/wp\/v2\/media?parent=49717"}],"wp:term":[{"taxonomy":"category","embeddable":true,"href":"https:\/\/elinformativotam.com\/index.php\/wp-json\/wp\/v2\/categories?post=49717"},{"taxonomy":"post_tag","embeddable":true,"href":"https:\/\/elinformativotam.com\/index.php\/wp-json\/wp\/v2\/tags?post=49717"}],"curies":[{"name":"wp","href":"https:\/\/api.w.org\/{rel}","templated":true}]}}