{"id":49714,"date":"2024-03-18T21:05:33","date_gmt":"2024-03-19T03:05:33","guid":{"rendered":"https:\/\/elinformativotam.com\/?p=49714"},"modified":"2024-03-18T21:05:33","modified_gmt":"2024-03-19T03:05:33","slug":"se-agudiza-el-indice-alto-de-accidentes-viales-en-la-zona-sur","status":"publish","type":"post","link":"https:\/\/elinformativotam.com\/index.php\/2024\/03\/18\/se-agudiza-el-indice-alto-de-accidentes-viales-en-la-zona-sur\/","title":{"rendered":"SE AGUDIZA EL \u00cdNDICE ALTO DE ACCIDENTES VIALES EN LA ZONA SUR"},"content":{"rendered":"<h2 style=\"text-align: center;\"><em><span style=\"font-family: 'times new roman', times;\">*Hasta El Momento Van 340 Incidentes Que Han Cobrado La Vida De 8 Personas<\/span><\/em><\/h2>\n<p>&nbsp;<\/p>\n<p>Una alta cantidad de accidentes de todo tipo se han registrado en la zona sur en lo que va del 2024. El reporte de la Cruz Roja menciona que de enero a la fecha se han escenificado 340 hechos que han cobrado la vida de 8 personas.<\/p>\n<p>&nbsp;<\/p>\n<p>El coordinador del \u00e1rea de socorros y desastres de la benem\u00e9rita instituci\u00f3n, Julio C\u00e9sar Castro Ramones, explic\u00f3 que en comparaci\u00f3n con el 2023, \u00e9ste a\u00f1o y en est\u00e1s fechas el n\u00famero de incidencias ha sobrepasado todas las expectativas.<\/p>\n<p>&nbsp;<\/p>\n<p>Abund\u00f3 que en enero se registraron 2 fallecimientos; en Febrero pasado 4 muertes por accidentes vehiculares y en lo que va de Marzo la estad\u00edstica arroja 2 decesos m\u00e1s.<\/p>\n<p>&nbsp;<\/p>\n<p>&#8220;Ha sido un comienzo de a\u00f1o muy cr\u00edtico en fallecimientos, y qu\u00e9 decir en accidentes que a la fecha van 340 en toda la zona sur&#8221;, remarc\u00f3<\/p>\n<p>&nbsp;<\/p>\n<p>Castro, enfatiz\u00f3 que la cantidad de accidentes antes mencionada est\u00e1 sobrepasada, y hasta cierto punto mort\u00edfera.<\/p>\n<p>&nbsp;<\/p>\n<p>&#8220;No estamos tomando la responsabilidad al momento de conducir. Han sido dos meses at\u00edpicos en el tema de accidentes y ser\u00e1 preocupante si se sigue incrementando&#8221;, resalt\u00f3<\/p>\n<p>&nbsp;<\/p>\n<p>El coordinador de socorros y desastres de la Cruz Roja enfatiz\u00f3 que por lo regular en la temporada de semana santa los accidentes tienden a aumentar a\u00fan m\u00e1s, de ah\u00ed la necesidad de redoblar los esfuerzos en la prevenci\u00f3n y adecuado manejo a la defensiva y con total precauci\u00f3n.<\/p>\n<p>&nbsp;<\/p>\n<p>La Cruz Roja de la zona sur pondr\u00e1 a disposici\u00f3n de la temporada vacacional pr\u00f3xima un promedio de 30 elementos, entre voluntarios y veteranos, que estar\u00e1n diseminados en \u00e1reas estrat\u00e9gicas y d\u00f3nde se registre m\u00e1s afluencia de personas.<\/p>\n","protected":false},"excerpt":{"rendered":"<p>*Hasta El Momento Van 340 Incidentes Que Han Cobrado La Vida De 8 Personas &nbsp; Una alta cantidad de accidentes&hellip;<\/p>\n","protected":false},"author":1,"featured_media":33703,"comment_status":"open","ping_status":"open","sticky":false,"template":"","format":"standard","meta":{"footnotes":""},"categories":[3],"tags":[],"class_list":["post-49714","post","type-post","status-publish","format-standard","has-post-thumbnail","hentry","category-tampico"],"yoast_head":"<!-- This site is optimized with the Yoast SEO plugin v27.5 - https:\/\/yoast.com\/product\/yoast-seo-wordpress\/ -->\n<title>SE AGUDIZA EL \u00cdNDICE ALTO DE ACCIDENTES VIALES EN LA ZONA SUR - EL INFORMATIVO DE TAMAULIPAS<\/title>\n<meta name=\"description\" content=\"*Hasta El Momento Van 340 Incidentes Que Han Cobrado La Vida De 8 Personas &nbsp; Una alta cantidad de accidentes de todo tipo se han registrado en la\" \/>\n<meta name=\"robots\" content=\"index, follow, max-snippet:-1, max-image-preview:large, max-video-preview:-1\" \/>\n<link rel=\"canonical\" href=\"https:\/\/elinformativotam.com\/index.php\/2024\/03\/18\/se-agudiza-el-indice-alto-de-accidentes-viales-en-la-zona-sur\/\" \/>\n<meta property=\"og:locale\" content=\"es_MX\" \/>\n<meta property=\"og:type\" content=\"article\" \/>\n<meta property=\"og:title\" content=\"SE AGUDIZA EL \u00cdNDICE ALTO DE ACCIDENTES VIALES EN LA ZONA SUR - EL INFORMATIVO DE TAMAULIPAS\" \/>\n<meta property=\"og:description\" content=\"*Hasta El Momento Van 340 Incidentes Que Han Cobrado La Vida De 8 Personas &nbsp; Una alta cantidad de accidentes de todo tipo se han registrado en la\" \/>\n<meta property=\"og:url\" content=\"https:\/\/elinformativotam.com\/index.php\/2024\/03\/18\/se-agudiza-el-indice-alto-de-accidentes-viales-en-la-zona-sur\/\" \/>\n<meta property=\"og:site_name\" content=\"EL INFORMATIVO DE TAMAULIPAS\" \/>\n<meta property=\"article:published_time\" content=\"2024-03-19T03:05:33+00:00\" \/>\n<meta property=\"og:image\" content=\"https:\/\/elinformativotam.com\/wp-content\/uploads\/2022\/07\/Accidente.jpg\" \/>\n\t<meta property=\"og:image:width\" content=\"1280\" \/>\n\t<meta property=\"og:image:height\" content=\"622\" \/>\n\t<meta property=\"og:image:type\" content=\"image\/jpeg\" \/>\n<meta name=\"author\" content=\"El Informativo Tam\" \/>\n<meta name=\"twitter:card\" content=\"summary_large_image\" \/>\n<meta name=\"twitter:label1\" content=\"Escrito por\" \/>\n\t<meta name=\"twitter:data1\" content=\"El Informativo Tam\" \/>\n\t<meta name=\"twitter:label2\" content=\"Tiempo de lectura\" \/>\n\t<meta name=\"twitter:data2\" content=\"2 minutos\" \/>\n<script type=\"application\/ld+json\" class=\"yoast-schema-graph\">{\"@context\":\"https:\\\/\\\/schema.org\",\"@graph\":[{\"@type\":\"Article\",\"@id\":\"https:\\\/\\\/elinformativotam.com\\\/index.php\\\/2024\\\/03\\\/18\\\/se-agudiza-el-indice-alto-de-accidentes-viales-en-la-zona-sur\\\/#article\",\"isPartOf\":{\"@id\":\"https:\\\/\\\/elinformativotam.com\\\/index.php\\\/2024\\\/03\\\/18\\\/se-agudiza-el-indice-alto-de-accidentes-viales-en-la-zona-sur\\\/\"},\"author\":{\"name\":\"El Informativo Tam\",\"@id\":\"https:\\\/\\\/elinformativotam.com\\\/#\\\/schema\\\/person\\\/78e08040eed0f6110f0c5f83b6153590\"},\"headline\":\"SE AGUDIZA EL \u00cdNDICE ALTO DE ACCIDENTES VIALES EN LA ZONA SUR\",\"datePublished\":\"2024-03-19T03:05:33+00:00\",\"mainEntityOfPage\":{\"@id\":\"https:\\\/\\\/elinformativotam.com\\\/index.php\\\/2024\\\/03\\\/18\\\/se-agudiza-el-indice-alto-de-accidentes-viales-en-la-zona-sur\\\/\"},\"wordCount\":317,\"commentCount\":0,\"publisher\":{\"@id\":\"https:\\\/\\\/elinformativotam.com\\\/#organization\"},\"image\":{\"@id\":\"https:\\\/\\\/elinformativotam.com\\\/index.php\\\/2024\\\/03\\\/18\\\/se-agudiza-el-indice-alto-de-accidentes-viales-en-la-zona-sur\\\/#primaryimage\"},\"thumbnailUrl\":\"https:\\\/\\\/elinformativotam.com\\\/wp-content\\\/uploads\\\/2022\\\/07\\\/Accidente.jpg\",\"articleSection\":[\"Tampico\"],\"inLanguage\":\"es\",\"potentialAction\":[{\"@type\":\"CommentAction\",\"name\":\"Comment\",\"target\":[\"https:\\\/\\\/elinformativotam.com\\\/index.php\\\/2024\\\/03\\\/18\\\/se-agudiza-el-indice-alto-de-accidentes-viales-en-la-zona-sur\\\/#respond\"]}]},{\"@type\":\"WebPage\",\"@id\":\"https:\\\/\\\/elinformativotam.com\\\/index.php\\\/2024\\\/03\\\/18\\\/se-agudiza-el-indice-alto-de-accidentes-viales-en-la-zona-sur\\\/\",\"url\":\"https:\\\/\\\/elinformativotam.com\\\/index.php\\\/2024\\\/03\\\/18\\\/se-agudiza-el-indice-alto-de-accidentes-viales-en-la-zona-sur\\\/\",\"name\":\"SE AGUDIZA EL \u00cdNDICE ALTO DE ACCIDENTES VIALES EN LA ZONA SUR - EL INFORMATIVO DE TAMAULIPAS\",\"isPartOf\":{\"@id\":\"https:\\\/\\\/elinformativotam.com\\\/#website\"},\"primaryImageOfPage\":{\"@id\":\"https:\\\/\\\/elinformativotam.com\\\/index.php\\\/2024\\\/03\\\/18\\\/se-agudiza-el-indice-alto-de-accidentes-viales-en-la-zona-sur\\\/#primaryimage\"},\"image\":{\"@id\":\"https:\\\/\\\/elinformativotam.com\\\/index.php\\\/2024\\\/03\\\/18\\\/se-agudiza-el-indice-alto-de-accidentes-viales-en-la-zona-sur\\\/#primaryimage\"},\"thumbnailUrl\":\"https:\\\/\\\/elinformativotam.com\\\/wp-content\\\/uploads\\\/2022\\\/07\\\/Accidente.jpg\",\"datePublished\":\"2024-03-19T03:05:33+00:00\",\"description\":\"*Hasta El Momento Van 340 Incidentes Que Han Cobrado La Vida De 8 Personas &nbsp; Una alta cantidad de accidentes de todo tipo se han registrado en la\",\"inLanguage\":\"es\",\"potentialAction\":[{\"@type\":\"ReadAction\",\"target\":[\"https:\\\/\\\/elinformativotam.com\\\/index.php\\\/2024\\\/03\\\/18\\\/se-agudiza-el-indice-alto-de-accidentes-viales-en-la-zona-sur\\\/\"]}]},{\"@type\":\"ImageObject\",\"inLanguage\":\"es\",\"@id\":\"https:\\\/\\\/elinformativotam.com\\\/index.php\\\/2024\\\/03\\\/18\\\/se-agudiza-el-indice-alto-de-accidentes-viales-en-la-zona-sur\\\/#primaryimage\",\"url\":\"https:\\\/\\\/elinformativotam.com\\\/wp-content\\\/uploads\\\/2022\\\/07\\\/Accidente.jpg\",\"contentUrl\":\"https:\\\/\\\/elinformativotam.com\\\/wp-content\\\/uploads\\\/2022\\\/07\\\/Accidente.jpg\",\"width\":1280,\"height\":622},{\"@type\":\"WebSite\",\"@id\":\"https:\\\/\\\/elinformativotam.com\\\/#website\",\"url\":\"https:\\\/\\\/elinformativotam.com\\\/\",\"name\":\"EL INFORMATIVO DE TAMAULIPAS\",\"description\":\"Desde la Zona Metropolitana Para Todo M\u00e9xico\",\"publisher\":{\"@id\":\"https:\\\/\\\/elinformativotam.com\\\/#organization\"},\"potentialAction\":[{\"@type\":\"SearchAction\",\"target\":{\"@type\":\"EntryPoint\",\"urlTemplate\":\"https:\\\/\\\/elinformativotam.com\\\/?s={search_term_string}\"},\"query-input\":{\"@type\":\"PropertyValueSpecification\",\"valueRequired\":true,\"valueName\":\"search_term_string\"}}],\"inLanguage\":\"es\"},{\"@type\":\"Organization\",\"@id\":\"https:\\\/\\\/elinformativotam.com\\\/#organization\",\"name\":\"EL INFORMATIVO DE TAMAULIPAS\",\"url\":\"https:\\\/\\\/elinformativotam.com\\\/\",\"logo\":{\"@type\":\"ImageObject\",\"inLanguage\":\"es\",\"@id\":\"https:\\\/\\\/elinformativotam.com\\\/#\\\/schema\\\/logo\\\/image\\\/\",\"url\":\"https:\\\/\\\/elinformativotam.com\\\/wp-content\\\/uploads\\\/2026\\\/02\\\/Cabezal.png\",\"contentUrl\":\"https:\\\/\\\/elinformativotam.com\\\/wp-content\\\/uploads\\\/2026\\\/02\\\/Cabezal.png\",\"width\":960,\"height\":640,\"caption\":\"EL INFORMATIVO DE TAMAULIPAS\"},\"image\":{\"@id\":\"https:\\\/\\\/elinformativotam.com\\\/#\\\/schema\\\/logo\\\/image\\\/\"}},{\"@type\":\"Person\",\"@id\":\"https:\\\/\\\/elinformativotam.com\\\/#\\\/schema\\\/person\\\/78e08040eed0f6110f0c5f83b6153590\",\"name\":\"El Informativo Tam\",\"image\":{\"@type\":\"ImageObject\",\"inLanguage\":\"es\",\"@id\":\"https:\\\/\\\/secure.gravatar.com\\\/avatar\\\/f3b7ad3af540688955925ac610647be00b0cf41feea9c4978b73a707ee86bc53?s=96&d=mm&r=g\",\"url\":\"https:\\\/\\\/secure.gravatar.com\\\/avatar\\\/f3b7ad3af540688955925ac610647be00b0cf41feea9c4978b73a707ee86bc53?s=96&d=mm&r=g\",\"contentUrl\":\"https:\\\/\\\/secure.gravatar.com\\\/avatar\\\/f3b7ad3af540688955925ac610647be00b0cf41feea9c4978b73a707ee86bc53?s=96&d=mm&r=g\",\"caption\":\"El Informativo Tam\"}}]}<\/script>\n<!-- \/ Yoast SEO plugin. -->","yoast_head_json":{"title":"SE AGUDIZA EL \u00cdNDICE ALTO DE ACCIDENTES VIALES EN LA ZONA SUR - EL INFORMATIVO DE TAMAULIPAS","description":"*Hasta El Momento Van 340 Incidentes Que Han Cobrado La Vida De 8 Personas &nbsp; Una alta cantidad de accidentes de todo tipo se han registrado en la","robots":{"index":"index","follow":"follow","max-snippet":"max-snippet:-1","max-image-preview":"max-image-preview:large","max-video-preview":"max-video-preview:-1"},"canonical":"https:\/\/elinformativotam.com\/index.php\/2024\/03\/18\/se-agudiza-el-indice-alto-de-accidentes-viales-en-la-zona-sur\/","og_locale":"es_MX","og_type":"article","og_title":"SE AGUDIZA EL \u00cdNDICE ALTO DE ACCIDENTES VIALES EN LA ZONA SUR - EL INFORMATIVO DE TAMAULIPAS","og_description":"*Hasta El Momento Van 340 Incidentes Que Han Cobrado La Vida De 8 Personas &nbsp; Una alta cantidad de accidentes de todo tipo se han registrado en la","og_url":"https:\/\/elinformativotam.com\/index.php\/2024\/03\/18\/se-agudiza-el-indice-alto-de-accidentes-viales-en-la-zona-sur\/","og_site_name":"EL INFORMATIVO DE TAMAULIPAS","article_published_time":"2024-03-19T03:05:33+00:00","og_image":[{"width":1280,"height":622,"url":"https:\/\/elinformativotam.com\/wp-content\/uploads\/2022\/07\/Accidente.jpg","type":"image\/jpeg"}],"author":"El Informativo Tam","twitter_card":"summary_large_image","twitter_misc":{"Escrito por":"El Informativo Tam","Tiempo de lectura":"2 minutos"},"schema":{"@context":"https:\/\/schema.org","@graph":[{"@type":"Article","@id":"https:\/\/elinformativotam.com\/index.php\/2024\/03\/18\/se-agudiza-el-indice-alto-de-accidentes-viales-en-la-zona-sur\/#article","isPartOf":{"@id":"https:\/\/elinformativotam.com\/index.php\/2024\/03\/18\/se-agudiza-el-indice-alto-de-accidentes-viales-en-la-zona-sur\/"},"author":{"name":"El Informativo Tam","@id":"https:\/\/elinformativotam.com\/#\/schema\/person\/78e08040eed0f6110f0c5f83b6153590"},"headline":"SE AGUDIZA EL \u00cdNDICE ALTO DE ACCIDENTES VIALES EN LA ZONA SUR","datePublished":"2024-03-19T03:05:33+00:00","mainEntityOfPage":{"@id":"https:\/\/elinformativotam.com\/index.php\/2024\/03\/18\/se-agudiza-el-indice-alto-de-accidentes-viales-en-la-zona-sur\/"},"wordCount":317,"commentCount":0,"publisher":{"@id":"https:\/\/elinformativotam.com\/#organization"},"image":{"@id":"https:\/\/elinformativotam.com\/index.php\/2024\/03\/18\/se-agudiza-el-indice-alto-de-accidentes-viales-en-la-zona-sur\/#primaryimage"},"thumbnailUrl":"https:\/\/elinformativotam.com\/wp-content\/uploads\/2022\/07\/Accidente.jpg","articleSection":["Tampico"],"inLanguage":"es","potentialAction":[{"@type":"CommentAction","name":"Comment","target":["https:\/\/elinformativotam.com\/index.php\/2024\/03\/18\/se-agudiza-el-indice-alto-de-accidentes-viales-en-la-zona-sur\/#respond"]}]},{"@type":"WebPage","@id":"https:\/\/elinformativotam.com\/index.php\/2024\/03\/18\/se-agudiza-el-indice-alto-de-accidentes-viales-en-la-zona-sur\/","url":"https:\/\/elinformativotam.com\/index.php\/2024\/03\/18\/se-agudiza-el-indice-alto-de-accidentes-viales-en-la-zona-sur\/","name":"SE AGUDIZA EL \u00cdNDICE ALTO DE ACCIDENTES VIALES EN LA ZONA SUR - EL INFORMATIVO DE TAMAULIPAS","isPartOf":{"@id":"https:\/\/elinformativotam.com\/#website"},"primaryImageOfPage":{"@id":"https:\/\/elinformativotam.com\/index.php\/2024\/03\/18\/se-agudiza-el-indice-alto-de-accidentes-viales-en-la-zona-sur\/#primaryimage"},"image":{"@id":"https:\/\/elinformativotam.com\/index.php\/2024\/03\/18\/se-agudiza-el-indice-alto-de-accidentes-viales-en-la-zona-sur\/#primaryimage"},"thumbnailUrl":"https:\/\/elinformativotam.com\/wp-content\/uploads\/2022\/07\/Accidente.jpg","datePublished":"2024-03-19T03:05:33+00:00","description":"*Hasta El Momento Van 340 Incidentes Que Han Cobrado La Vida De 8 Personas &nbsp; Una alta cantidad de accidentes de todo tipo se han registrado en la","inLanguage":"es","potentialAction":[{"@type":"ReadAction","target":["https:\/\/elinformativotam.com\/index.php\/2024\/03\/18\/se-agudiza-el-indice-alto-de-accidentes-viales-en-la-zona-sur\/"]}]},{"@type":"ImageObject","inLanguage":"es","@id":"https:\/\/elinformativotam.com\/index.php\/2024\/03\/18\/se-agudiza-el-indice-alto-de-accidentes-viales-en-la-zona-sur\/#primaryimage","url":"https:\/\/elinformativotam.com\/wp-content\/uploads\/2022\/07\/Accidente.jpg","contentUrl":"https:\/\/elinformativotam.com\/wp-content\/uploads\/2022\/07\/Accidente.jpg","width":1280,"height":622},{"@type":"WebSite","@id":"https:\/\/elinformativotam.com\/#website","url":"https:\/\/elinformativotam.com\/","name":"EL INFORMATIVO DE TAMAULIPAS","description":"Desde la Zona Metropolitana Para Todo M\u00e9xico","publisher":{"@id":"https:\/\/elinformativotam.com\/#organization"},"potentialAction":[{"@type":"SearchAction","target":{"@type":"EntryPoint","urlTemplate":"https:\/\/elinformativotam.com\/?s={search_term_string}"},"query-input":{"@type":"PropertyValueSpecification","valueRequired":true,"valueName":"search_term_string"}}],"inLanguage":"es"},{"@type":"Organization","@id":"https:\/\/elinformativotam.com\/#organization","name":"EL INFORMATIVO DE TAMAULIPAS","url":"https:\/\/elinformativotam.com\/","logo":{"@type":"ImageObject","inLanguage":"es","@id":"https:\/\/elinformativotam.com\/#\/schema\/logo\/image\/","url":"https:\/\/elinformativotam.com\/wp-content\/uploads\/2026\/02\/Cabezal.png","contentUrl":"https:\/\/elinformativotam.com\/wp-content\/uploads\/2026\/02\/Cabezal.png","width":960,"height":640,"caption":"EL INFORMATIVO DE TAMAULIPAS"},"image":{"@id":"https:\/\/elinformativotam.com\/#\/schema\/logo\/image\/"}},{"@type":"Person","@id":"https:\/\/elinformativotam.com\/#\/schema\/person\/78e08040eed0f6110f0c5f83b6153590","name":"El Informativo Tam","image":{"@type":"ImageObject","inLanguage":"es","@id":"https:\/\/secure.gravatar.com\/avatar\/f3b7ad3af540688955925ac610647be00b0cf41feea9c4978b73a707ee86bc53?s=96&d=mm&r=g","url":"https:\/\/secure.gravatar.com\/avatar\/f3b7ad3af540688955925ac610647be00b0cf41feea9c4978b73a707ee86bc53?s=96&d=mm&r=g","contentUrl":"https:\/\/secure.gravatar.com\/avatar\/f3b7ad3af540688955925ac610647be00b0cf41feea9c4978b73a707ee86bc53?s=96&d=mm&r=g","caption":"El Informativo Tam"}}]}},"_links":{"self":[{"href":"https:\/\/elinformativotam.com\/index.php\/wp-json\/wp\/v2\/posts\/49714","targetHints":{"allow":["GET"]}}],"collection":[{"href":"https:\/\/elinformativotam.com\/index.php\/wp-json\/wp\/v2\/posts"}],"about":[{"href":"https:\/\/elinformativotam.com\/index.php\/wp-json\/wp\/v2\/types\/post"}],"author":[{"embeddable":true,"href":"https:\/\/elinformativotam.com\/index.php\/wp-json\/wp\/v2\/users\/1"}],"replies":[{"embeddable":true,"href":"https:\/\/elinformativotam.com\/index.php\/wp-json\/wp\/v2\/comments?post=49714"}],"version-history":[{"count":1,"href":"https:\/\/elinformativotam.com\/index.php\/wp-json\/wp\/v2\/posts\/49714\/revisions"}],"predecessor-version":[{"id":49715,"href":"https:\/\/elinformativotam.com\/index.php\/wp-json\/wp\/v2\/posts\/49714\/revisions\/49715"}],"wp:featuredmedia":[{"embeddable":true,"href":"https:\/\/elinformativotam.com\/index.php\/wp-json\/wp\/v2\/media\/33703"}],"wp:attachment":[{"href":"https:\/\/elinformativotam.com\/index.php\/wp-json\/wp\/v2\/media?parent=49714"}],"wp:term":[{"taxonomy":"category","embeddable":true,"href":"https:\/\/elinformativotam.com\/index.php\/wp-json\/wp\/v2\/categories?post=49714"},{"taxonomy":"post_tag","embeddable":true,"href":"https:\/\/elinformativotam.com\/index.php\/wp-json\/wp\/v2\/tags?post=49714"}],"curies":[{"name":"wp","href":"https:\/\/api.w.org\/{rel}","templated":true}]}}