{"id":49685,"date":"2024-03-14T20:50:38","date_gmt":"2024-03-15T02:50:38","guid":{"rendered":"https:\/\/elinformativotam.com\/?p=49685"},"modified":"2024-03-14T20:50:38","modified_gmt":"2024-03-15T02:50:38","slug":"padres-piden-cambio-de-mesa-directiva-de-primaria-de-madero","status":"publish","type":"post","link":"https:\/\/elinformativotam.com\/index.php\/2024\/03\/14\/padres-piden-cambio-de-mesa-directiva-de-primaria-de-madero\/","title":{"rendered":"PADRES PIDEN CAMBIO DE MESA DIRECTIVA DE PRIMARIA DE MADERO."},"content":{"rendered":"<p>Cd. Madero, Tamaulipas.- Un grupo de padres de familia de la escuela primaria \u201cJuana Mar\u00eda Cabrera\u201d, ubicada en la colonia Miramapolis, acudi\u00f3 a solicitar el cambio de mesa directiva de la sociedad de padres, pues aseguran que no han hecho nada en beneficio del plantel.<\/p>\n<p>&nbsp;<\/p>\n<p>Las madres de familia se\u00f1alan que la actual directiva cuenta con recursos, los cuales deben aplicarse para hacer mejoras, pues hay deterioros en los ba\u00f1os y fallas del sistema el\u00e9ctrico, los cuales ponen en riesgo a los alumnos, como lo estableci\u00f3 la se\u00f1ora Patricia Ramos.<\/p>\n<p>&nbsp;<\/p>\n<p>Mencion\u00f3 que en vez de realizar las reparaciones, solo han colocado cintas de prevenci\u00f3n, es decir, las que tienen la palabra peligro, lo cual no es suficiente.<\/p>\n<p>&nbsp;<\/p>\n<p>Expuso que aunado a ella, no se ha rendido cuentas de los recursos que han sido aportados, llegando alrededor de 600 mil pesos provenientes de un programa federal.<\/p>\n<p>&nbsp;<\/p>\n<p>A\u00f1adi\u00f3 que solo buscan el bienestar de los alumnos, por ello la urgencia de realizar las reparaciones, pero se requiere otra mesa directiva, ya que la actual no est\u00e1 trabajando como debe ser.<\/p>\n<p>&nbsp;<\/p>\n<p>Al respecto, la directora del plantel Karla Ya\u00f1ez Santos, dijo que ella trata de mediar para evitar un conflicto mayor, pero dej\u00f3 en claro que todo debe esclarecerse en una asamblea de la sociedad de padres de familia.<\/p>\n<p>&nbsp;<\/p>\n<p>&nbsp;<\/p>\n","protected":false},"excerpt":{"rendered":"<p>Cd. Madero, Tamaulipas.- Un grupo de padres de familia de la escuela primaria \u201cJuana Mar\u00eda Cabrera\u201d, ubicada en la colonia&hellip;<\/p>\n","protected":false},"author":1,"featured_media":49676,"comment_status":"open","ping_status":"open","sticky":false,"template":"","format":"standard","meta":{"footnotes":""},"categories":[4],"tags":[],"class_list":["post-49685","post","type-post","status-publish","format-standard","has-post-thumbnail","hentry","category-madero"],"yoast_head":"<!-- This site is optimized with the Yoast SEO plugin v27.5 - https:\/\/yoast.com\/product\/yoast-seo-wordpress\/ -->\n<title>PADRES PIDEN CAMBIO DE MESA DIRECTIVA DE PRIMARIA DE MADERO. - EL INFORMATIVO DE TAMAULIPAS<\/title>\n<meta name=\"description\" content=\"Cd. Madero, Tamaulipas.- Un grupo de padres de familia de la escuela primaria \u201cJuana Mar\u00eda Cabrera\u201d, ubicada en la colonia Miramapolis, acudi\u00f3 a solicitar\" \/>\n<meta name=\"robots\" content=\"index, follow, max-snippet:-1, max-image-preview:large, max-video-preview:-1\" \/>\n<link rel=\"canonical\" href=\"https:\/\/elinformativotam.com\/index.php\/2024\/03\/14\/padres-piden-cambio-de-mesa-directiva-de-primaria-de-madero\/\" \/>\n<meta property=\"og:locale\" content=\"es_MX\" \/>\n<meta property=\"og:type\" content=\"article\" \/>\n<meta property=\"og:title\" content=\"PADRES PIDEN CAMBIO DE MESA DIRECTIVA DE PRIMARIA DE MADERO. - EL INFORMATIVO DE TAMAULIPAS\" \/>\n<meta property=\"og:description\" content=\"Cd. Madero, Tamaulipas.- Un grupo de padres de familia de la escuela primaria \u201cJuana Mar\u00eda Cabrera\u201d, ubicada en la colonia Miramapolis, acudi\u00f3 a solicitar\" \/>\n<meta property=\"og:url\" content=\"https:\/\/elinformativotam.com\/index.php\/2024\/03\/14\/padres-piden-cambio-de-mesa-directiva-de-primaria-de-madero\/\" \/>\n<meta property=\"og:site_name\" content=\"EL INFORMATIVO DE TAMAULIPAS\" \/>\n<meta property=\"article:published_time\" content=\"2024-03-15T02:50:38+00:00\" \/>\n<meta property=\"og:image\" content=\"https:\/\/elinformativotam.com\/wp-content\/uploads\/2024\/03\/Escuela-Primaria.jpeg\" \/>\n\t<meta property=\"og:image:width\" content=\"1600\" \/>\n\t<meta property=\"og:image:height\" content=\"1200\" \/>\n\t<meta property=\"og:image:type\" content=\"image\/jpeg\" \/>\n<meta name=\"author\" content=\"El Informativo Tam\" \/>\n<meta name=\"twitter:card\" content=\"summary_large_image\" \/>\n<meta name=\"twitter:label1\" content=\"Escrito por\" \/>\n\t<meta name=\"twitter:data1\" content=\"El Informativo Tam\" \/>\n\t<meta name=\"twitter:label2\" content=\"Tiempo de lectura\" \/>\n\t<meta name=\"twitter:data2\" content=\"2 minutos\" \/>\n<script type=\"application\/ld+json\" class=\"yoast-schema-graph\">{\"@context\":\"https:\\\/\\\/schema.org\",\"@graph\":[{\"@type\":\"Article\",\"@id\":\"https:\\\/\\\/elinformativotam.com\\\/index.php\\\/2024\\\/03\\\/14\\\/padres-piden-cambio-de-mesa-directiva-de-primaria-de-madero\\\/#article\",\"isPartOf\":{\"@id\":\"https:\\\/\\\/elinformativotam.com\\\/index.php\\\/2024\\\/03\\\/14\\\/padres-piden-cambio-de-mesa-directiva-de-primaria-de-madero\\\/\"},\"author\":{\"name\":\"El Informativo Tam\",\"@id\":\"https:\\\/\\\/elinformativotam.com\\\/#\\\/schema\\\/person\\\/78e08040eed0f6110f0c5f83b6153590\"},\"headline\":\"PADRES PIDEN CAMBIO DE MESA DIRECTIVA DE PRIMARIA DE MADERO.\",\"datePublished\":\"2024-03-15T02:50:38+00:00\",\"mainEntityOfPage\":{\"@id\":\"https:\\\/\\\/elinformativotam.com\\\/index.php\\\/2024\\\/03\\\/14\\\/padres-piden-cambio-de-mesa-directiva-de-primaria-de-madero\\\/\"},\"wordCount\":241,\"commentCount\":0,\"publisher\":{\"@id\":\"https:\\\/\\\/elinformativotam.com\\\/#organization\"},\"image\":{\"@id\":\"https:\\\/\\\/elinformativotam.com\\\/index.php\\\/2024\\\/03\\\/14\\\/padres-piden-cambio-de-mesa-directiva-de-primaria-de-madero\\\/#primaryimage\"},\"thumbnailUrl\":\"https:\\\/\\\/elinformativotam.com\\\/wp-content\\\/uploads\\\/2024\\\/03\\\/Escuela-Primaria.jpeg\",\"articleSection\":[\"Cd Madero\"],\"inLanguage\":\"es\",\"potentialAction\":[{\"@type\":\"CommentAction\",\"name\":\"Comment\",\"target\":[\"https:\\\/\\\/elinformativotam.com\\\/index.php\\\/2024\\\/03\\\/14\\\/padres-piden-cambio-de-mesa-directiva-de-primaria-de-madero\\\/#respond\"]}]},{\"@type\":\"WebPage\",\"@id\":\"https:\\\/\\\/elinformativotam.com\\\/index.php\\\/2024\\\/03\\\/14\\\/padres-piden-cambio-de-mesa-directiva-de-primaria-de-madero\\\/\",\"url\":\"https:\\\/\\\/elinformativotam.com\\\/index.php\\\/2024\\\/03\\\/14\\\/padres-piden-cambio-de-mesa-directiva-de-primaria-de-madero\\\/\",\"name\":\"PADRES PIDEN CAMBIO DE MESA DIRECTIVA DE PRIMARIA DE MADERO. - EL INFORMATIVO DE TAMAULIPAS\",\"isPartOf\":{\"@id\":\"https:\\\/\\\/elinformativotam.com\\\/#website\"},\"primaryImageOfPage\":{\"@id\":\"https:\\\/\\\/elinformativotam.com\\\/index.php\\\/2024\\\/03\\\/14\\\/padres-piden-cambio-de-mesa-directiva-de-primaria-de-madero\\\/#primaryimage\"},\"image\":{\"@id\":\"https:\\\/\\\/elinformativotam.com\\\/index.php\\\/2024\\\/03\\\/14\\\/padres-piden-cambio-de-mesa-directiva-de-primaria-de-madero\\\/#primaryimage\"},\"thumbnailUrl\":\"https:\\\/\\\/elinformativotam.com\\\/wp-content\\\/uploads\\\/2024\\\/03\\\/Escuela-Primaria.jpeg\",\"datePublished\":\"2024-03-15T02:50:38+00:00\",\"description\":\"Cd. Madero, Tamaulipas.- Un grupo de padres de familia de la escuela primaria \u201cJuana Mar\u00eda Cabrera\u201d, ubicada en la colonia Miramapolis, acudi\u00f3 a solicitar\",\"inLanguage\":\"es\",\"potentialAction\":[{\"@type\":\"ReadAction\",\"target\":[\"https:\\\/\\\/elinformativotam.com\\\/index.php\\\/2024\\\/03\\\/14\\\/padres-piden-cambio-de-mesa-directiva-de-primaria-de-madero\\\/\"]}]},{\"@type\":\"ImageObject\",\"inLanguage\":\"es\",\"@id\":\"https:\\\/\\\/elinformativotam.com\\\/index.php\\\/2024\\\/03\\\/14\\\/padres-piden-cambio-de-mesa-directiva-de-primaria-de-madero\\\/#primaryimage\",\"url\":\"https:\\\/\\\/elinformativotam.com\\\/wp-content\\\/uploads\\\/2024\\\/03\\\/Escuela-Primaria.jpeg\",\"contentUrl\":\"https:\\\/\\\/elinformativotam.com\\\/wp-content\\\/uploads\\\/2024\\\/03\\\/Escuela-Primaria.jpeg\",\"width\":1600,\"height\":1200},{\"@type\":\"WebSite\",\"@id\":\"https:\\\/\\\/elinformativotam.com\\\/#website\",\"url\":\"https:\\\/\\\/elinformativotam.com\\\/\",\"name\":\"EL INFORMATIVO DE TAMAULIPAS\",\"description\":\"Desde la Zona Metropolitana Para Todo M\u00e9xico\",\"publisher\":{\"@id\":\"https:\\\/\\\/elinformativotam.com\\\/#organization\"},\"potentialAction\":[{\"@type\":\"SearchAction\",\"target\":{\"@type\":\"EntryPoint\",\"urlTemplate\":\"https:\\\/\\\/elinformativotam.com\\\/?s={search_term_string}\"},\"query-input\":{\"@type\":\"PropertyValueSpecification\",\"valueRequired\":true,\"valueName\":\"search_term_string\"}}],\"inLanguage\":\"es\"},{\"@type\":\"Organization\",\"@id\":\"https:\\\/\\\/elinformativotam.com\\\/#organization\",\"name\":\"EL INFORMATIVO DE TAMAULIPAS\",\"url\":\"https:\\\/\\\/elinformativotam.com\\\/\",\"logo\":{\"@type\":\"ImageObject\",\"inLanguage\":\"es\",\"@id\":\"https:\\\/\\\/elinformativotam.com\\\/#\\\/schema\\\/logo\\\/image\\\/\",\"url\":\"https:\\\/\\\/elinformativotam.com\\\/wp-content\\\/uploads\\\/2026\\\/02\\\/Cabezal.png\",\"contentUrl\":\"https:\\\/\\\/elinformativotam.com\\\/wp-content\\\/uploads\\\/2026\\\/02\\\/Cabezal.png\",\"width\":960,\"height\":640,\"caption\":\"EL INFORMATIVO DE TAMAULIPAS\"},\"image\":{\"@id\":\"https:\\\/\\\/elinformativotam.com\\\/#\\\/schema\\\/logo\\\/image\\\/\"}},{\"@type\":\"Person\",\"@id\":\"https:\\\/\\\/elinformativotam.com\\\/#\\\/schema\\\/person\\\/78e08040eed0f6110f0c5f83b6153590\",\"name\":\"El Informativo Tam\",\"image\":{\"@type\":\"ImageObject\",\"inLanguage\":\"es\",\"@id\":\"https:\\\/\\\/secure.gravatar.com\\\/avatar\\\/f3b7ad3af540688955925ac610647be00b0cf41feea9c4978b73a707ee86bc53?s=96&d=mm&r=g\",\"url\":\"https:\\\/\\\/secure.gravatar.com\\\/avatar\\\/f3b7ad3af540688955925ac610647be00b0cf41feea9c4978b73a707ee86bc53?s=96&d=mm&r=g\",\"contentUrl\":\"https:\\\/\\\/secure.gravatar.com\\\/avatar\\\/f3b7ad3af540688955925ac610647be00b0cf41feea9c4978b73a707ee86bc53?s=96&d=mm&r=g\",\"caption\":\"El Informativo Tam\"}}]}<\/script>\n<!-- \/ Yoast SEO plugin. -->","yoast_head_json":{"title":"PADRES PIDEN CAMBIO DE MESA DIRECTIVA DE PRIMARIA DE MADERO. - EL INFORMATIVO DE TAMAULIPAS","description":"Cd. Madero, Tamaulipas.- Un grupo de padres de familia de la escuela primaria \u201cJuana Mar\u00eda Cabrera\u201d, ubicada en la colonia Miramapolis, acudi\u00f3 a solicitar","robots":{"index":"index","follow":"follow","max-snippet":"max-snippet:-1","max-image-preview":"max-image-preview:large","max-video-preview":"max-video-preview:-1"},"canonical":"https:\/\/elinformativotam.com\/index.php\/2024\/03\/14\/padres-piden-cambio-de-mesa-directiva-de-primaria-de-madero\/","og_locale":"es_MX","og_type":"article","og_title":"PADRES PIDEN CAMBIO DE MESA DIRECTIVA DE PRIMARIA DE MADERO. - EL INFORMATIVO DE TAMAULIPAS","og_description":"Cd. Madero, Tamaulipas.- Un grupo de padres de familia de la escuela primaria \u201cJuana Mar\u00eda Cabrera\u201d, ubicada en la colonia Miramapolis, acudi\u00f3 a solicitar","og_url":"https:\/\/elinformativotam.com\/index.php\/2024\/03\/14\/padres-piden-cambio-de-mesa-directiva-de-primaria-de-madero\/","og_site_name":"EL INFORMATIVO DE TAMAULIPAS","article_published_time":"2024-03-15T02:50:38+00:00","og_image":[{"width":1600,"height":1200,"url":"https:\/\/elinformativotam.com\/wp-content\/uploads\/2024\/03\/Escuela-Primaria.jpeg","type":"image\/jpeg"}],"author":"El Informativo Tam","twitter_card":"summary_large_image","twitter_misc":{"Escrito por":"El Informativo Tam","Tiempo de lectura":"2 minutos"},"schema":{"@context":"https:\/\/schema.org","@graph":[{"@type":"Article","@id":"https:\/\/elinformativotam.com\/index.php\/2024\/03\/14\/padres-piden-cambio-de-mesa-directiva-de-primaria-de-madero\/#article","isPartOf":{"@id":"https:\/\/elinformativotam.com\/index.php\/2024\/03\/14\/padres-piden-cambio-de-mesa-directiva-de-primaria-de-madero\/"},"author":{"name":"El Informativo Tam","@id":"https:\/\/elinformativotam.com\/#\/schema\/person\/78e08040eed0f6110f0c5f83b6153590"},"headline":"PADRES PIDEN CAMBIO DE MESA DIRECTIVA DE PRIMARIA DE MADERO.","datePublished":"2024-03-15T02:50:38+00:00","mainEntityOfPage":{"@id":"https:\/\/elinformativotam.com\/index.php\/2024\/03\/14\/padres-piden-cambio-de-mesa-directiva-de-primaria-de-madero\/"},"wordCount":241,"commentCount":0,"publisher":{"@id":"https:\/\/elinformativotam.com\/#organization"},"image":{"@id":"https:\/\/elinformativotam.com\/index.php\/2024\/03\/14\/padres-piden-cambio-de-mesa-directiva-de-primaria-de-madero\/#primaryimage"},"thumbnailUrl":"https:\/\/elinformativotam.com\/wp-content\/uploads\/2024\/03\/Escuela-Primaria.jpeg","articleSection":["Cd Madero"],"inLanguage":"es","potentialAction":[{"@type":"CommentAction","name":"Comment","target":["https:\/\/elinformativotam.com\/index.php\/2024\/03\/14\/padres-piden-cambio-de-mesa-directiva-de-primaria-de-madero\/#respond"]}]},{"@type":"WebPage","@id":"https:\/\/elinformativotam.com\/index.php\/2024\/03\/14\/padres-piden-cambio-de-mesa-directiva-de-primaria-de-madero\/","url":"https:\/\/elinformativotam.com\/index.php\/2024\/03\/14\/padres-piden-cambio-de-mesa-directiva-de-primaria-de-madero\/","name":"PADRES PIDEN CAMBIO DE MESA DIRECTIVA DE PRIMARIA DE MADERO. - EL INFORMATIVO DE TAMAULIPAS","isPartOf":{"@id":"https:\/\/elinformativotam.com\/#website"},"primaryImageOfPage":{"@id":"https:\/\/elinformativotam.com\/index.php\/2024\/03\/14\/padres-piden-cambio-de-mesa-directiva-de-primaria-de-madero\/#primaryimage"},"image":{"@id":"https:\/\/elinformativotam.com\/index.php\/2024\/03\/14\/padres-piden-cambio-de-mesa-directiva-de-primaria-de-madero\/#primaryimage"},"thumbnailUrl":"https:\/\/elinformativotam.com\/wp-content\/uploads\/2024\/03\/Escuela-Primaria.jpeg","datePublished":"2024-03-15T02:50:38+00:00","description":"Cd. Madero, Tamaulipas.- Un grupo de padres de familia de la escuela primaria \u201cJuana Mar\u00eda Cabrera\u201d, ubicada en la colonia Miramapolis, acudi\u00f3 a solicitar","inLanguage":"es","potentialAction":[{"@type":"ReadAction","target":["https:\/\/elinformativotam.com\/index.php\/2024\/03\/14\/padres-piden-cambio-de-mesa-directiva-de-primaria-de-madero\/"]}]},{"@type":"ImageObject","inLanguage":"es","@id":"https:\/\/elinformativotam.com\/index.php\/2024\/03\/14\/padres-piden-cambio-de-mesa-directiva-de-primaria-de-madero\/#primaryimage","url":"https:\/\/elinformativotam.com\/wp-content\/uploads\/2024\/03\/Escuela-Primaria.jpeg","contentUrl":"https:\/\/elinformativotam.com\/wp-content\/uploads\/2024\/03\/Escuela-Primaria.jpeg","width":1600,"height":1200},{"@type":"WebSite","@id":"https:\/\/elinformativotam.com\/#website","url":"https:\/\/elinformativotam.com\/","name":"EL INFORMATIVO DE TAMAULIPAS","description":"Desde la Zona Metropolitana Para Todo M\u00e9xico","publisher":{"@id":"https:\/\/elinformativotam.com\/#organization"},"potentialAction":[{"@type":"SearchAction","target":{"@type":"EntryPoint","urlTemplate":"https:\/\/elinformativotam.com\/?s={search_term_string}"},"query-input":{"@type":"PropertyValueSpecification","valueRequired":true,"valueName":"search_term_string"}}],"inLanguage":"es"},{"@type":"Organization","@id":"https:\/\/elinformativotam.com\/#organization","name":"EL INFORMATIVO DE TAMAULIPAS","url":"https:\/\/elinformativotam.com\/","logo":{"@type":"ImageObject","inLanguage":"es","@id":"https:\/\/elinformativotam.com\/#\/schema\/logo\/image\/","url":"https:\/\/elinformativotam.com\/wp-content\/uploads\/2026\/02\/Cabezal.png","contentUrl":"https:\/\/elinformativotam.com\/wp-content\/uploads\/2026\/02\/Cabezal.png","width":960,"height":640,"caption":"EL INFORMATIVO DE TAMAULIPAS"},"image":{"@id":"https:\/\/elinformativotam.com\/#\/schema\/logo\/image\/"}},{"@type":"Person","@id":"https:\/\/elinformativotam.com\/#\/schema\/person\/78e08040eed0f6110f0c5f83b6153590","name":"El Informativo Tam","image":{"@type":"ImageObject","inLanguage":"es","@id":"https:\/\/secure.gravatar.com\/avatar\/f3b7ad3af540688955925ac610647be00b0cf41feea9c4978b73a707ee86bc53?s=96&d=mm&r=g","url":"https:\/\/secure.gravatar.com\/avatar\/f3b7ad3af540688955925ac610647be00b0cf41feea9c4978b73a707ee86bc53?s=96&d=mm&r=g","contentUrl":"https:\/\/secure.gravatar.com\/avatar\/f3b7ad3af540688955925ac610647be00b0cf41feea9c4978b73a707ee86bc53?s=96&d=mm&r=g","caption":"El Informativo Tam"}}]}},"_links":{"self":[{"href":"https:\/\/elinformativotam.com\/index.php\/wp-json\/wp\/v2\/posts\/49685","targetHints":{"allow":["GET"]}}],"collection":[{"href":"https:\/\/elinformativotam.com\/index.php\/wp-json\/wp\/v2\/posts"}],"about":[{"href":"https:\/\/elinformativotam.com\/index.php\/wp-json\/wp\/v2\/types\/post"}],"author":[{"embeddable":true,"href":"https:\/\/elinformativotam.com\/index.php\/wp-json\/wp\/v2\/users\/1"}],"replies":[{"embeddable":true,"href":"https:\/\/elinformativotam.com\/index.php\/wp-json\/wp\/v2\/comments?post=49685"}],"version-history":[{"count":1,"href":"https:\/\/elinformativotam.com\/index.php\/wp-json\/wp\/v2\/posts\/49685\/revisions"}],"predecessor-version":[{"id":49686,"href":"https:\/\/elinformativotam.com\/index.php\/wp-json\/wp\/v2\/posts\/49685\/revisions\/49686"}],"wp:featuredmedia":[{"embeddable":true,"href":"https:\/\/elinformativotam.com\/index.php\/wp-json\/wp\/v2\/media\/49676"}],"wp:attachment":[{"href":"https:\/\/elinformativotam.com\/index.php\/wp-json\/wp\/v2\/media?parent=49685"}],"wp:term":[{"taxonomy":"category","embeddable":true,"href":"https:\/\/elinformativotam.com\/index.php\/wp-json\/wp\/v2\/categories?post=49685"},{"taxonomy":"post_tag","embeddable":true,"href":"https:\/\/elinformativotam.com\/index.php\/wp-json\/wp\/v2\/tags?post=49685"}],"curies":[{"name":"wp","href":"https:\/\/api.w.org\/{rel}","templated":true}]}}