{"id":49675,"date":"2024-03-14T20:45:49","date_gmt":"2024-03-15T02:45:49","guid":{"rendered":"https:\/\/elinformativotam.com\/?p=49675"},"modified":"2024-03-14T20:45:49","modified_gmt":"2024-03-15T02:45:49","slug":"presentan-a-rene-razo-como-candidato-del-prd-a-la-alcaldia-de-madero","status":"publish","type":"post","link":"https:\/\/elinformativotam.com\/index.php\/2024\/03\/14\/presentan-a-rene-razo-como-candidato-del-prd-a-la-alcaldia-de-madero\/","title":{"rendered":"PRESENTAN A REN\u00c9 RAZO COMO CANDIDATO DEL PRD A LA ALCALD\u00cdA DE MADERO."},"content":{"rendered":"<p>Cd. Madero, Tamaulipas.- El presidente del Comit\u00e9 Estatal del PRD en Tamaulipas, David Armando Valenzuela Barrios, present\u00f3 en el municipio de Ciudad Madero a Rene Razo M\u00e1rquez, como su candidato a la alcald\u00eda maderense.<\/p>\n<p>&nbsp;<\/p>\n<p>Mencion\u00f3 que buscaron una persona \u00edntegra y de valores, por lo que se decidieron por el empresario maderense, esto despu\u00e9s de analizar\u00a0 varios perfiles, por lo que se design\u00f3 por parte del Consejo Estatal a varios candidatos en distintos municipios, entre ellos la urbe petrolera.<\/p>\n<p>&nbsp;<\/p>\n<p>Respecto a su encomienda como candidato del PRD a la alcald\u00eda de Madero, Ren\u00e9 Razo, decidi\u00f3 aceptar la invitaci\u00f3n del sol azteca para buscar un camino hacia el progreso, para el beneficio de los maderenses.<\/p>\n<p>&nbsp;<\/p>\n<p>Expuso que estaba participando en otro proyecto, este por parte de Movimiento Ciudadano, pero decidi\u00f3 alejarse debido a que su manejo actual le dej\u00f3 un mal sabor de boca.<\/p>\n<p>&nbsp;<\/p>\n<p>A\u00f1adi\u00f3 que MC se considera un proyecto nuevo, pero con los viejos vicios de la pol\u00edtica, como son la mentira y el enga\u00f1o principalmente.<\/p>\n","protected":false},"excerpt":{"rendered":"<p>Cd. Madero, Tamaulipas.- El presidente del Comit\u00e9 Estatal del PRD en Tamaulipas, David Armando Valenzuela Barrios, present\u00f3 en el municipio&hellip;<\/p>\n","protected":false},"author":1,"featured_media":49679,"comment_status":"open","ping_status":"open","sticky":false,"template":"","format":"standard","meta":{"footnotes":""},"categories":[4],"tags":[],"class_list":["post-49675","post","type-post","status-publish","format-standard","has-post-thumbnail","hentry","category-madero"],"yoast_head":"<!-- This site is optimized with the Yoast SEO plugin v27.5 - https:\/\/yoast.com\/product\/yoast-seo-wordpress\/ -->\n<title>PRESENTAN A REN\u00c9 RAZO COMO CANDIDATO DEL PRD A LA ALCALD\u00cdA DE MADERO. - EL INFORMATIVO DE TAMAULIPAS<\/title>\n<meta name=\"description\" content=\"Cd. Madero, Tamaulipas.- El presidente del Comit\u00e9 Estatal del PRD en Tamaulipas, David Armando Valenzuela Barrios, present\u00f3 en el municipio de Ciudad\" \/>\n<meta name=\"robots\" content=\"index, follow, max-snippet:-1, max-image-preview:large, max-video-preview:-1\" \/>\n<link rel=\"canonical\" href=\"https:\/\/elinformativotam.com\/index.php\/2024\/03\/14\/presentan-a-rene-razo-como-candidato-del-prd-a-la-alcaldia-de-madero\/\" \/>\n<meta property=\"og:locale\" content=\"es_MX\" \/>\n<meta property=\"og:type\" content=\"article\" \/>\n<meta property=\"og:title\" content=\"PRESENTAN A REN\u00c9 RAZO COMO CANDIDATO DEL PRD A LA ALCALD\u00cdA DE MADERO. - EL INFORMATIVO DE TAMAULIPAS\" \/>\n<meta property=\"og:description\" content=\"Cd. Madero, Tamaulipas.- El presidente del Comit\u00e9 Estatal del PRD en Tamaulipas, David Armando Valenzuela Barrios, present\u00f3 en el municipio de Ciudad\" \/>\n<meta property=\"og:url\" content=\"https:\/\/elinformativotam.com\/index.php\/2024\/03\/14\/presentan-a-rene-razo-como-candidato-del-prd-a-la-alcaldia-de-madero\/\" \/>\n<meta property=\"og:site_name\" content=\"EL INFORMATIVO DE TAMAULIPAS\" \/>\n<meta property=\"article:published_time\" content=\"2024-03-15T02:45:49+00:00\" \/>\n<meta property=\"og:image\" content=\"https:\/\/elinformativotam.com\/wp-content\/uploads\/2024\/03\/Razo.jpeg\" \/>\n\t<meta property=\"og:image:width\" content=\"1156\" \/>\n\t<meta property=\"og:image:height\" content=\"651\" \/>\n\t<meta property=\"og:image:type\" content=\"image\/jpeg\" \/>\n<meta name=\"author\" content=\"El Informativo Tam\" \/>\n<meta name=\"twitter:card\" content=\"summary_large_image\" \/>\n<meta name=\"twitter:label1\" content=\"Escrito por\" \/>\n\t<meta name=\"twitter:data1\" content=\"El Informativo Tam\" \/>\n\t<meta name=\"twitter:label2\" content=\"Tiempo de lectura\" \/>\n\t<meta name=\"twitter:data2\" content=\"1 minuto\" \/>\n<script type=\"application\/ld+json\" class=\"yoast-schema-graph\">{\"@context\":\"https:\\\/\\\/schema.org\",\"@graph\":[{\"@type\":\"Article\",\"@id\":\"https:\\\/\\\/elinformativotam.com\\\/index.php\\\/2024\\\/03\\\/14\\\/presentan-a-rene-razo-como-candidato-del-prd-a-la-alcaldia-de-madero\\\/#article\",\"isPartOf\":{\"@id\":\"https:\\\/\\\/elinformativotam.com\\\/index.php\\\/2024\\\/03\\\/14\\\/presentan-a-rene-razo-como-candidato-del-prd-a-la-alcaldia-de-madero\\\/\"},\"author\":{\"name\":\"El Informativo Tam\",\"@id\":\"https:\\\/\\\/elinformativotam.com\\\/#\\\/schema\\\/person\\\/78e08040eed0f6110f0c5f83b6153590\"},\"headline\":\"PRESENTAN A REN\u00c9 RAZO COMO CANDIDATO DEL PRD A LA ALCALD\u00cdA DE MADERO.\",\"datePublished\":\"2024-03-15T02:45:49+00:00\",\"mainEntityOfPage\":{\"@id\":\"https:\\\/\\\/elinformativotam.com\\\/index.php\\\/2024\\\/03\\\/14\\\/presentan-a-rene-razo-como-candidato-del-prd-a-la-alcaldia-de-madero\\\/\"},\"wordCount\":194,\"commentCount\":0,\"publisher\":{\"@id\":\"https:\\\/\\\/elinformativotam.com\\\/#organization\"},\"image\":{\"@id\":\"https:\\\/\\\/elinformativotam.com\\\/index.php\\\/2024\\\/03\\\/14\\\/presentan-a-rene-razo-como-candidato-del-prd-a-la-alcaldia-de-madero\\\/#primaryimage\"},\"thumbnailUrl\":\"https:\\\/\\\/elinformativotam.com\\\/wp-content\\\/uploads\\\/2024\\\/03\\\/Razo.jpeg\",\"articleSection\":[\"Cd Madero\"],\"inLanguage\":\"es\",\"potentialAction\":[{\"@type\":\"CommentAction\",\"name\":\"Comment\",\"target\":[\"https:\\\/\\\/elinformativotam.com\\\/index.php\\\/2024\\\/03\\\/14\\\/presentan-a-rene-razo-como-candidato-del-prd-a-la-alcaldia-de-madero\\\/#respond\"]}]},{\"@type\":\"WebPage\",\"@id\":\"https:\\\/\\\/elinformativotam.com\\\/index.php\\\/2024\\\/03\\\/14\\\/presentan-a-rene-razo-como-candidato-del-prd-a-la-alcaldia-de-madero\\\/\",\"url\":\"https:\\\/\\\/elinformativotam.com\\\/index.php\\\/2024\\\/03\\\/14\\\/presentan-a-rene-razo-como-candidato-del-prd-a-la-alcaldia-de-madero\\\/\",\"name\":\"PRESENTAN A REN\u00c9 RAZO COMO CANDIDATO DEL PRD A LA ALCALD\u00cdA DE MADERO. - EL INFORMATIVO DE TAMAULIPAS\",\"isPartOf\":{\"@id\":\"https:\\\/\\\/elinformativotam.com\\\/#website\"},\"primaryImageOfPage\":{\"@id\":\"https:\\\/\\\/elinformativotam.com\\\/index.php\\\/2024\\\/03\\\/14\\\/presentan-a-rene-razo-como-candidato-del-prd-a-la-alcaldia-de-madero\\\/#primaryimage\"},\"image\":{\"@id\":\"https:\\\/\\\/elinformativotam.com\\\/index.php\\\/2024\\\/03\\\/14\\\/presentan-a-rene-razo-como-candidato-del-prd-a-la-alcaldia-de-madero\\\/#primaryimage\"},\"thumbnailUrl\":\"https:\\\/\\\/elinformativotam.com\\\/wp-content\\\/uploads\\\/2024\\\/03\\\/Razo.jpeg\",\"datePublished\":\"2024-03-15T02:45:49+00:00\",\"description\":\"Cd. Madero, Tamaulipas.- El presidente del Comit\u00e9 Estatal del PRD en Tamaulipas, David Armando Valenzuela Barrios, present\u00f3 en el municipio de Ciudad\",\"inLanguage\":\"es\",\"potentialAction\":[{\"@type\":\"ReadAction\",\"target\":[\"https:\\\/\\\/elinformativotam.com\\\/index.php\\\/2024\\\/03\\\/14\\\/presentan-a-rene-razo-como-candidato-del-prd-a-la-alcaldia-de-madero\\\/\"]}]},{\"@type\":\"ImageObject\",\"inLanguage\":\"es\",\"@id\":\"https:\\\/\\\/elinformativotam.com\\\/index.php\\\/2024\\\/03\\\/14\\\/presentan-a-rene-razo-como-candidato-del-prd-a-la-alcaldia-de-madero\\\/#primaryimage\",\"url\":\"https:\\\/\\\/elinformativotam.com\\\/wp-content\\\/uploads\\\/2024\\\/03\\\/Razo.jpeg\",\"contentUrl\":\"https:\\\/\\\/elinformativotam.com\\\/wp-content\\\/uploads\\\/2024\\\/03\\\/Razo.jpeg\",\"width\":1156,\"height\":651},{\"@type\":\"WebSite\",\"@id\":\"https:\\\/\\\/elinformativotam.com\\\/#website\",\"url\":\"https:\\\/\\\/elinformativotam.com\\\/\",\"name\":\"EL INFORMATIVO DE TAMAULIPAS\",\"description\":\"Desde la Zona Metropolitana Para Todo M\u00e9xico\",\"publisher\":{\"@id\":\"https:\\\/\\\/elinformativotam.com\\\/#organization\"},\"potentialAction\":[{\"@type\":\"SearchAction\",\"target\":{\"@type\":\"EntryPoint\",\"urlTemplate\":\"https:\\\/\\\/elinformativotam.com\\\/?s={search_term_string}\"},\"query-input\":{\"@type\":\"PropertyValueSpecification\",\"valueRequired\":true,\"valueName\":\"search_term_string\"}}],\"inLanguage\":\"es\"},{\"@type\":\"Organization\",\"@id\":\"https:\\\/\\\/elinformativotam.com\\\/#organization\",\"name\":\"EL INFORMATIVO DE TAMAULIPAS\",\"url\":\"https:\\\/\\\/elinformativotam.com\\\/\",\"logo\":{\"@type\":\"ImageObject\",\"inLanguage\":\"es\",\"@id\":\"https:\\\/\\\/elinformativotam.com\\\/#\\\/schema\\\/logo\\\/image\\\/\",\"url\":\"https:\\\/\\\/elinformativotam.com\\\/wp-content\\\/uploads\\\/2026\\\/02\\\/Cabezal.png\",\"contentUrl\":\"https:\\\/\\\/elinformativotam.com\\\/wp-content\\\/uploads\\\/2026\\\/02\\\/Cabezal.png\",\"width\":960,\"height\":640,\"caption\":\"EL INFORMATIVO DE TAMAULIPAS\"},\"image\":{\"@id\":\"https:\\\/\\\/elinformativotam.com\\\/#\\\/schema\\\/logo\\\/image\\\/\"}},{\"@type\":\"Person\",\"@id\":\"https:\\\/\\\/elinformativotam.com\\\/#\\\/schema\\\/person\\\/78e08040eed0f6110f0c5f83b6153590\",\"name\":\"El Informativo Tam\",\"image\":{\"@type\":\"ImageObject\",\"inLanguage\":\"es\",\"@id\":\"https:\\\/\\\/secure.gravatar.com\\\/avatar\\\/f3b7ad3af540688955925ac610647be00b0cf41feea9c4978b73a707ee86bc53?s=96&d=mm&r=g\",\"url\":\"https:\\\/\\\/secure.gravatar.com\\\/avatar\\\/f3b7ad3af540688955925ac610647be00b0cf41feea9c4978b73a707ee86bc53?s=96&d=mm&r=g\",\"contentUrl\":\"https:\\\/\\\/secure.gravatar.com\\\/avatar\\\/f3b7ad3af540688955925ac610647be00b0cf41feea9c4978b73a707ee86bc53?s=96&d=mm&r=g\",\"caption\":\"El Informativo Tam\"}}]}<\/script>\n<!-- \/ Yoast SEO plugin. -->","yoast_head_json":{"title":"PRESENTAN A REN\u00c9 RAZO COMO CANDIDATO DEL PRD A LA ALCALD\u00cdA DE MADERO. - EL INFORMATIVO DE TAMAULIPAS","description":"Cd. Madero, Tamaulipas.- El presidente del Comit\u00e9 Estatal del PRD en Tamaulipas, David Armando Valenzuela Barrios, present\u00f3 en el municipio de Ciudad","robots":{"index":"index","follow":"follow","max-snippet":"max-snippet:-1","max-image-preview":"max-image-preview:large","max-video-preview":"max-video-preview:-1"},"canonical":"https:\/\/elinformativotam.com\/index.php\/2024\/03\/14\/presentan-a-rene-razo-como-candidato-del-prd-a-la-alcaldia-de-madero\/","og_locale":"es_MX","og_type":"article","og_title":"PRESENTAN A REN\u00c9 RAZO COMO CANDIDATO DEL PRD A LA ALCALD\u00cdA DE MADERO. - EL INFORMATIVO DE TAMAULIPAS","og_description":"Cd. Madero, Tamaulipas.- El presidente del Comit\u00e9 Estatal del PRD en Tamaulipas, David Armando Valenzuela Barrios, present\u00f3 en el municipio de Ciudad","og_url":"https:\/\/elinformativotam.com\/index.php\/2024\/03\/14\/presentan-a-rene-razo-como-candidato-del-prd-a-la-alcaldia-de-madero\/","og_site_name":"EL INFORMATIVO DE TAMAULIPAS","article_published_time":"2024-03-15T02:45:49+00:00","og_image":[{"width":1156,"height":651,"url":"https:\/\/elinformativotam.com\/wp-content\/uploads\/2024\/03\/Razo.jpeg","type":"image\/jpeg"}],"author":"El Informativo Tam","twitter_card":"summary_large_image","twitter_misc":{"Escrito por":"El Informativo Tam","Tiempo de lectura":"1 minuto"},"schema":{"@context":"https:\/\/schema.org","@graph":[{"@type":"Article","@id":"https:\/\/elinformativotam.com\/index.php\/2024\/03\/14\/presentan-a-rene-razo-como-candidato-del-prd-a-la-alcaldia-de-madero\/#article","isPartOf":{"@id":"https:\/\/elinformativotam.com\/index.php\/2024\/03\/14\/presentan-a-rene-razo-como-candidato-del-prd-a-la-alcaldia-de-madero\/"},"author":{"name":"El Informativo Tam","@id":"https:\/\/elinformativotam.com\/#\/schema\/person\/78e08040eed0f6110f0c5f83b6153590"},"headline":"PRESENTAN A REN\u00c9 RAZO COMO CANDIDATO DEL PRD A LA ALCALD\u00cdA DE MADERO.","datePublished":"2024-03-15T02:45:49+00:00","mainEntityOfPage":{"@id":"https:\/\/elinformativotam.com\/index.php\/2024\/03\/14\/presentan-a-rene-razo-como-candidato-del-prd-a-la-alcaldia-de-madero\/"},"wordCount":194,"commentCount":0,"publisher":{"@id":"https:\/\/elinformativotam.com\/#organization"},"image":{"@id":"https:\/\/elinformativotam.com\/index.php\/2024\/03\/14\/presentan-a-rene-razo-como-candidato-del-prd-a-la-alcaldia-de-madero\/#primaryimage"},"thumbnailUrl":"https:\/\/elinformativotam.com\/wp-content\/uploads\/2024\/03\/Razo.jpeg","articleSection":["Cd Madero"],"inLanguage":"es","potentialAction":[{"@type":"CommentAction","name":"Comment","target":["https:\/\/elinformativotam.com\/index.php\/2024\/03\/14\/presentan-a-rene-razo-como-candidato-del-prd-a-la-alcaldia-de-madero\/#respond"]}]},{"@type":"WebPage","@id":"https:\/\/elinformativotam.com\/index.php\/2024\/03\/14\/presentan-a-rene-razo-como-candidato-del-prd-a-la-alcaldia-de-madero\/","url":"https:\/\/elinformativotam.com\/index.php\/2024\/03\/14\/presentan-a-rene-razo-como-candidato-del-prd-a-la-alcaldia-de-madero\/","name":"PRESENTAN A REN\u00c9 RAZO COMO CANDIDATO DEL PRD A LA ALCALD\u00cdA DE MADERO. - EL INFORMATIVO DE TAMAULIPAS","isPartOf":{"@id":"https:\/\/elinformativotam.com\/#website"},"primaryImageOfPage":{"@id":"https:\/\/elinformativotam.com\/index.php\/2024\/03\/14\/presentan-a-rene-razo-como-candidato-del-prd-a-la-alcaldia-de-madero\/#primaryimage"},"image":{"@id":"https:\/\/elinformativotam.com\/index.php\/2024\/03\/14\/presentan-a-rene-razo-como-candidato-del-prd-a-la-alcaldia-de-madero\/#primaryimage"},"thumbnailUrl":"https:\/\/elinformativotam.com\/wp-content\/uploads\/2024\/03\/Razo.jpeg","datePublished":"2024-03-15T02:45:49+00:00","description":"Cd. Madero, Tamaulipas.- El presidente del Comit\u00e9 Estatal del PRD en Tamaulipas, David Armando Valenzuela Barrios, present\u00f3 en el municipio de Ciudad","inLanguage":"es","potentialAction":[{"@type":"ReadAction","target":["https:\/\/elinformativotam.com\/index.php\/2024\/03\/14\/presentan-a-rene-razo-como-candidato-del-prd-a-la-alcaldia-de-madero\/"]}]},{"@type":"ImageObject","inLanguage":"es","@id":"https:\/\/elinformativotam.com\/index.php\/2024\/03\/14\/presentan-a-rene-razo-como-candidato-del-prd-a-la-alcaldia-de-madero\/#primaryimage","url":"https:\/\/elinformativotam.com\/wp-content\/uploads\/2024\/03\/Razo.jpeg","contentUrl":"https:\/\/elinformativotam.com\/wp-content\/uploads\/2024\/03\/Razo.jpeg","width":1156,"height":651},{"@type":"WebSite","@id":"https:\/\/elinformativotam.com\/#website","url":"https:\/\/elinformativotam.com\/","name":"EL INFORMATIVO DE TAMAULIPAS","description":"Desde la Zona Metropolitana Para Todo M\u00e9xico","publisher":{"@id":"https:\/\/elinformativotam.com\/#organization"},"potentialAction":[{"@type":"SearchAction","target":{"@type":"EntryPoint","urlTemplate":"https:\/\/elinformativotam.com\/?s={search_term_string}"},"query-input":{"@type":"PropertyValueSpecification","valueRequired":true,"valueName":"search_term_string"}}],"inLanguage":"es"},{"@type":"Organization","@id":"https:\/\/elinformativotam.com\/#organization","name":"EL INFORMATIVO DE TAMAULIPAS","url":"https:\/\/elinformativotam.com\/","logo":{"@type":"ImageObject","inLanguage":"es","@id":"https:\/\/elinformativotam.com\/#\/schema\/logo\/image\/","url":"https:\/\/elinformativotam.com\/wp-content\/uploads\/2026\/02\/Cabezal.png","contentUrl":"https:\/\/elinformativotam.com\/wp-content\/uploads\/2026\/02\/Cabezal.png","width":960,"height":640,"caption":"EL INFORMATIVO DE TAMAULIPAS"},"image":{"@id":"https:\/\/elinformativotam.com\/#\/schema\/logo\/image\/"}},{"@type":"Person","@id":"https:\/\/elinformativotam.com\/#\/schema\/person\/78e08040eed0f6110f0c5f83b6153590","name":"El Informativo Tam","image":{"@type":"ImageObject","inLanguage":"es","@id":"https:\/\/secure.gravatar.com\/avatar\/f3b7ad3af540688955925ac610647be00b0cf41feea9c4978b73a707ee86bc53?s=96&d=mm&r=g","url":"https:\/\/secure.gravatar.com\/avatar\/f3b7ad3af540688955925ac610647be00b0cf41feea9c4978b73a707ee86bc53?s=96&d=mm&r=g","contentUrl":"https:\/\/secure.gravatar.com\/avatar\/f3b7ad3af540688955925ac610647be00b0cf41feea9c4978b73a707ee86bc53?s=96&d=mm&r=g","caption":"El Informativo Tam"}}]}},"_links":{"self":[{"href":"https:\/\/elinformativotam.com\/index.php\/wp-json\/wp\/v2\/posts\/49675","targetHints":{"allow":["GET"]}}],"collection":[{"href":"https:\/\/elinformativotam.com\/index.php\/wp-json\/wp\/v2\/posts"}],"about":[{"href":"https:\/\/elinformativotam.com\/index.php\/wp-json\/wp\/v2\/types\/post"}],"author":[{"embeddable":true,"href":"https:\/\/elinformativotam.com\/index.php\/wp-json\/wp\/v2\/users\/1"}],"replies":[{"embeddable":true,"href":"https:\/\/elinformativotam.com\/index.php\/wp-json\/wp\/v2\/comments?post=49675"}],"version-history":[{"count":1,"href":"https:\/\/elinformativotam.com\/index.php\/wp-json\/wp\/v2\/posts\/49675\/revisions"}],"predecessor-version":[{"id":49680,"href":"https:\/\/elinformativotam.com\/index.php\/wp-json\/wp\/v2\/posts\/49675\/revisions\/49680"}],"wp:featuredmedia":[{"embeddable":true,"href":"https:\/\/elinformativotam.com\/index.php\/wp-json\/wp\/v2\/media\/49679"}],"wp:attachment":[{"href":"https:\/\/elinformativotam.com\/index.php\/wp-json\/wp\/v2\/media?parent=49675"}],"wp:term":[{"taxonomy":"category","embeddable":true,"href":"https:\/\/elinformativotam.com\/index.php\/wp-json\/wp\/v2\/categories?post=49675"},{"taxonomy":"post_tag","embeddable":true,"href":"https:\/\/elinformativotam.com\/index.php\/wp-json\/wp\/v2\/tags?post=49675"}],"curies":[{"name":"wp","href":"https:\/\/api.w.org\/{rel}","templated":true}]}}