{"id":49673,"date":"2024-03-14T20:36:27","date_gmt":"2024-03-15T02:36:27","guid":{"rendered":"https:\/\/elinformativotam.com\/?p=49673"},"modified":"2024-03-14T20:36:27","modified_gmt":"2024-03-15T02:36:27","slug":"tambien-iteam-contratara-a-supervisores-y-capacitadores-electorales","status":"publish","type":"post","link":"https:\/\/elinformativotam.com\/index.php\/2024\/03\/14\/tambien-iteam-contratara-a-supervisores-y-capacitadores-electorales\/","title":{"rendered":"TAMBI\u00c9N ITEAM CONTRATAR\u00c1 A SUPERVISORES Y CAPACITADORES ELECTORALES"},"content":{"rendered":"<h2 style=\"text-align: center;\"><em><span style=\"font-family: 'times new roman', times;\">*1234 Capacitadores Y 103 Supervisores Electorales Deber\u00e1n Tener La Autoridad Electoral Local A M\u00e1s Tardar El 6 De Abril<\/span><\/em><\/h2>\n<p>&nbsp;<\/p>\n<p>&nbsp;<\/p>\n<p>Del 1 de Marzo al 6 de Abril el Consejo General del IETAM deber\u00e1 de tener registrados, y casi contratados, a 1234 capacitadores y asistentes electorales, adem\u00e1s 103 supervisores, que se encargar\u00e1n de la log\u00edstica para la elecci\u00f3n de diputados locales y alcaldes de los 43 municipios.<\/p>\n<p>&nbsp;<\/p>\n<p>Al respecto, la consejera del \u00f3rgano electoral local, Italia Aracely Garc\u00eda L\u00f3pez, detall\u00f3 que durante esta fecha el IETAM deber\u00e1 de tener registrados la totalidad de las personas que auxiliaran a la poblaci\u00f3n en las casillas electorales, ya que la capacitaci\u00f3n estar\u00e1 a cargo del INE.<\/p>\n<p>&nbsp;<\/p>\n<p>Indic\u00f3 que s\u00ed bien a casi 15 d\u00edas de haber sido lanzada la convocatoria ya se tiene un avance considerable, estiman que a partir del 2 de Mayo ya queden contratados 1337 funcionarios de la autoridad electoral local.<\/p>\n<p>&nbsp;<\/p>\n<p>Dentro de las funciones que realizar\u00e1n ser\u00e1 de visitar las casillas, participar en la recolecci\u00f3n de paquetes electorales al t\u00e9rmino del d\u00eda de la elecci\u00f3n, asistir a los funcionarios de casillas en el llenado de la documentaci\u00f3n electoral, sellado y armado de paquetes, en coordinaci\u00f3n con los CAES del INE.<\/p>\n<p>&nbsp;<\/p>\n<p>Remarc\u00f3 que cada capacitador y asistente electoral ganar\u00e1 9500 pesos mensuales y en el caso de los supervisores 12 mil pesos, m\u00e1s gastos operativos.<\/p>\n<p>&nbsp;<\/p>\n<p>En el Consejo Municipal Electoral de Tampico se necesita contratar a 113 capacitadores y 8 supervisores electorales.<\/p>\n<p>&nbsp;<\/p>\n<p>La consejera Estatal remarc\u00f3 la necesidad de que la poblaci\u00f3n se compenetre en la elecci\u00f3n, y se torne participativa.<\/p>\n<p>&nbsp;<\/p>\n<p>&#8220;Necesitamos que el funcionario de casilla y toda la poblaci\u00f3n se comprometa y se interese en esta fiesta c\u00edvica que es muy importante para Tamaulipas&#8221;, recalc\u00f3<\/p>\n<p>&nbsp;<\/p>\n<p>La consejera del IETAM estuvo en Tampico, junto a dos de sus homologas y el Presidente del Consejo Electoral Local para impulsar esta fase de la elecci\u00f3n local que est\u00e1 por arrancar el pr\u00f3ximo 15 de Abril con la campa\u00f1a constitucional.<\/p>\n<p>&nbsp;<\/p>\n","protected":false},"excerpt":{"rendered":"<p>*1234 Capacitadores Y 103 Supervisores Electorales Deber\u00e1n Tener La Autoridad Electoral Local A M\u00e1s Tardar El 6 De Abril &nbsp;&hellip;<\/p>\n","protected":false},"author":1,"featured_media":49667,"comment_status":"open","ping_status":"open","sticky":false,"template":"","format":"standard","meta":{"footnotes":""},"categories":[3],"tags":[],"class_list":["post-49673","post","type-post","status-publish","format-standard","has-post-thumbnail","hentry","category-tampico"],"yoast_head":"<!-- This site is optimized with the Yoast SEO plugin v27.5 - https:\/\/yoast.com\/product\/yoast-seo-wordpress\/ -->\n<title>TAMBI\u00c9N ITEAM CONTRATAR\u00c1 A SUPERVISORES Y CAPACITADORES ELECTORALES - EL INFORMATIVO DE TAMAULIPAS<\/title>\n<meta name=\"description\" content=\"*1234 Capacitadores Y 103 Supervisores Electorales Deber\u00e1n Tener La Autoridad Electoral Local A M\u00e1s Tardar El 6 De Abril &nbsp; &nbsp; Del 1 de Marzo al 6\" \/>\n<meta name=\"robots\" content=\"index, follow, max-snippet:-1, max-image-preview:large, max-video-preview:-1\" \/>\n<link rel=\"canonical\" href=\"https:\/\/elinformativotam.com\/index.php\/2024\/03\/14\/tambien-iteam-contratara-a-supervisores-y-capacitadores-electorales\/\" \/>\n<meta property=\"og:locale\" content=\"es_MX\" \/>\n<meta property=\"og:type\" content=\"article\" \/>\n<meta property=\"og:title\" content=\"TAMBI\u00c9N ITEAM CONTRATAR\u00c1 A SUPERVISORES Y CAPACITADORES ELECTORALES - EL INFORMATIVO DE TAMAULIPAS\" \/>\n<meta property=\"og:description\" content=\"*1234 Capacitadores Y 103 Supervisores Electorales Deber\u00e1n Tener La Autoridad Electoral Local A M\u00e1s Tardar El 6 De Abril &nbsp; &nbsp; Del 1 de Marzo al 6\" \/>\n<meta property=\"og:url\" content=\"https:\/\/elinformativotam.com\/index.php\/2024\/03\/14\/tambien-iteam-contratara-a-supervisores-y-capacitadores-electorales\/\" \/>\n<meta property=\"og:site_name\" content=\"EL INFORMATIVO DE TAMAULIPAS\" \/>\n<meta property=\"article:published_time\" content=\"2024-03-15T02:36:27+00:00\" \/>\n<meta property=\"og:image\" content=\"https:\/\/elinformativotam.com\/wp-content\/uploads\/2024\/03\/Italia.jpeg\" \/>\n\t<meta property=\"og:image:width\" content=\"702\" \/>\n\t<meta property=\"og:image:height\" content=\"1600\" \/>\n\t<meta property=\"og:image:type\" content=\"image\/jpeg\" \/>\n<meta name=\"author\" content=\"El Informativo Tam\" \/>\n<meta name=\"twitter:card\" content=\"summary_large_image\" \/>\n<meta name=\"twitter:label1\" content=\"Escrito por\" \/>\n\t<meta name=\"twitter:data1\" content=\"El Informativo Tam\" \/>\n\t<meta name=\"twitter:label2\" content=\"Tiempo de lectura\" \/>\n\t<meta name=\"twitter:data2\" content=\"2 minutos\" \/>\n<script type=\"application\/ld+json\" class=\"yoast-schema-graph\">{\"@context\":\"https:\\\/\\\/schema.org\",\"@graph\":[{\"@type\":\"Article\",\"@id\":\"https:\\\/\\\/elinformativotam.com\\\/index.php\\\/2024\\\/03\\\/14\\\/tambien-iteam-contratara-a-supervisores-y-capacitadores-electorales\\\/#article\",\"isPartOf\":{\"@id\":\"https:\\\/\\\/elinformativotam.com\\\/index.php\\\/2024\\\/03\\\/14\\\/tambien-iteam-contratara-a-supervisores-y-capacitadores-electorales\\\/\"},\"author\":{\"name\":\"El Informativo Tam\",\"@id\":\"https:\\\/\\\/elinformativotam.com\\\/#\\\/schema\\\/person\\\/78e08040eed0f6110f0c5f83b6153590\"},\"headline\":\"TAMBI\u00c9N ITEAM CONTRATAR\u00c1 A SUPERVISORES Y CAPACITADORES ELECTORALES\",\"datePublished\":\"2024-03-15T02:36:27+00:00\",\"mainEntityOfPage\":{\"@id\":\"https:\\\/\\\/elinformativotam.com\\\/index.php\\\/2024\\\/03\\\/14\\\/tambien-iteam-contratara-a-supervisores-y-capacitadores-electorales\\\/\"},\"wordCount\":357,\"commentCount\":0,\"publisher\":{\"@id\":\"https:\\\/\\\/elinformativotam.com\\\/#organization\"},\"image\":{\"@id\":\"https:\\\/\\\/elinformativotam.com\\\/index.php\\\/2024\\\/03\\\/14\\\/tambien-iteam-contratara-a-supervisores-y-capacitadores-electorales\\\/#primaryimage\"},\"thumbnailUrl\":\"https:\\\/\\\/elinformativotam.com\\\/wp-content\\\/uploads\\\/2024\\\/03\\\/Italia.jpeg\",\"articleSection\":[\"Tampico\"],\"inLanguage\":\"es\",\"potentialAction\":[{\"@type\":\"CommentAction\",\"name\":\"Comment\",\"target\":[\"https:\\\/\\\/elinformativotam.com\\\/index.php\\\/2024\\\/03\\\/14\\\/tambien-iteam-contratara-a-supervisores-y-capacitadores-electorales\\\/#respond\"]}]},{\"@type\":\"WebPage\",\"@id\":\"https:\\\/\\\/elinformativotam.com\\\/index.php\\\/2024\\\/03\\\/14\\\/tambien-iteam-contratara-a-supervisores-y-capacitadores-electorales\\\/\",\"url\":\"https:\\\/\\\/elinformativotam.com\\\/index.php\\\/2024\\\/03\\\/14\\\/tambien-iteam-contratara-a-supervisores-y-capacitadores-electorales\\\/\",\"name\":\"TAMBI\u00c9N ITEAM CONTRATAR\u00c1 A SUPERVISORES Y CAPACITADORES ELECTORALES - EL INFORMATIVO DE TAMAULIPAS\",\"isPartOf\":{\"@id\":\"https:\\\/\\\/elinformativotam.com\\\/#website\"},\"primaryImageOfPage\":{\"@id\":\"https:\\\/\\\/elinformativotam.com\\\/index.php\\\/2024\\\/03\\\/14\\\/tambien-iteam-contratara-a-supervisores-y-capacitadores-electorales\\\/#primaryimage\"},\"image\":{\"@id\":\"https:\\\/\\\/elinformativotam.com\\\/index.php\\\/2024\\\/03\\\/14\\\/tambien-iteam-contratara-a-supervisores-y-capacitadores-electorales\\\/#primaryimage\"},\"thumbnailUrl\":\"https:\\\/\\\/elinformativotam.com\\\/wp-content\\\/uploads\\\/2024\\\/03\\\/Italia.jpeg\",\"datePublished\":\"2024-03-15T02:36:27+00:00\",\"description\":\"*1234 Capacitadores Y 103 Supervisores Electorales Deber\u00e1n Tener La Autoridad Electoral Local A M\u00e1s Tardar El 6 De Abril &nbsp; &nbsp; Del 1 de Marzo al 6\",\"inLanguage\":\"es\",\"potentialAction\":[{\"@type\":\"ReadAction\",\"target\":[\"https:\\\/\\\/elinformativotam.com\\\/index.php\\\/2024\\\/03\\\/14\\\/tambien-iteam-contratara-a-supervisores-y-capacitadores-electorales\\\/\"]}]},{\"@type\":\"ImageObject\",\"inLanguage\":\"es\",\"@id\":\"https:\\\/\\\/elinformativotam.com\\\/index.php\\\/2024\\\/03\\\/14\\\/tambien-iteam-contratara-a-supervisores-y-capacitadores-electorales\\\/#primaryimage\",\"url\":\"https:\\\/\\\/elinformativotam.com\\\/wp-content\\\/uploads\\\/2024\\\/03\\\/Italia.jpeg\",\"contentUrl\":\"https:\\\/\\\/elinformativotam.com\\\/wp-content\\\/uploads\\\/2024\\\/03\\\/Italia.jpeg\",\"width\":702,\"height\":1600},{\"@type\":\"WebSite\",\"@id\":\"https:\\\/\\\/elinformativotam.com\\\/#website\",\"url\":\"https:\\\/\\\/elinformativotam.com\\\/\",\"name\":\"EL INFORMATIVO DE TAMAULIPAS\",\"description\":\"Desde la Zona Metropolitana Para Todo M\u00e9xico\",\"publisher\":{\"@id\":\"https:\\\/\\\/elinformativotam.com\\\/#organization\"},\"potentialAction\":[{\"@type\":\"SearchAction\",\"target\":{\"@type\":\"EntryPoint\",\"urlTemplate\":\"https:\\\/\\\/elinformativotam.com\\\/?s={search_term_string}\"},\"query-input\":{\"@type\":\"PropertyValueSpecification\",\"valueRequired\":true,\"valueName\":\"search_term_string\"}}],\"inLanguage\":\"es\"},{\"@type\":\"Organization\",\"@id\":\"https:\\\/\\\/elinformativotam.com\\\/#organization\",\"name\":\"EL INFORMATIVO DE TAMAULIPAS\",\"url\":\"https:\\\/\\\/elinformativotam.com\\\/\",\"logo\":{\"@type\":\"ImageObject\",\"inLanguage\":\"es\",\"@id\":\"https:\\\/\\\/elinformativotam.com\\\/#\\\/schema\\\/logo\\\/image\\\/\",\"url\":\"https:\\\/\\\/elinformativotam.com\\\/wp-content\\\/uploads\\\/2026\\\/02\\\/Cabezal.png\",\"contentUrl\":\"https:\\\/\\\/elinformativotam.com\\\/wp-content\\\/uploads\\\/2026\\\/02\\\/Cabezal.png\",\"width\":960,\"height\":640,\"caption\":\"EL INFORMATIVO DE TAMAULIPAS\"},\"image\":{\"@id\":\"https:\\\/\\\/elinformativotam.com\\\/#\\\/schema\\\/logo\\\/image\\\/\"}},{\"@type\":\"Person\",\"@id\":\"https:\\\/\\\/elinformativotam.com\\\/#\\\/schema\\\/person\\\/78e08040eed0f6110f0c5f83b6153590\",\"name\":\"El Informativo Tam\",\"image\":{\"@type\":\"ImageObject\",\"inLanguage\":\"es\",\"@id\":\"https:\\\/\\\/secure.gravatar.com\\\/avatar\\\/f3b7ad3af540688955925ac610647be00b0cf41feea9c4978b73a707ee86bc53?s=96&d=mm&r=g\",\"url\":\"https:\\\/\\\/secure.gravatar.com\\\/avatar\\\/f3b7ad3af540688955925ac610647be00b0cf41feea9c4978b73a707ee86bc53?s=96&d=mm&r=g\",\"contentUrl\":\"https:\\\/\\\/secure.gravatar.com\\\/avatar\\\/f3b7ad3af540688955925ac610647be00b0cf41feea9c4978b73a707ee86bc53?s=96&d=mm&r=g\",\"caption\":\"El Informativo Tam\"}}]}<\/script>\n<!-- \/ Yoast SEO plugin. -->","yoast_head_json":{"title":"TAMBI\u00c9N ITEAM CONTRATAR\u00c1 A SUPERVISORES Y CAPACITADORES ELECTORALES - EL INFORMATIVO DE TAMAULIPAS","description":"*1234 Capacitadores Y 103 Supervisores Electorales Deber\u00e1n Tener La Autoridad Electoral Local A M\u00e1s Tardar El 6 De Abril &nbsp; &nbsp; Del 1 de Marzo al 6","robots":{"index":"index","follow":"follow","max-snippet":"max-snippet:-1","max-image-preview":"max-image-preview:large","max-video-preview":"max-video-preview:-1"},"canonical":"https:\/\/elinformativotam.com\/index.php\/2024\/03\/14\/tambien-iteam-contratara-a-supervisores-y-capacitadores-electorales\/","og_locale":"es_MX","og_type":"article","og_title":"TAMBI\u00c9N ITEAM CONTRATAR\u00c1 A SUPERVISORES Y CAPACITADORES ELECTORALES - EL INFORMATIVO DE TAMAULIPAS","og_description":"*1234 Capacitadores Y 103 Supervisores Electorales Deber\u00e1n Tener La Autoridad Electoral Local A M\u00e1s Tardar El 6 De Abril &nbsp; &nbsp; Del 1 de Marzo al 6","og_url":"https:\/\/elinformativotam.com\/index.php\/2024\/03\/14\/tambien-iteam-contratara-a-supervisores-y-capacitadores-electorales\/","og_site_name":"EL INFORMATIVO DE TAMAULIPAS","article_published_time":"2024-03-15T02:36:27+00:00","og_image":[{"width":702,"height":1600,"url":"https:\/\/elinformativotam.com\/wp-content\/uploads\/2024\/03\/Italia.jpeg","type":"image\/jpeg"}],"author":"El Informativo Tam","twitter_card":"summary_large_image","twitter_misc":{"Escrito por":"El Informativo Tam","Tiempo de lectura":"2 minutos"},"schema":{"@context":"https:\/\/schema.org","@graph":[{"@type":"Article","@id":"https:\/\/elinformativotam.com\/index.php\/2024\/03\/14\/tambien-iteam-contratara-a-supervisores-y-capacitadores-electorales\/#article","isPartOf":{"@id":"https:\/\/elinformativotam.com\/index.php\/2024\/03\/14\/tambien-iteam-contratara-a-supervisores-y-capacitadores-electorales\/"},"author":{"name":"El Informativo Tam","@id":"https:\/\/elinformativotam.com\/#\/schema\/person\/78e08040eed0f6110f0c5f83b6153590"},"headline":"TAMBI\u00c9N ITEAM CONTRATAR\u00c1 A SUPERVISORES Y CAPACITADORES ELECTORALES","datePublished":"2024-03-15T02:36:27+00:00","mainEntityOfPage":{"@id":"https:\/\/elinformativotam.com\/index.php\/2024\/03\/14\/tambien-iteam-contratara-a-supervisores-y-capacitadores-electorales\/"},"wordCount":357,"commentCount":0,"publisher":{"@id":"https:\/\/elinformativotam.com\/#organization"},"image":{"@id":"https:\/\/elinformativotam.com\/index.php\/2024\/03\/14\/tambien-iteam-contratara-a-supervisores-y-capacitadores-electorales\/#primaryimage"},"thumbnailUrl":"https:\/\/elinformativotam.com\/wp-content\/uploads\/2024\/03\/Italia.jpeg","articleSection":["Tampico"],"inLanguage":"es","potentialAction":[{"@type":"CommentAction","name":"Comment","target":["https:\/\/elinformativotam.com\/index.php\/2024\/03\/14\/tambien-iteam-contratara-a-supervisores-y-capacitadores-electorales\/#respond"]}]},{"@type":"WebPage","@id":"https:\/\/elinformativotam.com\/index.php\/2024\/03\/14\/tambien-iteam-contratara-a-supervisores-y-capacitadores-electorales\/","url":"https:\/\/elinformativotam.com\/index.php\/2024\/03\/14\/tambien-iteam-contratara-a-supervisores-y-capacitadores-electorales\/","name":"TAMBI\u00c9N ITEAM CONTRATAR\u00c1 A SUPERVISORES Y CAPACITADORES ELECTORALES - EL INFORMATIVO DE TAMAULIPAS","isPartOf":{"@id":"https:\/\/elinformativotam.com\/#website"},"primaryImageOfPage":{"@id":"https:\/\/elinformativotam.com\/index.php\/2024\/03\/14\/tambien-iteam-contratara-a-supervisores-y-capacitadores-electorales\/#primaryimage"},"image":{"@id":"https:\/\/elinformativotam.com\/index.php\/2024\/03\/14\/tambien-iteam-contratara-a-supervisores-y-capacitadores-electorales\/#primaryimage"},"thumbnailUrl":"https:\/\/elinformativotam.com\/wp-content\/uploads\/2024\/03\/Italia.jpeg","datePublished":"2024-03-15T02:36:27+00:00","description":"*1234 Capacitadores Y 103 Supervisores Electorales Deber\u00e1n Tener La Autoridad Electoral Local A M\u00e1s Tardar El 6 De Abril &nbsp; &nbsp; Del 1 de Marzo al 6","inLanguage":"es","potentialAction":[{"@type":"ReadAction","target":["https:\/\/elinformativotam.com\/index.php\/2024\/03\/14\/tambien-iteam-contratara-a-supervisores-y-capacitadores-electorales\/"]}]},{"@type":"ImageObject","inLanguage":"es","@id":"https:\/\/elinformativotam.com\/index.php\/2024\/03\/14\/tambien-iteam-contratara-a-supervisores-y-capacitadores-electorales\/#primaryimage","url":"https:\/\/elinformativotam.com\/wp-content\/uploads\/2024\/03\/Italia.jpeg","contentUrl":"https:\/\/elinformativotam.com\/wp-content\/uploads\/2024\/03\/Italia.jpeg","width":702,"height":1600},{"@type":"WebSite","@id":"https:\/\/elinformativotam.com\/#website","url":"https:\/\/elinformativotam.com\/","name":"EL INFORMATIVO DE TAMAULIPAS","description":"Desde la Zona Metropolitana Para Todo M\u00e9xico","publisher":{"@id":"https:\/\/elinformativotam.com\/#organization"},"potentialAction":[{"@type":"SearchAction","target":{"@type":"EntryPoint","urlTemplate":"https:\/\/elinformativotam.com\/?s={search_term_string}"},"query-input":{"@type":"PropertyValueSpecification","valueRequired":true,"valueName":"search_term_string"}}],"inLanguage":"es"},{"@type":"Organization","@id":"https:\/\/elinformativotam.com\/#organization","name":"EL INFORMATIVO DE TAMAULIPAS","url":"https:\/\/elinformativotam.com\/","logo":{"@type":"ImageObject","inLanguage":"es","@id":"https:\/\/elinformativotam.com\/#\/schema\/logo\/image\/","url":"https:\/\/elinformativotam.com\/wp-content\/uploads\/2026\/02\/Cabezal.png","contentUrl":"https:\/\/elinformativotam.com\/wp-content\/uploads\/2026\/02\/Cabezal.png","width":960,"height":640,"caption":"EL INFORMATIVO DE TAMAULIPAS"},"image":{"@id":"https:\/\/elinformativotam.com\/#\/schema\/logo\/image\/"}},{"@type":"Person","@id":"https:\/\/elinformativotam.com\/#\/schema\/person\/78e08040eed0f6110f0c5f83b6153590","name":"El Informativo Tam","image":{"@type":"ImageObject","inLanguage":"es","@id":"https:\/\/secure.gravatar.com\/avatar\/f3b7ad3af540688955925ac610647be00b0cf41feea9c4978b73a707ee86bc53?s=96&d=mm&r=g","url":"https:\/\/secure.gravatar.com\/avatar\/f3b7ad3af540688955925ac610647be00b0cf41feea9c4978b73a707ee86bc53?s=96&d=mm&r=g","contentUrl":"https:\/\/secure.gravatar.com\/avatar\/f3b7ad3af540688955925ac610647be00b0cf41feea9c4978b73a707ee86bc53?s=96&d=mm&r=g","caption":"El Informativo Tam"}}]}},"_links":{"self":[{"href":"https:\/\/elinformativotam.com\/index.php\/wp-json\/wp\/v2\/posts\/49673","targetHints":{"allow":["GET"]}}],"collection":[{"href":"https:\/\/elinformativotam.com\/index.php\/wp-json\/wp\/v2\/posts"}],"about":[{"href":"https:\/\/elinformativotam.com\/index.php\/wp-json\/wp\/v2\/types\/post"}],"author":[{"embeddable":true,"href":"https:\/\/elinformativotam.com\/index.php\/wp-json\/wp\/v2\/users\/1"}],"replies":[{"embeddable":true,"href":"https:\/\/elinformativotam.com\/index.php\/wp-json\/wp\/v2\/comments?post=49673"}],"version-history":[{"count":1,"href":"https:\/\/elinformativotam.com\/index.php\/wp-json\/wp\/v2\/posts\/49673\/revisions"}],"predecessor-version":[{"id":49674,"href":"https:\/\/elinformativotam.com\/index.php\/wp-json\/wp\/v2\/posts\/49673\/revisions\/49674"}],"wp:featuredmedia":[{"embeddable":true,"href":"https:\/\/elinformativotam.com\/index.php\/wp-json\/wp\/v2\/media\/49667"}],"wp:attachment":[{"href":"https:\/\/elinformativotam.com\/index.php\/wp-json\/wp\/v2\/media?parent=49673"}],"wp:term":[{"taxonomy":"category","embeddable":true,"href":"https:\/\/elinformativotam.com\/index.php\/wp-json\/wp\/v2\/categories?post=49673"},{"taxonomy":"post_tag","embeddable":true,"href":"https:\/\/elinformativotam.com\/index.php\/wp-json\/wp\/v2\/tags?post=49673"}],"curies":[{"name":"wp","href":"https:\/\/api.w.org\/{rel}","templated":true}]}}