{"id":49671,"date":"2024-03-14T20:33:56","date_gmt":"2024-03-15T02:33:56","guid":{"rendered":"https:\/\/elinformativotam.com\/?p=49671"},"modified":"2024-03-14T20:33:56","modified_gmt":"2024-03-15T02:33:56","slug":"inicia-manana-registros-de-candidatos-ante-el-ietam","status":"publish","type":"post","link":"https:\/\/elinformativotam.com\/index.php\/2024\/03\/14\/inicia-manana-registros-de-candidatos-ante-el-ietam\/","title":{"rendered":"INICIA MA\u00d1ANA REGISTROS DE CANDIDATOS ANTE EL IETAM"},"content":{"rendered":"<h2 style=\"text-align: center;\"><em><span style=\"font-family: 'times new roman', times;\">*Del 15 Al 20 De Marzo Se Deber\u00e1n De Registrar En Los CME O De Manera Supletoria<\/span><\/em><\/h2>\n<p>&nbsp;<\/p>\n<p>El registro de candidatos a las alcald\u00edas de los 43 municipios y diputaciones locales se realizar\u00e1 del 15 al 20 de Marzo, y los partidos pol\u00edticos o alianzas tienen la opci\u00f3n de realizarlo por conducto de los \u00f3rganos desconcertados(Consejos Municipales y Distritales) o de manera supletoria, es decir en el Consejo Estatal con todos los candidatos.<\/p>\n<p>&nbsp;<\/p>\n<p>Deborah Gonz\u00e1lez D\u00edaz, consejera estatal del IETAM explic\u00f3 que pr\u00e1cticamente todo est\u00e1 listo para que los candidatos ungidos por sus institutos pol\u00edticos lo hagan de manera formal ante la autoridad electoral en la fecha arriba descrita.<\/p>\n<p>&nbsp;<\/p>\n<p>Precis\u00f3 que un d\u00eda despu\u00e9s del vencimiento, es decir del 21 de Marzo al 14 de Abril, el Consejo Estatal someter\u00e1 a un estricto escrutinio y an\u00e1lisis de todos los registros de candidatos, para de esta manera conocer s\u00ed est\u00e1n en condiciones de representar el cargo p\u00fablico.<\/p>\n<p>&nbsp;<\/p>\n<p>Abund\u00f3 que los candidatos tendr\u00e1n que pasar una serie de filtros legales que marca la ley electoral antes de avalar formalmente sus candidaturas.<\/p>\n<p>&nbsp;<\/p>\n<p>Gonz\u00e1lez, dej\u00f3 en claro que en el tema de seguridad, cada candidato deber\u00e1 realizar la solicitud de apoyo personal al consejo estatal e iniciar un protocolo de an\u00e1lisis donde intervienen las fuerzas del orden y la fiscal\u00eda de justicia de Tamaulipas<\/p>\n<p>&nbsp;<\/p>\n<p>&#8220;Hay una colaboraci\u00f3n interinstitucional de todas las dependencias inherentes en el tema&#8221;, dijo<\/p>\n<p>&nbsp;<\/p>\n<p>La consejera del IETAM dej\u00f3 en claro que hasta el momento la evoluci\u00f3n de la elecci\u00f3n se ha llevado de manera pac\u00edfica, en espera de que as\u00ed continue en la campa\u00f1a constitucional y el d\u00eda de los comicios.<\/p>\n","protected":false},"excerpt":{"rendered":"<p>*Del 15 Al 20 De Marzo Se Deber\u00e1n De Registrar En Los CME O De Manera Supletoria &nbsp; El registro&hellip;<\/p>\n","protected":false},"author":1,"featured_media":49668,"comment_status":"open","ping_status":"open","sticky":false,"template":"","format":"standard","meta":{"footnotes":""},"categories":[3],"tags":[],"class_list":["post-49671","post","type-post","status-publish","format-standard","has-post-thumbnail","hentry","category-tampico"],"yoast_head":"<!-- This site is optimized with the Yoast SEO plugin v27.5 - https:\/\/yoast.com\/product\/yoast-seo-wordpress\/ -->\n<title>INICIA MA\u00d1ANA REGISTROS DE CANDIDATOS ANTE EL IETAM - EL INFORMATIVO DE TAMAULIPAS<\/title>\n<meta name=\"description\" content=\"*Del 15 Al 20 De Marzo Se Deber\u00e1n De Registrar En Los CME O De Manera Supletoria &nbsp; El registro de candidatos a las alcald\u00edas de los 43 municipios y\" \/>\n<meta name=\"robots\" content=\"index, follow, max-snippet:-1, max-image-preview:large, max-video-preview:-1\" \/>\n<link rel=\"canonical\" href=\"https:\/\/elinformativotam.com\/index.php\/2024\/03\/14\/inicia-manana-registros-de-candidatos-ante-el-ietam\/\" \/>\n<meta property=\"og:locale\" content=\"es_MX\" \/>\n<meta property=\"og:type\" content=\"article\" \/>\n<meta property=\"og:title\" content=\"INICIA MA\u00d1ANA REGISTROS DE CANDIDATOS ANTE EL IETAM - EL INFORMATIVO DE TAMAULIPAS\" \/>\n<meta property=\"og:description\" content=\"*Del 15 Al 20 De Marzo Se Deber\u00e1n De Registrar En Los CME O De Manera Supletoria &nbsp; El registro de candidatos a las alcald\u00edas de los 43 municipios y\" \/>\n<meta property=\"og:url\" content=\"https:\/\/elinformativotam.com\/index.php\/2024\/03\/14\/inicia-manana-registros-de-candidatos-ante-el-ietam\/\" \/>\n<meta property=\"og:site_name\" content=\"EL INFORMATIVO DE TAMAULIPAS\" \/>\n<meta property=\"article:published_time\" content=\"2024-03-15T02:33:56+00:00\" \/>\n<meta property=\"og:image\" content=\"https:\/\/elinformativotam.com\/wp-content\/uploads\/2024\/03\/Deborah.jpeg\" \/>\n\t<meta property=\"og:image:width\" content=\"1600\" \/>\n\t<meta property=\"og:image:height\" content=\"1204\" \/>\n\t<meta property=\"og:image:type\" content=\"image\/jpeg\" \/>\n<meta name=\"author\" content=\"El Informativo Tam\" \/>\n<meta name=\"twitter:card\" content=\"summary_large_image\" \/>\n<meta name=\"twitter:label1\" content=\"Escrito por\" \/>\n\t<meta name=\"twitter:data1\" content=\"El Informativo Tam\" \/>\n\t<meta name=\"twitter:label2\" content=\"Tiempo de lectura\" \/>\n\t<meta name=\"twitter:data2\" content=\"2 minutos\" \/>\n<script type=\"application\/ld+json\" class=\"yoast-schema-graph\">{\"@context\":\"https:\\\/\\\/schema.org\",\"@graph\":[{\"@type\":\"Article\",\"@id\":\"https:\\\/\\\/elinformativotam.com\\\/index.php\\\/2024\\\/03\\\/14\\\/inicia-manana-registros-de-candidatos-ante-el-ietam\\\/#article\",\"isPartOf\":{\"@id\":\"https:\\\/\\\/elinformativotam.com\\\/index.php\\\/2024\\\/03\\\/14\\\/inicia-manana-registros-de-candidatos-ante-el-ietam\\\/\"},\"author\":{\"name\":\"El Informativo Tam\",\"@id\":\"https:\\\/\\\/elinformativotam.com\\\/#\\\/schema\\\/person\\\/78e08040eed0f6110f0c5f83b6153590\"},\"headline\":\"INICIA MA\u00d1ANA REGISTROS DE CANDIDATOS ANTE EL IETAM\",\"datePublished\":\"2024-03-15T02:33:56+00:00\",\"mainEntityOfPage\":{\"@id\":\"https:\\\/\\\/elinformativotam.com\\\/index.php\\\/2024\\\/03\\\/14\\\/inicia-manana-registros-de-candidatos-ante-el-ietam\\\/\"},\"wordCount\":304,\"commentCount\":0,\"publisher\":{\"@id\":\"https:\\\/\\\/elinformativotam.com\\\/#organization\"},\"image\":{\"@id\":\"https:\\\/\\\/elinformativotam.com\\\/index.php\\\/2024\\\/03\\\/14\\\/inicia-manana-registros-de-candidatos-ante-el-ietam\\\/#primaryimage\"},\"thumbnailUrl\":\"https:\\\/\\\/elinformativotam.com\\\/wp-content\\\/uploads\\\/2024\\\/03\\\/Deborah.jpeg\",\"articleSection\":[\"Tampico\"],\"inLanguage\":\"es\",\"potentialAction\":[{\"@type\":\"CommentAction\",\"name\":\"Comment\",\"target\":[\"https:\\\/\\\/elinformativotam.com\\\/index.php\\\/2024\\\/03\\\/14\\\/inicia-manana-registros-de-candidatos-ante-el-ietam\\\/#respond\"]}]},{\"@type\":\"WebPage\",\"@id\":\"https:\\\/\\\/elinformativotam.com\\\/index.php\\\/2024\\\/03\\\/14\\\/inicia-manana-registros-de-candidatos-ante-el-ietam\\\/\",\"url\":\"https:\\\/\\\/elinformativotam.com\\\/index.php\\\/2024\\\/03\\\/14\\\/inicia-manana-registros-de-candidatos-ante-el-ietam\\\/\",\"name\":\"INICIA MA\u00d1ANA REGISTROS DE CANDIDATOS ANTE EL IETAM - EL INFORMATIVO DE TAMAULIPAS\",\"isPartOf\":{\"@id\":\"https:\\\/\\\/elinformativotam.com\\\/#website\"},\"primaryImageOfPage\":{\"@id\":\"https:\\\/\\\/elinformativotam.com\\\/index.php\\\/2024\\\/03\\\/14\\\/inicia-manana-registros-de-candidatos-ante-el-ietam\\\/#primaryimage\"},\"image\":{\"@id\":\"https:\\\/\\\/elinformativotam.com\\\/index.php\\\/2024\\\/03\\\/14\\\/inicia-manana-registros-de-candidatos-ante-el-ietam\\\/#primaryimage\"},\"thumbnailUrl\":\"https:\\\/\\\/elinformativotam.com\\\/wp-content\\\/uploads\\\/2024\\\/03\\\/Deborah.jpeg\",\"datePublished\":\"2024-03-15T02:33:56+00:00\",\"description\":\"*Del 15 Al 20 De Marzo Se Deber\u00e1n De Registrar En Los CME O De Manera Supletoria &nbsp; El registro de candidatos a las alcald\u00edas de los 43 municipios y\",\"inLanguage\":\"es\",\"potentialAction\":[{\"@type\":\"ReadAction\",\"target\":[\"https:\\\/\\\/elinformativotam.com\\\/index.php\\\/2024\\\/03\\\/14\\\/inicia-manana-registros-de-candidatos-ante-el-ietam\\\/\"]}]},{\"@type\":\"ImageObject\",\"inLanguage\":\"es\",\"@id\":\"https:\\\/\\\/elinformativotam.com\\\/index.php\\\/2024\\\/03\\\/14\\\/inicia-manana-registros-de-candidatos-ante-el-ietam\\\/#primaryimage\",\"url\":\"https:\\\/\\\/elinformativotam.com\\\/wp-content\\\/uploads\\\/2024\\\/03\\\/Deborah.jpeg\",\"contentUrl\":\"https:\\\/\\\/elinformativotam.com\\\/wp-content\\\/uploads\\\/2024\\\/03\\\/Deborah.jpeg\",\"width\":1600,\"height\":1204},{\"@type\":\"WebSite\",\"@id\":\"https:\\\/\\\/elinformativotam.com\\\/#website\",\"url\":\"https:\\\/\\\/elinformativotam.com\\\/\",\"name\":\"EL INFORMATIVO DE TAMAULIPAS\",\"description\":\"Desde la Zona Metropolitana Para Todo M\u00e9xico\",\"publisher\":{\"@id\":\"https:\\\/\\\/elinformativotam.com\\\/#organization\"},\"potentialAction\":[{\"@type\":\"SearchAction\",\"target\":{\"@type\":\"EntryPoint\",\"urlTemplate\":\"https:\\\/\\\/elinformativotam.com\\\/?s={search_term_string}\"},\"query-input\":{\"@type\":\"PropertyValueSpecification\",\"valueRequired\":true,\"valueName\":\"search_term_string\"}}],\"inLanguage\":\"es\"},{\"@type\":\"Organization\",\"@id\":\"https:\\\/\\\/elinformativotam.com\\\/#organization\",\"name\":\"EL INFORMATIVO DE TAMAULIPAS\",\"url\":\"https:\\\/\\\/elinformativotam.com\\\/\",\"logo\":{\"@type\":\"ImageObject\",\"inLanguage\":\"es\",\"@id\":\"https:\\\/\\\/elinformativotam.com\\\/#\\\/schema\\\/logo\\\/image\\\/\",\"url\":\"https:\\\/\\\/elinformativotam.com\\\/wp-content\\\/uploads\\\/2026\\\/02\\\/Cabezal.png\",\"contentUrl\":\"https:\\\/\\\/elinformativotam.com\\\/wp-content\\\/uploads\\\/2026\\\/02\\\/Cabezal.png\",\"width\":960,\"height\":640,\"caption\":\"EL INFORMATIVO DE TAMAULIPAS\"},\"image\":{\"@id\":\"https:\\\/\\\/elinformativotam.com\\\/#\\\/schema\\\/logo\\\/image\\\/\"}},{\"@type\":\"Person\",\"@id\":\"https:\\\/\\\/elinformativotam.com\\\/#\\\/schema\\\/person\\\/78e08040eed0f6110f0c5f83b6153590\",\"name\":\"El Informativo Tam\",\"image\":{\"@type\":\"ImageObject\",\"inLanguage\":\"es\",\"@id\":\"https:\\\/\\\/secure.gravatar.com\\\/avatar\\\/f3b7ad3af540688955925ac610647be00b0cf41feea9c4978b73a707ee86bc53?s=96&d=mm&r=g\",\"url\":\"https:\\\/\\\/secure.gravatar.com\\\/avatar\\\/f3b7ad3af540688955925ac610647be00b0cf41feea9c4978b73a707ee86bc53?s=96&d=mm&r=g\",\"contentUrl\":\"https:\\\/\\\/secure.gravatar.com\\\/avatar\\\/f3b7ad3af540688955925ac610647be00b0cf41feea9c4978b73a707ee86bc53?s=96&d=mm&r=g\",\"caption\":\"El Informativo Tam\"}}]}<\/script>\n<!-- \/ Yoast SEO plugin. -->","yoast_head_json":{"title":"INICIA MA\u00d1ANA REGISTROS DE CANDIDATOS ANTE EL IETAM - EL INFORMATIVO DE TAMAULIPAS","description":"*Del 15 Al 20 De Marzo Se Deber\u00e1n De Registrar En Los CME O De Manera Supletoria &nbsp; El registro de candidatos a las alcald\u00edas de los 43 municipios y","robots":{"index":"index","follow":"follow","max-snippet":"max-snippet:-1","max-image-preview":"max-image-preview:large","max-video-preview":"max-video-preview:-1"},"canonical":"https:\/\/elinformativotam.com\/index.php\/2024\/03\/14\/inicia-manana-registros-de-candidatos-ante-el-ietam\/","og_locale":"es_MX","og_type":"article","og_title":"INICIA MA\u00d1ANA REGISTROS DE CANDIDATOS ANTE EL IETAM - EL INFORMATIVO DE TAMAULIPAS","og_description":"*Del 15 Al 20 De Marzo Se Deber\u00e1n De Registrar En Los CME O De Manera Supletoria &nbsp; El registro de candidatos a las alcald\u00edas de los 43 municipios y","og_url":"https:\/\/elinformativotam.com\/index.php\/2024\/03\/14\/inicia-manana-registros-de-candidatos-ante-el-ietam\/","og_site_name":"EL INFORMATIVO DE TAMAULIPAS","article_published_time":"2024-03-15T02:33:56+00:00","og_image":[{"width":1600,"height":1204,"url":"https:\/\/elinformativotam.com\/wp-content\/uploads\/2024\/03\/Deborah.jpeg","type":"image\/jpeg"}],"author":"El Informativo Tam","twitter_card":"summary_large_image","twitter_misc":{"Escrito por":"El Informativo Tam","Tiempo de lectura":"2 minutos"},"schema":{"@context":"https:\/\/schema.org","@graph":[{"@type":"Article","@id":"https:\/\/elinformativotam.com\/index.php\/2024\/03\/14\/inicia-manana-registros-de-candidatos-ante-el-ietam\/#article","isPartOf":{"@id":"https:\/\/elinformativotam.com\/index.php\/2024\/03\/14\/inicia-manana-registros-de-candidatos-ante-el-ietam\/"},"author":{"name":"El Informativo Tam","@id":"https:\/\/elinformativotam.com\/#\/schema\/person\/78e08040eed0f6110f0c5f83b6153590"},"headline":"INICIA MA\u00d1ANA REGISTROS DE CANDIDATOS ANTE EL IETAM","datePublished":"2024-03-15T02:33:56+00:00","mainEntityOfPage":{"@id":"https:\/\/elinformativotam.com\/index.php\/2024\/03\/14\/inicia-manana-registros-de-candidatos-ante-el-ietam\/"},"wordCount":304,"commentCount":0,"publisher":{"@id":"https:\/\/elinformativotam.com\/#organization"},"image":{"@id":"https:\/\/elinformativotam.com\/index.php\/2024\/03\/14\/inicia-manana-registros-de-candidatos-ante-el-ietam\/#primaryimage"},"thumbnailUrl":"https:\/\/elinformativotam.com\/wp-content\/uploads\/2024\/03\/Deborah.jpeg","articleSection":["Tampico"],"inLanguage":"es","potentialAction":[{"@type":"CommentAction","name":"Comment","target":["https:\/\/elinformativotam.com\/index.php\/2024\/03\/14\/inicia-manana-registros-de-candidatos-ante-el-ietam\/#respond"]}]},{"@type":"WebPage","@id":"https:\/\/elinformativotam.com\/index.php\/2024\/03\/14\/inicia-manana-registros-de-candidatos-ante-el-ietam\/","url":"https:\/\/elinformativotam.com\/index.php\/2024\/03\/14\/inicia-manana-registros-de-candidatos-ante-el-ietam\/","name":"INICIA MA\u00d1ANA REGISTROS DE CANDIDATOS ANTE EL IETAM - EL INFORMATIVO DE TAMAULIPAS","isPartOf":{"@id":"https:\/\/elinformativotam.com\/#website"},"primaryImageOfPage":{"@id":"https:\/\/elinformativotam.com\/index.php\/2024\/03\/14\/inicia-manana-registros-de-candidatos-ante-el-ietam\/#primaryimage"},"image":{"@id":"https:\/\/elinformativotam.com\/index.php\/2024\/03\/14\/inicia-manana-registros-de-candidatos-ante-el-ietam\/#primaryimage"},"thumbnailUrl":"https:\/\/elinformativotam.com\/wp-content\/uploads\/2024\/03\/Deborah.jpeg","datePublished":"2024-03-15T02:33:56+00:00","description":"*Del 15 Al 20 De Marzo Se Deber\u00e1n De Registrar En Los CME O De Manera Supletoria &nbsp; El registro de candidatos a las alcald\u00edas de los 43 municipios y","inLanguage":"es","potentialAction":[{"@type":"ReadAction","target":["https:\/\/elinformativotam.com\/index.php\/2024\/03\/14\/inicia-manana-registros-de-candidatos-ante-el-ietam\/"]}]},{"@type":"ImageObject","inLanguage":"es","@id":"https:\/\/elinformativotam.com\/index.php\/2024\/03\/14\/inicia-manana-registros-de-candidatos-ante-el-ietam\/#primaryimage","url":"https:\/\/elinformativotam.com\/wp-content\/uploads\/2024\/03\/Deborah.jpeg","contentUrl":"https:\/\/elinformativotam.com\/wp-content\/uploads\/2024\/03\/Deborah.jpeg","width":1600,"height":1204},{"@type":"WebSite","@id":"https:\/\/elinformativotam.com\/#website","url":"https:\/\/elinformativotam.com\/","name":"EL INFORMATIVO DE TAMAULIPAS","description":"Desde la Zona Metropolitana Para Todo M\u00e9xico","publisher":{"@id":"https:\/\/elinformativotam.com\/#organization"},"potentialAction":[{"@type":"SearchAction","target":{"@type":"EntryPoint","urlTemplate":"https:\/\/elinformativotam.com\/?s={search_term_string}"},"query-input":{"@type":"PropertyValueSpecification","valueRequired":true,"valueName":"search_term_string"}}],"inLanguage":"es"},{"@type":"Organization","@id":"https:\/\/elinformativotam.com\/#organization","name":"EL INFORMATIVO DE TAMAULIPAS","url":"https:\/\/elinformativotam.com\/","logo":{"@type":"ImageObject","inLanguage":"es","@id":"https:\/\/elinformativotam.com\/#\/schema\/logo\/image\/","url":"https:\/\/elinformativotam.com\/wp-content\/uploads\/2026\/02\/Cabezal.png","contentUrl":"https:\/\/elinformativotam.com\/wp-content\/uploads\/2026\/02\/Cabezal.png","width":960,"height":640,"caption":"EL INFORMATIVO DE TAMAULIPAS"},"image":{"@id":"https:\/\/elinformativotam.com\/#\/schema\/logo\/image\/"}},{"@type":"Person","@id":"https:\/\/elinformativotam.com\/#\/schema\/person\/78e08040eed0f6110f0c5f83b6153590","name":"El Informativo Tam","image":{"@type":"ImageObject","inLanguage":"es","@id":"https:\/\/secure.gravatar.com\/avatar\/f3b7ad3af540688955925ac610647be00b0cf41feea9c4978b73a707ee86bc53?s=96&d=mm&r=g","url":"https:\/\/secure.gravatar.com\/avatar\/f3b7ad3af540688955925ac610647be00b0cf41feea9c4978b73a707ee86bc53?s=96&d=mm&r=g","contentUrl":"https:\/\/secure.gravatar.com\/avatar\/f3b7ad3af540688955925ac610647be00b0cf41feea9c4978b73a707ee86bc53?s=96&d=mm&r=g","caption":"El Informativo Tam"}}]}},"_links":{"self":[{"href":"https:\/\/elinformativotam.com\/index.php\/wp-json\/wp\/v2\/posts\/49671","targetHints":{"allow":["GET"]}}],"collection":[{"href":"https:\/\/elinformativotam.com\/index.php\/wp-json\/wp\/v2\/posts"}],"about":[{"href":"https:\/\/elinformativotam.com\/index.php\/wp-json\/wp\/v2\/types\/post"}],"author":[{"embeddable":true,"href":"https:\/\/elinformativotam.com\/index.php\/wp-json\/wp\/v2\/users\/1"}],"replies":[{"embeddable":true,"href":"https:\/\/elinformativotam.com\/index.php\/wp-json\/wp\/v2\/comments?post=49671"}],"version-history":[{"count":1,"href":"https:\/\/elinformativotam.com\/index.php\/wp-json\/wp\/v2\/posts\/49671\/revisions"}],"predecessor-version":[{"id":49672,"href":"https:\/\/elinformativotam.com\/index.php\/wp-json\/wp\/v2\/posts\/49671\/revisions\/49672"}],"wp:featuredmedia":[{"embeddable":true,"href":"https:\/\/elinformativotam.com\/index.php\/wp-json\/wp\/v2\/media\/49668"}],"wp:attachment":[{"href":"https:\/\/elinformativotam.com\/index.php\/wp-json\/wp\/v2\/media?parent=49671"}],"wp:term":[{"taxonomy":"category","embeddable":true,"href":"https:\/\/elinformativotam.com\/index.php\/wp-json\/wp\/v2\/categories?post=49671"},{"taxonomy":"post_tag","embeddable":true,"href":"https:\/\/elinformativotam.com\/index.php\/wp-json\/wp\/v2\/tags?post=49671"}],"curies":[{"name":"wp","href":"https:\/\/api.w.org\/{rel}","templated":true}]}}