{"id":49666,"date":"2024-03-14T20:31:18","date_gmt":"2024-03-15T02:31:18","guid":{"rendered":"https:\/\/elinformativotam.com\/?p=49666"},"modified":"2024-03-14T20:31:18","modified_gmt":"2024-03-15T02:31:18","slug":"proximos-cabildos-tendran-que-cumplir-con-cuota-en-discapacidad-diversidad-y-juventud","status":"publish","type":"post","link":"https:\/\/elinformativotam.com\/index.php\/2024\/03\/14\/proximos-cabildos-tendran-que-cumplir-con-cuota-en-discapacidad-diversidad-y-juventud\/","title":{"rendered":"PR\u00d3XIMOS CABILDOS TENDR\u00c1N QUE CUMPLIR CON CUOTA EN DISCAPACIDAD, DIVERSIDAD Y JUVENTUD"},"content":{"rendered":"<h2 style=\"text-align: center;\"><em><span style=\"font-family: 'times new roman', times;\">*Las Llamadas Acciones Administrativas Es Una Reforma Hecha A La Ley Electoral Local Recientemente<\/span><\/em><\/h2>\n<p>&nbsp;<\/p>\n<p>Los futuros cabildos de los 43 municipios que entrar\u00e1n en vigor a partir del pr\u00f3ximo 1 de Octubre deber\u00e1n de tener integrados a ediles con alguna discapacidad, a personas de la diversidad sexual, j\u00f3venes y adultos mayores, esto luego de la reforma realizada a la ley electoral apenas el a\u00f1o pasado.<\/p>\n<p>&nbsp;<\/p>\n<p>Las llamadas acciones afirmativas no son otra cosa que los aspectos arriba mencionados tendr\u00e1n que ir impl\u00edcitos en las planillas de los candidatos a presidentes municipales.<\/p>\n<p>&nbsp;<\/p>\n<p>La consejera estatal del IETAM Mayra Gisela Lugo Rodr\u00edguez, extern\u00f3 que ser\u00e1 el primer proceso electoral que lleve impl\u00edcito los requisitos de las acciones administrativas en Tamaulipas.<\/p>\n<p>&nbsp;<\/p>\n<p>Abund\u00f3 que los grupos en situaci\u00f3n de vulnerabilidad son las que ser\u00e1n beneficiados con esta reforma electoral, pues ahora ser\u00e1 una obligaci\u00f3n de los partidos pol\u00edticos postular a estos sectores de la poblaci\u00f3n en ese cargo p\u00fablico.<\/p>\n<p>&nbsp;<\/p>\n<p>Manifest\u00f3 que en dado caso de que los institutos pol\u00edticos no cumplan se les requerir\u00e1 para que en un t\u00e9rmino de 48 horas subsanen el o los espacios se\u00f1alados por la autoridad electoral, y en caso de no ser as\u00ed se proceder\u00e1 a la cancelaci\u00f3n del registro y llevar a cabo un sorteo para la sustituci\u00f3n del espacio.<\/p>\n<p>&nbsp;<\/p>\n<p>Lugo, a\u00f1adi\u00f3 que est\u00e1 norma electoral tambi\u00e9n aplica en las candidaturas a las diputaciones locales, donde tambi\u00e9n deber\u00e1n de cumplir la cuota migrante, diversidad sexual, j\u00f3venes y discapacitados.<\/p>\n<p>&nbsp;<\/p>\n<p>&#8220;En la entidad esta nueva decisi\u00f3n que implementa la autoridad electoral es hist\u00f3rica, y todos los institutos pol\u00edticos deber\u00e1n de cumplir a cabalidad con la ley electoral&#8221;, acot\u00f3.<\/p>\n","protected":false},"excerpt":{"rendered":"<p>*Las Llamadas Acciones Administrativas Es Una Reforma Hecha A La Ley Electoral Local Recientemente &nbsp; Los futuros cabildos de los&hellip;<\/p>\n","protected":false},"author":1,"featured_media":49669,"comment_status":"open","ping_status":"open","sticky":false,"template":"","format":"standard","meta":{"footnotes":""},"categories":[3],"tags":[],"class_list":["post-49666","post","type-post","status-publish","format-standard","has-post-thumbnail","hentry","category-tampico"],"yoast_head":"<!-- This site is optimized with the Yoast SEO plugin v27.5 - https:\/\/yoast.com\/product\/yoast-seo-wordpress\/ -->\n<title>PR\u00d3XIMOS CABILDOS TENDR\u00c1N QUE CUMPLIR CON CUOTA EN DISCAPACIDAD, DIVERSIDAD Y JUVENTUD - EL INFORMATIVO DE TAMAULIPAS<\/title>\n<meta name=\"description\" content=\"*Las Llamadas Acciones Administrativas Es Una Reforma Hecha A La Ley Electoral Local Recientemente &nbsp; Los futuros cabildos de los 43 municipios que\" \/>\n<meta name=\"robots\" content=\"index, follow, max-snippet:-1, max-image-preview:large, max-video-preview:-1\" \/>\n<link rel=\"canonical\" href=\"https:\/\/elinformativotam.com\/index.php\/2024\/03\/14\/proximos-cabildos-tendran-que-cumplir-con-cuota-en-discapacidad-diversidad-y-juventud\/\" \/>\n<meta property=\"og:locale\" content=\"es_MX\" \/>\n<meta property=\"og:type\" content=\"article\" \/>\n<meta property=\"og:title\" content=\"PR\u00d3XIMOS CABILDOS TENDR\u00c1N QUE CUMPLIR CON CUOTA EN DISCAPACIDAD, DIVERSIDAD Y JUVENTUD - EL INFORMATIVO DE TAMAULIPAS\" \/>\n<meta property=\"og:description\" content=\"*Las Llamadas Acciones Administrativas Es Una Reforma Hecha A La Ley Electoral Local Recientemente &nbsp; Los futuros cabildos de los 43 municipios que\" \/>\n<meta property=\"og:url\" content=\"https:\/\/elinformativotam.com\/index.php\/2024\/03\/14\/proximos-cabildos-tendran-que-cumplir-con-cuota-en-discapacidad-diversidad-y-juventud\/\" \/>\n<meta property=\"og:site_name\" content=\"EL INFORMATIVO DE TAMAULIPAS\" \/>\n<meta property=\"article:published_time\" content=\"2024-03-15T02:31:18+00:00\" \/>\n<meta property=\"og:image\" content=\"https:\/\/elinformativotam.com\/wp-content\/uploads\/2024\/03\/Gisela.jpeg\" \/>\n\t<meta property=\"og:image:width\" content=\"1600\" \/>\n\t<meta property=\"og:image:height\" content=\"1204\" \/>\n\t<meta property=\"og:image:type\" content=\"image\/jpeg\" \/>\n<meta name=\"author\" content=\"El Informativo Tam\" \/>\n<meta name=\"twitter:card\" content=\"summary_large_image\" \/>\n<meta name=\"twitter:label1\" content=\"Escrito por\" \/>\n\t<meta name=\"twitter:data1\" content=\"El Informativo Tam\" \/>\n\t<meta name=\"twitter:label2\" content=\"Tiempo de lectura\" \/>\n\t<meta name=\"twitter:data2\" content=\"2 minutos\" \/>\n<script type=\"application\/ld+json\" class=\"yoast-schema-graph\">{\"@context\":\"https:\\\/\\\/schema.org\",\"@graph\":[{\"@type\":\"Article\",\"@id\":\"https:\\\/\\\/elinformativotam.com\\\/index.php\\\/2024\\\/03\\\/14\\\/proximos-cabildos-tendran-que-cumplir-con-cuota-en-discapacidad-diversidad-y-juventud\\\/#article\",\"isPartOf\":{\"@id\":\"https:\\\/\\\/elinformativotam.com\\\/index.php\\\/2024\\\/03\\\/14\\\/proximos-cabildos-tendran-que-cumplir-con-cuota-en-discapacidad-diversidad-y-juventud\\\/\"},\"author\":{\"name\":\"El Informativo Tam\",\"@id\":\"https:\\\/\\\/elinformativotam.com\\\/#\\\/schema\\\/person\\\/78e08040eed0f6110f0c5f83b6153590\"},\"headline\":\"PR\u00d3XIMOS CABILDOS TENDR\u00c1N QUE CUMPLIR CON CUOTA EN DISCAPACIDAD, DIVERSIDAD Y JUVENTUD\",\"datePublished\":\"2024-03-15T02:31:18+00:00\",\"mainEntityOfPage\":{\"@id\":\"https:\\\/\\\/elinformativotam.com\\\/index.php\\\/2024\\\/03\\\/14\\\/proximos-cabildos-tendran-que-cumplir-con-cuota-en-discapacidad-diversidad-y-juventud\\\/\"},\"wordCount\":316,\"commentCount\":0,\"publisher\":{\"@id\":\"https:\\\/\\\/elinformativotam.com\\\/#organization\"},\"image\":{\"@id\":\"https:\\\/\\\/elinformativotam.com\\\/index.php\\\/2024\\\/03\\\/14\\\/proximos-cabildos-tendran-que-cumplir-con-cuota-en-discapacidad-diversidad-y-juventud\\\/#primaryimage\"},\"thumbnailUrl\":\"https:\\\/\\\/elinformativotam.com\\\/wp-content\\\/uploads\\\/2024\\\/03\\\/Gisela.jpeg\",\"articleSection\":[\"Tampico\"],\"inLanguage\":\"es\",\"potentialAction\":[{\"@type\":\"CommentAction\",\"name\":\"Comment\",\"target\":[\"https:\\\/\\\/elinformativotam.com\\\/index.php\\\/2024\\\/03\\\/14\\\/proximos-cabildos-tendran-que-cumplir-con-cuota-en-discapacidad-diversidad-y-juventud\\\/#respond\"]}]},{\"@type\":\"WebPage\",\"@id\":\"https:\\\/\\\/elinformativotam.com\\\/index.php\\\/2024\\\/03\\\/14\\\/proximos-cabildos-tendran-que-cumplir-con-cuota-en-discapacidad-diversidad-y-juventud\\\/\",\"url\":\"https:\\\/\\\/elinformativotam.com\\\/index.php\\\/2024\\\/03\\\/14\\\/proximos-cabildos-tendran-que-cumplir-con-cuota-en-discapacidad-diversidad-y-juventud\\\/\",\"name\":\"PR\u00d3XIMOS CABILDOS TENDR\u00c1N QUE CUMPLIR CON CUOTA EN DISCAPACIDAD, DIVERSIDAD Y JUVENTUD - EL INFORMATIVO DE TAMAULIPAS\",\"isPartOf\":{\"@id\":\"https:\\\/\\\/elinformativotam.com\\\/#website\"},\"primaryImageOfPage\":{\"@id\":\"https:\\\/\\\/elinformativotam.com\\\/index.php\\\/2024\\\/03\\\/14\\\/proximos-cabildos-tendran-que-cumplir-con-cuota-en-discapacidad-diversidad-y-juventud\\\/#primaryimage\"},\"image\":{\"@id\":\"https:\\\/\\\/elinformativotam.com\\\/index.php\\\/2024\\\/03\\\/14\\\/proximos-cabildos-tendran-que-cumplir-con-cuota-en-discapacidad-diversidad-y-juventud\\\/#primaryimage\"},\"thumbnailUrl\":\"https:\\\/\\\/elinformativotam.com\\\/wp-content\\\/uploads\\\/2024\\\/03\\\/Gisela.jpeg\",\"datePublished\":\"2024-03-15T02:31:18+00:00\",\"description\":\"*Las Llamadas Acciones Administrativas Es Una Reforma Hecha A La Ley Electoral Local Recientemente &nbsp; Los futuros cabildos de los 43 municipios que\",\"inLanguage\":\"es\",\"potentialAction\":[{\"@type\":\"ReadAction\",\"target\":[\"https:\\\/\\\/elinformativotam.com\\\/index.php\\\/2024\\\/03\\\/14\\\/proximos-cabildos-tendran-que-cumplir-con-cuota-en-discapacidad-diversidad-y-juventud\\\/\"]}]},{\"@type\":\"ImageObject\",\"inLanguage\":\"es\",\"@id\":\"https:\\\/\\\/elinformativotam.com\\\/index.php\\\/2024\\\/03\\\/14\\\/proximos-cabildos-tendran-que-cumplir-con-cuota-en-discapacidad-diversidad-y-juventud\\\/#primaryimage\",\"url\":\"https:\\\/\\\/elinformativotam.com\\\/wp-content\\\/uploads\\\/2024\\\/03\\\/Gisela.jpeg\",\"contentUrl\":\"https:\\\/\\\/elinformativotam.com\\\/wp-content\\\/uploads\\\/2024\\\/03\\\/Gisela.jpeg\",\"width\":1600,\"height\":1204},{\"@type\":\"WebSite\",\"@id\":\"https:\\\/\\\/elinformativotam.com\\\/#website\",\"url\":\"https:\\\/\\\/elinformativotam.com\\\/\",\"name\":\"EL INFORMATIVO DE TAMAULIPAS\",\"description\":\"Desde la Zona Metropolitana Para Todo M\u00e9xico\",\"publisher\":{\"@id\":\"https:\\\/\\\/elinformativotam.com\\\/#organization\"},\"potentialAction\":[{\"@type\":\"SearchAction\",\"target\":{\"@type\":\"EntryPoint\",\"urlTemplate\":\"https:\\\/\\\/elinformativotam.com\\\/?s={search_term_string}\"},\"query-input\":{\"@type\":\"PropertyValueSpecification\",\"valueRequired\":true,\"valueName\":\"search_term_string\"}}],\"inLanguage\":\"es\"},{\"@type\":\"Organization\",\"@id\":\"https:\\\/\\\/elinformativotam.com\\\/#organization\",\"name\":\"EL INFORMATIVO DE TAMAULIPAS\",\"url\":\"https:\\\/\\\/elinformativotam.com\\\/\",\"logo\":{\"@type\":\"ImageObject\",\"inLanguage\":\"es\",\"@id\":\"https:\\\/\\\/elinformativotam.com\\\/#\\\/schema\\\/logo\\\/image\\\/\",\"url\":\"https:\\\/\\\/elinformativotam.com\\\/wp-content\\\/uploads\\\/2026\\\/02\\\/Cabezal.png\",\"contentUrl\":\"https:\\\/\\\/elinformativotam.com\\\/wp-content\\\/uploads\\\/2026\\\/02\\\/Cabezal.png\",\"width\":960,\"height\":640,\"caption\":\"EL INFORMATIVO DE TAMAULIPAS\"},\"image\":{\"@id\":\"https:\\\/\\\/elinformativotam.com\\\/#\\\/schema\\\/logo\\\/image\\\/\"}},{\"@type\":\"Person\",\"@id\":\"https:\\\/\\\/elinformativotam.com\\\/#\\\/schema\\\/person\\\/78e08040eed0f6110f0c5f83b6153590\",\"name\":\"El Informativo Tam\",\"image\":{\"@type\":\"ImageObject\",\"inLanguage\":\"es\",\"@id\":\"https:\\\/\\\/secure.gravatar.com\\\/avatar\\\/f3b7ad3af540688955925ac610647be00b0cf41feea9c4978b73a707ee86bc53?s=96&d=mm&r=g\",\"url\":\"https:\\\/\\\/secure.gravatar.com\\\/avatar\\\/f3b7ad3af540688955925ac610647be00b0cf41feea9c4978b73a707ee86bc53?s=96&d=mm&r=g\",\"contentUrl\":\"https:\\\/\\\/secure.gravatar.com\\\/avatar\\\/f3b7ad3af540688955925ac610647be00b0cf41feea9c4978b73a707ee86bc53?s=96&d=mm&r=g\",\"caption\":\"El Informativo Tam\"}}]}<\/script>\n<!-- \/ Yoast SEO plugin. -->","yoast_head_json":{"title":"PR\u00d3XIMOS CABILDOS TENDR\u00c1N QUE CUMPLIR CON CUOTA EN DISCAPACIDAD, DIVERSIDAD Y JUVENTUD - EL INFORMATIVO DE TAMAULIPAS","description":"*Las Llamadas Acciones Administrativas Es Una Reforma Hecha A La Ley Electoral Local Recientemente &nbsp; Los futuros cabildos de los 43 municipios que","robots":{"index":"index","follow":"follow","max-snippet":"max-snippet:-1","max-image-preview":"max-image-preview:large","max-video-preview":"max-video-preview:-1"},"canonical":"https:\/\/elinformativotam.com\/index.php\/2024\/03\/14\/proximos-cabildos-tendran-que-cumplir-con-cuota-en-discapacidad-diversidad-y-juventud\/","og_locale":"es_MX","og_type":"article","og_title":"PR\u00d3XIMOS CABILDOS TENDR\u00c1N QUE CUMPLIR CON CUOTA EN DISCAPACIDAD, DIVERSIDAD Y JUVENTUD - EL INFORMATIVO DE TAMAULIPAS","og_description":"*Las Llamadas Acciones Administrativas Es Una Reforma Hecha A La Ley Electoral Local Recientemente &nbsp; Los futuros cabildos de los 43 municipios que","og_url":"https:\/\/elinformativotam.com\/index.php\/2024\/03\/14\/proximos-cabildos-tendran-que-cumplir-con-cuota-en-discapacidad-diversidad-y-juventud\/","og_site_name":"EL INFORMATIVO DE TAMAULIPAS","article_published_time":"2024-03-15T02:31:18+00:00","og_image":[{"width":1600,"height":1204,"url":"https:\/\/elinformativotam.com\/wp-content\/uploads\/2024\/03\/Gisela.jpeg","type":"image\/jpeg"}],"author":"El Informativo Tam","twitter_card":"summary_large_image","twitter_misc":{"Escrito por":"El Informativo Tam","Tiempo de lectura":"2 minutos"},"schema":{"@context":"https:\/\/schema.org","@graph":[{"@type":"Article","@id":"https:\/\/elinformativotam.com\/index.php\/2024\/03\/14\/proximos-cabildos-tendran-que-cumplir-con-cuota-en-discapacidad-diversidad-y-juventud\/#article","isPartOf":{"@id":"https:\/\/elinformativotam.com\/index.php\/2024\/03\/14\/proximos-cabildos-tendran-que-cumplir-con-cuota-en-discapacidad-diversidad-y-juventud\/"},"author":{"name":"El Informativo Tam","@id":"https:\/\/elinformativotam.com\/#\/schema\/person\/78e08040eed0f6110f0c5f83b6153590"},"headline":"PR\u00d3XIMOS CABILDOS TENDR\u00c1N QUE CUMPLIR CON CUOTA EN DISCAPACIDAD, DIVERSIDAD Y JUVENTUD","datePublished":"2024-03-15T02:31:18+00:00","mainEntityOfPage":{"@id":"https:\/\/elinformativotam.com\/index.php\/2024\/03\/14\/proximos-cabildos-tendran-que-cumplir-con-cuota-en-discapacidad-diversidad-y-juventud\/"},"wordCount":316,"commentCount":0,"publisher":{"@id":"https:\/\/elinformativotam.com\/#organization"},"image":{"@id":"https:\/\/elinformativotam.com\/index.php\/2024\/03\/14\/proximos-cabildos-tendran-que-cumplir-con-cuota-en-discapacidad-diversidad-y-juventud\/#primaryimage"},"thumbnailUrl":"https:\/\/elinformativotam.com\/wp-content\/uploads\/2024\/03\/Gisela.jpeg","articleSection":["Tampico"],"inLanguage":"es","potentialAction":[{"@type":"CommentAction","name":"Comment","target":["https:\/\/elinformativotam.com\/index.php\/2024\/03\/14\/proximos-cabildos-tendran-que-cumplir-con-cuota-en-discapacidad-diversidad-y-juventud\/#respond"]}]},{"@type":"WebPage","@id":"https:\/\/elinformativotam.com\/index.php\/2024\/03\/14\/proximos-cabildos-tendran-que-cumplir-con-cuota-en-discapacidad-diversidad-y-juventud\/","url":"https:\/\/elinformativotam.com\/index.php\/2024\/03\/14\/proximos-cabildos-tendran-que-cumplir-con-cuota-en-discapacidad-diversidad-y-juventud\/","name":"PR\u00d3XIMOS CABILDOS TENDR\u00c1N QUE CUMPLIR CON CUOTA EN DISCAPACIDAD, DIVERSIDAD Y JUVENTUD - EL INFORMATIVO DE TAMAULIPAS","isPartOf":{"@id":"https:\/\/elinformativotam.com\/#website"},"primaryImageOfPage":{"@id":"https:\/\/elinformativotam.com\/index.php\/2024\/03\/14\/proximos-cabildos-tendran-que-cumplir-con-cuota-en-discapacidad-diversidad-y-juventud\/#primaryimage"},"image":{"@id":"https:\/\/elinformativotam.com\/index.php\/2024\/03\/14\/proximos-cabildos-tendran-que-cumplir-con-cuota-en-discapacidad-diversidad-y-juventud\/#primaryimage"},"thumbnailUrl":"https:\/\/elinformativotam.com\/wp-content\/uploads\/2024\/03\/Gisela.jpeg","datePublished":"2024-03-15T02:31:18+00:00","description":"*Las Llamadas Acciones Administrativas Es Una Reforma Hecha A La Ley Electoral Local Recientemente &nbsp; Los futuros cabildos de los 43 municipios que","inLanguage":"es","potentialAction":[{"@type":"ReadAction","target":["https:\/\/elinformativotam.com\/index.php\/2024\/03\/14\/proximos-cabildos-tendran-que-cumplir-con-cuota-en-discapacidad-diversidad-y-juventud\/"]}]},{"@type":"ImageObject","inLanguage":"es","@id":"https:\/\/elinformativotam.com\/index.php\/2024\/03\/14\/proximos-cabildos-tendran-que-cumplir-con-cuota-en-discapacidad-diversidad-y-juventud\/#primaryimage","url":"https:\/\/elinformativotam.com\/wp-content\/uploads\/2024\/03\/Gisela.jpeg","contentUrl":"https:\/\/elinformativotam.com\/wp-content\/uploads\/2024\/03\/Gisela.jpeg","width":1600,"height":1204},{"@type":"WebSite","@id":"https:\/\/elinformativotam.com\/#website","url":"https:\/\/elinformativotam.com\/","name":"EL INFORMATIVO DE TAMAULIPAS","description":"Desde la Zona Metropolitana Para Todo M\u00e9xico","publisher":{"@id":"https:\/\/elinformativotam.com\/#organization"},"potentialAction":[{"@type":"SearchAction","target":{"@type":"EntryPoint","urlTemplate":"https:\/\/elinformativotam.com\/?s={search_term_string}"},"query-input":{"@type":"PropertyValueSpecification","valueRequired":true,"valueName":"search_term_string"}}],"inLanguage":"es"},{"@type":"Organization","@id":"https:\/\/elinformativotam.com\/#organization","name":"EL INFORMATIVO DE TAMAULIPAS","url":"https:\/\/elinformativotam.com\/","logo":{"@type":"ImageObject","inLanguage":"es","@id":"https:\/\/elinformativotam.com\/#\/schema\/logo\/image\/","url":"https:\/\/elinformativotam.com\/wp-content\/uploads\/2026\/02\/Cabezal.png","contentUrl":"https:\/\/elinformativotam.com\/wp-content\/uploads\/2026\/02\/Cabezal.png","width":960,"height":640,"caption":"EL INFORMATIVO DE TAMAULIPAS"},"image":{"@id":"https:\/\/elinformativotam.com\/#\/schema\/logo\/image\/"}},{"@type":"Person","@id":"https:\/\/elinformativotam.com\/#\/schema\/person\/78e08040eed0f6110f0c5f83b6153590","name":"El Informativo Tam","image":{"@type":"ImageObject","inLanguage":"es","@id":"https:\/\/secure.gravatar.com\/avatar\/f3b7ad3af540688955925ac610647be00b0cf41feea9c4978b73a707ee86bc53?s=96&d=mm&r=g","url":"https:\/\/secure.gravatar.com\/avatar\/f3b7ad3af540688955925ac610647be00b0cf41feea9c4978b73a707ee86bc53?s=96&d=mm&r=g","contentUrl":"https:\/\/secure.gravatar.com\/avatar\/f3b7ad3af540688955925ac610647be00b0cf41feea9c4978b73a707ee86bc53?s=96&d=mm&r=g","caption":"El Informativo Tam"}}]}},"_links":{"self":[{"href":"https:\/\/elinformativotam.com\/index.php\/wp-json\/wp\/v2\/posts\/49666","targetHints":{"allow":["GET"]}}],"collection":[{"href":"https:\/\/elinformativotam.com\/index.php\/wp-json\/wp\/v2\/posts"}],"about":[{"href":"https:\/\/elinformativotam.com\/index.php\/wp-json\/wp\/v2\/types\/post"}],"author":[{"embeddable":true,"href":"https:\/\/elinformativotam.com\/index.php\/wp-json\/wp\/v2\/users\/1"}],"replies":[{"embeddable":true,"href":"https:\/\/elinformativotam.com\/index.php\/wp-json\/wp\/v2\/comments?post=49666"}],"version-history":[{"count":1,"href":"https:\/\/elinformativotam.com\/index.php\/wp-json\/wp\/v2\/posts\/49666\/revisions"}],"predecessor-version":[{"id":49670,"href":"https:\/\/elinformativotam.com\/index.php\/wp-json\/wp\/v2\/posts\/49666\/revisions\/49670"}],"wp:featuredmedia":[{"embeddable":true,"href":"https:\/\/elinformativotam.com\/index.php\/wp-json\/wp\/v2\/media\/49669"}],"wp:attachment":[{"href":"https:\/\/elinformativotam.com\/index.php\/wp-json\/wp\/v2\/media?parent=49666"}],"wp:term":[{"taxonomy":"category","embeddable":true,"href":"https:\/\/elinformativotam.com\/index.php\/wp-json\/wp\/v2\/categories?post=49666"},{"taxonomy":"post_tag","embeddable":true,"href":"https:\/\/elinformativotam.com\/index.php\/wp-json\/wp\/v2\/tags?post=49666"}],"curies":[{"name":"wp","href":"https:\/\/api.w.org\/{rel}","templated":true}]}}