{"id":49662,"date":"2024-03-14T09:03:40","date_gmt":"2024-03-14T15:03:40","guid":{"rendered":"https:\/\/elinformativotam.com\/?p=49662"},"modified":"2024-03-14T09:03:40","modified_gmt":"2024-03-14T15:03:40","slug":"alumnos-de-escuela-emiliano-zapata-se-van-a-clases-en-linea-hay-inconformidad-de-los-padres","status":"publish","type":"post","link":"https:\/\/elinformativotam.com\/index.php\/2024\/03\/14\/alumnos-de-escuela-emiliano-zapata-se-van-a-clases-en-linea-hay-inconformidad-de-los-padres\/","title":{"rendered":"ALUMNOS DE ESCUELA EMILIANO ZAPATA, SE VAN A CLASES EN L\u00cdNEA, HAY INCONFORMIDAD DE LOS PADRES"},"content":{"rendered":"<p>Debido al conflicto entre padres de familia, docentes y directivos de la escuela primaria Emiliano Zapata a partir de este mi\u00e9rcoles alumnos se fueron a clases en l\u00ednea.<\/p>\n<p>&nbsp;<\/p>\n<p>Paula Castillo, quien se ostenta como vicepresidenta de la Mesa directiva, expuso que la situaci\u00f3n se deriv\u00f3 luego de que dio a conocer que en la escuela no existe una cuenta mancomunada, situaci\u00f3n que denunci\u00f3 ante el Crede.<\/p>\n<p>&nbsp;<\/p>\n<p>&#8220;Yo hice las denuncias ante la autoridad correspondiente y despu\u00e9s de eso comenz\u00f3 el acoso, el dinero lo tiene la maestra&#8221;, detall\u00f3.<\/p>\n<p>&nbsp;<\/p>\n<p>Exponente el asunto ya estante jur\u00eddico de la Secretar\u00eda de Educaci\u00f3n P\u00fablica para comenzar con una investigaci\u00f3n; sin embargo, para evitar que se suscite alg\u00fan altercado, mejor decidieron mandarlos a Enl\u00ednea.<\/p>\n<p>&nbsp;<\/p>\n<p>Agreg\u00f3 que ella se ha ganado tambi\u00e9n una campa\u00f1a de desprestigio por alzar la voz y dar a conocer la situaci\u00f3n que se suscita dentro del plantel.<\/p>\n<p>&nbsp;<\/p>\n","protected":false},"excerpt":{"rendered":"<p>Debido al conflicto entre padres de familia, docentes y directivos de la escuela primaria Emiliano Zapata a partir de este&hellip;<\/p>\n","protected":false},"author":1,"featured_media":49657,"comment_status":"open","ping_status":"open","sticky":false,"template":"","format":"standard","meta":{"footnotes":""},"categories":[5],"tags":[],"class_list":["post-49662","post","type-post","status-publish","format-standard","has-post-thumbnail","hentry","category-altamira"],"yoast_head":"<!-- This site is optimized with the Yoast SEO plugin v27.5 - https:\/\/yoast.com\/product\/yoast-seo-wordpress\/ -->\n<title>ALUMNOS DE ESCUELA EMILIANO ZAPATA, SE VAN A CLASES EN L\u00cdNEA, HAY INCONFORMIDAD DE LOS PADRES - EL INFORMATIVO DE TAMAULIPAS<\/title>\n<meta name=\"description\" content=\"Debido al conflicto entre padres de familia, docentes y directivos de la escuela primaria Emiliano Zapata a partir de este mi\u00e9rcoles alumnos se fueron a\" \/>\n<meta name=\"robots\" content=\"index, follow, max-snippet:-1, max-image-preview:large, max-video-preview:-1\" \/>\n<link rel=\"canonical\" href=\"https:\/\/elinformativotam.com\/index.php\/2024\/03\/14\/alumnos-de-escuela-emiliano-zapata-se-van-a-clases-en-linea-hay-inconformidad-de-los-padres\/\" \/>\n<meta property=\"og:locale\" content=\"es_MX\" \/>\n<meta property=\"og:type\" content=\"article\" \/>\n<meta property=\"og:title\" content=\"ALUMNOS DE ESCUELA EMILIANO ZAPATA, SE VAN A CLASES EN L\u00cdNEA, HAY INCONFORMIDAD DE LOS PADRES - EL INFORMATIVO DE TAMAULIPAS\" \/>\n<meta property=\"og:description\" content=\"Debido al conflicto entre padres de familia, docentes y directivos de la escuela primaria Emiliano Zapata a partir de este mi\u00e9rcoles alumnos se fueron a\" \/>\n<meta property=\"og:url\" content=\"https:\/\/elinformativotam.com\/index.php\/2024\/03\/14\/alumnos-de-escuela-emiliano-zapata-se-van-a-clases-en-linea-hay-inconformidad-de-los-padres\/\" \/>\n<meta property=\"og:site_name\" content=\"EL INFORMATIVO DE TAMAULIPAS\" \/>\n<meta property=\"article:published_time\" content=\"2024-03-14T15:03:40+00:00\" \/>\n<meta property=\"og:image\" content=\"https:\/\/elinformativotam.com\/wp-content\/uploads\/2024\/03\/Padres-de-Familia.jpg\" \/>\n\t<meta property=\"og:image:width\" content=\"1600\" \/>\n\t<meta property=\"og:image:height\" content=\"1200\" \/>\n\t<meta property=\"og:image:type\" content=\"image\/jpeg\" \/>\n<meta name=\"author\" content=\"El Informativo Tam\" \/>\n<meta name=\"twitter:card\" content=\"summary_large_image\" \/>\n<meta name=\"twitter:label1\" content=\"Escrito por\" \/>\n\t<meta name=\"twitter:data1\" content=\"El Informativo Tam\" \/>\n\t<meta name=\"twitter:label2\" content=\"Tiempo de lectura\" \/>\n\t<meta name=\"twitter:data2\" content=\"1 minuto\" \/>\n<script type=\"application\/ld+json\" class=\"yoast-schema-graph\">{\"@context\":\"https:\\\/\\\/schema.org\",\"@graph\":[{\"@type\":\"Article\",\"@id\":\"https:\\\/\\\/elinformativotam.com\\\/index.php\\\/2024\\\/03\\\/14\\\/alumnos-de-escuela-emiliano-zapata-se-van-a-clases-en-linea-hay-inconformidad-de-los-padres\\\/#article\",\"isPartOf\":{\"@id\":\"https:\\\/\\\/elinformativotam.com\\\/index.php\\\/2024\\\/03\\\/14\\\/alumnos-de-escuela-emiliano-zapata-se-van-a-clases-en-linea-hay-inconformidad-de-los-padres\\\/\"},\"author\":{\"name\":\"El Informativo Tam\",\"@id\":\"https:\\\/\\\/elinformativotam.com\\\/#\\\/schema\\\/person\\\/78e08040eed0f6110f0c5f83b6153590\"},\"headline\":\"ALUMNOS DE ESCUELA EMILIANO ZAPATA, SE VAN A CLASES EN L\u00cdNEA, HAY INCONFORMIDAD DE LOS PADRES\",\"datePublished\":\"2024-03-14T15:03:40+00:00\",\"mainEntityOfPage\":{\"@id\":\"https:\\\/\\\/elinformativotam.com\\\/index.php\\\/2024\\\/03\\\/14\\\/alumnos-de-escuela-emiliano-zapata-se-van-a-clases-en-linea-hay-inconformidad-de-los-padres\\\/\"},\"wordCount\":183,\"commentCount\":0,\"publisher\":{\"@id\":\"https:\\\/\\\/elinformativotam.com\\\/#organization\"},\"image\":{\"@id\":\"https:\\\/\\\/elinformativotam.com\\\/index.php\\\/2024\\\/03\\\/14\\\/alumnos-de-escuela-emiliano-zapata-se-van-a-clases-en-linea-hay-inconformidad-de-los-padres\\\/#primaryimage\"},\"thumbnailUrl\":\"https:\\\/\\\/elinformativotam.com\\\/wp-content\\\/uploads\\\/2024\\\/03\\\/Padres-de-Familia.jpg\",\"articleSection\":[\"Altamira\"],\"inLanguage\":\"es\",\"potentialAction\":[{\"@type\":\"CommentAction\",\"name\":\"Comment\",\"target\":[\"https:\\\/\\\/elinformativotam.com\\\/index.php\\\/2024\\\/03\\\/14\\\/alumnos-de-escuela-emiliano-zapata-se-van-a-clases-en-linea-hay-inconformidad-de-los-padres\\\/#respond\"]}]},{\"@type\":\"WebPage\",\"@id\":\"https:\\\/\\\/elinformativotam.com\\\/index.php\\\/2024\\\/03\\\/14\\\/alumnos-de-escuela-emiliano-zapata-se-van-a-clases-en-linea-hay-inconformidad-de-los-padres\\\/\",\"url\":\"https:\\\/\\\/elinformativotam.com\\\/index.php\\\/2024\\\/03\\\/14\\\/alumnos-de-escuela-emiliano-zapata-se-van-a-clases-en-linea-hay-inconformidad-de-los-padres\\\/\",\"name\":\"ALUMNOS DE ESCUELA EMILIANO ZAPATA, SE VAN A CLASES EN L\u00cdNEA, HAY INCONFORMIDAD DE LOS PADRES - EL INFORMATIVO DE TAMAULIPAS\",\"isPartOf\":{\"@id\":\"https:\\\/\\\/elinformativotam.com\\\/#website\"},\"primaryImageOfPage\":{\"@id\":\"https:\\\/\\\/elinformativotam.com\\\/index.php\\\/2024\\\/03\\\/14\\\/alumnos-de-escuela-emiliano-zapata-se-van-a-clases-en-linea-hay-inconformidad-de-los-padres\\\/#primaryimage\"},\"image\":{\"@id\":\"https:\\\/\\\/elinformativotam.com\\\/index.php\\\/2024\\\/03\\\/14\\\/alumnos-de-escuela-emiliano-zapata-se-van-a-clases-en-linea-hay-inconformidad-de-los-padres\\\/#primaryimage\"},\"thumbnailUrl\":\"https:\\\/\\\/elinformativotam.com\\\/wp-content\\\/uploads\\\/2024\\\/03\\\/Padres-de-Familia.jpg\",\"datePublished\":\"2024-03-14T15:03:40+00:00\",\"description\":\"Debido al conflicto entre padres de familia, docentes y directivos de la escuela primaria Emiliano Zapata a partir de este mi\u00e9rcoles alumnos se fueron a\",\"inLanguage\":\"es\",\"potentialAction\":[{\"@type\":\"ReadAction\",\"target\":[\"https:\\\/\\\/elinformativotam.com\\\/index.php\\\/2024\\\/03\\\/14\\\/alumnos-de-escuela-emiliano-zapata-se-van-a-clases-en-linea-hay-inconformidad-de-los-padres\\\/\"]}]},{\"@type\":\"ImageObject\",\"inLanguage\":\"es\",\"@id\":\"https:\\\/\\\/elinformativotam.com\\\/index.php\\\/2024\\\/03\\\/14\\\/alumnos-de-escuela-emiliano-zapata-se-van-a-clases-en-linea-hay-inconformidad-de-los-padres\\\/#primaryimage\",\"url\":\"https:\\\/\\\/elinformativotam.com\\\/wp-content\\\/uploads\\\/2024\\\/03\\\/Padres-de-Familia.jpg\",\"contentUrl\":\"https:\\\/\\\/elinformativotam.com\\\/wp-content\\\/uploads\\\/2024\\\/03\\\/Padres-de-Familia.jpg\",\"width\":1600,\"height\":1200},{\"@type\":\"WebSite\",\"@id\":\"https:\\\/\\\/elinformativotam.com\\\/#website\",\"url\":\"https:\\\/\\\/elinformativotam.com\\\/\",\"name\":\"EL INFORMATIVO DE TAMAULIPAS\",\"description\":\"Desde la Zona Metropolitana Para Todo M\u00e9xico\",\"publisher\":{\"@id\":\"https:\\\/\\\/elinformativotam.com\\\/#organization\"},\"potentialAction\":[{\"@type\":\"SearchAction\",\"target\":{\"@type\":\"EntryPoint\",\"urlTemplate\":\"https:\\\/\\\/elinformativotam.com\\\/?s={search_term_string}\"},\"query-input\":{\"@type\":\"PropertyValueSpecification\",\"valueRequired\":true,\"valueName\":\"search_term_string\"}}],\"inLanguage\":\"es\"},{\"@type\":\"Organization\",\"@id\":\"https:\\\/\\\/elinformativotam.com\\\/#organization\",\"name\":\"EL INFORMATIVO DE TAMAULIPAS\",\"url\":\"https:\\\/\\\/elinformativotam.com\\\/\",\"logo\":{\"@type\":\"ImageObject\",\"inLanguage\":\"es\",\"@id\":\"https:\\\/\\\/elinformativotam.com\\\/#\\\/schema\\\/logo\\\/image\\\/\",\"url\":\"https:\\\/\\\/elinformativotam.com\\\/wp-content\\\/uploads\\\/2026\\\/02\\\/Cabezal.png\",\"contentUrl\":\"https:\\\/\\\/elinformativotam.com\\\/wp-content\\\/uploads\\\/2026\\\/02\\\/Cabezal.png\",\"width\":960,\"height\":640,\"caption\":\"EL INFORMATIVO DE TAMAULIPAS\"},\"image\":{\"@id\":\"https:\\\/\\\/elinformativotam.com\\\/#\\\/schema\\\/logo\\\/image\\\/\"}},{\"@type\":\"Person\",\"@id\":\"https:\\\/\\\/elinformativotam.com\\\/#\\\/schema\\\/person\\\/78e08040eed0f6110f0c5f83b6153590\",\"name\":\"El Informativo Tam\",\"image\":{\"@type\":\"ImageObject\",\"inLanguage\":\"es\",\"@id\":\"https:\\\/\\\/secure.gravatar.com\\\/avatar\\\/f3b7ad3af540688955925ac610647be00b0cf41feea9c4978b73a707ee86bc53?s=96&d=mm&r=g\",\"url\":\"https:\\\/\\\/secure.gravatar.com\\\/avatar\\\/f3b7ad3af540688955925ac610647be00b0cf41feea9c4978b73a707ee86bc53?s=96&d=mm&r=g\",\"contentUrl\":\"https:\\\/\\\/secure.gravatar.com\\\/avatar\\\/f3b7ad3af540688955925ac610647be00b0cf41feea9c4978b73a707ee86bc53?s=96&d=mm&r=g\",\"caption\":\"El Informativo Tam\"}}]}<\/script>\n<!-- \/ Yoast SEO plugin. -->","yoast_head_json":{"title":"ALUMNOS DE ESCUELA EMILIANO ZAPATA, SE VAN A CLASES EN L\u00cdNEA, HAY INCONFORMIDAD DE LOS PADRES - EL INFORMATIVO DE TAMAULIPAS","description":"Debido al conflicto entre padres de familia, docentes y directivos de la escuela primaria Emiliano Zapata a partir de este mi\u00e9rcoles alumnos se fueron a","robots":{"index":"index","follow":"follow","max-snippet":"max-snippet:-1","max-image-preview":"max-image-preview:large","max-video-preview":"max-video-preview:-1"},"canonical":"https:\/\/elinformativotam.com\/index.php\/2024\/03\/14\/alumnos-de-escuela-emiliano-zapata-se-van-a-clases-en-linea-hay-inconformidad-de-los-padres\/","og_locale":"es_MX","og_type":"article","og_title":"ALUMNOS DE ESCUELA EMILIANO ZAPATA, SE VAN A CLASES EN L\u00cdNEA, HAY INCONFORMIDAD DE LOS PADRES - EL INFORMATIVO DE TAMAULIPAS","og_description":"Debido al conflicto entre padres de familia, docentes y directivos de la escuela primaria Emiliano Zapata a partir de este mi\u00e9rcoles alumnos se fueron a","og_url":"https:\/\/elinformativotam.com\/index.php\/2024\/03\/14\/alumnos-de-escuela-emiliano-zapata-se-van-a-clases-en-linea-hay-inconformidad-de-los-padres\/","og_site_name":"EL INFORMATIVO DE TAMAULIPAS","article_published_time":"2024-03-14T15:03:40+00:00","og_image":[{"width":1600,"height":1200,"url":"https:\/\/elinformativotam.com\/wp-content\/uploads\/2024\/03\/Padres-de-Familia.jpg","type":"image\/jpeg"}],"author":"El Informativo Tam","twitter_card":"summary_large_image","twitter_misc":{"Escrito por":"El Informativo Tam","Tiempo de lectura":"1 minuto"},"schema":{"@context":"https:\/\/schema.org","@graph":[{"@type":"Article","@id":"https:\/\/elinformativotam.com\/index.php\/2024\/03\/14\/alumnos-de-escuela-emiliano-zapata-se-van-a-clases-en-linea-hay-inconformidad-de-los-padres\/#article","isPartOf":{"@id":"https:\/\/elinformativotam.com\/index.php\/2024\/03\/14\/alumnos-de-escuela-emiliano-zapata-se-van-a-clases-en-linea-hay-inconformidad-de-los-padres\/"},"author":{"name":"El Informativo Tam","@id":"https:\/\/elinformativotam.com\/#\/schema\/person\/78e08040eed0f6110f0c5f83b6153590"},"headline":"ALUMNOS DE ESCUELA EMILIANO ZAPATA, SE VAN A CLASES EN L\u00cdNEA, HAY INCONFORMIDAD DE LOS PADRES","datePublished":"2024-03-14T15:03:40+00:00","mainEntityOfPage":{"@id":"https:\/\/elinformativotam.com\/index.php\/2024\/03\/14\/alumnos-de-escuela-emiliano-zapata-se-van-a-clases-en-linea-hay-inconformidad-de-los-padres\/"},"wordCount":183,"commentCount":0,"publisher":{"@id":"https:\/\/elinformativotam.com\/#organization"},"image":{"@id":"https:\/\/elinformativotam.com\/index.php\/2024\/03\/14\/alumnos-de-escuela-emiliano-zapata-se-van-a-clases-en-linea-hay-inconformidad-de-los-padres\/#primaryimage"},"thumbnailUrl":"https:\/\/elinformativotam.com\/wp-content\/uploads\/2024\/03\/Padres-de-Familia.jpg","articleSection":["Altamira"],"inLanguage":"es","potentialAction":[{"@type":"CommentAction","name":"Comment","target":["https:\/\/elinformativotam.com\/index.php\/2024\/03\/14\/alumnos-de-escuela-emiliano-zapata-se-van-a-clases-en-linea-hay-inconformidad-de-los-padres\/#respond"]}]},{"@type":"WebPage","@id":"https:\/\/elinformativotam.com\/index.php\/2024\/03\/14\/alumnos-de-escuela-emiliano-zapata-se-van-a-clases-en-linea-hay-inconformidad-de-los-padres\/","url":"https:\/\/elinformativotam.com\/index.php\/2024\/03\/14\/alumnos-de-escuela-emiliano-zapata-se-van-a-clases-en-linea-hay-inconformidad-de-los-padres\/","name":"ALUMNOS DE ESCUELA EMILIANO ZAPATA, SE VAN A CLASES EN L\u00cdNEA, HAY INCONFORMIDAD DE LOS PADRES - EL INFORMATIVO DE TAMAULIPAS","isPartOf":{"@id":"https:\/\/elinformativotam.com\/#website"},"primaryImageOfPage":{"@id":"https:\/\/elinformativotam.com\/index.php\/2024\/03\/14\/alumnos-de-escuela-emiliano-zapata-se-van-a-clases-en-linea-hay-inconformidad-de-los-padres\/#primaryimage"},"image":{"@id":"https:\/\/elinformativotam.com\/index.php\/2024\/03\/14\/alumnos-de-escuela-emiliano-zapata-se-van-a-clases-en-linea-hay-inconformidad-de-los-padres\/#primaryimage"},"thumbnailUrl":"https:\/\/elinformativotam.com\/wp-content\/uploads\/2024\/03\/Padres-de-Familia.jpg","datePublished":"2024-03-14T15:03:40+00:00","description":"Debido al conflicto entre padres de familia, docentes y directivos de la escuela primaria Emiliano Zapata a partir de este mi\u00e9rcoles alumnos se fueron a","inLanguage":"es","potentialAction":[{"@type":"ReadAction","target":["https:\/\/elinformativotam.com\/index.php\/2024\/03\/14\/alumnos-de-escuela-emiliano-zapata-se-van-a-clases-en-linea-hay-inconformidad-de-los-padres\/"]}]},{"@type":"ImageObject","inLanguage":"es","@id":"https:\/\/elinformativotam.com\/index.php\/2024\/03\/14\/alumnos-de-escuela-emiliano-zapata-se-van-a-clases-en-linea-hay-inconformidad-de-los-padres\/#primaryimage","url":"https:\/\/elinformativotam.com\/wp-content\/uploads\/2024\/03\/Padres-de-Familia.jpg","contentUrl":"https:\/\/elinformativotam.com\/wp-content\/uploads\/2024\/03\/Padres-de-Familia.jpg","width":1600,"height":1200},{"@type":"WebSite","@id":"https:\/\/elinformativotam.com\/#website","url":"https:\/\/elinformativotam.com\/","name":"EL INFORMATIVO DE TAMAULIPAS","description":"Desde la Zona Metropolitana Para Todo M\u00e9xico","publisher":{"@id":"https:\/\/elinformativotam.com\/#organization"},"potentialAction":[{"@type":"SearchAction","target":{"@type":"EntryPoint","urlTemplate":"https:\/\/elinformativotam.com\/?s={search_term_string}"},"query-input":{"@type":"PropertyValueSpecification","valueRequired":true,"valueName":"search_term_string"}}],"inLanguage":"es"},{"@type":"Organization","@id":"https:\/\/elinformativotam.com\/#organization","name":"EL INFORMATIVO DE TAMAULIPAS","url":"https:\/\/elinformativotam.com\/","logo":{"@type":"ImageObject","inLanguage":"es","@id":"https:\/\/elinformativotam.com\/#\/schema\/logo\/image\/","url":"https:\/\/elinformativotam.com\/wp-content\/uploads\/2026\/02\/Cabezal.png","contentUrl":"https:\/\/elinformativotam.com\/wp-content\/uploads\/2026\/02\/Cabezal.png","width":960,"height":640,"caption":"EL INFORMATIVO DE TAMAULIPAS"},"image":{"@id":"https:\/\/elinformativotam.com\/#\/schema\/logo\/image\/"}},{"@type":"Person","@id":"https:\/\/elinformativotam.com\/#\/schema\/person\/78e08040eed0f6110f0c5f83b6153590","name":"El Informativo Tam","image":{"@type":"ImageObject","inLanguage":"es","@id":"https:\/\/secure.gravatar.com\/avatar\/f3b7ad3af540688955925ac610647be00b0cf41feea9c4978b73a707ee86bc53?s=96&d=mm&r=g","url":"https:\/\/secure.gravatar.com\/avatar\/f3b7ad3af540688955925ac610647be00b0cf41feea9c4978b73a707ee86bc53?s=96&d=mm&r=g","contentUrl":"https:\/\/secure.gravatar.com\/avatar\/f3b7ad3af540688955925ac610647be00b0cf41feea9c4978b73a707ee86bc53?s=96&d=mm&r=g","caption":"El Informativo Tam"}}]}},"_links":{"self":[{"href":"https:\/\/elinformativotam.com\/index.php\/wp-json\/wp\/v2\/posts\/49662","targetHints":{"allow":["GET"]}}],"collection":[{"href":"https:\/\/elinformativotam.com\/index.php\/wp-json\/wp\/v2\/posts"}],"about":[{"href":"https:\/\/elinformativotam.com\/index.php\/wp-json\/wp\/v2\/types\/post"}],"author":[{"embeddable":true,"href":"https:\/\/elinformativotam.com\/index.php\/wp-json\/wp\/v2\/users\/1"}],"replies":[{"embeddable":true,"href":"https:\/\/elinformativotam.com\/index.php\/wp-json\/wp\/v2\/comments?post=49662"}],"version-history":[{"count":1,"href":"https:\/\/elinformativotam.com\/index.php\/wp-json\/wp\/v2\/posts\/49662\/revisions"}],"predecessor-version":[{"id":49663,"href":"https:\/\/elinformativotam.com\/index.php\/wp-json\/wp\/v2\/posts\/49662\/revisions\/49663"}],"wp:featuredmedia":[{"embeddable":true,"href":"https:\/\/elinformativotam.com\/index.php\/wp-json\/wp\/v2\/media\/49657"}],"wp:attachment":[{"href":"https:\/\/elinformativotam.com\/index.php\/wp-json\/wp\/v2\/media?parent=49662"}],"wp:term":[{"taxonomy":"category","embeddable":true,"href":"https:\/\/elinformativotam.com\/index.php\/wp-json\/wp\/v2\/categories?post=49662"},{"taxonomy":"post_tag","embeddable":true,"href":"https:\/\/elinformativotam.com\/index.php\/wp-json\/wp\/v2\/tags?post=49662"}],"curies":[{"name":"wp","href":"https:\/\/api.w.org\/{rel}","templated":true}]}}