{"id":49654,"date":"2024-03-14T08:49:58","date_gmt":"2024-03-14T14:49:58","guid":{"rendered":"https:\/\/elinformativotam.com\/?p=49654"},"modified":"2024-03-14T08:49:58","modified_gmt":"2024-03-14T14:49:58","slug":"violencia-intrafamiliar-no-cesa-en-la-zona-sur","status":"publish","type":"post","link":"https:\/\/elinformativotam.com\/index.php\/2024\/03\/14\/violencia-intrafamiliar-no-cesa-en-la-zona-sur\/","title":{"rendered":"VIOLENCIA INTRAFAMILIAR NO CESA EN LA ZONA SUR"},"content":{"rendered":"<h2 style=\"text-align: center;\"><em><span style=\"font-family: 'times new roman', times;\">*Hasta 150 Carpetas De Investigaci\u00f3n Se Registran Por Mes En La Regi\u00f3n<\/span><\/em><\/h2>\n<p>&nbsp;<\/p>\n<p>&nbsp;<\/p>\n<p>De los 7 delitos que desde hace 10 a\u00f1os mide el observatorio ciudadano, todos han ido a la baja en los \u00faltimos cinco a\u00f1os, excepto la violencia intrafamiliar que desde la pandemia se ha incrementado un 15% por arriba de la media nacional.<\/p>\n<p>&nbsp;<\/p>\n<p>Jorge Charles Coll, encargado del observatorio ciudadano, se\u00f1al\u00f3 que los sondeos en este tema netamente familiar sigue siendo preocupante, ya que al mes se registran de 130 a 150 carpetas de investigaci\u00f3n en la Fiscal\u00eda Regional de Justicia por este concepto.<\/p>\n<p>&nbsp;<\/p>\n<p>Indic\u00f3 que la \u00faltima medici\u00f3n correspondiente a Febrero pasado advierte que el homicidio, secuestro, extorsi\u00f3n, delitos considerados como muy preocupantes en la sociedad, en Tampico pr\u00e1cticamente no existen.<\/p>\n<p>&nbsp;<\/p>\n<p>Charles, remarc\u00f3 que el alza en la violencia intrafamiliar es sin duda un reto para las autoridades de la seguridad p\u00fablica estatal, ya que es un delito que ha cobrado mucha vigencia en los \u00faltimos a\u00f1os.<\/p>\n<p>&nbsp;<\/p>\n<p>Abund\u00f3 que, incluso, el robo a veh\u00edculo y casa habitaci\u00f3n, tambi\u00e9n son rubros que est\u00e1n por debajo de la media nacional.<\/p>\n<p>&nbsp;<\/p>\n<p>&#8220;Ya quisieran tener estos n\u00fameros algunas regiones del pa\u00eds, sin duda esto se debe a la ardua labor que mantienen los tres \u00f3rdenes de gobierno y la sociedad civil en esta zona sur&#8221;, declar\u00f3<\/p>\n<p>&nbsp;<\/p>\n<p>El director del observatorio ciudadano reiter\u00f3 que el resto de los delitos del \u00f3rden federal y local est\u00e1n a la baja, incluso el homicidio doloso que en el 2023 registr\u00f3 21 carpetas de investigaci\u00f3n en la FGJE de la zona, todas fueron resueltas y hoy no existe rezago alguno.<\/p>\n<p>&nbsp;<\/p>\n","protected":false},"excerpt":{"rendered":"<p>*Hasta 150 Carpetas De Investigaci\u00f3n Se Registran Por Mes En La Regi\u00f3n &nbsp; &nbsp; De los 7 delitos que desde&hellip;<\/p>\n","protected":false},"author":1,"featured_media":49645,"comment_status":"open","ping_status":"open","sticky":false,"template":"","format":"standard","meta":{"footnotes":""},"categories":[3],"tags":[],"class_list":["post-49654","post","type-post","status-publish","format-standard","has-post-thumbnail","hentry","category-tampico"],"yoast_head":"<!-- This site is optimized with the Yoast SEO plugin v27.5 - https:\/\/yoast.com\/product\/yoast-seo-wordpress\/ -->\n<title>VIOLENCIA INTRAFAMILIAR NO CESA EN LA ZONA SUR - EL INFORMATIVO DE TAMAULIPAS<\/title>\n<meta name=\"description\" content=\"*Hasta 150 Carpetas De Investigaci\u00f3n Se Registran Por Mes En La Regi\u00f3n &nbsp; &nbsp; De los 7 delitos que desde hace 10 a\u00f1os mide el observatorio\" \/>\n<meta name=\"robots\" content=\"index, follow, max-snippet:-1, max-image-preview:large, max-video-preview:-1\" \/>\n<link rel=\"canonical\" href=\"https:\/\/elinformativotam.com\/index.php\/2024\/03\/14\/violencia-intrafamiliar-no-cesa-en-la-zona-sur\/\" \/>\n<meta property=\"og:locale\" content=\"es_MX\" \/>\n<meta property=\"og:type\" content=\"article\" \/>\n<meta property=\"og:title\" content=\"VIOLENCIA INTRAFAMILIAR NO CESA EN LA ZONA SUR - EL INFORMATIVO DE TAMAULIPAS\" \/>\n<meta property=\"og:description\" content=\"*Hasta 150 Carpetas De Investigaci\u00f3n Se Registran Por Mes En La Regi\u00f3n &nbsp; &nbsp; De los 7 delitos que desde hace 10 a\u00f1os mide el observatorio\" \/>\n<meta property=\"og:url\" content=\"https:\/\/elinformativotam.com\/index.php\/2024\/03\/14\/violencia-intrafamiliar-no-cesa-en-la-zona-sur\/\" \/>\n<meta property=\"og:site_name\" content=\"EL INFORMATIVO DE TAMAULIPAS\" \/>\n<meta property=\"article:published_time\" content=\"2024-03-14T14:49:58+00:00\" \/>\n<meta property=\"og:image\" content=\"https:\/\/elinformativotam.com\/wp-content\/uploads\/2024\/03\/Jorge-Charles.jpg\" \/>\n\t<meta property=\"og:image:width\" content=\"1600\" \/>\n\t<meta property=\"og:image:height\" content=\"1204\" \/>\n\t<meta property=\"og:image:type\" content=\"image\/jpeg\" \/>\n<meta name=\"author\" content=\"El Informativo Tam\" \/>\n<meta name=\"twitter:card\" content=\"summary_large_image\" \/>\n<meta name=\"twitter:label1\" content=\"Escrito por\" \/>\n\t<meta name=\"twitter:data1\" content=\"El Informativo Tam\" \/>\n\t<meta name=\"twitter:label2\" content=\"Tiempo de lectura\" \/>\n\t<meta name=\"twitter:data2\" content=\"2 minutos\" \/>\n<script type=\"application\/ld+json\" class=\"yoast-schema-graph\">{\"@context\":\"https:\\\/\\\/schema.org\",\"@graph\":[{\"@type\":\"Article\",\"@id\":\"https:\\\/\\\/elinformativotam.com\\\/index.php\\\/2024\\\/03\\\/14\\\/violencia-intrafamiliar-no-cesa-en-la-zona-sur\\\/#article\",\"isPartOf\":{\"@id\":\"https:\\\/\\\/elinformativotam.com\\\/index.php\\\/2024\\\/03\\\/14\\\/violencia-intrafamiliar-no-cesa-en-la-zona-sur\\\/\"},\"author\":{\"name\":\"El Informativo Tam\",\"@id\":\"https:\\\/\\\/elinformativotam.com\\\/#\\\/schema\\\/person\\\/78e08040eed0f6110f0c5f83b6153590\"},\"headline\":\"VIOLENCIA INTRAFAMILIAR NO CESA EN LA ZONA SUR\",\"datePublished\":\"2024-03-14T14:49:58+00:00\",\"mainEntityOfPage\":{\"@id\":\"https:\\\/\\\/elinformativotam.com\\\/index.php\\\/2024\\\/03\\\/14\\\/violencia-intrafamiliar-no-cesa-en-la-zona-sur\\\/\"},\"wordCount\":293,\"commentCount\":0,\"publisher\":{\"@id\":\"https:\\\/\\\/elinformativotam.com\\\/#organization\"},\"image\":{\"@id\":\"https:\\\/\\\/elinformativotam.com\\\/index.php\\\/2024\\\/03\\\/14\\\/violencia-intrafamiliar-no-cesa-en-la-zona-sur\\\/#primaryimage\"},\"thumbnailUrl\":\"https:\\\/\\\/elinformativotam.com\\\/wp-content\\\/uploads\\\/2024\\\/03\\\/Jorge-Charles.jpg\",\"articleSection\":[\"Tampico\"],\"inLanguage\":\"es\",\"potentialAction\":[{\"@type\":\"CommentAction\",\"name\":\"Comment\",\"target\":[\"https:\\\/\\\/elinformativotam.com\\\/index.php\\\/2024\\\/03\\\/14\\\/violencia-intrafamiliar-no-cesa-en-la-zona-sur\\\/#respond\"]}]},{\"@type\":\"WebPage\",\"@id\":\"https:\\\/\\\/elinformativotam.com\\\/index.php\\\/2024\\\/03\\\/14\\\/violencia-intrafamiliar-no-cesa-en-la-zona-sur\\\/\",\"url\":\"https:\\\/\\\/elinformativotam.com\\\/index.php\\\/2024\\\/03\\\/14\\\/violencia-intrafamiliar-no-cesa-en-la-zona-sur\\\/\",\"name\":\"VIOLENCIA INTRAFAMILIAR NO CESA EN LA ZONA SUR - EL INFORMATIVO DE TAMAULIPAS\",\"isPartOf\":{\"@id\":\"https:\\\/\\\/elinformativotam.com\\\/#website\"},\"primaryImageOfPage\":{\"@id\":\"https:\\\/\\\/elinformativotam.com\\\/index.php\\\/2024\\\/03\\\/14\\\/violencia-intrafamiliar-no-cesa-en-la-zona-sur\\\/#primaryimage\"},\"image\":{\"@id\":\"https:\\\/\\\/elinformativotam.com\\\/index.php\\\/2024\\\/03\\\/14\\\/violencia-intrafamiliar-no-cesa-en-la-zona-sur\\\/#primaryimage\"},\"thumbnailUrl\":\"https:\\\/\\\/elinformativotam.com\\\/wp-content\\\/uploads\\\/2024\\\/03\\\/Jorge-Charles.jpg\",\"datePublished\":\"2024-03-14T14:49:58+00:00\",\"description\":\"*Hasta 150 Carpetas De Investigaci\u00f3n Se Registran Por Mes En La Regi\u00f3n &nbsp; &nbsp; De los 7 delitos que desde hace 10 a\u00f1os mide el observatorio\",\"inLanguage\":\"es\",\"potentialAction\":[{\"@type\":\"ReadAction\",\"target\":[\"https:\\\/\\\/elinformativotam.com\\\/index.php\\\/2024\\\/03\\\/14\\\/violencia-intrafamiliar-no-cesa-en-la-zona-sur\\\/\"]}]},{\"@type\":\"ImageObject\",\"inLanguage\":\"es\",\"@id\":\"https:\\\/\\\/elinformativotam.com\\\/index.php\\\/2024\\\/03\\\/14\\\/violencia-intrafamiliar-no-cesa-en-la-zona-sur\\\/#primaryimage\",\"url\":\"https:\\\/\\\/elinformativotam.com\\\/wp-content\\\/uploads\\\/2024\\\/03\\\/Jorge-Charles.jpg\",\"contentUrl\":\"https:\\\/\\\/elinformativotam.com\\\/wp-content\\\/uploads\\\/2024\\\/03\\\/Jorge-Charles.jpg\",\"width\":1600,\"height\":1204},{\"@type\":\"WebSite\",\"@id\":\"https:\\\/\\\/elinformativotam.com\\\/#website\",\"url\":\"https:\\\/\\\/elinformativotam.com\\\/\",\"name\":\"EL INFORMATIVO DE TAMAULIPAS\",\"description\":\"Desde la Zona Metropolitana Para Todo M\u00e9xico\",\"publisher\":{\"@id\":\"https:\\\/\\\/elinformativotam.com\\\/#organization\"},\"potentialAction\":[{\"@type\":\"SearchAction\",\"target\":{\"@type\":\"EntryPoint\",\"urlTemplate\":\"https:\\\/\\\/elinformativotam.com\\\/?s={search_term_string}\"},\"query-input\":{\"@type\":\"PropertyValueSpecification\",\"valueRequired\":true,\"valueName\":\"search_term_string\"}}],\"inLanguage\":\"es\"},{\"@type\":\"Organization\",\"@id\":\"https:\\\/\\\/elinformativotam.com\\\/#organization\",\"name\":\"EL INFORMATIVO DE TAMAULIPAS\",\"url\":\"https:\\\/\\\/elinformativotam.com\\\/\",\"logo\":{\"@type\":\"ImageObject\",\"inLanguage\":\"es\",\"@id\":\"https:\\\/\\\/elinformativotam.com\\\/#\\\/schema\\\/logo\\\/image\\\/\",\"url\":\"https:\\\/\\\/elinformativotam.com\\\/wp-content\\\/uploads\\\/2026\\\/02\\\/Cabezal.png\",\"contentUrl\":\"https:\\\/\\\/elinformativotam.com\\\/wp-content\\\/uploads\\\/2026\\\/02\\\/Cabezal.png\",\"width\":960,\"height\":640,\"caption\":\"EL INFORMATIVO DE TAMAULIPAS\"},\"image\":{\"@id\":\"https:\\\/\\\/elinformativotam.com\\\/#\\\/schema\\\/logo\\\/image\\\/\"}},{\"@type\":\"Person\",\"@id\":\"https:\\\/\\\/elinformativotam.com\\\/#\\\/schema\\\/person\\\/78e08040eed0f6110f0c5f83b6153590\",\"name\":\"El Informativo Tam\",\"image\":{\"@type\":\"ImageObject\",\"inLanguage\":\"es\",\"@id\":\"https:\\\/\\\/secure.gravatar.com\\\/avatar\\\/f3b7ad3af540688955925ac610647be00b0cf41feea9c4978b73a707ee86bc53?s=96&d=mm&r=g\",\"url\":\"https:\\\/\\\/secure.gravatar.com\\\/avatar\\\/f3b7ad3af540688955925ac610647be00b0cf41feea9c4978b73a707ee86bc53?s=96&d=mm&r=g\",\"contentUrl\":\"https:\\\/\\\/secure.gravatar.com\\\/avatar\\\/f3b7ad3af540688955925ac610647be00b0cf41feea9c4978b73a707ee86bc53?s=96&d=mm&r=g\",\"caption\":\"El Informativo Tam\"}}]}<\/script>\n<!-- \/ Yoast SEO plugin. -->","yoast_head_json":{"title":"VIOLENCIA INTRAFAMILIAR NO CESA EN LA ZONA SUR - EL INFORMATIVO DE TAMAULIPAS","description":"*Hasta 150 Carpetas De Investigaci\u00f3n Se Registran Por Mes En La Regi\u00f3n &nbsp; &nbsp; De los 7 delitos que desde hace 10 a\u00f1os mide el observatorio","robots":{"index":"index","follow":"follow","max-snippet":"max-snippet:-1","max-image-preview":"max-image-preview:large","max-video-preview":"max-video-preview:-1"},"canonical":"https:\/\/elinformativotam.com\/index.php\/2024\/03\/14\/violencia-intrafamiliar-no-cesa-en-la-zona-sur\/","og_locale":"es_MX","og_type":"article","og_title":"VIOLENCIA INTRAFAMILIAR NO CESA EN LA ZONA SUR - EL INFORMATIVO DE TAMAULIPAS","og_description":"*Hasta 150 Carpetas De Investigaci\u00f3n Se Registran Por Mes En La Regi\u00f3n &nbsp; &nbsp; De los 7 delitos que desde hace 10 a\u00f1os mide el observatorio","og_url":"https:\/\/elinformativotam.com\/index.php\/2024\/03\/14\/violencia-intrafamiliar-no-cesa-en-la-zona-sur\/","og_site_name":"EL INFORMATIVO DE TAMAULIPAS","article_published_time":"2024-03-14T14:49:58+00:00","og_image":[{"width":1600,"height":1204,"url":"https:\/\/elinformativotam.com\/wp-content\/uploads\/2024\/03\/Jorge-Charles.jpg","type":"image\/jpeg"}],"author":"El Informativo Tam","twitter_card":"summary_large_image","twitter_misc":{"Escrito por":"El Informativo Tam","Tiempo de lectura":"2 minutos"},"schema":{"@context":"https:\/\/schema.org","@graph":[{"@type":"Article","@id":"https:\/\/elinformativotam.com\/index.php\/2024\/03\/14\/violencia-intrafamiliar-no-cesa-en-la-zona-sur\/#article","isPartOf":{"@id":"https:\/\/elinformativotam.com\/index.php\/2024\/03\/14\/violencia-intrafamiliar-no-cesa-en-la-zona-sur\/"},"author":{"name":"El Informativo Tam","@id":"https:\/\/elinformativotam.com\/#\/schema\/person\/78e08040eed0f6110f0c5f83b6153590"},"headline":"VIOLENCIA INTRAFAMILIAR NO CESA EN LA ZONA SUR","datePublished":"2024-03-14T14:49:58+00:00","mainEntityOfPage":{"@id":"https:\/\/elinformativotam.com\/index.php\/2024\/03\/14\/violencia-intrafamiliar-no-cesa-en-la-zona-sur\/"},"wordCount":293,"commentCount":0,"publisher":{"@id":"https:\/\/elinformativotam.com\/#organization"},"image":{"@id":"https:\/\/elinformativotam.com\/index.php\/2024\/03\/14\/violencia-intrafamiliar-no-cesa-en-la-zona-sur\/#primaryimage"},"thumbnailUrl":"https:\/\/elinformativotam.com\/wp-content\/uploads\/2024\/03\/Jorge-Charles.jpg","articleSection":["Tampico"],"inLanguage":"es","potentialAction":[{"@type":"CommentAction","name":"Comment","target":["https:\/\/elinformativotam.com\/index.php\/2024\/03\/14\/violencia-intrafamiliar-no-cesa-en-la-zona-sur\/#respond"]}]},{"@type":"WebPage","@id":"https:\/\/elinformativotam.com\/index.php\/2024\/03\/14\/violencia-intrafamiliar-no-cesa-en-la-zona-sur\/","url":"https:\/\/elinformativotam.com\/index.php\/2024\/03\/14\/violencia-intrafamiliar-no-cesa-en-la-zona-sur\/","name":"VIOLENCIA INTRAFAMILIAR NO CESA EN LA ZONA SUR - EL INFORMATIVO DE TAMAULIPAS","isPartOf":{"@id":"https:\/\/elinformativotam.com\/#website"},"primaryImageOfPage":{"@id":"https:\/\/elinformativotam.com\/index.php\/2024\/03\/14\/violencia-intrafamiliar-no-cesa-en-la-zona-sur\/#primaryimage"},"image":{"@id":"https:\/\/elinformativotam.com\/index.php\/2024\/03\/14\/violencia-intrafamiliar-no-cesa-en-la-zona-sur\/#primaryimage"},"thumbnailUrl":"https:\/\/elinformativotam.com\/wp-content\/uploads\/2024\/03\/Jorge-Charles.jpg","datePublished":"2024-03-14T14:49:58+00:00","description":"*Hasta 150 Carpetas De Investigaci\u00f3n Se Registran Por Mes En La Regi\u00f3n &nbsp; &nbsp; De los 7 delitos que desde hace 10 a\u00f1os mide el observatorio","inLanguage":"es","potentialAction":[{"@type":"ReadAction","target":["https:\/\/elinformativotam.com\/index.php\/2024\/03\/14\/violencia-intrafamiliar-no-cesa-en-la-zona-sur\/"]}]},{"@type":"ImageObject","inLanguage":"es","@id":"https:\/\/elinformativotam.com\/index.php\/2024\/03\/14\/violencia-intrafamiliar-no-cesa-en-la-zona-sur\/#primaryimage","url":"https:\/\/elinformativotam.com\/wp-content\/uploads\/2024\/03\/Jorge-Charles.jpg","contentUrl":"https:\/\/elinformativotam.com\/wp-content\/uploads\/2024\/03\/Jorge-Charles.jpg","width":1600,"height":1204},{"@type":"WebSite","@id":"https:\/\/elinformativotam.com\/#website","url":"https:\/\/elinformativotam.com\/","name":"EL INFORMATIVO DE TAMAULIPAS","description":"Desde la Zona Metropolitana Para Todo M\u00e9xico","publisher":{"@id":"https:\/\/elinformativotam.com\/#organization"},"potentialAction":[{"@type":"SearchAction","target":{"@type":"EntryPoint","urlTemplate":"https:\/\/elinformativotam.com\/?s={search_term_string}"},"query-input":{"@type":"PropertyValueSpecification","valueRequired":true,"valueName":"search_term_string"}}],"inLanguage":"es"},{"@type":"Organization","@id":"https:\/\/elinformativotam.com\/#organization","name":"EL INFORMATIVO DE TAMAULIPAS","url":"https:\/\/elinformativotam.com\/","logo":{"@type":"ImageObject","inLanguage":"es","@id":"https:\/\/elinformativotam.com\/#\/schema\/logo\/image\/","url":"https:\/\/elinformativotam.com\/wp-content\/uploads\/2026\/02\/Cabezal.png","contentUrl":"https:\/\/elinformativotam.com\/wp-content\/uploads\/2026\/02\/Cabezal.png","width":960,"height":640,"caption":"EL INFORMATIVO DE TAMAULIPAS"},"image":{"@id":"https:\/\/elinformativotam.com\/#\/schema\/logo\/image\/"}},{"@type":"Person","@id":"https:\/\/elinformativotam.com\/#\/schema\/person\/78e08040eed0f6110f0c5f83b6153590","name":"El Informativo Tam","image":{"@type":"ImageObject","inLanguage":"es","@id":"https:\/\/secure.gravatar.com\/avatar\/f3b7ad3af540688955925ac610647be00b0cf41feea9c4978b73a707ee86bc53?s=96&d=mm&r=g","url":"https:\/\/secure.gravatar.com\/avatar\/f3b7ad3af540688955925ac610647be00b0cf41feea9c4978b73a707ee86bc53?s=96&d=mm&r=g","contentUrl":"https:\/\/secure.gravatar.com\/avatar\/f3b7ad3af540688955925ac610647be00b0cf41feea9c4978b73a707ee86bc53?s=96&d=mm&r=g","caption":"El Informativo Tam"}}]}},"_links":{"self":[{"href":"https:\/\/elinformativotam.com\/index.php\/wp-json\/wp\/v2\/posts\/49654","targetHints":{"allow":["GET"]}}],"collection":[{"href":"https:\/\/elinformativotam.com\/index.php\/wp-json\/wp\/v2\/posts"}],"about":[{"href":"https:\/\/elinformativotam.com\/index.php\/wp-json\/wp\/v2\/types\/post"}],"author":[{"embeddable":true,"href":"https:\/\/elinformativotam.com\/index.php\/wp-json\/wp\/v2\/users\/1"}],"replies":[{"embeddable":true,"href":"https:\/\/elinformativotam.com\/index.php\/wp-json\/wp\/v2\/comments?post=49654"}],"version-history":[{"count":1,"href":"https:\/\/elinformativotam.com\/index.php\/wp-json\/wp\/v2\/posts\/49654\/revisions"}],"predecessor-version":[{"id":49655,"href":"https:\/\/elinformativotam.com\/index.php\/wp-json\/wp\/v2\/posts\/49654\/revisions\/49655"}],"wp:featuredmedia":[{"embeddable":true,"href":"https:\/\/elinformativotam.com\/index.php\/wp-json\/wp\/v2\/media\/49645"}],"wp:attachment":[{"href":"https:\/\/elinformativotam.com\/index.php\/wp-json\/wp\/v2\/media?parent=49654"}],"wp:term":[{"taxonomy":"category","embeddable":true,"href":"https:\/\/elinformativotam.com\/index.php\/wp-json\/wp\/v2\/categories?post=49654"},{"taxonomy":"post_tag","embeddable":true,"href":"https:\/\/elinformativotam.com\/index.php\/wp-json\/wp\/v2\/tags?post=49654"}],"curies":[{"name":"wp","href":"https:\/\/api.w.org\/{rel}","templated":true}]}}