{"id":49652,"date":"2024-03-14T08:48:38","date_gmt":"2024-03-14T14:48:38","guid":{"rendered":"https:\/\/elinformativotam.com\/?p=49652"},"modified":"2024-03-14T08:48:38","modified_gmt":"2024-03-14T14:48:38","slug":"se-acabo-el-plazo-para-recoger-credencial-para-votar","status":"publish","type":"post","link":"https:\/\/elinformativotam.com\/index.php\/2024\/03\/14\/se-acabo-el-plazo-para-recoger-credencial-para-votar\/","title":{"rendered":"SE ACAB\u00d3 EL PLAZO PARA RECOGER CREDENCIAL PARA VOTAR"},"content":{"rendered":"<h2 style=\"text-align: center;\"><span style=\"font-family: 'times new roman', times;\"><em>*La Poblaci\u00f3n Que Tramit\u00f3 La Actualizaci\u00f3n Del Documento Y Que No Ha Podido Recoger, Tiene Hasta Este Jueves 14 De Marzo Para Hacerlo<\/em><\/span><\/h2>\n<p>&nbsp;<\/p>\n<p>&nbsp;<\/p>\n<p>La vocal\u00eda ejecutiva de la junta distrital 8 del INE con sede en Tampico, anunci\u00f3 que este jueves 14 de Marzo vence el plazo para recoger las credenciales de elector que fueron tramitadas de septiembre del a\u00f1o pasado al 21 de enero.<\/p>\n<p>&nbsp;<\/p>\n<p>En octubre del 2023 el INE Tampico-Madero cargaba con un rezago de 24 mil ciudadanos que no ten\u00edan su credencial para votar actualizada, sin embargo con la campa\u00f1a masiva que se llev\u00f3 a cabo en todo el pa\u00eds y en Tamaulipas, al menos en el 8 distrito se logr\u00f3 abatir de manera considerable.<\/p>\n<p>&nbsp;<\/p>\n<p>Mar\u00eda de la Luz Espinoza Hern\u00e1ndez, vocal ejecutiva de la junta distrital electoral 8, manifest\u00f3 que ser\u00e1 \u00e9ste jueves cuando venza el plazo de la campa\u00f1a, que en t\u00e9rminos generales tuvo un gran \u00e9xito.<\/p>\n<p>&nbsp;<\/p>\n<p>Detall\u00f3, que de las 24 mil credenciales rezagadas en septiembre pasado, hoy solo faltan por recoger 521 en todo el distrito 8, lo que representa una cobertura de casi el 100% en este aspecto.<\/p>\n<p>&nbsp;<\/p>\n<p>Indic\u00f3 que la lista n\u00f3minal en estos momentos, con corte al 29 de febrero, es de 428 mil 064 ciudadanos con derecho a votar.<\/p>\n<p>&nbsp;<\/p>\n<p>Remarc\u00f3 que 301 credenciales se encuentran en la oficina matriz del INE ubicada en Avenida Hidalgo y 220 pl\u00e1sticos m\u00e1s en el m\u00f3dulo ubicado en la esquina de Avenida Universidad y Bulevar L\u00f3pez Mateos.<\/p>\n<p>&nbsp;<\/p>\n<p>La tambi\u00e9n Presidenta del Consejo Distrital 8 del INE explic\u00f3 que gran parte de la poblaci\u00f3n logr\u00f3 llevar a cabo lo m\u00e1s dif\u00edcil que es tomarse un poco de su tiempo para realizar el tr\u00e1mite de su credencial de elector.<\/p>\n<p>&nbsp;<\/p>\n<p>&#8220;Ahora es necesario que hagan ese \u00faltimo esfuerzo que es solo de ir a recoger la credencial para que puedan ejercer su sufragio el pr\u00f3ximo 2 de Junio&#8221;, recalc\u00f3<\/p>\n<p>&nbsp;<\/p>\n<p>Coment\u00f3 que el padr\u00f3n electoral en Tampico y Madero es 429 mil 103 ciudadanos.<\/p>\n<p>&nbsp;<\/p>\n<p>Finalmente, record\u00f3 que las credenciales con vigencia 2023 s\u00ed podr\u00e1n participar en la elecci\u00f3n concurrente, sin embargo ya no es un documento oficial con validez para realizar alg\u00fan tr\u00e1mite personal.<\/p>\n","protected":false},"excerpt":{"rendered":"<p>*La Poblaci\u00f3n Que Tramit\u00f3 La Actualizaci\u00f3n Del Documento Y Que No Ha Podido Recoger, Tiene Hasta Este Jueves 14 De&hellip;<\/p>\n","protected":false},"author":1,"featured_media":49647,"comment_status":"open","ping_status":"open","sticky":false,"template":"","format":"standard","meta":{"footnotes":""},"categories":[3],"tags":[],"class_list":["post-49652","post","type-post","status-publish","format-standard","has-post-thumbnail","hentry","category-tampico"],"yoast_head":"<!-- This site is optimized with the Yoast SEO plugin v27.5 - https:\/\/yoast.com\/product\/yoast-seo-wordpress\/ -->\n<title>SE ACAB\u00d3 EL PLAZO PARA RECOGER CREDENCIAL PARA VOTAR - EL INFORMATIVO DE TAMAULIPAS<\/title>\n<meta name=\"description\" content=\"*La Poblaci\u00f3n Que Tramit\u00f3 La Actualizaci\u00f3n Del Documento Y Que No Ha Podido Recoger, Tiene Hasta Este Jueves 14 De Marzo Para Hacerlo &nbsp; &nbsp; La\" \/>\n<meta name=\"robots\" content=\"index, follow, max-snippet:-1, max-image-preview:large, max-video-preview:-1\" \/>\n<link rel=\"canonical\" href=\"https:\/\/elinformativotam.com\/index.php\/2024\/03\/14\/se-acabo-el-plazo-para-recoger-credencial-para-votar\/\" \/>\n<meta property=\"og:locale\" content=\"es_MX\" \/>\n<meta property=\"og:type\" content=\"article\" \/>\n<meta property=\"og:title\" content=\"SE ACAB\u00d3 EL PLAZO PARA RECOGER CREDENCIAL PARA VOTAR - EL INFORMATIVO DE TAMAULIPAS\" \/>\n<meta property=\"og:description\" content=\"*La Poblaci\u00f3n Que Tramit\u00f3 La Actualizaci\u00f3n Del Documento Y Que No Ha Podido Recoger, Tiene Hasta Este Jueves 14 De Marzo Para Hacerlo &nbsp; &nbsp; La\" \/>\n<meta property=\"og:url\" content=\"https:\/\/elinformativotam.com\/index.php\/2024\/03\/14\/se-acabo-el-plazo-para-recoger-credencial-para-votar\/\" \/>\n<meta property=\"og:site_name\" content=\"EL INFORMATIVO DE TAMAULIPAS\" \/>\n<meta property=\"article:published_time\" content=\"2024-03-14T14:48:38+00:00\" \/>\n<meta property=\"og:image\" content=\"https:\/\/elinformativotam.com\/wp-content\/uploads\/2024\/03\/luz-INE.jpg\" \/>\n\t<meta property=\"og:image:width\" content=\"1600\" \/>\n\t<meta property=\"og:image:height\" content=\"1204\" \/>\n\t<meta property=\"og:image:type\" content=\"image\/jpeg\" \/>\n<meta name=\"author\" content=\"El Informativo Tam\" \/>\n<meta name=\"twitter:card\" content=\"summary_large_image\" \/>\n<meta name=\"twitter:label1\" content=\"Escrito por\" \/>\n\t<meta name=\"twitter:data1\" content=\"El Informativo Tam\" \/>\n\t<meta name=\"twitter:label2\" content=\"Tiempo de lectura\" \/>\n\t<meta name=\"twitter:data2\" content=\"2 minutos\" \/>\n<script type=\"application\/ld+json\" class=\"yoast-schema-graph\">{\"@context\":\"https:\\\/\\\/schema.org\",\"@graph\":[{\"@type\":\"Article\",\"@id\":\"https:\\\/\\\/elinformativotam.com\\\/index.php\\\/2024\\\/03\\\/14\\\/se-acabo-el-plazo-para-recoger-credencial-para-votar\\\/#article\",\"isPartOf\":{\"@id\":\"https:\\\/\\\/elinformativotam.com\\\/index.php\\\/2024\\\/03\\\/14\\\/se-acabo-el-plazo-para-recoger-credencial-para-votar\\\/\"},\"author\":{\"name\":\"El Informativo Tam\",\"@id\":\"https:\\\/\\\/elinformativotam.com\\\/#\\\/schema\\\/person\\\/78e08040eed0f6110f0c5f83b6153590\"},\"headline\":\"SE ACAB\u00d3 EL PLAZO PARA RECOGER CREDENCIAL PARA VOTAR\",\"datePublished\":\"2024-03-14T14:48:38+00:00\",\"mainEntityOfPage\":{\"@id\":\"https:\\\/\\\/elinformativotam.com\\\/index.php\\\/2024\\\/03\\\/14\\\/se-acabo-el-plazo-para-recoger-credencial-para-votar\\\/\"},\"wordCount\":382,\"commentCount\":0,\"publisher\":{\"@id\":\"https:\\\/\\\/elinformativotam.com\\\/#organization\"},\"image\":{\"@id\":\"https:\\\/\\\/elinformativotam.com\\\/index.php\\\/2024\\\/03\\\/14\\\/se-acabo-el-plazo-para-recoger-credencial-para-votar\\\/#primaryimage\"},\"thumbnailUrl\":\"https:\\\/\\\/elinformativotam.com\\\/wp-content\\\/uploads\\\/2024\\\/03\\\/luz-INE.jpg\",\"articleSection\":[\"Tampico\"],\"inLanguage\":\"es\",\"potentialAction\":[{\"@type\":\"CommentAction\",\"name\":\"Comment\",\"target\":[\"https:\\\/\\\/elinformativotam.com\\\/index.php\\\/2024\\\/03\\\/14\\\/se-acabo-el-plazo-para-recoger-credencial-para-votar\\\/#respond\"]}]},{\"@type\":\"WebPage\",\"@id\":\"https:\\\/\\\/elinformativotam.com\\\/index.php\\\/2024\\\/03\\\/14\\\/se-acabo-el-plazo-para-recoger-credencial-para-votar\\\/\",\"url\":\"https:\\\/\\\/elinformativotam.com\\\/index.php\\\/2024\\\/03\\\/14\\\/se-acabo-el-plazo-para-recoger-credencial-para-votar\\\/\",\"name\":\"SE ACAB\u00d3 EL PLAZO PARA RECOGER CREDENCIAL PARA VOTAR - EL INFORMATIVO DE TAMAULIPAS\",\"isPartOf\":{\"@id\":\"https:\\\/\\\/elinformativotam.com\\\/#website\"},\"primaryImageOfPage\":{\"@id\":\"https:\\\/\\\/elinformativotam.com\\\/index.php\\\/2024\\\/03\\\/14\\\/se-acabo-el-plazo-para-recoger-credencial-para-votar\\\/#primaryimage\"},\"image\":{\"@id\":\"https:\\\/\\\/elinformativotam.com\\\/index.php\\\/2024\\\/03\\\/14\\\/se-acabo-el-plazo-para-recoger-credencial-para-votar\\\/#primaryimage\"},\"thumbnailUrl\":\"https:\\\/\\\/elinformativotam.com\\\/wp-content\\\/uploads\\\/2024\\\/03\\\/luz-INE.jpg\",\"datePublished\":\"2024-03-14T14:48:38+00:00\",\"description\":\"*La Poblaci\u00f3n Que Tramit\u00f3 La Actualizaci\u00f3n Del Documento Y Que No Ha Podido Recoger, Tiene Hasta Este Jueves 14 De Marzo Para Hacerlo &nbsp; &nbsp; La\",\"inLanguage\":\"es\",\"potentialAction\":[{\"@type\":\"ReadAction\",\"target\":[\"https:\\\/\\\/elinformativotam.com\\\/index.php\\\/2024\\\/03\\\/14\\\/se-acabo-el-plazo-para-recoger-credencial-para-votar\\\/\"]}]},{\"@type\":\"ImageObject\",\"inLanguage\":\"es\",\"@id\":\"https:\\\/\\\/elinformativotam.com\\\/index.php\\\/2024\\\/03\\\/14\\\/se-acabo-el-plazo-para-recoger-credencial-para-votar\\\/#primaryimage\",\"url\":\"https:\\\/\\\/elinformativotam.com\\\/wp-content\\\/uploads\\\/2024\\\/03\\\/luz-INE.jpg\",\"contentUrl\":\"https:\\\/\\\/elinformativotam.com\\\/wp-content\\\/uploads\\\/2024\\\/03\\\/luz-INE.jpg\",\"width\":1600,\"height\":1204},{\"@type\":\"WebSite\",\"@id\":\"https:\\\/\\\/elinformativotam.com\\\/#website\",\"url\":\"https:\\\/\\\/elinformativotam.com\\\/\",\"name\":\"EL INFORMATIVO DE TAMAULIPAS\",\"description\":\"Desde la Zona Metropolitana Para Todo M\u00e9xico\",\"publisher\":{\"@id\":\"https:\\\/\\\/elinformativotam.com\\\/#organization\"},\"potentialAction\":[{\"@type\":\"SearchAction\",\"target\":{\"@type\":\"EntryPoint\",\"urlTemplate\":\"https:\\\/\\\/elinformativotam.com\\\/?s={search_term_string}\"},\"query-input\":{\"@type\":\"PropertyValueSpecification\",\"valueRequired\":true,\"valueName\":\"search_term_string\"}}],\"inLanguage\":\"es\"},{\"@type\":\"Organization\",\"@id\":\"https:\\\/\\\/elinformativotam.com\\\/#organization\",\"name\":\"EL INFORMATIVO DE TAMAULIPAS\",\"url\":\"https:\\\/\\\/elinformativotam.com\\\/\",\"logo\":{\"@type\":\"ImageObject\",\"inLanguage\":\"es\",\"@id\":\"https:\\\/\\\/elinformativotam.com\\\/#\\\/schema\\\/logo\\\/image\\\/\",\"url\":\"https:\\\/\\\/elinformativotam.com\\\/wp-content\\\/uploads\\\/2026\\\/02\\\/Cabezal.png\",\"contentUrl\":\"https:\\\/\\\/elinformativotam.com\\\/wp-content\\\/uploads\\\/2026\\\/02\\\/Cabezal.png\",\"width\":960,\"height\":640,\"caption\":\"EL INFORMATIVO DE TAMAULIPAS\"},\"image\":{\"@id\":\"https:\\\/\\\/elinformativotam.com\\\/#\\\/schema\\\/logo\\\/image\\\/\"}},{\"@type\":\"Person\",\"@id\":\"https:\\\/\\\/elinformativotam.com\\\/#\\\/schema\\\/person\\\/78e08040eed0f6110f0c5f83b6153590\",\"name\":\"El Informativo Tam\",\"image\":{\"@type\":\"ImageObject\",\"inLanguage\":\"es\",\"@id\":\"https:\\\/\\\/secure.gravatar.com\\\/avatar\\\/f3b7ad3af540688955925ac610647be00b0cf41feea9c4978b73a707ee86bc53?s=96&d=mm&r=g\",\"url\":\"https:\\\/\\\/secure.gravatar.com\\\/avatar\\\/f3b7ad3af540688955925ac610647be00b0cf41feea9c4978b73a707ee86bc53?s=96&d=mm&r=g\",\"contentUrl\":\"https:\\\/\\\/secure.gravatar.com\\\/avatar\\\/f3b7ad3af540688955925ac610647be00b0cf41feea9c4978b73a707ee86bc53?s=96&d=mm&r=g\",\"caption\":\"El Informativo Tam\"}}]}<\/script>\n<!-- \/ Yoast SEO plugin. -->","yoast_head_json":{"title":"SE ACAB\u00d3 EL PLAZO PARA RECOGER CREDENCIAL PARA VOTAR - EL INFORMATIVO DE TAMAULIPAS","description":"*La Poblaci\u00f3n Que Tramit\u00f3 La Actualizaci\u00f3n Del Documento Y Que No Ha Podido Recoger, Tiene Hasta Este Jueves 14 De Marzo Para Hacerlo &nbsp; &nbsp; La","robots":{"index":"index","follow":"follow","max-snippet":"max-snippet:-1","max-image-preview":"max-image-preview:large","max-video-preview":"max-video-preview:-1"},"canonical":"https:\/\/elinformativotam.com\/index.php\/2024\/03\/14\/se-acabo-el-plazo-para-recoger-credencial-para-votar\/","og_locale":"es_MX","og_type":"article","og_title":"SE ACAB\u00d3 EL PLAZO PARA RECOGER CREDENCIAL PARA VOTAR - EL INFORMATIVO DE TAMAULIPAS","og_description":"*La Poblaci\u00f3n Que Tramit\u00f3 La Actualizaci\u00f3n Del Documento Y Que No Ha Podido Recoger, Tiene Hasta Este Jueves 14 De Marzo Para Hacerlo &nbsp; &nbsp; La","og_url":"https:\/\/elinformativotam.com\/index.php\/2024\/03\/14\/se-acabo-el-plazo-para-recoger-credencial-para-votar\/","og_site_name":"EL INFORMATIVO DE TAMAULIPAS","article_published_time":"2024-03-14T14:48:38+00:00","og_image":[{"width":1600,"height":1204,"url":"https:\/\/elinformativotam.com\/wp-content\/uploads\/2024\/03\/luz-INE.jpg","type":"image\/jpeg"}],"author":"El Informativo Tam","twitter_card":"summary_large_image","twitter_misc":{"Escrito por":"El Informativo Tam","Tiempo de lectura":"2 minutos"},"schema":{"@context":"https:\/\/schema.org","@graph":[{"@type":"Article","@id":"https:\/\/elinformativotam.com\/index.php\/2024\/03\/14\/se-acabo-el-plazo-para-recoger-credencial-para-votar\/#article","isPartOf":{"@id":"https:\/\/elinformativotam.com\/index.php\/2024\/03\/14\/se-acabo-el-plazo-para-recoger-credencial-para-votar\/"},"author":{"name":"El Informativo Tam","@id":"https:\/\/elinformativotam.com\/#\/schema\/person\/78e08040eed0f6110f0c5f83b6153590"},"headline":"SE ACAB\u00d3 EL PLAZO PARA RECOGER CREDENCIAL PARA VOTAR","datePublished":"2024-03-14T14:48:38+00:00","mainEntityOfPage":{"@id":"https:\/\/elinformativotam.com\/index.php\/2024\/03\/14\/se-acabo-el-plazo-para-recoger-credencial-para-votar\/"},"wordCount":382,"commentCount":0,"publisher":{"@id":"https:\/\/elinformativotam.com\/#organization"},"image":{"@id":"https:\/\/elinformativotam.com\/index.php\/2024\/03\/14\/se-acabo-el-plazo-para-recoger-credencial-para-votar\/#primaryimage"},"thumbnailUrl":"https:\/\/elinformativotam.com\/wp-content\/uploads\/2024\/03\/luz-INE.jpg","articleSection":["Tampico"],"inLanguage":"es","potentialAction":[{"@type":"CommentAction","name":"Comment","target":["https:\/\/elinformativotam.com\/index.php\/2024\/03\/14\/se-acabo-el-plazo-para-recoger-credencial-para-votar\/#respond"]}]},{"@type":"WebPage","@id":"https:\/\/elinformativotam.com\/index.php\/2024\/03\/14\/se-acabo-el-plazo-para-recoger-credencial-para-votar\/","url":"https:\/\/elinformativotam.com\/index.php\/2024\/03\/14\/se-acabo-el-plazo-para-recoger-credencial-para-votar\/","name":"SE ACAB\u00d3 EL PLAZO PARA RECOGER CREDENCIAL PARA VOTAR - EL INFORMATIVO DE TAMAULIPAS","isPartOf":{"@id":"https:\/\/elinformativotam.com\/#website"},"primaryImageOfPage":{"@id":"https:\/\/elinformativotam.com\/index.php\/2024\/03\/14\/se-acabo-el-plazo-para-recoger-credencial-para-votar\/#primaryimage"},"image":{"@id":"https:\/\/elinformativotam.com\/index.php\/2024\/03\/14\/se-acabo-el-plazo-para-recoger-credencial-para-votar\/#primaryimage"},"thumbnailUrl":"https:\/\/elinformativotam.com\/wp-content\/uploads\/2024\/03\/luz-INE.jpg","datePublished":"2024-03-14T14:48:38+00:00","description":"*La Poblaci\u00f3n Que Tramit\u00f3 La Actualizaci\u00f3n Del Documento Y Que No Ha Podido Recoger, Tiene Hasta Este Jueves 14 De Marzo Para Hacerlo &nbsp; &nbsp; La","inLanguage":"es","potentialAction":[{"@type":"ReadAction","target":["https:\/\/elinformativotam.com\/index.php\/2024\/03\/14\/se-acabo-el-plazo-para-recoger-credencial-para-votar\/"]}]},{"@type":"ImageObject","inLanguage":"es","@id":"https:\/\/elinformativotam.com\/index.php\/2024\/03\/14\/se-acabo-el-plazo-para-recoger-credencial-para-votar\/#primaryimage","url":"https:\/\/elinformativotam.com\/wp-content\/uploads\/2024\/03\/luz-INE.jpg","contentUrl":"https:\/\/elinformativotam.com\/wp-content\/uploads\/2024\/03\/luz-INE.jpg","width":1600,"height":1204},{"@type":"WebSite","@id":"https:\/\/elinformativotam.com\/#website","url":"https:\/\/elinformativotam.com\/","name":"EL INFORMATIVO DE TAMAULIPAS","description":"Desde la Zona Metropolitana Para Todo M\u00e9xico","publisher":{"@id":"https:\/\/elinformativotam.com\/#organization"},"potentialAction":[{"@type":"SearchAction","target":{"@type":"EntryPoint","urlTemplate":"https:\/\/elinformativotam.com\/?s={search_term_string}"},"query-input":{"@type":"PropertyValueSpecification","valueRequired":true,"valueName":"search_term_string"}}],"inLanguage":"es"},{"@type":"Organization","@id":"https:\/\/elinformativotam.com\/#organization","name":"EL INFORMATIVO DE TAMAULIPAS","url":"https:\/\/elinformativotam.com\/","logo":{"@type":"ImageObject","inLanguage":"es","@id":"https:\/\/elinformativotam.com\/#\/schema\/logo\/image\/","url":"https:\/\/elinformativotam.com\/wp-content\/uploads\/2026\/02\/Cabezal.png","contentUrl":"https:\/\/elinformativotam.com\/wp-content\/uploads\/2026\/02\/Cabezal.png","width":960,"height":640,"caption":"EL INFORMATIVO DE TAMAULIPAS"},"image":{"@id":"https:\/\/elinformativotam.com\/#\/schema\/logo\/image\/"}},{"@type":"Person","@id":"https:\/\/elinformativotam.com\/#\/schema\/person\/78e08040eed0f6110f0c5f83b6153590","name":"El Informativo Tam","image":{"@type":"ImageObject","inLanguage":"es","@id":"https:\/\/secure.gravatar.com\/avatar\/f3b7ad3af540688955925ac610647be00b0cf41feea9c4978b73a707ee86bc53?s=96&d=mm&r=g","url":"https:\/\/secure.gravatar.com\/avatar\/f3b7ad3af540688955925ac610647be00b0cf41feea9c4978b73a707ee86bc53?s=96&d=mm&r=g","contentUrl":"https:\/\/secure.gravatar.com\/avatar\/f3b7ad3af540688955925ac610647be00b0cf41feea9c4978b73a707ee86bc53?s=96&d=mm&r=g","caption":"El Informativo Tam"}}]}},"_links":{"self":[{"href":"https:\/\/elinformativotam.com\/index.php\/wp-json\/wp\/v2\/posts\/49652","targetHints":{"allow":["GET"]}}],"collection":[{"href":"https:\/\/elinformativotam.com\/index.php\/wp-json\/wp\/v2\/posts"}],"about":[{"href":"https:\/\/elinformativotam.com\/index.php\/wp-json\/wp\/v2\/types\/post"}],"author":[{"embeddable":true,"href":"https:\/\/elinformativotam.com\/index.php\/wp-json\/wp\/v2\/users\/1"}],"replies":[{"embeddable":true,"href":"https:\/\/elinformativotam.com\/index.php\/wp-json\/wp\/v2\/comments?post=49652"}],"version-history":[{"count":1,"href":"https:\/\/elinformativotam.com\/index.php\/wp-json\/wp\/v2\/posts\/49652\/revisions"}],"predecessor-version":[{"id":49653,"href":"https:\/\/elinformativotam.com\/index.php\/wp-json\/wp\/v2\/posts\/49652\/revisions\/49653"}],"wp:featuredmedia":[{"embeddable":true,"href":"https:\/\/elinformativotam.com\/index.php\/wp-json\/wp\/v2\/media\/49647"}],"wp:attachment":[{"href":"https:\/\/elinformativotam.com\/index.php\/wp-json\/wp\/v2\/media?parent=49652"}],"wp:term":[{"taxonomy":"category","embeddable":true,"href":"https:\/\/elinformativotam.com\/index.php\/wp-json\/wp\/v2\/categories?post=49652"},{"taxonomy":"post_tag","embeddable":true,"href":"https:\/\/elinformativotam.com\/index.php\/wp-json\/wp\/v2\/tags?post=49652"}],"curies":[{"name":"wp","href":"https:\/\/api.w.org\/{rel}","templated":true}]}}