{"id":49626,"date":"2024-03-12T21:21:27","date_gmt":"2024-03-13T03:21:27","guid":{"rendered":"https:\/\/elinformativotam.com\/?p=49626"},"modified":"2024-03-12T21:21:27","modified_gmt":"2024-03-13T03:21:27","slug":"un-joven-perdio-la-vida-en-el-bulevar-de-los-rios-en-altamira","status":"publish","type":"post","link":"https:\/\/elinformativotam.com\/index.php\/2024\/03\/12\/un-joven-perdio-la-vida-en-el-bulevar-de-los-rios-en-altamira\/","title":{"rendered":"UN JOVEN PERDI\u00d3 LA VIDA EN EL BULEVAR DE LOS R\u00cdOS EN ALTAMIRA"},"content":{"rendered":"<p>Una tarde tr\u00e1gica en Altamira la que ocurri\u00f3 tras el accidente, donde lamentablemente un joven perdi\u00f3 la vida en un tr\u00e1gico accidente sobre el bulevard de los R\u00edos en el municipio de Altamira.<\/p>\n<p>&nbsp;<\/p>\n<p>El veh\u00edculo involucrado se trata de un Dodge Ne\u00f3n color caf\u00e9 mismo que qued\u00f3 destrozado pr\u00e1cticamente de la parte delantera; mientras que los dos ocupantes que ven\u00edan en el veh\u00edculo quedaron prensados, desafortunadamente uno perdi\u00f3 la vida en el lugar de los hechos.<\/p>\n<p><img loading=\"lazy\" decoding=\"async\" class=\" wp-image-49628 alignleft\" src=\"https:\/\/elinformativotam.com\/wp-content\/uploads\/2024\/03\/Choque1-312x365.jpeg\" alt=\"\" width=\"265\" height=\"310\" srcset=\"https:\/\/elinformativotam.com\/wp-content\/uploads\/2024\/03\/Choque1-312x365.jpeg 312w, https:\/\/elinformativotam.com\/wp-content\/uploads\/2024\/03\/Choque1.jpeg 697w\" sizes=\"auto, (max-width: 265px) 100vw, 265px\" \/><\/p>\n<p>El conductor de la unidad result\u00f3 gravemente herido y fue trasladado a un hospital de urgencia, ocurri\u00f3 la tarde de este martes a la altura del puente Garrapatas.<\/p>\n<p>&nbsp;<\/p>\n<p>Hasta el punto casi de manera inmediata llegaron brigadistas de la Central de Emergencias de la Asipona, mismos que lo canalizaron a un hospital, en tanto se decret\u00f3 que el copiloto perdi\u00f3 la vida en el sitio, al sitio acudiendo en apoyo brigadistas de la base Bomberos Voluntarios de Tamaulipas y quedando la zona acordonada para que elementos de la Fiscal\u00eda General de Justicia dieran fe de la persona que estaba sin vida en el lugar.<\/p>\n","protected":false},"excerpt":{"rendered":"<p>Una tarde tr\u00e1gica en Altamira la que ocurri\u00f3 tras el accidente, donde lamentablemente un joven perdi\u00f3 la vida en un&hellip;<\/p>\n","protected":false},"author":1,"featured_media":49627,"comment_status":"open","ping_status":"open","sticky":false,"template":"","format":"standard","meta":{"footnotes":""},"categories":[5],"tags":[],"class_list":["post-49626","post","type-post","status-publish","format-standard","has-post-thumbnail","hentry","category-altamira"],"yoast_head":"<!-- This site is optimized with the Yoast SEO plugin v27.5 - https:\/\/yoast.com\/product\/yoast-seo-wordpress\/ -->\n<title>UN JOVEN PERDI\u00d3 LA VIDA EN EL BULEVAR DE LOS R\u00cdOS EN ALTAMIRA - EL INFORMATIVO DE TAMAULIPAS<\/title>\n<meta name=\"description\" content=\"Una tarde tr\u00e1gica en Altamira la que ocurri\u00f3 tras el accidente, donde lamentablemente un joven perdi\u00f3 la vida en un tr\u00e1gico accidente sobre el bulevard de\" \/>\n<meta name=\"robots\" content=\"index, follow, max-snippet:-1, max-image-preview:large, max-video-preview:-1\" \/>\n<link rel=\"canonical\" href=\"https:\/\/elinformativotam.com\/index.php\/2024\/03\/12\/un-joven-perdio-la-vida-en-el-bulevar-de-los-rios-en-altamira\/\" \/>\n<meta property=\"og:locale\" content=\"es_MX\" \/>\n<meta property=\"og:type\" content=\"article\" \/>\n<meta property=\"og:title\" content=\"UN JOVEN PERDI\u00d3 LA VIDA EN EL BULEVAR DE LOS R\u00cdOS EN ALTAMIRA - EL INFORMATIVO DE TAMAULIPAS\" \/>\n<meta property=\"og:description\" content=\"Una tarde tr\u00e1gica en Altamira la que ocurri\u00f3 tras el accidente, donde lamentablemente un joven perdi\u00f3 la vida en un tr\u00e1gico accidente sobre el bulevard de\" \/>\n<meta property=\"og:url\" content=\"https:\/\/elinformativotam.com\/index.php\/2024\/03\/12\/un-joven-perdio-la-vida-en-el-bulevar-de-los-rios-en-altamira\/\" \/>\n<meta property=\"og:site_name\" content=\"EL INFORMATIVO DE TAMAULIPAS\" \/>\n<meta property=\"article:published_time\" content=\"2024-03-13T03:21:27+00:00\" \/>\n<meta property=\"og:image\" content=\"https:\/\/elinformativotam.com\/wp-content\/uploads\/2024\/03\/Choque.jpeg\" \/>\n\t<meta property=\"og:image:width\" content=\"1080\" \/>\n\t<meta property=\"og:image:height\" content=\"810\" \/>\n\t<meta property=\"og:image:type\" content=\"image\/jpeg\" \/>\n<meta name=\"author\" content=\"El Informativo Tam\" \/>\n<meta name=\"twitter:card\" content=\"summary_large_image\" \/>\n<meta name=\"twitter:label1\" content=\"Escrito por\" \/>\n\t<meta name=\"twitter:data1\" content=\"El Informativo Tam\" \/>\n\t<meta name=\"twitter:label2\" content=\"Tiempo de lectura\" \/>\n\t<meta name=\"twitter:data2\" content=\"2 minutos\" \/>\n<script type=\"application\/ld+json\" class=\"yoast-schema-graph\">{\"@context\":\"https:\\\/\\\/schema.org\",\"@graph\":[{\"@type\":\"Article\",\"@id\":\"https:\\\/\\\/elinformativotam.com\\\/index.php\\\/2024\\\/03\\\/12\\\/un-joven-perdio-la-vida-en-el-bulevar-de-los-rios-en-altamira\\\/#article\",\"isPartOf\":{\"@id\":\"https:\\\/\\\/elinformativotam.com\\\/index.php\\\/2024\\\/03\\\/12\\\/un-joven-perdio-la-vida-en-el-bulevar-de-los-rios-en-altamira\\\/\"},\"author\":{\"name\":\"El Informativo Tam\",\"@id\":\"https:\\\/\\\/elinformativotam.com\\\/#\\\/schema\\\/person\\\/78e08040eed0f6110f0c5f83b6153590\"},\"headline\":\"UN JOVEN PERDI\u00d3 LA VIDA EN EL BULEVAR DE LOS R\u00cdOS EN ALTAMIRA\",\"datePublished\":\"2024-03-13T03:21:27+00:00\",\"mainEntityOfPage\":{\"@id\":\"https:\\\/\\\/elinformativotam.com\\\/index.php\\\/2024\\\/03\\\/12\\\/un-joven-perdio-la-vida-en-el-bulevar-de-los-rios-en-altamira\\\/\"},\"wordCount\":205,\"commentCount\":0,\"publisher\":{\"@id\":\"https:\\\/\\\/elinformativotam.com\\\/#organization\"},\"image\":{\"@id\":\"https:\\\/\\\/elinformativotam.com\\\/index.php\\\/2024\\\/03\\\/12\\\/un-joven-perdio-la-vida-en-el-bulevar-de-los-rios-en-altamira\\\/#primaryimage\"},\"thumbnailUrl\":\"https:\\\/\\\/elinformativotam.com\\\/wp-content\\\/uploads\\\/2024\\\/03\\\/Choque.jpeg\",\"articleSection\":[\"Altamira\"],\"inLanguage\":\"es\",\"potentialAction\":[{\"@type\":\"CommentAction\",\"name\":\"Comment\",\"target\":[\"https:\\\/\\\/elinformativotam.com\\\/index.php\\\/2024\\\/03\\\/12\\\/un-joven-perdio-la-vida-en-el-bulevar-de-los-rios-en-altamira\\\/#respond\"]}]},{\"@type\":\"WebPage\",\"@id\":\"https:\\\/\\\/elinformativotam.com\\\/index.php\\\/2024\\\/03\\\/12\\\/un-joven-perdio-la-vida-en-el-bulevar-de-los-rios-en-altamira\\\/\",\"url\":\"https:\\\/\\\/elinformativotam.com\\\/index.php\\\/2024\\\/03\\\/12\\\/un-joven-perdio-la-vida-en-el-bulevar-de-los-rios-en-altamira\\\/\",\"name\":\"UN JOVEN PERDI\u00d3 LA VIDA EN EL BULEVAR DE LOS R\u00cdOS EN ALTAMIRA - EL INFORMATIVO DE TAMAULIPAS\",\"isPartOf\":{\"@id\":\"https:\\\/\\\/elinformativotam.com\\\/#website\"},\"primaryImageOfPage\":{\"@id\":\"https:\\\/\\\/elinformativotam.com\\\/index.php\\\/2024\\\/03\\\/12\\\/un-joven-perdio-la-vida-en-el-bulevar-de-los-rios-en-altamira\\\/#primaryimage\"},\"image\":{\"@id\":\"https:\\\/\\\/elinformativotam.com\\\/index.php\\\/2024\\\/03\\\/12\\\/un-joven-perdio-la-vida-en-el-bulevar-de-los-rios-en-altamira\\\/#primaryimage\"},\"thumbnailUrl\":\"https:\\\/\\\/elinformativotam.com\\\/wp-content\\\/uploads\\\/2024\\\/03\\\/Choque.jpeg\",\"datePublished\":\"2024-03-13T03:21:27+00:00\",\"description\":\"Una tarde tr\u00e1gica en Altamira la que ocurri\u00f3 tras el accidente, donde lamentablemente un joven perdi\u00f3 la vida en un tr\u00e1gico accidente sobre el bulevard de\",\"inLanguage\":\"es\",\"potentialAction\":[{\"@type\":\"ReadAction\",\"target\":[\"https:\\\/\\\/elinformativotam.com\\\/index.php\\\/2024\\\/03\\\/12\\\/un-joven-perdio-la-vida-en-el-bulevar-de-los-rios-en-altamira\\\/\"]}]},{\"@type\":\"ImageObject\",\"inLanguage\":\"es\",\"@id\":\"https:\\\/\\\/elinformativotam.com\\\/index.php\\\/2024\\\/03\\\/12\\\/un-joven-perdio-la-vida-en-el-bulevar-de-los-rios-en-altamira\\\/#primaryimage\",\"url\":\"https:\\\/\\\/elinformativotam.com\\\/wp-content\\\/uploads\\\/2024\\\/03\\\/Choque.jpeg\",\"contentUrl\":\"https:\\\/\\\/elinformativotam.com\\\/wp-content\\\/uploads\\\/2024\\\/03\\\/Choque.jpeg\",\"width\":1080,\"height\":810},{\"@type\":\"WebSite\",\"@id\":\"https:\\\/\\\/elinformativotam.com\\\/#website\",\"url\":\"https:\\\/\\\/elinformativotam.com\\\/\",\"name\":\"EL INFORMATIVO DE TAMAULIPAS\",\"description\":\"Desde la Zona Metropolitana Para Todo M\u00e9xico\",\"publisher\":{\"@id\":\"https:\\\/\\\/elinformativotam.com\\\/#organization\"},\"potentialAction\":[{\"@type\":\"SearchAction\",\"target\":{\"@type\":\"EntryPoint\",\"urlTemplate\":\"https:\\\/\\\/elinformativotam.com\\\/?s={search_term_string}\"},\"query-input\":{\"@type\":\"PropertyValueSpecification\",\"valueRequired\":true,\"valueName\":\"search_term_string\"}}],\"inLanguage\":\"es\"},{\"@type\":\"Organization\",\"@id\":\"https:\\\/\\\/elinformativotam.com\\\/#organization\",\"name\":\"EL INFORMATIVO DE TAMAULIPAS\",\"url\":\"https:\\\/\\\/elinformativotam.com\\\/\",\"logo\":{\"@type\":\"ImageObject\",\"inLanguage\":\"es\",\"@id\":\"https:\\\/\\\/elinformativotam.com\\\/#\\\/schema\\\/logo\\\/image\\\/\",\"url\":\"https:\\\/\\\/elinformativotam.com\\\/wp-content\\\/uploads\\\/2026\\\/02\\\/Cabezal.png\",\"contentUrl\":\"https:\\\/\\\/elinformativotam.com\\\/wp-content\\\/uploads\\\/2026\\\/02\\\/Cabezal.png\",\"width\":960,\"height\":640,\"caption\":\"EL INFORMATIVO DE TAMAULIPAS\"},\"image\":{\"@id\":\"https:\\\/\\\/elinformativotam.com\\\/#\\\/schema\\\/logo\\\/image\\\/\"}},{\"@type\":\"Person\",\"@id\":\"https:\\\/\\\/elinformativotam.com\\\/#\\\/schema\\\/person\\\/78e08040eed0f6110f0c5f83b6153590\",\"name\":\"El Informativo Tam\",\"image\":{\"@type\":\"ImageObject\",\"inLanguage\":\"es\",\"@id\":\"https:\\\/\\\/secure.gravatar.com\\\/avatar\\\/f3b7ad3af540688955925ac610647be00b0cf41feea9c4978b73a707ee86bc53?s=96&d=mm&r=g\",\"url\":\"https:\\\/\\\/secure.gravatar.com\\\/avatar\\\/f3b7ad3af540688955925ac610647be00b0cf41feea9c4978b73a707ee86bc53?s=96&d=mm&r=g\",\"contentUrl\":\"https:\\\/\\\/secure.gravatar.com\\\/avatar\\\/f3b7ad3af540688955925ac610647be00b0cf41feea9c4978b73a707ee86bc53?s=96&d=mm&r=g\",\"caption\":\"El Informativo Tam\"}}]}<\/script>\n<!-- \/ Yoast SEO plugin. -->","yoast_head_json":{"title":"UN JOVEN PERDI\u00d3 LA VIDA EN EL BULEVAR DE LOS R\u00cdOS EN ALTAMIRA - EL INFORMATIVO DE TAMAULIPAS","description":"Una tarde tr\u00e1gica en Altamira la que ocurri\u00f3 tras el accidente, donde lamentablemente un joven perdi\u00f3 la vida en un tr\u00e1gico accidente sobre el bulevard de","robots":{"index":"index","follow":"follow","max-snippet":"max-snippet:-1","max-image-preview":"max-image-preview:large","max-video-preview":"max-video-preview:-1"},"canonical":"https:\/\/elinformativotam.com\/index.php\/2024\/03\/12\/un-joven-perdio-la-vida-en-el-bulevar-de-los-rios-en-altamira\/","og_locale":"es_MX","og_type":"article","og_title":"UN JOVEN PERDI\u00d3 LA VIDA EN EL BULEVAR DE LOS R\u00cdOS EN ALTAMIRA - EL INFORMATIVO DE TAMAULIPAS","og_description":"Una tarde tr\u00e1gica en Altamira la que ocurri\u00f3 tras el accidente, donde lamentablemente un joven perdi\u00f3 la vida en un tr\u00e1gico accidente sobre el bulevard de","og_url":"https:\/\/elinformativotam.com\/index.php\/2024\/03\/12\/un-joven-perdio-la-vida-en-el-bulevar-de-los-rios-en-altamira\/","og_site_name":"EL INFORMATIVO DE TAMAULIPAS","article_published_time":"2024-03-13T03:21:27+00:00","og_image":[{"width":1080,"height":810,"url":"https:\/\/elinformativotam.com\/wp-content\/uploads\/2024\/03\/Choque.jpeg","type":"image\/jpeg"}],"author":"El Informativo Tam","twitter_card":"summary_large_image","twitter_misc":{"Escrito por":"El Informativo Tam","Tiempo de lectura":"2 minutos"},"schema":{"@context":"https:\/\/schema.org","@graph":[{"@type":"Article","@id":"https:\/\/elinformativotam.com\/index.php\/2024\/03\/12\/un-joven-perdio-la-vida-en-el-bulevar-de-los-rios-en-altamira\/#article","isPartOf":{"@id":"https:\/\/elinformativotam.com\/index.php\/2024\/03\/12\/un-joven-perdio-la-vida-en-el-bulevar-de-los-rios-en-altamira\/"},"author":{"name":"El Informativo Tam","@id":"https:\/\/elinformativotam.com\/#\/schema\/person\/78e08040eed0f6110f0c5f83b6153590"},"headline":"UN JOVEN PERDI\u00d3 LA VIDA EN EL BULEVAR DE LOS R\u00cdOS EN ALTAMIRA","datePublished":"2024-03-13T03:21:27+00:00","mainEntityOfPage":{"@id":"https:\/\/elinformativotam.com\/index.php\/2024\/03\/12\/un-joven-perdio-la-vida-en-el-bulevar-de-los-rios-en-altamira\/"},"wordCount":205,"commentCount":0,"publisher":{"@id":"https:\/\/elinformativotam.com\/#organization"},"image":{"@id":"https:\/\/elinformativotam.com\/index.php\/2024\/03\/12\/un-joven-perdio-la-vida-en-el-bulevar-de-los-rios-en-altamira\/#primaryimage"},"thumbnailUrl":"https:\/\/elinformativotam.com\/wp-content\/uploads\/2024\/03\/Choque.jpeg","articleSection":["Altamira"],"inLanguage":"es","potentialAction":[{"@type":"CommentAction","name":"Comment","target":["https:\/\/elinformativotam.com\/index.php\/2024\/03\/12\/un-joven-perdio-la-vida-en-el-bulevar-de-los-rios-en-altamira\/#respond"]}]},{"@type":"WebPage","@id":"https:\/\/elinformativotam.com\/index.php\/2024\/03\/12\/un-joven-perdio-la-vida-en-el-bulevar-de-los-rios-en-altamira\/","url":"https:\/\/elinformativotam.com\/index.php\/2024\/03\/12\/un-joven-perdio-la-vida-en-el-bulevar-de-los-rios-en-altamira\/","name":"UN JOVEN PERDI\u00d3 LA VIDA EN EL BULEVAR DE LOS R\u00cdOS EN ALTAMIRA - EL INFORMATIVO DE TAMAULIPAS","isPartOf":{"@id":"https:\/\/elinformativotam.com\/#website"},"primaryImageOfPage":{"@id":"https:\/\/elinformativotam.com\/index.php\/2024\/03\/12\/un-joven-perdio-la-vida-en-el-bulevar-de-los-rios-en-altamira\/#primaryimage"},"image":{"@id":"https:\/\/elinformativotam.com\/index.php\/2024\/03\/12\/un-joven-perdio-la-vida-en-el-bulevar-de-los-rios-en-altamira\/#primaryimage"},"thumbnailUrl":"https:\/\/elinformativotam.com\/wp-content\/uploads\/2024\/03\/Choque.jpeg","datePublished":"2024-03-13T03:21:27+00:00","description":"Una tarde tr\u00e1gica en Altamira la que ocurri\u00f3 tras el accidente, donde lamentablemente un joven perdi\u00f3 la vida en un tr\u00e1gico accidente sobre el bulevard de","inLanguage":"es","potentialAction":[{"@type":"ReadAction","target":["https:\/\/elinformativotam.com\/index.php\/2024\/03\/12\/un-joven-perdio-la-vida-en-el-bulevar-de-los-rios-en-altamira\/"]}]},{"@type":"ImageObject","inLanguage":"es","@id":"https:\/\/elinformativotam.com\/index.php\/2024\/03\/12\/un-joven-perdio-la-vida-en-el-bulevar-de-los-rios-en-altamira\/#primaryimage","url":"https:\/\/elinformativotam.com\/wp-content\/uploads\/2024\/03\/Choque.jpeg","contentUrl":"https:\/\/elinformativotam.com\/wp-content\/uploads\/2024\/03\/Choque.jpeg","width":1080,"height":810},{"@type":"WebSite","@id":"https:\/\/elinformativotam.com\/#website","url":"https:\/\/elinformativotam.com\/","name":"EL INFORMATIVO DE TAMAULIPAS","description":"Desde la Zona Metropolitana Para Todo M\u00e9xico","publisher":{"@id":"https:\/\/elinformativotam.com\/#organization"},"potentialAction":[{"@type":"SearchAction","target":{"@type":"EntryPoint","urlTemplate":"https:\/\/elinformativotam.com\/?s={search_term_string}"},"query-input":{"@type":"PropertyValueSpecification","valueRequired":true,"valueName":"search_term_string"}}],"inLanguage":"es"},{"@type":"Organization","@id":"https:\/\/elinformativotam.com\/#organization","name":"EL INFORMATIVO DE TAMAULIPAS","url":"https:\/\/elinformativotam.com\/","logo":{"@type":"ImageObject","inLanguage":"es","@id":"https:\/\/elinformativotam.com\/#\/schema\/logo\/image\/","url":"https:\/\/elinformativotam.com\/wp-content\/uploads\/2026\/02\/Cabezal.png","contentUrl":"https:\/\/elinformativotam.com\/wp-content\/uploads\/2026\/02\/Cabezal.png","width":960,"height":640,"caption":"EL INFORMATIVO DE TAMAULIPAS"},"image":{"@id":"https:\/\/elinformativotam.com\/#\/schema\/logo\/image\/"}},{"@type":"Person","@id":"https:\/\/elinformativotam.com\/#\/schema\/person\/78e08040eed0f6110f0c5f83b6153590","name":"El Informativo Tam","image":{"@type":"ImageObject","inLanguage":"es","@id":"https:\/\/secure.gravatar.com\/avatar\/f3b7ad3af540688955925ac610647be00b0cf41feea9c4978b73a707ee86bc53?s=96&d=mm&r=g","url":"https:\/\/secure.gravatar.com\/avatar\/f3b7ad3af540688955925ac610647be00b0cf41feea9c4978b73a707ee86bc53?s=96&d=mm&r=g","contentUrl":"https:\/\/secure.gravatar.com\/avatar\/f3b7ad3af540688955925ac610647be00b0cf41feea9c4978b73a707ee86bc53?s=96&d=mm&r=g","caption":"El Informativo Tam"}}]}},"_links":{"self":[{"href":"https:\/\/elinformativotam.com\/index.php\/wp-json\/wp\/v2\/posts\/49626","targetHints":{"allow":["GET"]}}],"collection":[{"href":"https:\/\/elinformativotam.com\/index.php\/wp-json\/wp\/v2\/posts"}],"about":[{"href":"https:\/\/elinformativotam.com\/index.php\/wp-json\/wp\/v2\/types\/post"}],"author":[{"embeddable":true,"href":"https:\/\/elinformativotam.com\/index.php\/wp-json\/wp\/v2\/users\/1"}],"replies":[{"embeddable":true,"href":"https:\/\/elinformativotam.com\/index.php\/wp-json\/wp\/v2\/comments?post=49626"}],"version-history":[{"count":1,"href":"https:\/\/elinformativotam.com\/index.php\/wp-json\/wp\/v2\/posts\/49626\/revisions"}],"predecessor-version":[{"id":49629,"href":"https:\/\/elinformativotam.com\/index.php\/wp-json\/wp\/v2\/posts\/49626\/revisions\/49629"}],"wp:featuredmedia":[{"embeddable":true,"href":"https:\/\/elinformativotam.com\/index.php\/wp-json\/wp\/v2\/media\/49627"}],"wp:attachment":[{"href":"https:\/\/elinformativotam.com\/index.php\/wp-json\/wp\/v2\/media?parent=49626"}],"wp:term":[{"taxonomy":"category","embeddable":true,"href":"https:\/\/elinformativotam.com\/index.php\/wp-json\/wp\/v2\/categories?post=49626"},{"taxonomy":"post_tag","embeddable":true,"href":"https:\/\/elinformativotam.com\/index.php\/wp-json\/wp\/v2\/tags?post=49626"}],"curies":[{"name":"wp","href":"https:\/\/api.w.org\/{rel}","templated":true}]}}