{"id":49621,"date":"2024-03-12T21:11:57","date_gmt":"2024-03-13T03:11:57","guid":{"rendered":"https:\/\/elinformativotam.com\/?p=49621"},"modified":"2024-03-12T21:11:57","modified_gmt":"2024-03-13T03:11:57","slug":"arranca-mesa-ciudadana-del-agua-con-campana-de-ahorro-en-el-sur","status":"publish","type":"post","link":"https:\/\/elinformativotam.com\/index.php\/2024\/03\/12\/arranca-mesa-ciudadana-del-agua-con-campana-de-ahorro-en-el-sur\/","title":{"rendered":"ARRANCA MESA CIUDADANA DEL AGUA CON CAMPA\u00d1A DE AHORRO EN EL SUR"},"content":{"rendered":"<h2 style=\"text-align: center;\"><em><span style=\"font-family: 'times new roman', times;\">*Empresarios, Instituciones Educativas Y Dependencias De Gobierno Se Unen Para Evitar Que La Regi\u00f3n Se Quede Sin El Vital L\u00edquido<\/span><\/em><\/h2>\n<p>&nbsp;<\/p>\n<p>&nbsp;<\/p>\n<p>Con el firme objetivo de asegurar la autonom\u00eda h\u00eddrica para los pr\u00f3ximos 100 a\u00f1os en la regi\u00f3n sur, la iniciativa privada, instituciones educativas de nivel superior p\u00fablicas y privadas, adem\u00e1s de las dependencias de gobierno federal y estatal, arrancaron la campa\u00f1a de ahorro del agua que b\u00e1sicamente consiste en el manejo de 7 v\u00eddeos y entrevistas en redes sociales por semana y una campa\u00f1a masiva de pegatinas en todos los estratos de la sociedad.<\/p>\n<p>&nbsp;<\/p>\n<p>Luis Apertti Llovet, Presidente de Aistac, y miembro de la comisi\u00f3n del vital l\u00edquido del CIEST, se\u00f1al\u00f3 que la mesa ciudadana del agua est\u00e1 lanzando dicha campa\u00f1a para permear, primeramente, en el sector empresarial y comercial y de ah\u00ed bajar a la poblaci\u00f3n en general en su adecuado uso.<\/p>\n<p>&nbsp;<\/p>\n<p>Explic\u00f3 que la regi\u00f3n soporta un abandono de m\u00e1s de 20 a\u00f1os en el tema, pues nada m\u00e1s llueve &#8220;y nos quejamos y no preocupamos&#8230;pero nada m\u00e1s llueve y se nos olvida, y ya no podemos estar en esa condici\u00f3n&#8221;, resalt\u00f3<\/p>\n<p>&nbsp;<\/p>\n<p>Explic\u00f3 que hoy martes arranc\u00f3 la campa\u00f1a con un v\u00eddeo explicativo y de conciencia en el buen uso del agua, acompa\u00f1ado de una entrevista, pues esto se har\u00e1 por semana, adem\u00e1s de una campa\u00f1a masiva de pega de calcas y pegatinas.<\/p>\n<p>&nbsp;<\/p>\n<p>Remarc\u00f3 que adem\u00e1s la mesa ciudadana del agua ya cobr\u00f3 un papel relevante desde hace unas semanas, luego de que los niveles del sistema lagunario se encuentran en situaci\u00f3n cr\u00edtica, pues al d\u00eda de hoy marca 20 cent\u00edmetros, cuando en a\u00f1os anteriores y en estas mismas fechas el nivel debe marcar metro y medio.<\/p>\n<p>&nbsp;<\/p>\n<p>Apertti, dej\u00f3 en claro que la intromisi\u00f3n del agua salobre en el sistema lagunario ya no debe pasar, eso por ello que las acciones integrales hechas en la reparaci\u00f3n de diques y escotaduras aguas arriba y la campa\u00f1a de ahorro, habr\u00e1n de ir asegurando la autonom\u00eda h\u00eddrica de la regi\u00f3n para los pr\u00f3ximos 100 a\u00f1os.<\/p>\n<p>&nbsp;<\/p>\n<p>Adem\u00e1s, el integrante de la comisi\u00f3n, record\u00f3 que con la construcci\u00f3n de 12 plantas tratadoras de aguas residuales se tendr\u00eda un respiro importante en el uso del vital l\u00edquido, ya que gran parte de esa agua tratada ir\u00eda a parar a la industria y el campo, donde se utiliza el 70% del agua que hay en los r\u00edos Guayalejo y Tames\u00ed.<\/p>\n<p>&nbsp;<\/p>\n<p>En el anuncio del arranque de la campa\u00f1a de concientizaci\u00f3n estuvieron representantes de la industria, de instituciones educativas privadas y p\u00fablicas, de Comapa Sur, as\u00ed como de Coparmex y del CIEST.<\/p>\n","protected":false},"excerpt":{"rendered":"<p>*Empresarios, Instituciones Educativas Y Dependencias De Gobierno Se Unen Para Evitar Que La Regi\u00f3n Se Quede Sin El Vital L\u00edquido&hellip;<\/p>\n","protected":false},"author":1,"featured_media":49617,"comment_status":"open","ping_status":"open","sticky":false,"template":"","format":"standard","meta":{"footnotes":""},"categories":[3],"tags":[],"class_list":["post-49621","post","type-post","status-publish","format-standard","has-post-thumbnail","hentry","category-tampico"],"yoast_head":"<!-- This site is optimized with the Yoast SEO plugin v27.5 - https:\/\/yoast.com\/product\/yoast-seo-wordpress\/ -->\n<title>ARRANCA MESA CIUDADANA DEL AGUA CON CAMPA\u00d1A DE AHORRO EN EL SUR - EL INFORMATIVO DE TAMAULIPAS<\/title>\n<meta name=\"description\" content=\"*Empresarios, Instituciones Educativas Y Dependencias De Gobierno Se Unen Para Evitar Que La Regi\u00f3n Se Quede Sin El Vital L\u00edquido &nbsp; &nbsp; Con el\" \/>\n<meta name=\"robots\" content=\"index, follow, max-snippet:-1, max-image-preview:large, max-video-preview:-1\" \/>\n<link rel=\"canonical\" href=\"https:\/\/elinformativotam.com\/index.php\/2024\/03\/12\/arranca-mesa-ciudadana-del-agua-con-campana-de-ahorro-en-el-sur\/\" \/>\n<meta property=\"og:locale\" content=\"es_MX\" \/>\n<meta property=\"og:type\" content=\"article\" \/>\n<meta property=\"og:title\" content=\"ARRANCA MESA CIUDADANA DEL AGUA CON CAMPA\u00d1A DE AHORRO EN EL SUR - EL INFORMATIVO DE TAMAULIPAS\" \/>\n<meta property=\"og:description\" content=\"*Empresarios, Instituciones Educativas Y Dependencias De Gobierno Se Unen Para Evitar Que La Regi\u00f3n Se Quede Sin El Vital L\u00edquido &nbsp; &nbsp; Con el\" \/>\n<meta property=\"og:url\" content=\"https:\/\/elinformativotam.com\/index.php\/2024\/03\/12\/arranca-mesa-ciudadana-del-agua-con-campana-de-ahorro-en-el-sur\/\" \/>\n<meta property=\"og:site_name\" content=\"EL INFORMATIVO DE TAMAULIPAS\" \/>\n<meta property=\"article:published_time\" content=\"2024-03-13T03:11:57+00:00\" \/>\n<meta property=\"og:image\" content=\"https:\/\/elinformativotam.com\/wp-content\/uploads\/2024\/03\/CIEST.jpeg\" \/>\n\t<meta property=\"og:image:width\" content=\"1600\" \/>\n\t<meta property=\"og:image:height\" content=\"1204\" \/>\n\t<meta property=\"og:image:type\" content=\"image\/jpeg\" \/>\n<meta name=\"author\" content=\"El Informativo Tam\" \/>\n<meta name=\"twitter:card\" content=\"summary_large_image\" \/>\n<meta name=\"twitter:label1\" content=\"Escrito por\" \/>\n\t<meta name=\"twitter:data1\" content=\"El Informativo Tam\" \/>\n\t<meta name=\"twitter:label2\" content=\"Tiempo de lectura\" \/>\n\t<meta name=\"twitter:data2\" content=\"3 minutos\" \/>\n<script type=\"application\/ld+json\" class=\"yoast-schema-graph\">{\"@context\":\"https:\\\/\\\/schema.org\",\"@graph\":[{\"@type\":\"Article\",\"@id\":\"https:\\\/\\\/elinformativotam.com\\\/index.php\\\/2024\\\/03\\\/12\\\/arranca-mesa-ciudadana-del-agua-con-campana-de-ahorro-en-el-sur\\\/#article\",\"isPartOf\":{\"@id\":\"https:\\\/\\\/elinformativotam.com\\\/index.php\\\/2024\\\/03\\\/12\\\/arranca-mesa-ciudadana-del-agua-con-campana-de-ahorro-en-el-sur\\\/\"},\"author\":{\"name\":\"El Informativo Tam\",\"@id\":\"https:\\\/\\\/elinformativotam.com\\\/#\\\/schema\\\/person\\\/78e08040eed0f6110f0c5f83b6153590\"},\"headline\":\"ARRANCA MESA CIUDADANA DEL AGUA CON CAMPA\u00d1A DE AHORRO EN EL SUR\",\"datePublished\":\"2024-03-13T03:11:57+00:00\",\"mainEntityOfPage\":{\"@id\":\"https:\\\/\\\/elinformativotam.com\\\/index.php\\\/2024\\\/03\\\/12\\\/arranca-mesa-ciudadana-del-agua-con-campana-de-ahorro-en-el-sur\\\/\"},\"wordCount\":496,\"commentCount\":0,\"publisher\":{\"@id\":\"https:\\\/\\\/elinformativotam.com\\\/#organization\"},\"image\":{\"@id\":\"https:\\\/\\\/elinformativotam.com\\\/index.php\\\/2024\\\/03\\\/12\\\/arranca-mesa-ciudadana-del-agua-con-campana-de-ahorro-en-el-sur\\\/#primaryimage\"},\"thumbnailUrl\":\"https:\\\/\\\/elinformativotam.com\\\/wp-content\\\/uploads\\\/2024\\\/03\\\/CIEST.jpeg\",\"articleSection\":[\"Tampico\"],\"inLanguage\":\"es\",\"potentialAction\":[{\"@type\":\"CommentAction\",\"name\":\"Comment\",\"target\":[\"https:\\\/\\\/elinformativotam.com\\\/index.php\\\/2024\\\/03\\\/12\\\/arranca-mesa-ciudadana-del-agua-con-campana-de-ahorro-en-el-sur\\\/#respond\"]}]},{\"@type\":\"WebPage\",\"@id\":\"https:\\\/\\\/elinformativotam.com\\\/index.php\\\/2024\\\/03\\\/12\\\/arranca-mesa-ciudadana-del-agua-con-campana-de-ahorro-en-el-sur\\\/\",\"url\":\"https:\\\/\\\/elinformativotam.com\\\/index.php\\\/2024\\\/03\\\/12\\\/arranca-mesa-ciudadana-del-agua-con-campana-de-ahorro-en-el-sur\\\/\",\"name\":\"ARRANCA MESA CIUDADANA DEL AGUA CON CAMPA\u00d1A DE AHORRO EN EL SUR - EL INFORMATIVO DE TAMAULIPAS\",\"isPartOf\":{\"@id\":\"https:\\\/\\\/elinformativotam.com\\\/#website\"},\"primaryImageOfPage\":{\"@id\":\"https:\\\/\\\/elinformativotam.com\\\/index.php\\\/2024\\\/03\\\/12\\\/arranca-mesa-ciudadana-del-agua-con-campana-de-ahorro-en-el-sur\\\/#primaryimage\"},\"image\":{\"@id\":\"https:\\\/\\\/elinformativotam.com\\\/index.php\\\/2024\\\/03\\\/12\\\/arranca-mesa-ciudadana-del-agua-con-campana-de-ahorro-en-el-sur\\\/#primaryimage\"},\"thumbnailUrl\":\"https:\\\/\\\/elinformativotam.com\\\/wp-content\\\/uploads\\\/2024\\\/03\\\/CIEST.jpeg\",\"datePublished\":\"2024-03-13T03:11:57+00:00\",\"description\":\"*Empresarios, Instituciones Educativas Y Dependencias De Gobierno Se Unen Para Evitar Que La Regi\u00f3n Se Quede Sin El Vital L\u00edquido &nbsp; &nbsp; Con el\",\"inLanguage\":\"es\",\"potentialAction\":[{\"@type\":\"ReadAction\",\"target\":[\"https:\\\/\\\/elinformativotam.com\\\/index.php\\\/2024\\\/03\\\/12\\\/arranca-mesa-ciudadana-del-agua-con-campana-de-ahorro-en-el-sur\\\/\"]}]},{\"@type\":\"ImageObject\",\"inLanguage\":\"es\",\"@id\":\"https:\\\/\\\/elinformativotam.com\\\/index.php\\\/2024\\\/03\\\/12\\\/arranca-mesa-ciudadana-del-agua-con-campana-de-ahorro-en-el-sur\\\/#primaryimage\",\"url\":\"https:\\\/\\\/elinformativotam.com\\\/wp-content\\\/uploads\\\/2024\\\/03\\\/CIEST.jpeg\",\"contentUrl\":\"https:\\\/\\\/elinformativotam.com\\\/wp-content\\\/uploads\\\/2024\\\/03\\\/CIEST.jpeg\",\"width\":1600,\"height\":1204},{\"@type\":\"WebSite\",\"@id\":\"https:\\\/\\\/elinformativotam.com\\\/#website\",\"url\":\"https:\\\/\\\/elinformativotam.com\\\/\",\"name\":\"EL INFORMATIVO DE TAMAULIPAS\",\"description\":\"Desde la Zona Metropolitana Para Todo M\u00e9xico\",\"publisher\":{\"@id\":\"https:\\\/\\\/elinformativotam.com\\\/#organization\"},\"potentialAction\":[{\"@type\":\"SearchAction\",\"target\":{\"@type\":\"EntryPoint\",\"urlTemplate\":\"https:\\\/\\\/elinformativotam.com\\\/?s={search_term_string}\"},\"query-input\":{\"@type\":\"PropertyValueSpecification\",\"valueRequired\":true,\"valueName\":\"search_term_string\"}}],\"inLanguage\":\"es\"},{\"@type\":\"Organization\",\"@id\":\"https:\\\/\\\/elinformativotam.com\\\/#organization\",\"name\":\"EL INFORMATIVO DE TAMAULIPAS\",\"url\":\"https:\\\/\\\/elinformativotam.com\\\/\",\"logo\":{\"@type\":\"ImageObject\",\"inLanguage\":\"es\",\"@id\":\"https:\\\/\\\/elinformativotam.com\\\/#\\\/schema\\\/logo\\\/image\\\/\",\"url\":\"https:\\\/\\\/elinformativotam.com\\\/wp-content\\\/uploads\\\/2026\\\/02\\\/Cabezal.png\",\"contentUrl\":\"https:\\\/\\\/elinformativotam.com\\\/wp-content\\\/uploads\\\/2026\\\/02\\\/Cabezal.png\",\"width\":960,\"height\":640,\"caption\":\"EL INFORMATIVO DE TAMAULIPAS\"},\"image\":{\"@id\":\"https:\\\/\\\/elinformativotam.com\\\/#\\\/schema\\\/logo\\\/image\\\/\"}},{\"@type\":\"Person\",\"@id\":\"https:\\\/\\\/elinformativotam.com\\\/#\\\/schema\\\/person\\\/78e08040eed0f6110f0c5f83b6153590\",\"name\":\"El Informativo Tam\",\"image\":{\"@type\":\"ImageObject\",\"inLanguage\":\"es\",\"@id\":\"https:\\\/\\\/secure.gravatar.com\\\/avatar\\\/f3b7ad3af540688955925ac610647be00b0cf41feea9c4978b73a707ee86bc53?s=96&d=mm&r=g\",\"url\":\"https:\\\/\\\/secure.gravatar.com\\\/avatar\\\/f3b7ad3af540688955925ac610647be00b0cf41feea9c4978b73a707ee86bc53?s=96&d=mm&r=g\",\"contentUrl\":\"https:\\\/\\\/secure.gravatar.com\\\/avatar\\\/f3b7ad3af540688955925ac610647be00b0cf41feea9c4978b73a707ee86bc53?s=96&d=mm&r=g\",\"caption\":\"El Informativo Tam\"}}]}<\/script>\n<!-- \/ Yoast SEO plugin. -->","yoast_head_json":{"title":"ARRANCA MESA CIUDADANA DEL AGUA CON CAMPA\u00d1A DE AHORRO EN EL SUR - EL INFORMATIVO DE TAMAULIPAS","description":"*Empresarios, Instituciones Educativas Y Dependencias De Gobierno Se Unen Para Evitar Que La Regi\u00f3n Se Quede Sin El Vital L\u00edquido &nbsp; &nbsp; Con el","robots":{"index":"index","follow":"follow","max-snippet":"max-snippet:-1","max-image-preview":"max-image-preview:large","max-video-preview":"max-video-preview:-1"},"canonical":"https:\/\/elinformativotam.com\/index.php\/2024\/03\/12\/arranca-mesa-ciudadana-del-agua-con-campana-de-ahorro-en-el-sur\/","og_locale":"es_MX","og_type":"article","og_title":"ARRANCA MESA CIUDADANA DEL AGUA CON CAMPA\u00d1A DE AHORRO EN EL SUR - EL INFORMATIVO DE TAMAULIPAS","og_description":"*Empresarios, Instituciones Educativas Y Dependencias De Gobierno Se Unen Para Evitar Que La Regi\u00f3n Se Quede Sin El Vital L\u00edquido &nbsp; &nbsp; Con el","og_url":"https:\/\/elinformativotam.com\/index.php\/2024\/03\/12\/arranca-mesa-ciudadana-del-agua-con-campana-de-ahorro-en-el-sur\/","og_site_name":"EL INFORMATIVO DE TAMAULIPAS","article_published_time":"2024-03-13T03:11:57+00:00","og_image":[{"width":1600,"height":1204,"url":"https:\/\/elinformativotam.com\/wp-content\/uploads\/2024\/03\/CIEST.jpeg","type":"image\/jpeg"}],"author":"El Informativo Tam","twitter_card":"summary_large_image","twitter_misc":{"Escrito por":"El Informativo Tam","Tiempo de lectura":"3 minutos"},"schema":{"@context":"https:\/\/schema.org","@graph":[{"@type":"Article","@id":"https:\/\/elinformativotam.com\/index.php\/2024\/03\/12\/arranca-mesa-ciudadana-del-agua-con-campana-de-ahorro-en-el-sur\/#article","isPartOf":{"@id":"https:\/\/elinformativotam.com\/index.php\/2024\/03\/12\/arranca-mesa-ciudadana-del-agua-con-campana-de-ahorro-en-el-sur\/"},"author":{"name":"El Informativo Tam","@id":"https:\/\/elinformativotam.com\/#\/schema\/person\/78e08040eed0f6110f0c5f83b6153590"},"headline":"ARRANCA MESA CIUDADANA DEL AGUA CON CAMPA\u00d1A DE AHORRO EN EL SUR","datePublished":"2024-03-13T03:11:57+00:00","mainEntityOfPage":{"@id":"https:\/\/elinformativotam.com\/index.php\/2024\/03\/12\/arranca-mesa-ciudadana-del-agua-con-campana-de-ahorro-en-el-sur\/"},"wordCount":496,"commentCount":0,"publisher":{"@id":"https:\/\/elinformativotam.com\/#organization"},"image":{"@id":"https:\/\/elinformativotam.com\/index.php\/2024\/03\/12\/arranca-mesa-ciudadana-del-agua-con-campana-de-ahorro-en-el-sur\/#primaryimage"},"thumbnailUrl":"https:\/\/elinformativotam.com\/wp-content\/uploads\/2024\/03\/CIEST.jpeg","articleSection":["Tampico"],"inLanguage":"es","potentialAction":[{"@type":"CommentAction","name":"Comment","target":["https:\/\/elinformativotam.com\/index.php\/2024\/03\/12\/arranca-mesa-ciudadana-del-agua-con-campana-de-ahorro-en-el-sur\/#respond"]}]},{"@type":"WebPage","@id":"https:\/\/elinformativotam.com\/index.php\/2024\/03\/12\/arranca-mesa-ciudadana-del-agua-con-campana-de-ahorro-en-el-sur\/","url":"https:\/\/elinformativotam.com\/index.php\/2024\/03\/12\/arranca-mesa-ciudadana-del-agua-con-campana-de-ahorro-en-el-sur\/","name":"ARRANCA MESA CIUDADANA DEL AGUA CON CAMPA\u00d1A DE AHORRO EN EL SUR - EL INFORMATIVO DE TAMAULIPAS","isPartOf":{"@id":"https:\/\/elinformativotam.com\/#website"},"primaryImageOfPage":{"@id":"https:\/\/elinformativotam.com\/index.php\/2024\/03\/12\/arranca-mesa-ciudadana-del-agua-con-campana-de-ahorro-en-el-sur\/#primaryimage"},"image":{"@id":"https:\/\/elinformativotam.com\/index.php\/2024\/03\/12\/arranca-mesa-ciudadana-del-agua-con-campana-de-ahorro-en-el-sur\/#primaryimage"},"thumbnailUrl":"https:\/\/elinformativotam.com\/wp-content\/uploads\/2024\/03\/CIEST.jpeg","datePublished":"2024-03-13T03:11:57+00:00","description":"*Empresarios, Instituciones Educativas Y Dependencias De Gobierno Se Unen Para Evitar Que La Regi\u00f3n Se Quede Sin El Vital L\u00edquido &nbsp; &nbsp; Con el","inLanguage":"es","potentialAction":[{"@type":"ReadAction","target":["https:\/\/elinformativotam.com\/index.php\/2024\/03\/12\/arranca-mesa-ciudadana-del-agua-con-campana-de-ahorro-en-el-sur\/"]}]},{"@type":"ImageObject","inLanguage":"es","@id":"https:\/\/elinformativotam.com\/index.php\/2024\/03\/12\/arranca-mesa-ciudadana-del-agua-con-campana-de-ahorro-en-el-sur\/#primaryimage","url":"https:\/\/elinformativotam.com\/wp-content\/uploads\/2024\/03\/CIEST.jpeg","contentUrl":"https:\/\/elinformativotam.com\/wp-content\/uploads\/2024\/03\/CIEST.jpeg","width":1600,"height":1204},{"@type":"WebSite","@id":"https:\/\/elinformativotam.com\/#website","url":"https:\/\/elinformativotam.com\/","name":"EL INFORMATIVO DE TAMAULIPAS","description":"Desde la Zona Metropolitana Para Todo M\u00e9xico","publisher":{"@id":"https:\/\/elinformativotam.com\/#organization"},"potentialAction":[{"@type":"SearchAction","target":{"@type":"EntryPoint","urlTemplate":"https:\/\/elinformativotam.com\/?s={search_term_string}"},"query-input":{"@type":"PropertyValueSpecification","valueRequired":true,"valueName":"search_term_string"}}],"inLanguage":"es"},{"@type":"Organization","@id":"https:\/\/elinformativotam.com\/#organization","name":"EL INFORMATIVO DE TAMAULIPAS","url":"https:\/\/elinformativotam.com\/","logo":{"@type":"ImageObject","inLanguage":"es","@id":"https:\/\/elinformativotam.com\/#\/schema\/logo\/image\/","url":"https:\/\/elinformativotam.com\/wp-content\/uploads\/2026\/02\/Cabezal.png","contentUrl":"https:\/\/elinformativotam.com\/wp-content\/uploads\/2026\/02\/Cabezal.png","width":960,"height":640,"caption":"EL INFORMATIVO DE TAMAULIPAS"},"image":{"@id":"https:\/\/elinformativotam.com\/#\/schema\/logo\/image\/"}},{"@type":"Person","@id":"https:\/\/elinformativotam.com\/#\/schema\/person\/78e08040eed0f6110f0c5f83b6153590","name":"El Informativo Tam","image":{"@type":"ImageObject","inLanguage":"es","@id":"https:\/\/secure.gravatar.com\/avatar\/f3b7ad3af540688955925ac610647be00b0cf41feea9c4978b73a707ee86bc53?s=96&d=mm&r=g","url":"https:\/\/secure.gravatar.com\/avatar\/f3b7ad3af540688955925ac610647be00b0cf41feea9c4978b73a707ee86bc53?s=96&d=mm&r=g","contentUrl":"https:\/\/secure.gravatar.com\/avatar\/f3b7ad3af540688955925ac610647be00b0cf41feea9c4978b73a707ee86bc53?s=96&d=mm&r=g","caption":"El Informativo Tam"}}]}},"_links":{"self":[{"href":"https:\/\/elinformativotam.com\/index.php\/wp-json\/wp\/v2\/posts\/49621","targetHints":{"allow":["GET"]}}],"collection":[{"href":"https:\/\/elinformativotam.com\/index.php\/wp-json\/wp\/v2\/posts"}],"about":[{"href":"https:\/\/elinformativotam.com\/index.php\/wp-json\/wp\/v2\/types\/post"}],"author":[{"embeddable":true,"href":"https:\/\/elinformativotam.com\/index.php\/wp-json\/wp\/v2\/users\/1"}],"replies":[{"embeddable":true,"href":"https:\/\/elinformativotam.com\/index.php\/wp-json\/wp\/v2\/comments?post=49621"}],"version-history":[{"count":1,"href":"https:\/\/elinformativotam.com\/index.php\/wp-json\/wp\/v2\/posts\/49621\/revisions"}],"predecessor-version":[{"id":49622,"href":"https:\/\/elinformativotam.com\/index.php\/wp-json\/wp\/v2\/posts\/49621\/revisions\/49622"}],"wp:featuredmedia":[{"embeddable":true,"href":"https:\/\/elinformativotam.com\/index.php\/wp-json\/wp\/v2\/media\/49617"}],"wp:attachment":[{"href":"https:\/\/elinformativotam.com\/index.php\/wp-json\/wp\/v2\/media?parent=49621"}],"wp:term":[{"taxonomy":"category","embeddable":true,"href":"https:\/\/elinformativotam.com\/index.php\/wp-json\/wp\/v2\/categories?post=49621"},{"taxonomy":"post_tag","embeddable":true,"href":"https:\/\/elinformativotam.com\/index.php\/wp-json\/wp\/v2\/tags?post=49621"}],"curies":[{"name":"wp","href":"https:\/\/api.w.org\/{rel}","templated":true}]}}