{"id":49619,"date":"2024-03-12T21:09:24","date_gmt":"2024-03-13T03:09:24","guid":{"rendered":"https:\/\/elinformativotam.com\/?p=49619"},"modified":"2024-03-12T21:09:24","modified_gmt":"2024-03-13T03:09:24","slug":"hablo-xochitl-a-la-ligera-en-tema-de-refineria-madero","status":"publish","type":"post","link":"https:\/\/elinformativotam.com\/index.php\/2024\/03\/12\/hablo-xochitl-a-la-ligera-en-tema-de-refineria-madero\/","title":{"rendered":"HABL\u00d3 X\u00d3CHITL A LA LIGERA EN TEMA DE REFINER\u00cdA MADERO"},"content":{"rendered":"<h2 style=\"text-align: center;\"><em><span style=\"font-family: 'times new roman', times;\">*El Comentario De La Candidata Presidencial Cay\u00f3 Mal En El Sector Empresarial Y Petrolero De La Zona<\/span><\/em><\/h2>\n<p>&nbsp;<\/p>\n<p>&nbsp;<\/p>\n<p>La candidata presidencial de la coalici\u00f3n &#8220;Fuerza y Coraz\u00f3n por M\u00e9xico&#8221; X\u00f3chitl G\u00e1lvez Ruiz no debi\u00f3 hablar a la ligera en el tema de dar de baja a dos refiner\u00edas (Madero y Cadereyta) en caso de ganar el 2 de Junio, se\u00f1al\u00f3 el presidente del CIEST, Juan \u00c1ngel Paredes Espinosa.<\/p>\n<p>&nbsp;<\/p>\n<p>Se\u00f1al\u00f3 que para dar una opini\u00f3n certera y bien fundamentada, la abanderada del PAN-PRI y PRD debi\u00f3 conocer los n\u00fameros que manejan los dos centros refinadores, antes de hablar a la ligera.<\/p>\n<p>&nbsp;<\/p>\n<p>&#8220;Le faltaron datos, no debi\u00f3 dar esa opini\u00f3n, primero debi\u00f3 documentarse bien&#8221;, recalc\u00f3<\/p>\n<p>&nbsp;<\/p>\n<p>El representante del sector empresarial en la zona sur, manifest\u00f3 que hay mucha gente que trabaja en la Refiner\u00eda Francisco I Madero, y que al leer o escuchar esa declaraci\u00f3n.<\/p>\n<p>&nbsp;<\/p>\n<p>&#8220;La tomaron a mal, sin una base y sin fundamentos de puede decir muchas cosas&#8221;, apunt\u00f3<\/p>\n<p>&nbsp;<\/p>\n<p>Paredes, dej\u00f3 en claro que s\u00ed bien el tema de los &#8220;cierres&#8221;de las dos refiner\u00edas, que seg\u00fan G\u00e1lvez no producen nada o muy poco, fue una opini\u00f3n m\u00e1s no una propuesta formal.<\/p>\n<p>&nbsp;<\/p>\n<p>&#8220;La debi\u00f3 fundamentar, sino existe un estudio bien definido en el tema, mejor no debi\u00f3 opinar&#8221;, recalc\u00f3<\/p>\n<p>&nbsp;<\/p>\n<p>El Presidente del Consejo de Instituciones Empresariales del Sur de Tamaulipas, extern\u00f3 que hay temas m\u00e1s importantes que atender en el pa\u00eds, como la inseguridad que hay en varias entidades, y la tranquilidad que debe prevalecer en la regi\u00f3n sur.<\/p>\n","protected":false},"excerpt":{"rendered":"<p>*El Comentario De La Candidata Presidencial Cay\u00f3 Mal En El Sector Empresarial Y Petrolero De La Zona &nbsp; &nbsp; La&hellip;<\/p>\n","protected":false},"author":1,"featured_media":49616,"comment_status":"open","ping_status":"open","sticky":false,"template":"","format":"standard","meta":{"footnotes":""},"categories":[3],"tags":[],"class_list":["post-49619","post","type-post","status-publish","format-standard","has-post-thumbnail","hentry","category-tampico"],"yoast_head":"<!-- This site is optimized with the Yoast SEO plugin v27.5 - https:\/\/yoast.com\/product\/yoast-seo-wordpress\/ -->\n<title>HABL\u00d3 X\u00d3CHITL A LA LIGERA EN TEMA DE REFINER\u00cdA MADERO - EL INFORMATIVO DE TAMAULIPAS<\/title>\n<meta name=\"description\" content=\"*El Comentario De La Candidata Presidencial Cay\u00f3 Mal En El Sector Empresarial Y Petrolero De La Zona &nbsp; &nbsp; La candidata presidencial de la\" \/>\n<meta name=\"robots\" content=\"index, follow, max-snippet:-1, max-image-preview:large, max-video-preview:-1\" \/>\n<link rel=\"canonical\" href=\"https:\/\/elinformativotam.com\/index.php\/2024\/03\/12\/hablo-xochitl-a-la-ligera-en-tema-de-refineria-madero\/\" \/>\n<meta property=\"og:locale\" content=\"es_MX\" \/>\n<meta property=\"og:type\" content=\"article\" \/>\n<meta property=\"og:title\" content=\"HABL\u00d3 X\u00d3CHITL A LA LIGERA EN TEMA DE REFINER\u00cdA MADERO - EL INFORMATIVO DE TAMAULIPAS\" \/>\n<meta property=\"og:description\" content=\"*El Comentario De La Candidata Presidencial Cay\u00f3 Mal En El Sector Empresarial Y Petrolero De La Zona &nbsp; &nbsp; La candidata presidencial de la\" \/>\n<meta property=\"og:url\" content=\"https:\/\/elinformativotam.com\/index.php\/2024\/03\/12\/hablo-xochitl-a-la-ligera-en-tema-de-refineria-madero\/\" \/>\n<meta property=\"og:site_name\" content=\"EL INFORMATIVO DE TAMAULIPAS\" \/>\n<meta property=\"article:published_time\" content=\"2024-03-13T03:09:24+00:00\" \/>\n<meta property=\"og:image\" content=\"https:\/\/elinformativotam.com\/wp-content\/uploads\/2024\/03\/Juan-Angel.jpeg\" \/>\n\t<meta property=\"og:image:width\" content=\"1600\" \/>\n\t<meta property=\"og:image:height\" content=\"1204\" \/>\n\t<meta property=\"og:image:type\" content=\"image\/jpeg\" \/>\n<meta name=\"author\" content=\"El Informativo Tam\" \/>\n<meta name=\"twitter:card\" content=\"summary_large_image\" \/>\n<meta name=\"twitter:label1\" content=\"Escrito por\" \/>\n\t<meta name=\"twitter:data1\" content=\"El Informativo Tam\" \/>\n\t<meta name=\"twitter:label2\" content=\"Tiempo de lectura\" \/>\n\t<meta name=\"twitter:data2\" content=\"2 minutos\" \/>\n<script type=\"application\/ld+json\" class=\"yoast-schema-graph\">{\"@context\":\"https:\\\/\\\/schema.org\",\"@graph\":[{\"@type\":\"Article\",\"@id\":\"https:\\\/\\\/elinformativotam.com\\\/index.php\\\/2024\\\/03\\\/12\\\/hablo-xochitl-a-la-ligera-en-tema-de-refineria-madero\\\/#article\",\"isPartOf\":{\"@id\":\"https:\\\/\\\/elinformativotam.com\\\/index.php\\\/2024\\\/03\\\/12\\\/hablo-xochitl-a-la-ligera-en-tema-de-refineria-madero\\\/\"},\"author\":{\"name\":\"El Informativo Tam\",\"@id\":\"https:\\\/\\\/elinformativotam.com\\\/#\\\/schema\\\/person\\\/78e08040eed0f6110f0c5f83b6153590\"},\"headline\":\"HABL\u00d3 X\u00d3CHITL A LA LIGERA EN TEMA DE REFINER\u00cdA MADERO\",\"datePublished\":\"2024-03-13T03:09:24+00:00\",\"mainEntityOfPage\":{\"@id\":\"https:\\\/\\\/elinformativotam.com\\\/index.php\\\/2024\\\/03\\\/12\\\/hablo-xochitl-a-la-ligera-en-tema-de-refineria-madero\\\/\"},\"wordCount\":289,\"commentCount\":0,\"publisher\":{\"@id\":\"https:\\\/\\\/elinformativotam.com\\\/#organization\"},\"image\":{\"@id\":\"https:\\\/\\\/elinformativotam.com\\\/index.php\\\/2024\\\/03\\\/12\\\/hablo-xochitl-a-la-ligera-en-tema-de-refineria-madero\\\/#primaryimage\"},\"thumbnailUrl\":\"https:\\\/\\\/elinformativotam.com\\\/wp-content\\\/uploads\\\/2024\\\/03\\\/Juan-Angel.jpeg\",\"articleSection\":[\"Tampico\"],\"inLanguage\":\"es\",\"potentialAction\":[{\"@type\":\"CommentAction\",\"name\":\"Comment\",\"target\":[\"https:\\\/\\\/elinformativotam.com\\\/index.php\\\/2024\\\/03\\\/12\\\/hablo-xochitl-a-la-ligera-en-tema-de-refineria-madero\\\/#respond\"]}]},{\"@type\":\"WebPage\",\"@id\":\"https:\\\/\\\/elinformativotam.com\\\/index.php\\\/2024\\\/03\\\/12\\\/hablo-xochitl-a-la-ligera-en-tema-de-refineria-madero\\\/\",\"url\":\"https:\\\/\\\/elinformativotam.com\\\/index.php\\\/2024\\\/03\\\/12\\\/hablo-xochitl-a-la-ligera-en-tema-de-refineria-madero\\\/\",\"name\":\"HABL\u00d3 X\u00d3CHITL A LA LIGERA EN TEMA DE REFINER\u00cdA MADERO - EL INFORMATIVO DE TAMAULIPAS\",\"isPartOf\":{\"@id\":\"https:\\\/\\\/elinformativotam.com\\\/#website\"},\"primaryImageOfPage\":{\"@id\":\"https:\\\/\\\/elinformativotam.com\\\/index.php\\\/2024\\\/03\\\/12\\\/hablo-xochitl-a-la-ligera-en-tema-de-refineria-madero\\\/#primaryimage\"},\"image\":{\"@id\":\"https:\\\/\\\/elinformativotam.com\\\/index.php\\\/2024\\\/03\\\/12\\\/hablo-xochitl-a-la-ligera-en-tema-de-refineria-madero\\\/#primaryimage\"},\"thumbnailUrl\":\"https:\\\/\\\/elinformativotam.com\\\/wp-content\\\/uploads\\\/2024\\\/03\\\/Juan-Angel.jpeg\",\"datePublished\":\"2024-03-13T03:09:24+00:00\",\"description\":\"*El Comentario De La Candidata Presidencial Cay\u00f3 Mal En El Sector Empresarial Y Petrolero De La Zona &nbsp; &nbsp; La candidata presidencial de la\",\"inLanguage\":\"es\",\"potentialAction\":[{\"@type\":\"ReadAction\",\"target\":[\"https:\\\/\\\/elinformativotam.com\\\/index.php\\\/2024\\\/03\\\/12\\\/hablo-xochitl-a-la-ligera-en-tema-de-refineria-madero\\\/\"]}]},{\"@type\":\"ImageObject\",\"inLanguage\":\"es\",\"@id\":\"https:\\\/\\\/elinformativotam.com\\\/index.php\\\/2024\\\/03\\\/12\\\/hablo-xochitl-a-la-ligera-en-tema-de-refineria-madero\\\/#primaryimage\",\"url\":\"https:\\\/\\\/elinformativotam.com\\\/wp-content\\\/uploads\\\/2024\\\/03\\\/Juan-Angel.jpeg\",\"contentUrl\":\"https:\\\/\\\/elinformativotam.com\\\/wp-content\\\/uploads\\\/2024\\\/03\\\/Juan-Angel.jpeg\",\"width\":1600,\"height\":1204},{\"@type\":\"WebSite\",\"@id\":\"https:\\\/\\\/elinformativotam.com\\\/#website\",\"url\":\"https:\\\/\\\/elinformativotam.com\\\/\",\"name\":\"EL INFORMATIVO DE TAMAULIPAS\",\"description\":\"Desde la Zona Metropolitana Para Todo M\u00e9xico\",\"publisher\":{\"@id\":\"https:\\\/\\\/elinformativotam.com\\\/#organization\"},\"potentialAction\":[{\"@type\":\"SearchAction\",\"target\":{\"@type\":\"EntryPoint\",\"urlTemplate\":\"https:\\\/\\\/elinformativotam.com\\\/?s={search_term_string}\"},\"query-input\":{\"@type\":\"PropertyValueSpecification\",\"valueRequired\":true,\"valueName\":\"search_term_string\"}}],\"inLanguage\":\"es\"},{\"@type\":\"Organization\",\"@id\":\"https:\\\/\\\/elinformativotam.com\\\/#organization\",\"name\":\"EL INFORMATIVO DE TAMAULIPAS\",\"url\":\"https:\\\/\\\/elinformativotam.com\\\/\",\"logo\":{\"@type\":\"ImageObject\",\"inLanguage\":\"es\",\"@id\":\"https:\\\/\\\/elinformativotam.com\\\/#\\\/schema\\\/logo\\\/image\\\/\",\"url\":\"https:\\\/\\\/elinformativotam.com\\\/wp-content\\\/uploads\\\/2026\\\/02\\\/Cabezal.png\",\"contentUrl\":\"https:\\\/\\\/elinformativotam.com\\\/wp-content\\\/uploads\\\/2026\\\/02\\\/Cabezal.png\",\"width\":960,\"height\":640,\"caption\":\"EL INFORMATIVO DE TAMAULIPAS\"},\"image\":{\"@id\":\"https:\\\/\\\/elinformativotam.com\\\/#\\\/schema\\\/logo\\\/image\\\/\"}},{\"@type\":\"Person\",\"@id\":\"https:\\\/\\\/elinformativotam.com\\\/#\\\/schema\\\/person\\\/78e08040eed0f6110f0c5f83b6153590\",\"name\":\"El Informativo Tam\",\"image\":{\"@type\":\"ImageObject\",\"inLanguage\":\"es\",\"@id\":\"https:\\\/\\\/secure.gravatar.com\\\/avatar\\\/f3b7ad3af540688955925ac610647be00b0cf41feea9c4978b73a707ee86bc53?s=96&d=mm&r=g\",\"url\":\"https:\\\/\\\/secure.gravatar.com\\\/avatar\\\/f3b7ad3af540688955925ac610647be00b0cf41feea9c4978b73a707ee86bc53?s=96&d=mm&r=g\",\"contentUrl\":\"https:\\\/\\\/secure.gravatar.com\\\/avatar\\\/f3b7ad3af540688955925ac610647be00b0cf41feea9c4978b73a707ee86bc53?s=96&d=mm&r=g\",\"caption\":\"El Informativo Tam\"}}]}<\/script>\n<!-- \/ Yoast SEO plugin. -->","yoast_head_json":{"title":"HABL\u00d3 X\u00d3CHITL A LA LIGERA EN TEMA DE REFINER\u00cdA MADERO - EL INFORMATIVO DE TAMAULIPAS","description":"*El Comentario De La Candidata Presidencial Cay\u00f3 Mal En El Sector Empresarial Y Petrolero De La Zona &nbsp; &nbsp; La candidata presidencial de la","robots":{"index":"index","follow":"follow","max-snippet":"max-snippet:-1","max-image-preview":"max-image-preview:large","max-video-preview":"max-video-preview:-1"},"canonical":"https:\/\/elinformativotam.com\/index.php\/2024\/03\/12\/hablo-xochitl-a-la-ligera-en-tema-de-refineria-madero\/","og_locale":"es_MX","og_type":"article","og_title":"HABL\u00d3 X\u00d3CHITL A LA LIGERA EN TEMA DE REFINER\u00cdA MADERO - EL INFORMATIVO DE TAMAULIPAS","og_description":"*El Comentario De La Candidata Presidencial Cay\u00f3 Mal En El Sector Empresarial Y Petrolero De La Zona &nbsp; &nbsp; La candidata presidencial de la","og_url":"https:\/\/elinformativotam.com\/index.php\/2024\/03\/12\/hablo-xochitl-a-la-ligera-en-tema-de-refineria-madero\/","og_site_name":"EL INFORMATIVO DE TAMAULIPAS","article_published_time":"2024-03-13T03:09:24+00:00","og_image":[{"width":1600,"height":1204,"url":"https:\/\/elinformativotam.com\/wp-content\/uploads\/2024\/03\/Juan-Angel.jpeg","type":"image\/jpeg"}],"author":"El Informativo Tam","twitter_card":"summary_large_image","twitter_misc":{"Escrito por":"El Informativo Tam","Tiempo de lectura":"2 minutos"},"schema":{"@context":"https:\/\/schema.org","@graph":[{"@type":"Article","@id":"https:\/\/elinformativotam.com\/index.php\/2024\/03\/12\/hablo-xochitl-a-la-ligera-en-tema-de-refineria-madero\/#article","isPartOf":{"@id":"https:\/\/elinformativotam.com\/index.php\/2024\/03\/12\/hablo-xochitl-a-la-ligera-en-tema-de-refineria-madero\/"},"author":{"name":"El Informativo Tam","@id":"https:\/\/elinformativotam.com\/#\/schema\/person\/78e08040eed0f6110f0c5f83b6153590"},"headline":"HABL\u00d3 X\u00d3CHITL A LA LIGERA EN TEMA DE REFINER\u00cdA MADERO","datePublished":"2024-03-13T03:09:24+00:00","mainEntityOfPage":{"@id":"https:\/\/elinformativotam.com\/index.php\/2024\/03\/12\/hablo-xochitl-a-la-ligera-en-tema-de-refineria-madero\/"},"wordCount":289,"commentCount":0,"publisher":{"@id":"https:\/\/elinformativotam.com\/#organization"},"image":{"@id":"https:\/\/elinformativotam.com\/index.php\/2024\/03\/12\/hablo-xochitl-a-la-ligera-en-tema-de-refineria-madero\/#primaryimage"},"thumbnailUrl":"https:\/\/elinformativotam.com\/wp-content\/uploads\/2024\/03\/Juan-Angel.jpeg","articleSection":["Tampico"],"inLanguage":"es","potentialAction":[{"@type":"CommentAction","name":"Comment","target":["https:\/\/elinformativotam.com\/index.php\/2024\/03\/12\/hablo-xochitl-a-la-ligera-en-tema-de-refineria-madero\/#respond"]}]},{"@type":"WebPage","@id":"https:\/\/elinformativotam.com\/index.php\/2024\/03\/12\/hablo-xochitl-a-la-ligera-en-tema-de-refineria-madero\/","url":"https:\/\/elinformativotam.com\/index.php\/2024\/03\/12\/hablo-xochitl-a-la-ligera-en-tema-de-refineria-madero\/","name":"HABL\u00d3 X\u00d3CHITL A LA LIGERA EN TEMA DE REFINER\u00cdA MADERO - EL INFORMATIVO DE TAMAULIPAS","isPartOf":{"@id":"https:\/\/elinformativotam.com\/#website"},"primaryImageOfPage":{"@id":"https:\/\/elinformativotam.com\/index.php\/2024\/03\/12\/hablo-xochitl-a-la-ligera-en-tema-de-refineria-madero\/#primaryimage"},"image":{"@id":"https:\/\/elinformativotam.com\/index.php\/2024\/03\/12\/hablo-xochitl-a-la-ligera-en-tema-de-refineria-madero\/#primaryimage"},"thumbnailUrl":"https:\/\/elinformativotam.com\/wp-content\/uploads\/2024\/03\/Juan-Angel.jpeg","datePublished":"2024-03-13T03:09:24+00:00","description":"*El Comentario De La Candidata Presidencial Cay\u00f3 Mal En El Sector Empresarial Y Petrolero De La Zona &nbsp; &nbsp; La candidata presidencial de la","inLanguage":"es","potentialAction":[{"@type":"ReadAction","target":["https:\/\/elinformativotam.com\/index.php\/2024\/03\/12\/hablo-xochitl-a-la-ligera-en-tema-de-refineria-madero\/"]}]},{"@type":"ImageObject","inLanguage":"es","@id":"https:\/\/elinformativotam.com\/index.php\/2024\/03\/12\/hablo-xochitl-a-la-ligera-en-tema-de-refineria-madero\/#primaryimage","url":"https:\/\/elinformativotam.com\/wp-content\/uploads\/2024\/03\/Juan-Angel.jpeg","contentUrl":"https:\/\/elinformativotam.com\/wp-content\/uploads\/2024\/03\/Juan-Angel.jpeg","width":1600,"height":1204},{"@type":"WebSite","@id":"https:\/\/elinformativotam.com\/#website","url":"https:\/\/elinformativotam.com\/","name":"EL INFORMATIVO DE TAMAULIPAS","description":"Desde la Zona Metropolitana Para Todo M\u00e9xico","publisher":{"@id":"https:\/\/elinformativotam.com\/#organization"},"potentialAction":[{"@type":"SearchAction","target":{"@type":"EntryPoint","urlTemplate":"https:\/\/elinformativotam.com\/?s={search_term_string}"},"query-input":{"@type":"PropertyValueSpecification","valueRequired":true,"valueName":"search_term_string"}}],"inLanguage":"es"},{"@type":"Organization","@id":"https:\/\/elinformativotam.com\/#organization","name":"EL INFORMATIVO DE TAMAULIPAS","url":"https:\/\/elinformativotam.com\/","logo":{"@type":"ImageObject","inLanguage":"es","@id":"https:\/\/elinformativotam.com\/#\/schema\/logo\/image\/","url":"https:\/\/elinformativotam.com\/wp-content\/uploads\/2026\/02\/Cabezal.png","contentUrl":"https:\/\/elinformativotam.com\/wp-content\/uploads\/2026\/02\/Cabezal.png","width":960,"height":640,"caption":"EL INFORMATIVO DE TAMAULIPAS"},"image":{"@id":"https:\/\/elinformativotam.com\/#\/schema\/logo\/image\/"}},{"@type":"Person","@id":"https:\/\/elinformativotam.com\/#\/schema\/person\/78e08040eed0f6110f0c5f83b6153590","name":"El Informativo Tam","image":{"@type":"ImageObject","inLanguage":"es","@id":"https:\/\/secure.gravatar.com\/avatar\/f3b7ad3af540688955925ac610647be00b0cf41feea9c4978b73a707ee86bc53?s=96&d=mm&r=g","url":"https:\/\/secure.gravatar.com\/avatar\/f3b7ad3af540688955925ac610647be00b0cf41feea9c4978b73a707ee86bc53?s=96&d=mm&r=g","contentUrl":"https:\/\/secure.gravatar.com\/avatar\/f3b7ad3af540688955925ac610647be00b0cf41feea9c4978b73a707ee86bc53?s=96&d=mm&r=g","caption":"El Informativo Tam"}}]}},"_links":{"self":[{"href":"https:\/\/elinformativotam.com\/index.php\/wp-json\/wp\/v2\/posts\/49619","targetHints":{"allow":["GET"]}}],"collection":[{"href":"https:\/\/elinformativotam.com\/index.php\/wp-json\/wp\/v2\/posts"}],"about":[{"href":"https:\/\/elinformativotam.com\/index.php\/wp-json\/wp\/v2\/types\/post"}],"author":[{"embeddable":true,"href":"https:\/\/elinformativotam.com\/index.php\/wp-json\/wp\/v2\/users\/1"}],"replies":[{"embeddable":true,"href":"https:\/\/elinformativotam.com\/index.php\/wp-json\/wp\/v2\/comments?post=49619"}],"version-history":[{"count":1,"href":"https:\/\/elinformativotam.com\/index.php\/wp-json\/wp\/v2\/posts\/49619\/revisions"}],"predecessor-version":[{"id":49620,"href":"https:\/\/elinformativotam.com\/index.php\/wp-json\/wp\/v2\/posts\/49619\/revisions\/49620"}],"wp:featuredmedia":[{"embeddable":true,"href":"https:\/\/elinformativotam.com\/index.php\/wp-json\/wp\/v2\/media\/49616"}],"wp:attachment":[{"href":"https:\/\/elinformativotam.com\/index.php\/wp-json\/wp\/v2\/media?parent=49619"}],"wp:term":[{"taxonomy":"category","embeddable":true,"href":"https:\/\/elinformativotam.com\/index.php\/wp-json\/wp\/v2\/categories?post=49619"},{"taxonomy":"post_tag","embeddable":true,"href":"https:\/\/elinformativotam.com\/index.php\/wp-json\/wp\/v2\/tags?post=49619"}],"curies":[{"name":"wp","href":"https:\/\/api.w.org\/{rel}","templated":true}]}}