{"id":49614,"date":"2024-03-12T21:07:37","date_gmt":"2024-03-13T03:07:37","guid":{"rendered":"https:\/\/elinformativotam.com\/?p=49614"},"modified":"2024-03-12T21:07:37","modified_gmt":"2024-03-13T03:07:37","slug":"les-falta-a-candidatos-federales-involucrar-a-los-jovenes-en-sus-propuestas","status":"publish","type":"post","link":"https:\/\/elinformativotam.com\/index.php\/2024\/03\/12\/les-falta-a-candidatos-federales-involucrar-a-los-jovenes-en-sus-propuestas\/","title":{"rendered":"LES FALTA A CANDIDATOS FEDERALES INVOLUCRAR A LOS J\u00d3VENES EN SUS PROPUESTAS"},"content":{"rendered":"<h2 style=\"text-align: center;\"><em><span style=\"font-family: 'times new roman', times;\">*No Hay Idea Para Temas De Educaci\u00f3n, Comercio Exterior, Seguridad Y Otros M\u00e1s Que Preocupan A Ese Sector Poblacional<\/span><\/em><\/h2>\n<p>&nbsp;<\/p>\n<p>&nbsp;<\/p>\n<p>Hasta el momento los candidatos a diputados federales y senadores de Tamaulipas no han dado a conocer propuestas claras en materia de seguridad, educaci\u00f3n y comercio exterior, rubros que interesan a los j\u00f3venes, revel\u00f3 la vicepresidente de Coparmex, Xochiketzalli Rodr\u00edguez Rodr\u00edguez<\/p>\n<p>&nbsp;<\/p>\n<p>La segunda de abordo del centro empresarial de la regi\u00f3n, expres\u00f3 la necesidad de que los j\u00f3venes se involucren m\u00e1s en las campa\u00f1as pol\u00edticas, pero a\u00fan m\u00e1s que los abanderados de todos los partidos pol\u00edticos viertan propuestas claras con los puntos arriba mencionados.<\/p>\n<p>&nbsp;<\/p>\n<p>Remarc\u00f3 que son poco m\u00e1s de 10 d\u00edas de campa\u00f1a federal y hasta ahora ha faltado escuchar propuestas encaminadas a dar una soluci\u00f3n pronta al flagelo de la inseguridad que se vive en la frontera de Tamaulipas y en varias partes del pa\u00eds.<\/p>\n<p>&nbsp;<\/p>\n<p>Extern\u00f3 la importancia de que la elecci\u00f3n concurrente sea observada por los j\u00f3venes en cada uno de las casillas que se habr\u00e1n de instalar en el \u00e1rea metropolitana.<\/p>\n<p>&nbsp;<\/p>\n<p>&#8220;Nosotros somos el presente y el futuro del pa\u00eds, debemos de inmiscuirnos m\u00e1s en la elecci\u00f3n y sobre todo analizar el voto&#8221;, recalc\u00f3<\/p>\n<p>&nbsp;<\/p>\n<p>Rodr\u00edguez, dej\u00f3 en claro que la parte noreste del pa\u00eds, que incluye a Tamaulipas, es de gran relevancia en el rubro econ\u00f3mico y de comercio exterior, por lo que, dijo, esperan escuchar a los candidatos hablar del denominado &#8220;nearshoring&#8221; y de las consecuencias positivas que traer\u00e1 para la regi\u00f3n ser vecinos con EUA.<\/p>\n<p>&nbsp;<\/p>\n<p>La vicepresidente de Coparmex, resalt\u00f3 que hoy los j\u00f3venes tienen la posibilidad de decidir, con su voto, qui\u00e9nes deben representarlos en la Presidencia de la Rep\u00fablica y el Poder Legislativo Federal, ya que de ah\u00ed emanan iniciativas para fortalecer al pa\u00eds en los temas que les competen, as\u00ed como en otros m\u00e1s.<\/p>\n","protected":false},"excerpt":{"rendered":"<p>*No Hay Idea Para Temas De Educaci\u00f3n, Comercio Exterior, Seguridad Y Otros M\u00e1s Que Preocupan A Ese Sector Poblacional &nbsp;&hellip;<\/p>\n","protected":false},"author":1,"featured_media":49615,"comment_status":"open","ping_status":"open","sticky":false,"template":"","format":"standard","meta":{"footnotes":""},"categories":[3],"tags":[],"class_list":["post-49614","post","type-post","status-publish","format-standard","has-post-thumbnail","hentry","category-tampico"],"yoast_head":"<!-- This site is optimized with the Yoast SEO plugin v27.5 - https:\/\/yoast.com\/product\/yoast-seo-wordpress\/ -->\n<title>LES FALTA A CANDIDATOS FEDERALES INVOLUCRAR A LOS J\u00d3VENES EN SUS PROPUESTAS - EL INFORMATIVO DE TAMAULIPAS<\/title>\n<meta name=\"description\" content=\"*No Hay Idea Para Temas De Educaci\u00f3n, Comercio Exterior, Seguridad Y Otros M\u00e1s Que Preocupan A Ese Sector Poblacional &nbsp; &nbsp; Hasta el momento los\" \/>\n<meta name=\"robots\" content=\"index, follow, max-snippet:-1, max-image-preview:large, max-video-preview:-1\" \/>\n<link rel=\"canonical\" href=\"https:\/\/elinformativotam.com\/index.php\/2024\/03\/12\/les-falta-a-candidatos-federales-involucrar-a-los-jovenes-en-sus-propuestas\/\" \/>\n<meta property=\"og:locale\" content=\"es_MX\" \/>\n<meta property=\"og:type\" content=\"article\" \/>\n<meta property=\"og:title\" content=\"LES FALTA A CANDIDATOS FEDERALES INVOLUCRAR A LOS J\u00d3VENES EN SUS PROPUESTAS - EL INFORMATIVO DE TAMAULIPAS\" \/>\n<meta property=\"og:description\" content=\"*No Hay Idea Para Temas De Educaci\u00f3n, Comercio Exterior, Seguridad Y Otros M\u00e1s Que Preocupan A Ese Sector Poblacional &nbsp; &nbsp; Hasta el momento los\" \/>\n<meta property=\"og:url\" content=\"https:\/\/elinformativotam.com\/index.php\/2024\/03\/12\/les-falta-a-candidatos-federales-involucrar-a-los-jovenes-en-sus-propuestas\/\" \/>\n<meta property=\"og:site_name\" content=\"EL INFORMATIVO DE TAMAULIPAS\" \/>\n<meta property=\"article:published_time\" content=\"2024-03-13T03:07:37+00:00\" \/>\n<meta property=\"og:image\" content=\"https:\/\/elinformativotam.com\/wp-content\/uploads\/2024\/03\/Xochiketzalli.jpeg\" \/>\n\t<meta property=\"og:image:width\" content=\"1600\" \/>\n\t<meta property=\"og:image:height\" content=\"1204\" \/>\n\t<meta property=\"og:image:type\" content=\"image\/jpeg\" \/>\n<meta name=\"author\" content=\"El Informativo Tam\" \/>\n<meta name=\"twitter:card\" content=\"summary_large_image\" \/>\n<meta name=\"twitter:label1\" content=\"Escrito por\" \/>\n\t<meta name=\"twitter:data1\" content=\"El Informativo Tam\" \/>\n\t<meta name=\"twitter:label2\" content=\"Tiempo de lectura\" \/>\n\t<meta name=\"twitter:data2\" content=\"2 minutos\" \/>\n<script type=\"application\/ld+json\" class=\"yoast-schema-graph\">{\"@context\":\"https:\\\/\\\/schema.org\",\"@graph\":[{\"@type\":\"Article\",\"@id\":\"https:\\\/\\\/elinformativotam.com\\\/index.php\\\/2024\\\/03\\\/12\\\/les-falta-a-candidatos-federales-involucrar-a-los-jovenes-en-sus-propuestas\\\/#article\",\"isPartOf\":{\"@id\":\"https:\\\/\\\/elinformativotam.com\\\/index.php\\\/2024\\\/03\\\/12\\\/les-falta-a-candidatos-federales-involucrar-a-los-jovenes-en-sus-propuestas\\\/\"},\"author\":{\"name\":\"El Informativo Tam\",\"@id\":\"https:\\\/\\\/elinformativotam.com\\\/#\\\/schema\\\/person\\\/78e08040eed0f6110f0c5f83b6153590\"},\"headline\":\"LES FALTA A CANDIDATOS FEDERALES INVOLUCRAR A LOS J\u00d3VENES EN SUS PROPUESTAS\",\"datePublished\":\"2024-03-13T03:07:37+00:00\",\"mainEntityOfPage\":{\"@id\":\"https:\\\/\\\/elinformativotam.com\\\/index.php\\\/2024\\\/03\\\/12\\\/les-falta-a-candidatos-federales-involucrar-a-los-jovenes-en-sus-propuestas\\\/\"},\"wordCount\":356,\"commentCount\":0,\"publisher\":{\"@id\":\"https:\\\/\\\/elinformativotam.com\\\/#organization\"},\"image\":{\"@id\":\"https:\\\/\\\/elinformativotam.com\\\/index.php\\\/2024\\\/03\\\/12\\\/les-falta-a-candidatos-federales-involucrar-a-los-jovenes-en-sus-propuestas\\\/#primaryimage\"},\"thumbnailUrl\":\"https:\\\/\\\/elinformativotam.com\\\/wp-content\\\/uploads\\\/2024\\\/03\\\/Xochiketzalli.jpeg\",\"articleSection\":[\"Tampico\"],\"inLanguage\":\"es\",\"potentialAction\":[{\"@type\":\"CommentAction\",\"name\":\"Comment\",\"target\":[\"https:\\\/\\\/elinformativotam.com\\\/index.php\\\/2024\\\/03\\\/12\\\/les-falta-a-candidatos-federales-involucrar-a-los-jovenes-en-sus-propuestas\\\/#respond\"]}]},{\"@type\":\"WebPage\",\"@id\":\"https:\\\/\\\/elinformativotam.com\\\/index.php\\\/2024\\\/03\\\/12\\\/les-falta-a-candidatos-federales-involucrar-a-los-jovenes-en-sus-propuestas\\\/\",\"url\":\"https:\\\/\\\/elinformativotam.com\\\/index.php\\\/2024\\\/03\\\/12\\\/les-falta-a-candidatos-federales-involucrar-a-los-jovenes-en-sus-propuestas\\\/\",\"name\":\"LES FALTA A CANDIDATOS FEDERALES INVOLUCRAR A LOS J\u00d3VENES EN SUS PROPUESTAS - EL INFORMATIVO DE TAMAULIPAS\",\"isPartOf\":{\"@id\":\"https:\\\/\\\/elinformativotam.com\\\/#website\"},\"primaryImageOfPage\":{\"@id\":\"https:\\\/\\\/elinformativotam.com\\\/index.php\\\/2024\\\/03\\\/12\\\/les-falta-a-candidatos-federales-involucrar-a-los-jovenes-en-sus-propuestas\\\/#primaryimage\"},\"image\":{\"@id\":\"https:\\\/\\\/elinformativotam.com\\\/index.php\\\/2024\\\/03\\\/12\\\/les-falta-a-candidatos-federales-involucrar-a-los-jovenes-en-sus-propuestas\\\/#primaryimage\"},\"thumbnailUrl\":\"https:\\\/\\\/elinformativotam.com\\\/wp-content\\\/uploads\\\/2024\\\/03\\\/Xochiketzalli.jpeg\",\"datePublished\":\"2024-03-13T03:07:37+00:00\",\"description\":\"*No Hay Idea Para Temas De Educaci\u00f3n, Comercio Exterior, Seguridad Y Otros M\u00e1s Que Preocupan A Ese Sector Poblacional &nbsp; &nbsp; Hasta el momento los\",\"inLanguage\":\"es\",\"potentialAction\":[{\"@type\":\"ReadAction\",\"target\":[\"https:\\\/\\\/elinformativotam.com\\\/index.php\\\/2024\\\/03\\\/12\\\/les-falta-a-candidatos-federales-involucrar-a-los-jovenes-en-sus-propuestas\\\/\"]}]},{\"@type\":\"ImageObject\",\"inLanguage\":\"es\",\"@id\":\"https:\\\/\\\/elinformativotam.com\\\/index.php\\\/2024\\\/03\\\/12\\\/les-falta-a-candidatos-federales-involucrar-a-los-jovenes-en-sus-propuestas\\\/#primaryimage\",\"url\":\"https:\\\/\\\/elinformativotam.com\\\/wp-content\\\/uploads\\\/2024\\\/03\\\/Xochiketzalli.jpeg\",\"contentUrl\":\"https:\\\/\\\/elinformativotam.com\\\/wp-content\\\/uploads\\\/2024\\\/03\\\/Xochiketzalli.jpeg\",\"width\":1600,\"height\":1204},{\"@type\":\"WebSite\",\"@id\":\"https:\\\/\\\/elinformativotam.com\\\/#website\",\"url\":\"https:\\\/\\\/elinformativotam.com\\\/\",\"name\":\"EL INFORMATIVO DE TAMAULIPAS\",\"description\":\"Desde la Zona Metropolitana Para Todo M\u00e9xico\",\"publisher\":{\"@id\":\"https:\\\/\\\/elinformativotam.com\\\/#organization\"},\"potentialAction\":[{\"@type\":\"SearchAction\",\"target\":{\"@type\":\"EntryPoint\",\"urlTemplate\":\"https:\\\/\\\/elinformativotam.com\\\/?s={search_term_string}\"},\"query-input\":{\"@type\":\"PropertyValueSpecification\",\"valueRequired\":true,\"valueName\":\"search_term_string\"}}],\"inLanguage\":\"es\"},{\"@type\":\"Organization\",\"@id\":\"https:\\\/\\\/elinformativotam.com\\\/#organization\",\"name\":\"EL INFORMATIVO DE TAMAULIPAS\",\"url\":\"https:\\\/\\\/elinformativotam.com\\\/\",\"logo\":{\"@type\":\"ImageObject\",\"inLanguage\":\"es\",\"@id\":\"https:\\\/\\\/elinformativotam.com\\\/#\\\/schema\\\/logo\\\/image\\\/\",\"url\":\"https:\\\/\\\/elinformativotam.com\\\/wp-content\\\/uploads\\\/2026\\\/02\\\/Cabezal.png\",\"contentUrl\":\"https:\\\/\\\/elinformativotam.com\\\/wp-content\\\/uploads\\\/2026\\\/02\\\/Cabezal.png\",\"width\":960,\"height\":640,\"caption\":\"EL INFORMATIVO DE TAMAULIPAS\"},\"image\":{\"@id\":\"https:\\\/\\\/elinformativotam.com\\\/#\\\/schema\\\/logo\\\/image\\\/\"}},{\"@type\":\"Person\",\"@id\":\"https:\\\/\\\/elinformativotam.com\\\/#\\\/schema\\\/person\\\/78e08040eed0f6110f0c5f83b6153590\",\"name\":\"El Informativo Tam\",\"image\":{\"@type\":\"ImageObject\",\"inLanguage\":\"es\",\"@id\":\"https:\\\/\\\/secure.gravatar.com\\\/avatar\\\/f3b7ad3af540688955925ac610647be00b0cf41feea9c4978b73a707ee86bc53?s=96&d=mm&r=g\",\"url\":\"https:\\\/\\\/secure.gravatar.com\\\/avatar\\\/f3b7ad3af540688955925ac610647be00b0cf41feea9c4978b73a707ee86bc53?s=96&d=mm&r=g\",\"contentUrl\":\"https:\\\/\\\/secure.gravatar.com\\\/avatar\\\/f3b7ad3af540688955925ac610647be00b0cf41feea9c4978b73a707ee86bc53?s=96&d=mm&r=g\",\"caption\":\"El Informativo Tam\"}}]}<\/script>\n<!-- \/ Yoast SEO plugin. -->","yoast_head_json":{"title":"LES FALTA A CANDIDATOS FEDERALES INVOLUCRAR A LOS J\u00d3VENES EN SUS PROPUESTAS - EL INFORMATIVO DE TAMAULIPAS","description":"*No Hay Idea Para Temas De Educaci\u00f3n, Comercio Exterior, Seguridad Y Otros M\u00e1s Que Preocupan A Ese Sector Poblacional &nbsp; &nbsp; Hasta el momento los","robots":{"index":"index","follow":"follow","max-snippet":"max-snippet:-1","max-image-preview":"max-image-preview:large","max-video-preview":"max-video-preview:-1"},"canonical":"https:\/\/elinformativotam.com\/index.php\/2024\/03\/12\/les-falta-a-candidatos-federales-involucrar-a-los-jovenes-en-sus-propuestas\/","og_locale":"es_MX","og_type":"article","og_title":"LES FALTA A CANDIDATOS FEDERALES INVOLUCRAR A LOS J\u00d3VENES EN SUS PROPUESTAS - EL INFORMATIVO DE TAMAULIPAS","og_description":"*No Hay Idea Para Temas De Educaci\u00f3n, Comercio Exterior, Seguridad Y Otros M\u00e1s Que Preocupan A Ese Sector Poblacional &nbsp; &nbsp; Hasta el momento los","og_url":"https:\/\/elinformativotam.com\/index.php\/2024\/03\/12\/les-falta-a-candidatos-federales-involucrar-a-los-jovenes-en-sus-propuestas\/","og_site_name":"EL INFORMATIVO DE TAMAULIPAS","article_published_time":"2024-03-13T03:07:37+00:00","og_image":[{"width":1600,"height":1204,"url":"https:\/\/elinformativotam.com\/wp-content\/uploads\/2024\/03\/Xochiketzalli.jpeg","type":"image\/jpeg"}],"author":"El Informativo Tam","twitter_card":"summary_large_image","twitter_misc":{"Escrito por":"El Informativo Tam","Tiempo de lectura":"2 minutos"},"schema":{"@context":"https:\/\/schema.org","@graph":[{"@type":"Article","@id":"https:\/\/elinformativotam.com\/index.php\/2024\/03\/12\/les-falta-a-candidatos-federales-involucrar-a-los-jovenes-en-sus-propuestas\/#article","isPartOf":{"@id":"https:\/\/elinformativotam.com\/index.php\/2024\/03\/12\/les-falta-a-candidatos-federales-involucrar-a-los-jovenes-en-sus-propuestas\/"},"author":{"name":"El Informativo Tam","@id":"https:\/\/elinformativotam.com\/#\/schema\/person\/78e08040eed0f6110f0c5f83b6153590"},"headline":"LES FALTA A CANDIDATOS FEDERALES INVOLUCRAR A LOS J\u00d3VENES EN SUS PROPUESTAS","datePublished":"2024-03-13T03:07:37+00:00","mainEntityOfPage":{"@id":"https:\/\/elinformativotam.com\/index.php\/2024\/03\/12\/les-falta-a-candidatos-federales-involucrar-a-los-jovenes-en-sus-propuestas\/"},"wordCount":356,"commentCount":0,"publisher":{"@id":"https:\/\/elinformativotam.com\/#organization"},"image":{"@id":"https:\/\/elinformativotam.com\/index.php\/2024\/03\/12\/les-falta-a-candidatos-federales-involucrar-a-los-jovenes-en-sus-propuestas\/#primaryimage"},"thumbnailUrl":"https:\/\/elinformativotam.com\/wp-content\/uploads\/2024\/03\/Xochiketzalli.jpeg","articleSection":["Tampico"],"inLanguage":"es","potentialAction":[{"@type":"CommentAction","name":"Comment","target":["https:\/\/elinformativotam.com\/index.php\/2024\/03\/12\/les-falta-a-candidatos-federales-involucrar-a-los-jovenes-en-sus-propuestas\/#respond"]}]},{"@type":"WebPage","@id":"https:\/\/elinformativotam.com\/index.php\/2024\/03\/12\/les-falta-a-candidatos-federales-involucrar-a-los-jovenes-en-sus-propuestas\/","url":"https:\/\/elinformativotam.com\/index.php\/2024\/03\/12\/les-falta-a-candidatos-federales-involucrar-a-los-jovenes-en-sus-propuestas\/","name":"LES FALTA A CANDIDATOS FEDERALES INVOLUCRAR A LOS J\u00d3VENES EN SUS PROPUESTAS - EL INFORMATIVO DE TAMAULIPAS","isPartOf":{"@id":"https:\/\/elinformativotam.com\/#website"},"primaryImageOfPage":{"@id":"https:\/\/elinformativotam.com\/index.php\/2024\/03\/12\/les-falta-a-candidatos-federales-involucrar-a-los-jovenes-en-sus-propuestas\/#primaryimage"},"image":{"@id":"https:\/\/elinformativotam.com\/index.php\/2024\/03\/12\/les-falta-a-candidatos-federales-involucrar-a-los-jovenes-en-sus-propuestas\/#primaryimage"},"thumbnailUrl":"https:\/\/elinformativotam.com\/wp-content\/uploads\/2024\/03\/Xochiketzalli.jpeg","datePublished":"2024-03-13T03:07:37+00:00","description":"*No Hay Idea Para Temas De Educaci\u00f3n, Comercio Exterior, Seguridad Y Otros M\u00e1s Que Preocupan A Ese Sector Poblacional &nbsp; &nbsp; Hasta el momento los","inLanguage":"es","potentialAction":[{"@type":"ReadAction","target":["https:\/\/elinformativotam.com\/index.php\/2024\/03\/12\/les-falta-a-candidatos-federales-involucrar-a-los-jovenes-en-sus-propuestas\/"]}]},{"@type":"ImageObject","inLanguage":"es","@id":"https:\/\/elinformativotam.com\/index.php\/2024\/03\/12\/les-falta-a-candidatos-federales-involucrar-a-los-jovenes-en-sus-propuestas\/#primaryimage","url":"https:\/\/elinformativotam.com\/wp-content\/uploads\/2024\/03\/Xochiketzalli.jpeg","contentUrl":"https:\/\/elinformativotam.com\/wp-content\/uploads\/2024\/03\/Xochiketzalli.jpeg","width":1600,"height":1204},{"@type":"WebSite","@id":"https:\/\/elinformativotam.com\/#website","url":"https:\/\/elinformativotam.com\/","name":"EL INFORMATIVO DE TAMAULIPAS","description":"Desde la Zona Metropolitana Para Todo M\u00e9xico","publisher":{"@id":"https:\/\/elinformativotam.com\/#organization"},"potentialAction":[{"@type":"SearchAction","target":{"@type":"EntryPoint","urlTemplate":"https:\/\/elinformativotam.com\/?s={search_term_string}"},"query-input":{"@type":"PropertyValueSpecification","valueRequired":true,"valueName":"search_term_string"}}],"inLanguage":"es"},{"@type":"Organization","@id":"https:\/\/elinformativotam.com\/#organization","name":"EL INFORMATIVO DE TAMAULIPAS","url":"https:\/\/elinformativotam.com\/","logo":{"@type":"ImageObject","inLanguage":"es","@id":"https:\/\/elinformativotam.com\/#\/schema\/logo\/image\/","url":"https:\/\/elinformativotam.com\/wp-content\/uploads\/2026\/02\/Cabezal.png","contentUrl":"https:\/\/elinformativotam.com\/wp-content\/uploads\/2026\/02\/Cabezal.png","width":960,"height":640,"caption":"EL INFORMATIVO DE TAMAULIPAS"},"image":{"@id":"https:\/\/elinformativotam.com\/#\/schema\/logo\/image\/"}},{"@type":"Person","@id":"https:\/\/elinformativotam.com\/#\/schema\/person\/78e08040eed0f6110f0c5f83b6153590","name":"El Informativo Tam","image":{"@type":"ImageObject","inLanguage":"es","@id":"https:\/\/secure.gravatar.com\/avatar\/f3b7ad3af540688955925ac610647be00b0cf41feea9c4978b73a707ee86bc53?s=96&d=mm&r=g","url":"https:\/\/secure.gravatar.com\/avatar\/f3b7ad3af540688955925ac610647be00b0cf41feea9c4978b73a707ee86bc53?s=96&d=mm&r=g","contentUrl":"https:\/\/secure.gravatar.com\/avatar\/f3b7ad3af540688955925ac610647be00b0cf41feea9c4978b73a707ee86bc53?s=96&d=mm&r=g","caption":"El Informativo Tam"}}]}},"_links":{"self":[{"href":"https:\/\/elinformativotam.com\/index.php\/wp-json\/wp\/v2\/posts\/49614","targetHints":{"allow":["GET"]}}],"collection":[{"href":"https:\/\/elinformativotam.com\/index.php\/wp-json\/wp\/v2\/posts"}],"about":[{"href":"https:\/\/elinformativotam.com\/index.php\/wp-json\/wp\/v2\/types\/post"}],"author":[{"embeddable":true,"href":"https:\/\/elinformativotam.com\/index.php\/wp-json\/wp\/v2\/users\/1"}],"replies":[{"embeddable":true,"href":"https:\/\/elinformativotam.com\/index.php\/wp-json\/wp\/v2\/comments?post=49614"}],"version-history":[{"count":1,"href":"https:\/\/elinformativotam.com\/index.php\/wp-json\/wp\/v2\/posts\/49614\/revisions"}],"predecessor-version":[{"id":49618,"href":"https:\/\/elinformativotam.com\/index.php\/wp-json\/wp\/v2\/posts\/49614\/revisions\/49618"}],"wp:featuredmedia":[{"embeddable":true,"href":"https:\/\/elinformativotam.com\/index.php\/wp-json\/wp\/v2\/media\/49615"}],"wp:attachment":[{"href":"https:\/\/elinformativotam.com\/index.php\/wp-json\/wp\/v2\/media?parent=49614"}],"wp:term":[{"taxonomy":"category","embeddable":true,"href":"https:\/\/elinformativotam.com\/index.php\/wp-json\/wp\/v2\/categories?post=49614"},{"taxonomy":"post_tag","embeddable":true,"href":"https:\/\/elinformativotam.com\/index.php\/wp-json\/wp\/v2\/tags?post=49614"}],"curies":[{"name":"wp","href":"https:\/\/api.w.org\/{rel}","templated":true}]}}