{"id":49612,"date":"2024-03-12T20:57:06","date_gmt":"2024-03-13T02:57:06","guid":{"rendered":"https:\/\/elinformativotam.com\/?p=49612"},"modified":"2024-03-12T20:57:06","modified_gmt":"2024-03-13T02:57:06","slug":"incrementan-el-costo-de-pescados-y-mariscos","status":"publish","type":"post","link":"https:\/\/elinformativotam.com\/index.php\/2024\/03\/12\/incrementan-el-costo-de-pescados-y-mariscos\/","title":{"rendered":"INCREMENTAN EL COSTO DE PESCADOS Y MARISCOS."},"content":{"rendered":"<p>Cd. Madero,\u00a0 Tamaulipas.- A pesar que ya inici\u00f3 la cuaresma, las ventas de pescados y mariscos no ha sido la que esperaban, pues existe una disminuci\u00f3n hasta un 30 por ciento en las comercializaci\u00f3n de dichos productos.<\/p>\n<p>&nbsp;<\/p>\n<p>El comerciante de este ramo en el mercado 18 de marzo, Fernando Freire, dijo que hay productos que han aumentado su precio y esto ha provocado que su adquisici\u00f3n haya bajado, por lo que esperan que la situaci\u00f3n mejore durante la siguiente semana y cuando llegue el turismo.<\/p>\n<p>&nbsp;<\/p>\n<p>Mencion\u00f3 que es la jaiba el producto que m\u00e1s se ha escaneado, pues se ha registrado pesca de la misma pero tienen un tama\u00f1o peque\u00f1o, lo que genera que por su escasez exista un aumento en su costo.<\/p>\n<p>&nbsp;<\/p>\n<p>Indic\u00f3 que hay otros productos del mar cuyo costo aument\u00f3 de tres meses a la fecha hasta 100 pesos, lo que impacta en algo el bolsillo de los clientes.<\/p>\n<p>&nbsp;<\/p>\n<p>A\u00f1adi\u00f3 la expectativa que tienen los comerciantes del ramo en el mercado 18 de Marzo es positiva, por lo que esperan alcanzar las ventas contempladas.<\/p>\n","protected":false},"excerpt":{"rendered":"<p>Cd. Madero,\u00a0 Tamaulipas.- A pesar que ya inici\u00f3 la cuaresma, las ventas de pescados y mariscos no ha sido la&hellip;<\/p>\n","protected":false},"author":1,"featured_media":49610,"comment_status":"open","ping_status":"open","sticky":false,"template":"","format":"standard","meta":{"footnotes":""},"categories":[4],"tags":[],"class_list":["post-49612","post","type-post","status-publish","format-standard","has-post-thumbnail","hentry","category-madero"],"yoast_head":"<!-- This site is optimized with the Yoast SEO plugin v27.5 - https:\/\/yoast.com\/product\/yoast-seo-wordpress\/ -->\n<title>INCREMENTAN EL COSTO DE PESCADOS Y MARISCOS. - EL INFORMATIVO DE TAMAULIPAS<\/title>\n<meta name=\"description\" content=\"Cd. Madero,\u00a0 Tamaulipas.- A pesar que ya inici\u00f3 la cuaresma, las ventas de pescados y mariscos no ha sido la que esperaban, pues existe una disminuci\u00f3n\" \/>\n<meta name=\"robots\" content=\"index, follow, max-snippet:-1, max-image-preview:large, max-video-preview:-1\" \/>\n<link rel=\"canonical\" href=\"https:\/\/elinformativotam.com\/index.php\/2024\/03\/12\/incrementan-el-costo-de-pescados-y-mariscos\/\" \/>\n<meta property=\"og:locale\" content=\"es_MX\" \/>\n<meta property=\"og:type\" content=\"article\" \/>\n<meta property=\"og:title\" content=\"INCREMENTAN EL COSTO DE PESCADOS Y MARISCOS. - EL INFORMATIVO DE TAMAULIPAS\" \/>\n<meta property=\"og:description\" content=\"Cd. Madero,\u00a0 Tamaulipas.- A pesar que ya inici\u00f3 la cuaresma, las ventas de pescados y mariscos no ha sido la que esperaban, pues existe una disminuci\u00f3n\" \/>\n<meta property=\"og:url\" content=\"https:\/\/elinformativotam.com\/index.php\/2024\/03\/12\/incrementan-el-costo-de-pescados-y-mariscos\/\" \/>\n<meta property=\"og:site_name\" content=\"EL INFORMATIVO DE TAMAULIPAS\" \/>\n<meta property=\"article:published_time\" content=\"2024-03-13T02:57:06+00:00\" \/>\n<meta property=\"og:image\" content=\"https:\/\/elinformativotam.com\/wp-content\/uploads\/2024\/03\/Jaibas.jpeg\" \/>\n\t<meta property=\"og:image:width\" content=\"701\" \/>\n\t<meta property=\"og:image:height\" content=\"437\" \/>\n\t<meta property=\"og:image:type\" content=\"image\/jpeg\" \/>\n<meta name=\"author\" content=\"El Informativo Tam\" \/>\n<meta name=\"twitter:card\" content=\"summary_large_image\" \/>\n<meta name=\"twitter:label1\" content=\"Escrito por\" \/>\n\t<meta name=\"twitter:data1\" content=\"El Informativo Tam\" \/>\n\t<meta name=\"twitter:label2\" content=\"Tiempo de lectura\" \/>\n\t<meta name=\"twitter:data2\" content=\"1 minuto\" \/>\n<script type=\"application\/ld+json\" class=\"yoast-schema-graph\">{\"@context\":\"https:\\\/\\\/schema.org\",\"@graph\":[{\"@type\":\"Article\",\"@id\":\"https:\\\/\\\/elinformativotam.com\\\/index.php\\\/2024\\\/03\\\/12\\\/incrementan-el-costo-de-pescados-y-mariscos\\\/#article\",\"isPartOf\":{\"@id\":\"https:\\\/\\\/elinformativotam.com\\\/index.php\\\/2024\\\/03\\\/12\\\/incrementan-el-costo-de-pescados-y-mariscos\\\/\"},\"author\":{\"name\":\"El Informativo Tam\",\"@id\":\"https:\\\/\\\/elinformativotam.com\\\/#\\\/schema\\\/person\\\/78e08040eed0f6110f0c5f83b6153590\"},\"headline\":\"INCREMENTAN EL COSTO DE PESCADOS Y MARISCOS.\",\"datePublished\":\"2024-03-13T02:57:06+00:00\",\"mainEntityOfPage\":{\"@id\":\"https:\\\/\\\/elinformativotam.com\\\/index.php\\\/2024\\\/03\\\/12\\\/incrementan-el-costo-de-pescados-y-mariscos\\\/\"},\"wordCount\":193,\"commentCount\":0,\"publisher\":{\"@id\":\"https:\\\/\\\/elinformativotam.com\\\/#organization\"},\"image\":{\"@id\":\"https:\\\/\\\/elinformativotam.com\\\/index.php\\\/2024\\\/03\\\/12\\\/incrementan-el-costo-de-pescados-y-mariscos\\\/#primaryimage\"},\"thumbnailUrl\":\"https:\\\/\\\/elinformativotam.com\\\/wp-content\\\/uploads\\\/2024\\\/03\\\/Jaibas.jpeg\",\"articleSection\":[\"Cd Madero\"],\"inLanguage\":\"es\",\"potentialAction\":[{\"@type\":\"CommentAction\",\"name\":\"Comment\",\"target\":[\"https:\\\/\\\/elinformativotam.com\\\/index.php\\\/2024\\\/03\\\/12\\\/incrementan-el-costo-de-pescados-y-mariscos\\\/#respond\"]}]},{\"@type\":\"WebPage\",\"@id\":\"https:\\\/\\\/elinformativotam.com\\\/index.php\\\/2024\\\/03\\\/12\\\/incrementan-el-costo-de-pescados-y-mariscos\\\/\",\"url\":\"https:\\\/\\\/elinformativotam.com\\\/index.php\\\/2024\\\/03\\\/12\\\/incrementan-el-costo-de-pescados-y-mariscos\\\/\",\"name\":\"INCREMENTAN EL COSTO DE PESCADOS Y MARISCOS. - EL INFORMATIVO DE TAMAULIPAS\",\"isPartOf\":{\"@id\":\"https:\\\/\\\/elinformativotam.com\\\/#website\"},\"primaryImageOfPage\":{\"@id\":\"https:\\\/\\\/elinformativotam.com\\\/index.php\\\/2024\\\/03\\\/12\\\/incrementan-el-costo-de-pescados-y-mariscos\\\/#primaryimage\"},\"image\":{\"@id\":\"https:\\\/\\\/elinformativotam.com\\\/index.php\\\/2024\\\/03\\\/12\\\/incrementan-el-costo-de-pescados-y-mariscos\\\/#primaryimage\"},\"thumbnailUrl\":\"https:\\\/\\\/elinformativotam.com\\\/wp-content\\\/uploads\\\/2024\\\/03\\\/Jaibas.jpeg\",\"datePublished\":\"2024-03-13T02:57:06+00:00\",\"description\":\"Cd. Madero,\u00a0 Tamaulipas.- A pesar que ya inici\u00f3 la cuaresma, las ventas de pescados y mariscos no ha sido la que esperaban, pues existe una disminuci\u00f3n\",\"inLanguage\":\"es\",\"potentialAction\":[{\"@type\":\"ReadAction\",\"target\":[\"https:\\\/\\\/elinformativotam.com\\\/index.php\\\/2024\\\/03\\\/12\\\/incrementan-el-costo-de-pescados-y-mariscos\\\/\"]}]},{\"@type\":\"ImageObject\",\"inLanguage\":\"es\",\"@id\":\"https:\\\/\\\/elinformativotam.com\\\/index.php\\\/2024\\\/03\\\/12\\\/incrementan-el-costo-de-pescados-y-mariscos\\\/#primaryimage\",\"url\":\"https:\\\/\\\/elinformativotam.com\\\/wp-content\\\/uploads\\\/2024\\\/03\\\/Jaibas.jpeg\",\"contentUrl\":\"https:\\\/\\\/elinformativotam.com\\\/wp-content\\\/uploads\\\/2024\\\/03\\\/Jaibas.jpeg\",\"width\":701,\"height\":437},{\"@type\":\"WebSite\",\"@id\":\"https:\\\/\\\/elinformativotam.com\\\/#website\",\"url\":\"https:\\\/\\\/elinformativotam.com\\\/\",\"name\":\"EL INFORMATIVO DE TAMAULIPAS\",\"description\":\"Desde la Zona Metropolitana Para Todo M\u00e9xico\",\"publisher\":{\"@id\":\"https:\\\/\\\/elinformativotam.com\\\/#organization\"},\"potentialAction\":[{\"@type\":\"SearchAction\",\"target\":{\"@type\":\"EntryPoint\",\"urlTemplate\":\"https:\\\/\\\/elinformativotam.com\\\/?s={search_term_string}\"},\"query-input\":{\"@type\":\"PropertyValueSpecification\",\"valueRequired\":true,\"valueName\":\"search_term_string\"}}],\"inLanguage\":\"es\"},{\"@type\":\"Organization\",\"@id\":\"https:\\\/\\\/elinformativotam.com\\\/#organization\",\"name\":\"EL INFORMATIVO DE TAMAULIPAS\",\"url\":\"https:\\\/\\\/elinformativotam.com\\\/\",\"logo\":{\"@type\":\"ImageObject\",\"inLanguage\":\"es\",\"@id\":\"https:\\\/\\\/elinformativotam.com\\\/#\\\/schema\\\/logo\\\/image\\\/\",\"url\":\"https:\\\/\\\/elinformativotam.com\\\/wp-content\\\/uploads\\\/2026\\\/02\\\/Cabezal.png\",\"contentUrl\":\"https:\\\/\\\/elinformativotam.com\\\/wp-content\\\/uploads\\\/2026\\\/02\\\/Cabezal.png\",\"width\":960,\"height\":640,\"caption\":\"EL INFORMATIVO DE TAMAULIPAS\"},\"image\":{\"@id\":\"https:\\\/\\\/elinformativotam.com\\\/#\\\/schema\\\/logo\\\/image\\\/\"}},{\"@type\":\"Person\",\"@id\":\"https:\\\/\\\/elinformativotam.com\\\/#\\\/schema\\\/person\\\/78e08040eed0f6110f0c5f83b6153590\",\"name\":\"El Informativo Tam\",\"image\":{\"@type\":\"ImageObject\",\"inLanguage\":\"es\",\"@id\":\"https:\\\/\\\/secure.gravatar.com\\\/avatar\\\/f3b7ad3af540688955925ac610647be00b0cf41feea9c4978b73a707ee86bc53?s=96&d=mm&r=g\",\"url\":\"https:\\\/\\\/secure.gravatar.com\\\/avatar\\\/f3b7ad3af540688955925ac610647be00b0cf41feea9c4978b73a707ee86bc53?s=96&d=mm&r=g\",\"contentUrl\":\"https:\\\/\\\/secure.gravatar.com\\\/avatar\\\/f3b7ad3af540688955925ac610647be00b0cf41feea9c4978b73a707ee86bc53?s=96&d=mm&r=g\",\"caption\":\"El Informativo Tam\"}}]}<\/script>\n<!-- \/ Yoast SEO plugin. -->","yoast_head_json":{"title":"INCREMENTAN EL COSTO DE PESCADOS Y MARISCOS. - EL INFORMATIVO DE TAMAULIPAS","description":"Cd. Madero,\u00a0 Tamaulipas.- A pesar que ya inici\u00f3 la cuaresma, las ventas de pescados y mariscos no ha sido la que esperaban, pues existe una disminuci\u00f3n","robots":{"index":"index","follow":"follow","max-snippet":"max-snippet:-1","max-image-preview":"max-image-preview:large","max-video-preview":"max-video-preview:-1"},"canonical":"https:\/\/elinformativotam.com\/index.php\/2024\/03\/12\/incrementan-el-costo-de-pescados-y-mariscos\/","og_locale":"es_MX","og_type":"article","og_title":"INCREMENTAN EL COSTO DE PESCADOS Y MARISCOS. - EL INFORMATIVO DE TAMAULIPAS","og_description":"Cd. Madero,\u00a0 Tamaulipas.- A pesar que ya inici\u00f3 la cuaresma, las ventas de pescados y mariscos no ha sido la que esperaban, pues existe una disminuci\u00f3n","og_url":"https:\/\/elinformativotam.com\/index.php\/2024\/03\/12\/incrementan-el-costo-de-pescados-y-mariscos\/","og_site_name":"EL INFORMATIVO DE TAMAULIPAS","article_published_time":"2024-03-13T02:57:06+00:00","og_image":[{"width":701,"height":437,"url":"https:\/\/elinformativotam.com\/wp-content\/uploads\/2024\/03\/Jaibas.jpeg","type":"image\/jpeg"}],"author":"El Informativo Tam","twitter_card":"summary_large_image","twitter_misc":{"Escrito por":"El Informativo Tam","Tiempo de lectura":"1 minuto"},"schema":{"@context":"https:\/\/schema.org","@graph":[{"@type":"Article","@id":"https:\/\/elinformativotam.com\/index.php\/2024\/03\/12\/incrementan-el-costo-de-pescados-y-mariscos\/#article","isPartOf":{"@id":"https:\/\/elinformativotam.com\/index.php\/2024\/03\/12\/incrementan-el-costo-de-pescados-y-mariscos\/"},"author":{"name":"El Informativo Tam","@id":"https:\/\/elinformativotam.com\/#\/schema\/person\/78e08040eed0f6110f0c5f83b6153590"},"headline":"INCREMENTAN EL COSTO DE PESCADOS Y MARISCOS.","datePublished":"2024-03-13T02:57:06+00:00","mainEntityOfPage":{"@id":"https:\/\/elinformativotam.com\/index.php\/2024\/03\/12\/incrementan-el-costo-de-pescados-y-mariscos\/"},"wordCount":193,"commentCount":0,"publisher":{"@id":"https:\/\/elinformativotam.com\/#organization"},"image":{"@id":"https:\/\/elinformativotam.com\/index.php\/2024\/03\/12\/incrementan-el-costo-de-pescados-y-mariscos\/#primaryimage"},"thumbnailUrl":"https:\/\/elinformativotam.com\/wp-content\/uploads\/2024\/03\/Jaibas.jpeg","articleSection":["Cd Madero"],"inLanguage":"es","potentialAction":[{"@type":"CommentAction","name":"Comment","target":["https:\/\/elinformativotam.com\/index.php\/2024\/03\/12\/incrementan-el-costo-de-pescados-y-mariscos\/#respond"]}]},{"@type":"WebPage","@id":"https:\/\/elinformativotam.com\/index.php\/2024\/03\/12\/incrementan-el-costo-de-pescados-y-mariscos\/","url":"https:\/\/elinformativotam.com\/index.php\/2024\/03\/12\/incrementan-el-costo-de-pescados-y-mariscos\/","name":"INCREMENTAN EL COSTO DE PESCADOS Y MARISCOS. - EL INFORMATIVO DE TAMAULIPAS","isPartOf":{"@id":"https:\/\/elinformativotam.com\/#website"},"primaryImageOfPage":{"@id":"https:\/\/elinformativotam.com\/index.php\/2024\/03\/12\/incrementan-el-costo-de-pescados-y-mariscos\/#primaryimage"},"image":{"@id":"https:\/\/elinformativotam.com\/index.php\/2024\/03\/12\/incrementan-el-costo-de-pescados-y-mariscos\/#primaryimage"},"thumbnailUrl":"https:\/\/elinformativotam.com\/wp-content\/uploads\/2024\/03\/Jaibas.jpeg","datePublished":"2024-03-13T02:57:06+00:00","description":"Cd. Madero,\u00a0 Tamaulipas.- A pesar que ya inici\u00f3 la cuaresma, las ventas de pescados y mariscos no ha sido la que esperaban, pues existe una disminuci\u00f3n","inLanguage":"es","potentialAction":[{"@type":"ReadAction","target":["https:\/\/elinformativotam.com\/index.php\/2024\/03\/12\/incrementan-el-costo-de-pescados-y-mariscos\/"]}]},{"@type":"ImageObject","inLanguage":"es","@id":"https:\/\/elinformativotam.com\/index.php\/2024\/03\/12\/incrementan-el-costo-de-pescados-y-mariscos\/#primaryimage","url":"https:\/\/elinformativotam.com\/wp-content\/uploads\/2024\/03\/Jaibas.jpeg","contentUrl":"https:\/\/elinformativotam.com\/wp-content\/uploads\/2024\/03\/Jaibas.jpeg","width":701,"height":437},{"@type":"WebSite","@id":"https:\/\/elinformativotam.com\/#website","url":"https:\/\/elinformativotam.com\/","name":"EL INFORMATIVO DE TAMAULIPAS","description":"Desde la Zona Metropolitana Para Todo M\u00e9xico","publisher":{"@id":"https:\/\/elinformativotam.com\/#organization"},"potentialAction":[{"@type":"SearchAction","target":{"@type":"EntryPoint","urlTemplate":"https:\/\/elinformativotam.com\/?s={search_term_string}"},"query-input":{"@type":"PropertyValueSpecification","valueRequired":true,"valueName":"search_term_string"}}],"inLanguage":"es"},{"@type":"Organization","@id":"https:\/\/elinformativotam.com\/#organization","name":"EL INFORMATIVO DE TAMAULIPAS","url":"https:\/\/elinformativotam.com\/","logo":{"@type":"ImageObject","inLanguage":"es","@id":"https:\/\/elinformativotam.com\/#\/schema\/logo\/image\/","url":"https:\/\/elinformativotam.com\/wp-content\/uploads\/2026\/02\/Cabezal.png","contentUrl":"https:\/\/elinformativotam.com\/wp-content\/uploads\/2026\/02\/Cabezal.png","width":960,"height":640,"caption":"EL INFORMATIVO DE TAMAULIPAS"},"image":{"@id":"https:\/\/elinformativotam.com\/#\/schema\/logo\/image\/"}},{"@type":"Person","@id":"https:\/\/elinformativotam.com\/#\/schema\/person\/78e08040eed0f6110f0c5f83b6153590","name":"El Informativo Tam","image":{"@type":"ImageObject","inLanguage":"es","@id":"https:\/\/secure.gravatar.com\/avatar\/f3b7ad3af540688955925ac610647be00b0cf41feea9c4978b73a707ee86bc53?s=96&d=mm&r=g","url":"https:\/\/secure.gravatar.com\/avatar\/f3b7ad3af540688955925ac610647be00b0cf41feea9c4978b73a707ee86bc53?s=96&d=mm&r=g","contentUrl":"https:\/\/secure.gravatar.com\/avatar\/f3b7ad3af540688955925ac610647be00b0cf41feea9c4978b73a707ee86bc53?s=96&d=mm&r=g","caption":"El Informativo Tam"}}]}},"_links":{"self":[{"href":"https:\/\/elinformativotam.com\/index.php\/wp-json\/wp\/v2\/posts\/49612","targetHints":{"allow":["GET"]}}],"collection":[{"href":"https:\/\/elinformativotam.com\/index.php\/wp-json\/wp\/v2\/posts"}],"about":[{"href":"https:\/\/elinformativotam.com\/index.php\/wp-json\/wp\/v2\/types\/post"}],"author":[{"embeddable":true,"href":"https:\/\/elinformativotam.com\/index.php\/wp-json\/wp\/v2\/users\/1"}],"replies":[{"embeddable":true,"href":"https:\/\/elinformativotam.com\/index.php\/wp-json\/wp\/v2\/comments?post=49612"}],"version-history":[{"count":1,"href":"https:\/\/elinformativotam.com\/index.php\/wp-json\/wp\/v2\/posts\/49612\/revisions"}],"predecessor-version":[{"id":49613,"href":"https:\/\/elinformativotam.com\/index.php\/wp-json\/wp\/v2\/posts\/49612\/revisions\/49613"}],"wp:featuredmedia":[{"embeddable":true,"href":"https:\/\/elinformativotam.com\/index.php\/wp-json\/wp\/v2\/media\/49610"}],"wp:attachment":[{"href":"https:\/\/elinformativotam.com\/index.php\/wp-json\/wp\/v2\/media?parent=49612"}],"wp:term":[{"taxonomy":"category","embeddable":true,"href":"https:\/\/elinformativotam.com\/index.php\/wp-json\/wp\/v2\/categories?post=49612"},{"taxonomy":"post_tag","embeddable":true,"href":"https:\/\/elinformativotam.com\/index.php\/wp-json\/wp\/v2\/tags?post=49612"}],"curies":[{"name":"wp","href":"https:\/\/api.w.org\/{rel}","templated":true}]}}