{"id":49604,"date":"2024-03-12T08:54:01","date_gmt":"2024-03-12T14:54:01","guid":{"rendered":"https:\/\/elinformativotam.com\/?p=49604"},"modified":"2024-03-12T08:54:01","modified_gmt":"2024-03-12T14:54:01","slug":"defenderemos-el-patrimonio-y-la-soberania-de-nuestro-pais-adrian-oseguera","status":"publish","type":"post","link":"https:\/\/elinformativotam.com\/index.php\/2024\/03\/12\/defenderemos-el-patrimonio-y-la-soberania-de-nuestro-pais-adrian-oseguera\/","title":{"rendered":"&#8220;DEFENDEREMOS EL PATRIMONIO Y LA SOBERAN\u00cdA DE NUESTRO PA\u00cdS&#8221; ADRI\u00c1N OSEGUERA"},"content":{"rendered":"<p>Defender el patrimonio de los mexicanos, no permitir la privatizaci\u00f3n de los recursos naturales y que no pongan en riesgo la soberan\u00eda de nuestro pa\u00eds, son de las propuestas del candidato a la diputaci\u00f3n federal de la alianza Morena PT Partido Verde por el Distrito 8, Adri\u00e1n Oseguera Kernion.<\/p>\n<p>&nbsp;<\/p>\n<p>En referencia a la reciente propuesta de la candidata presidencial del Frente Amplio por M\u00e9xico Xochilt G\u00e1lvez, de cerrar las refiner\u00edas de Cadereyta Nuevo Le\u00f3n y la de &#8220;Tampico\u201d aunque se est\u00e1 refiri\u00e9ndo a la de Ciudad Madero en Tamaulipas, Adri\u00e1n Oseguera dijo que de ninguna manera lo iban a permitir, lamentando adem\u00e1s que desconozca la ubicaci\u00f3n de refiner\u00eda Francisco I Madero situada en la urbe petrolera.<\/p>\n<p>&nbsp;<\/p>\n<p>&#8220;Es una mala y lamentable su propuesta, respeto a todos y todas, pero no tiene noci\u00f3n ni de d\u00f3nde se encuentra la refiner\u00eda. La refiner\u00eda est\u00e1 en Ciudad Madero, fundada en 1914, por si no sabe la candidata, es una refiner\u00eda que no contamina y ha sido modernizada, as\u00ed que no representa un riesgo&#8221; se\u00f1al\u00f3 el aspirante legislativo de la coalici\u00f3n &#8220;Juntos Sigamos Haciendo Historia&#8221;.<\/p>\n<p>&nbsp;<\/p>\n<p>De cerrar las refiner\u00edas como lo propone Xochilt G\u00e1lvez, dijo Oseguera Kernion &#8220;No va a pasar porque no va a ganar, dice haber recorrido el pa\u00eds, pero denota que no conoce. &#8220;AMLO vivi\u00f3 aqu\u00ed, tiene familia aqu\u00ed, \u00e9l conoce bien la zona conurbada, el pa\u00eds, conoce donde est\u00e1 playa Miramar. La candidata no conoce, es la realidad&#8221;.<\/p>\n<p>&nbsp;<\/p>\n<p>Tambi\u00e9n destac\u00f3 que s\u00f3lo de imaginar el cierre de una refiner\u00eda, representa un riesgo y un golpe econ\u00f3mico, as\u00ed como el desempleo de miles de obreros. &#8220;Estuvo detenida dos a\u00f1os y en esos dos a\u00f1os, el presidente L\u00f3pez Obrador la ech\u00f3 andar&#8221;.<\/p>\n<p>&nbsp;<\/p>\n<p>&#8220;Como diputados federales no vamos permitir por ning\u00fan motivo que su partido haga ese tipo de propuestas&#8221; asever\u00f3 Oseguera Kernion quien este lunes recorri\u00f3 con \u00e9xito las colonias Nacional, Campbell, Ramos y Cascajal del municipio porte\u00f1o junto a su suplente Jes\u00fas Altamirano.<\/p>\n","protected":false},"excerpt":{"rendered":"<p>Defender el patrimonio de los mexicanos, no permitir la privatizaci\u00f3n de los recursos naturales y que no pongan en riesgo&hellip;<\/p>\n","protected":false},"author":1,"featured_media":49605,"comment_status":"open","ping_status":"open","sticky":false,"template":"","format":"standard","meta":{"footnotes":""},"categories":[3],"tags":[],"class_list":["post-49604","post","type-post","status-publish","format-standard","has-post-thumbnail","hentry","category-tampico"],"yoast_head":"<!-- This site is optimized with the Yoast SEO plugin v27.5 - https:\/\/yoast.com\/product\/yoast-seo-wordpress\/ -->\n<title>&quot;DEFENDEREMOS EL PATRIMONIO Y LA SOBERAN\u00cdA DE NUESTRO PA\u00cdS&quot; ADRI\u00c1N OSEGUERA - EL INFORMATIVO DE TAMAULIPAS<\/title>\n<meta name=\"description\" content=\"Defender el patrimonio de los mexicanos, no permitir la privatizaci\u00f3n de los recursos naturales y que no pongan en riesgo la soberan\u00eda de nuestro pa\u00eds,\" \/>\n<meta name=\"robots\" content=\"index, follow, max-snippet:-1, max-image-preview:large, max-video-preview:-1\" \/>\n<link rel=\"canonical\" href=\"https:\/\/elinformativotam.com\/index.php\/2024\/03\/12\/defenderemos-el-patrimonio-y-la-soberania-de-nuestro-pais-adrian-oseguera\/\" \/>\n<meta property=\"og:locale\" content=\"es_MX\" \/>\n<meta property=\"og:type\" content=\"article\" \/>\n<meta property=\"og:title\" content=\"&quot;DEFENDEREMOS EL PATRIMONIO Y LA SOBERAN\u00cdA DE NUESTRO PA\u00cdS&quot; ADRI\u00c1N OSEGUERA - EL INFORMATIVO DE TAMAULIPAS\" \/>\n<meta property=\"og:description\" content=\"Defender el patrimonio de los mexicanos, no permitir la privatizaci\u00f3n de los recursos naturales y que no pongan en riesgo la soberan\u00eda de nuestro pa\u00eds,\" \/>\n<meta property=\"og:url\" content=\"https:\/\/elinformativotam.com\/index.php\/2024\/03\/12\/defenderemos-el-patrimonio-y-la-soberania-de-nuestro-pais-adrian-oseguera\/\" \/>\n<meta property=\"og:site_name\" content=\"EL INFORMATIVO DE TAMAULIPAS\" \/>\n<meta property=\"article:published_time\" content=\"2024-03-12T14:54:01+00:00\" \/>\n<meta property=\"og:image\" content=\"https:\/\/elinformativotam.com\/wp-content\/uploads\/2024\/03\/Defensa.jpg\" \/>\n\t<meta property=\"og:image:width\" content=\"1600\" \/>\n\t<meta property=\"og:image:height\" content=\"1066\" \/>\n\t<meta property=\"og:image:type\" content=\"image\/jpeg\" \/>\n<meta name=\"author\" content=\"El Informativo Tam\" \/>\n<meta name=\"twitter:card\" content=\"summary_large_image\" \/>\n<meta name=\"twitter:label1\" content=\"Escrito por\" \/>\n\t<meta name=\"twitter:data1\" content=\"El Informativo Tam\" \/>\n\t<meta name=\"twitter:label2\" content=\"Tiempo de lectura\" \/>\n\t<meta name=\"twitter:data2\" content=\"2 minutos\" \/>\n<script type=\"application\/ld+json\" class=\"yoast-schema-graph\">{\"@context\":\"https:\\\/\\\/schema.org\",\"@graph\":[{\"@type\":\"Article\",\"@id\":\"https:\\\/\\\/elinformativotam.com\\\/index.php\\\/2024\\\/03\\\/12\\\/defenderemos-el-patrimonio-y-la-soberania-de-nuestro-pais-adrian-oseguera\\\/#article\",\"isPartOf\":{\"@id\":\"https:\\\/\\\/elinformativotam.com\\\/index.php\\\/2024\\\/03\\\/12\\\/defenderemos-el-patrimonio-y-la-soberania-de-nuestro-pais-adrian-oseguera\\\/\"},\"author\":{\"name\":\"El Informativo Tam\",\"@id\":\"https:\\\/\\\/elinformativotam.com\\\/#\\\/schema\\\/person\\\/78e08040eed0f6110f0c5f83b6153590\"},\"headline\":\"&#8220;DEFENDEREMOS EL PATRIMONIO Y LA SOBERAN\u00cdA DE NUESTRO PA\u00cdS&#8221; ADRI\u00c1N OSEGUERA\",\"datePublished\":\"2024-03-12T14:54:01+00:00\",\"mainEntityOfPage\":{\"@id\":\"https:\\\/\\\/elinformativotam.com\\\/index.php\\\/2024\\\/03\\\/12\\\/defenderemos-el-patrimonio-y-la-soberania-de-nuestro-pais-adrian-oseguera\\\/\"},\"wordCount\":374,\"commentCount\":0,\"publisher\":{\"@id\":\"https:\\\/\\\/elinformativotam.com\\\/#organization\"},\"image\":{\"@id\":\"https:\\\/\\\/elinformativotam.com\\\/index.php\\\/2024\\\/03\\\/12\\\/defenderemos-el-patrimonio-y-la-soberania-de-nuestro-pais-adrian-oseguera\\\/#primaryimage\"},\"thumbnailUrl\":\"https:\\\/\\\/elinformativotam.com\\\/wp-content\\\/uploads\\\/2024\\\/03\\\/Defensa.jpg\",\"articleSection\":[\"Tampico\"],\"inLanguage\":\"es\",\"potentialAction\":[{\"@type\":\"CommentAction\",\"name\":\"Comment\",\"target\":[\"https:\\\/\\\/elinformativotam.com\\\/index.php\\\/2024\\\/03\\\/12\\\/defenderemos-el-patrimonio-y-la-soberania-de-nuestro-pais-adrian-oseguera\\\/#respond\"]}]},{\"@type\":\"WebPage\",\"@id\":\"https:\\\/\\\/elinformativotam.com\\\/index.php\\\/2024\\\/03\\\/12\\\/defenderemos-el-patrimonio-y-la-soberania-de-nuestro-pais-adrian-oseguera\\\/\",\"url\":\"https:\\\/\\\/elinformativotam.com\\\/index.php\\\/2024\\\/03\\\/12\\\/defenderemos-el-patrimonio-y-la-soberania-de-nuestro-pais-adrian-oseguera\\\/\",\"name\":\"\\\"DEFENDEREMOS EL PATRIMONIO Y LA SOBERAN\u00cdA DE NUESTRO PA\u00cdS\\\" ADRI\u00c1N OSEGUERA - EL INFORMATIVO DE TAMAULIPAS\",\"isPartOf\":{\"@id\":\"https:\\\/\\\/elinformativotam.com\\\/#website\"},\"primaryImageOfPage\":{\"@id\":\"https:\\\/\\\/elinformativotam.com\\\/index.php\\\/2024\\\/03\\\/12\\\/defenderemos-el-patrimonio-y-la-soberania-de-nuestro-pais-adrian-oseguera\\\/#primaryimage\"},\"image\":{\"@id\":\"https:\\\/\\\/elinformativotam.com\\\/index.php\\\/2024\\\/03\\\/12\\\/defenderemos-el-patrimonio-y-la-soberania-de-nuestro-pais-adrian-oseguera\\\/#primaryimage\"},\"thumbnailUrl\":\"https:\\\/\\\/elinformativotam.com\\\/wp-content\\\/uploads\\\/2024\\\/03\\\/Defensa.jpg\",\"datePublished\":\"2024-03-12T14:54:01+00:00\",\"description\":\"Defender el patrimonio de los mexicanos, no permitir la privatizaci\u00f3n de los recursos naturales y que no pongan en riesgo la soberan\u00eda de nuestro pa\u00eds,\",\"inLanguage\":\"es\",\"potentialAction\":[{\"@type\":\"ReadAction\",\"target\":[\"https:\\\/\\\/elinformativotam.com\\\/index.php\\\/2024\\\/03\\\/12\\\/defenderemos-el-patrimonio-y-la-soberania-de-nuestro-pais-adrian-oseguera\\\/\"]}]},{\"@type\":\"ImageObject\",\"inLanguage\":\"es\",\"@id\":\"https:\\\/\\\/elinformativotam.com\\\/index.php\\\/2024\\\/03\\\/12\\\/defenderemos-el-patrimonio-y-la-soberania-de-nuestro-pais-adrian-oseguera\\\/#primaryimage\",\"url\":\"https:\\\/\\\/elinformativotam.com\\\/wp-content\\\/uploads\\\/2024\\\/03\\\/Defensa.jpg\",\"contentUrl\":\"https:\\\/\\\/elinformativotam.com\\\/wp-content\\\/uploads\\\/2024\\\/03\\\/Defensa.jpg\",\"width\":1600,\"height\":1066},{\"@type\":\"WebSite\",\"@id\":\"https:\\\/\\\/elinformativotam.com\\\/#website\",\"url\":\"https:\\\/\\\/elinformativotam.com\\\/\",\"name\":\"EL INFORMATIVO DE TAMAULIPAS\",\"description\":\"Desde la Zona Metropolitana Para Todo M\u00e9xico\",\"publisher\":{\"@id\":\"https:\\\/\\\/elinformativotam.com\\\/#organization\"},\"potentialAction\":[{\"@type\":\"SearchAction\",\"target\":{\"@type\":\"EntryPoint\",\"urlTemplate\":\"https:\\\/\\\/elinformativotam.com\\\/?s={search_term_string}\"},\"query-input\":{\"@type\":\"PropertyValueSpecification\",\"valueRequired\":true,\"valueName\":\"search_term_string\"}}],\"inLanguage\":\"es\"},{\"@type\":\"Organization\",\"@id\":\"https:\\\/\\\/elinformativotam.com\\\/#organization\",\"name\":\"EL INFORMATIVO DE TAMAULIPAS\",\"url\":\"https:\\\/\\\/elinformativotam.com\\\/\",\"logo\":{\"@type\":\"ImageObject\",\"inLanguage\":\"es\",\"@id\":\"https:\\\/\\\/elinformativotam.com\\\/#\\\/schema\\\/logo\\\/image\\\/\",\"url\":\"https:\\\/\\\/elinformativotam.com\\\/wp-content\\\/uploads\\\/2026\\\/02\\\/Cabezal.png\",\"contentUrl\":\"https:\\\/\\\/elinformativotam.com\\\/wp-content\\\/uploads\\\/2026\\\/02\\\/Cabezal.png\",\"width\":960,\"height\":640,\"caption\":\"EL INFORMATIVO DE TAMAULIPAS\"},\"image\":{\"@id\":\"https:\\\/\\\/elinformativotam.com\\\/#\\\/schema\\\/logo\\\/image\\\/\"}},{\"@type\":\"Person\",\"@id\":\"https:\\\/\\\/elinformativotam.com\\\/#\\\/schema\\\/person\\\/78e08040eed0f6110f0c5f83b6153590\",\"name\":\"El Informativo Tam\",\"image\":{\"@type\":\"ImageObject\",\"inLanguage\":\"es\",\"@id\":\"https:\\\/\\\/secure.gravatar.com\\\/avatar\\\/f3b7ad3af540688955925ac610647be00b0cf41feea9c4978b73a707ee86bc53?s=96&d=mm&r=g\",\"url\":\"https:\\\/\\\/secure.gravatar.com\\\/avatar\\\/f3b7ad3af540688955925ac610647be00b0cf41feea9c4978b73a707ee86bc53?s=96&d=mm&r=g\",\"contentUrl\":\"https:\\\/\\\/secure.gravatar.com\\\/avatar\\\/f3b7ad3af540688955925ac610647be00b0cf41feea9c4978b73a707ee86bc53?s=96&d=mm&r=g\",\"caption\":\"El Informativo Tam\"}}]}<\/script>\n<!-- \/ Yoast SEO plugin. -->","yoast_head_json":{"title":"\"DEFENDEREMOS EL PATRIMONIO Y LA SOBERAN\u00cdA DE NUESTRO PA\u00cdS\" ADRI\u00c1N OSEGUERA - EL INFORMATIVO DE TAMAULIPAS","description":"Defender el patrimonio de los mexicanos, no permitir la privatizaci\u00f3n de los recursos naturales y que no pongan en riesgo la soberan\u00eda de nuestro pa\u00eds,","robots":{"index":"index","follow":"follow","max-snippet":"max-snippet:-1","max-image-preview":"max-image-preview:large","max-video-preview":"max-video-preview:-1"},"canonical":"https:\/\/elinformativotam.com\/index.php\/2024\/03\/12\/defenderemos-el-patrimonio-y-la-soberania-de-nuestro-pais-adrian-oseguera\/","og_locale":"es_MX","og_type":"article","og_title":"\"DEFENDEREMOS EL PATRIMONIO Y LA SOBERAN\u00cdA DE NUESTRO PA\u00cdS\" ADRI\u00c1N OSEGUERA - EL INFORMATIVO DE TAMAULIPAS","og_description":"Defender el patrimonio de los mexicanos, no permitir la privatizaci\u00f3n de los recursos naturales y que no pongan en riesgo la soberan\u00eda de nuestro pa\u00eds,","og_url":"https:\/\/elinformativotam.com\/index.php\/2024\/03\/12\/defenderemos-el-patrimonio-y-la-soberania-de-nuestro-pais-adrian-oseguera\/","og_site_name":"EL INFORMATIVO DE TAMAULIPAS","article_published_time":"2024-03-12T14:54:01+00:00","og_image":[{"width":1600,"height":1066,"url":"https:\/\/elinformativotam.com\/wp-content\/uploads\/2024\/03\/Defensa.jpg","type":"image\/jpeg"}],"author":"El Informativo Tam","twitter_card":"summary_large_image","twitter_misc":{"Escrito por":"El Informativo Tam","Tiempo de lectura":"2 minutos"},"schema":{"@context":"https:\/\/schema.org","@graph":[{"@type":"Article","@id":"https:\/\/elinformativotam.com\/index.php\/2024\/03\/12\/defenderemos-el-patrimonio-y-la-soberania-de-nuestro-pais-adrian-oseguera\/#article","isPartOf":{"@id":"https:\/\/elinformativotam.com\/index.php\/2024\/03\/12\/defenderemos-el-patrimonio-y-la-soberania-de-nuestro-pais-adrian-oseguera\/"},"author":{"name":"El Informativo Tam","@id":"https:\/\/elinformativotam.com\/#\/schema\/person\/78e08040eed0f6110f0c5f83b6153590"},"headline":"&#8220;DEFENDEREMOS EL PATRIMONIO Y LA SOBERAN\u00cdA DE NUESTRO PA\u00cdS&#8221; ADRI\u00c1N OSEGUERA","datePublished":"2024-03-12T14:54:01+00:00","mainEntityOfPage":{"@id":"https:\/\/elinformativotam.com\/index.php\/2024\/03\/12\/defenderemos-el-patrimonio-y-la-soberania-de-nuestro-pais-adrian-oseguera\/"},"wordCount":374,"commentCount":0,"publisher":{"@id":"https:\/\/elinformativotam.com\/#organization"},"image":{"@id":"https:\/\/elinformativotam.com\/index.php\/2024\/03\/12\/defenderemos-el-patrimonio-y-la-soberania-de-nuestro-pais-adrian-oseguera\/#primaryimage"},"thumbnailUrl":"https:\/\/elinformativotam.com\/wp-content\/uploads\/2024\/03\/Defensa.jpg","articleSection":["Tampico"],"inLanguage":"es","potentialAction":[{"@type":"CommentAction","name":"Comment","target":["https:\/\/elinformativotam.com\/index.php\/2024\/03\/12\/defenderemos-el-patrimonio-y-la-soberania-de-nuestro-pais-adrian-oseguera\/#respond"]}]},{"@type":"WebPage","@id":"https:\/\/elinformativotam.com\/index.php\/2024\/03\/12\/defenderemos-el-patrimonio-y-la-soberania-de-nuestro-pais-adrian-oseguera\/","url":"https:\/\/elinformativotam.com\/index.php\/2024\/03\/12\/defenderemos-el-patrimonio-y-la-soberania-de-nuestro-pais-adrian-oseguera\/","name":"\"DEFENDEREMOS EL PATRIMONIO Y LA SOBERAN\u00cdA DE NUESTRO PA\u00cdS\" ADRI\u00c1N OSEGUERA - EL INFORMATIVO DE TAMAULIPAS","isPartOf":{"@id":"https:\/\/elinformativotam.com\/#website"},"primaryImageOfPage":{"@id":"https:\/\/elinformativotam.com\/index.php\/2024\/03\/12\/defenderemos-el-patrimonio-y-la-soberania-de-nuestro-pais-adrian-oseguera\/#primaryimage"},"image":{"@id":"https:\/\/elinformativotam.com\/index.php\/2024\/03\/12\/defenderemos-el-patrimonio-y-la-soberania-de-nuestro-pais-adrian-oseguera\/#primaryimage"},"thumbnailUrl":"https:\/\/elinformativotam.com\/wp-content\/uploads\/2024\/03\/Defensa.jpg","datePublished":"2024-03-12T14:54:01+00:00","description":"Defender el patrimonio de los mexicanos, no permitir la privatizaci\u00f3n de los recursos naturales y que no pongan en riesgo la soberan\u00eda de nuestro pa\u00eds,","inLanguage":"es","potentialAction":[{"@type":"ReadAction","target":["https:\/\/elinformativotam.com\/index.php\/2024\/03\/12\/defenderemos-el-patrimonio-y-la-soberania-de-nuestro-pais-adrian-oseguera\/"]}]},{"@type":"ImageObject","inLanguage":"es","@id":"https:\/\/elinformativotam.com\/index.php\/2024\/03\/12\/defenderemos-el-patrimonio-y-la-soberania-de-nuestro-pais-adrian-oseguera\/#primaryimage","url":"https:\/\/elinformativotam.com\/wp-content\/uploads\/2024\/03\/Defensa.jpg","contentUrl":"https:\/\/elinformativotam.com\/wp-content\/uploads\/2024\/03\/Defensa.jpg","width":1600,"height":1066},{"@type":"WebSite","@id":"https:\/\/elinformativotam.com\/#website","url":"https:\/\/elinformativotam.com\/","name":"EL INFORMATIVO DE TAMAULIPAS","description":"Desde la Zona Metropolitana Para Todo M\u00e9xico","publisher":{"@id":"https:\/\/elinformativotam.com\/#organization"},"potentialAction":[{"@type":"SearchAction","target":{"@type":"EntryPoint","urlTemplate":"https:\/\/elinformativotam.com\/?s={search_term_string}"},"query-input":{"@type":"PropertyValueSpecification","valueRequired":true,"valueName":"search_term_string"}}],"inLanguage":"es"},{"@type":"Organization","@id":"https:\/\/elinformativotam.com\/#organization","name":"EL INFORMATIVO DE TAMAULIPAS","url":"https:\/\/elinformativotam.com\/","logo":{"@type":"ImageObject","inLanguage":"es","@id":"https:\/\/elinformativotam.com\/#\/schema\/logo\/image\/","url":"https:\/\/elinformativotam.com\/wp-content\/uploads\/2026\/02\/Cabezal.png","contentUrl":"https:\/\/elinformativotam.com\/wp-content\/uploads\/2026\/02\/Cabezal.png","width":960,"height":640,"caption":"EL INFORMATIVO DE TAMAULIPAS"},"image":{"@id":"https:\/\/elinformativotam.com\/#\/schema\/logo\/image\/"}},{"@type":"Person","@id":"https:\/\/elinformativotam.com\/#\/schema\/person\/78e08040eed0f6110f0c5f83b6153590","name":"El Informativo Tam","image":{"@type":"ImageObject","inLanguage":"es","@id":"https:\/\/secure.gravatar.com\/avatar\/f3b7ad3af540688955925ac610647be00b0cf41feea9c4978b73a707ee86bc53?s=96&d=mm&r=g","url":"https:\/\/secure.gravatar.com\/avatar\/f3b7ad3af540688955925ac610647be00b0cf41feea9c4978b73a707ee86bc53?s=96&d=mm&r=g","contentUrl":"https:\/\/secure.gravatar.com\/avatar\/f3b7ad3af540688955925ac610647be00b0cf41feea9c4978b73a707ee86bc53?s=96&d=mm&r=g","caption":"El Informativo Tam"}}]}},"_links":{"self":[{"href":"https:\/\/elinformativotam.com\/index.php\/wp-json\/wp\/v2\/posts\/49604","targetHints":{"allow":["GET"]}}],"collection":[{"href":"https:\/\/elinformativotam.com\/index.php\/wp-json\/wp\/v2\/posts"}],"about":[{"href":"https:\/\/elinformativotam.com\/index.php\/wp-json\/wp\/v2\/types\/post"}],"author":[{"embeddable":true,"href":"https:\/\/elinformativotam.com\/index.php\/wp-json\/wp\/v2\/users\/1"}],"replies":[{"embeddable":true,"href":"https:\/\/elinformativotam.com\/index.php\/wp-json\/wp\/v2\/comments?post=49604"}],"version-history":[{"count":1,"href":"https:\/\/elinformativotam.com\/index.php\/wp-json\/wp\/v2\/posts\/49604\/revisions"}],"predecessor-version":[{"id":49606,"href":"https:\/\/elinformativotam.com\/index.php\/wp-json\/wp\/v2\/posts\/49604\/revisions\/49606"}],"wp:featuredmedia":[{"embeddable":true,"href":"https:\/\/elinformativotam.com\/index.php\/wp-json\/wp\/v2\/media\/49605"}],"wp:attachment":[{"href":"https:\/\/elinformativotam.com\/index.php\/wp-json\/wp\/v2\/media?parent=49604"}],"wp:term":[{"taxonomy":"category","embeddable":true,"href":"https:\/\/elinformativotam.com\/index.php\/wp-json\/wp\/v2\/categories?post=49604"},{"taxonomy":"post_tag","embeddable":true,"href":"https:\/\/elinformativotam.com\/index.php\/wp-json\/wp\/v2\/tags?post=49604"}],"curies":[{"name":"wp","href":"https:\/\/api.w.org\/{rel}","templated":true}]}}