{"id":49597,"date":"2024-03-11T21:15:14","date_gmt":"2024-03-12T03:15:14","guid":{"rendered":"https:\/\/elinformativotam.com\/?p=49597"},"modified":"2024-03-11T21:15:14","modified_gmt":"2024-03-12T03:15:14","slug":"piden-destitucion-de-directora-del-instituto-tecnologico-de-altamira","status":"publish","type":"post","link":"https:\/\/elinformativotam.com\/index.php\/2024\/03\/11\/piden-destitucion-de-directora-del-instituto-tecnologico-de-altamira\/","title":{"rendered":"PIDEN DESTITUCI\u00d3N DE DIRECTORA DEL INSTITUTO TECNOL\u00d3GICO DE ALTAMIRA"},"content":{"rendered":"<p>Altamira, Tamps.- Alumnos del Instituto Tecnol\u00f3gico de Altamira (ITA) se manifestaron cerrando la carretera Tampico-Mante exigiendo la salida de la directora, debido a varias anomal\u00edas que se registran en el plantel y que incluso se hicieron ver primeramente por los maestros de este lugar.<\/p>\n<p>&nbsp;<\/p>\n<p>Paola Cervantes, alumna de la instituci\u00f3n expuso que el plantel est\u00e1 en decadencia, pues en el caso de las aulas est\u00e1n sucias, adem\u00e1s que no cuentan con una cooperativa, antes contaban con una casita de madera, que aunque no estaba al cien, m\u00ednimo no ten\u00edan que salir del plantel y exponerse.<\/p>\n<p>&nbsp;<\/p>\n<p>\u201cNos quitaron la cooperativa que aunque era muy chica de casa de madera, no ten\u00edamos la necesidad de salir a la carretera a exponernos, a comer comida de la calle, donde varios compa\u00f1eros ya se han enfermado\u201d, coment\u00f3.<\/p>\n","protected":false},"excerpt":{"rendered":"<p>Altamira, Tamps.- Alumnos del Instituto Tecnol\u00f3gico de Altamira (ITA) se manifestaron cerrando la carretera Tampico-Mante exigiendo la salida de la&hellip;<\/p>\n","protected":false},"author":1,"featured_media":49598,"comment_status":"open","ping_status":"open","sticky":false,"template":"","format":"standard","meta":{"footnotes":""},"categories":[5],"tags":[],"class_list":["post-49597","post","type-post","status-publish","format-standard","has-post-thumbnail","hentry","category-altamira"],"yoast_head":"<!-- This site is optimized with the Yoast SEO plugin v27.5 - https:\/\/yoast.com\/product\/yoast-seo-wordpress\/ -->\n<title>PIDEN DESTITUCI\u00d3N DE DIRECTORA DEL INSTITUTO TECNOL\u00d3GICO DE ALTAMIRA - EL INFORMATIVO DE TAMAULIPAS<\/title>\n<meta name=\"description\" content=\"Altamira, Tamps.- Alumnos del Instituto Tecnol\u00f3gico de Altamira (ITA) se manifestaron cerrando la carretera Tampico-Mante exigiendo la salida de la\" \/>\n<meta name=\"robots\" content=\"index, follow, max-snippet:-1, max-image-preview:large, max-video-preview:-1\" \/>\n<link rel=\"canonical\" href=\"https:\/\/elinformativotam.com\/index.php\/2024\/03\/11\/piden-destitucion-de-directora-del-instituto-tecnologico-de-altamira\/\" \/>\n<meta property=\"og:locale\" content=\"es_MX\" \/>\n<meta property=\"og:type\" content=\"article\" \/>\n<meta property=\"og:title\" content=\"PIDEN DESTITUCI\u00d3N DE DIRECTORA DEL INSTITUTO TECNOL\u00d3GICO DE ALTAMIRA - EL INFORMATIVO DE TAMAULIPAS\" \/>\n<meta property=\"og:description\" content=\"Altamira, Tamps.- Alumnos del Instituto Tecnol\u00f3gico de Altamira (ITA) se manifestaron cerrando la carretera Tampico-Mante exigiendo la salida de la\" \/>\n<meta property=\"og:url\" content=\"https:\/\/elinformativotam.com\/index.php\/2024\/03\/11\/piden-destitucion-de-directora-del-instituto-tecnologico-de-altamira\/\" \/>\n<meta property=\"og:site_name\" content=\"EL INFORMATIVO DE TAMAULIPAS\" \/>\n<meta property=\"article:published_time\" content=\"2024-03-12T03:15:14+00:00\" \/>\n<meta property=\"og:image\" content=\"https:\/\/elinformativotam.com\/wp-content\/uploads\/2024\/03\/Tec.jpeg\" \/>\n\t<meta property=\"og:image:width\" content=\"1600\" \/>\n\t<meta property=\"og:image:height\" content=\"1200\" \/>\n\t<meta property=\"og:image:type\" content=\"image\/jpeg\" \/>\n<meta name=\"author\" content=\"El Informativo Tam\" \/>\n<meta name=\"twitter:card\" content=\"summary_large_image\" \/>\n<meta name=\"twitter:label1\" content=\"Escrito por\" \/>\n\t<meta name=\"twitter:data1\" content=\"El Informativo Tam\" \/>\n\t<meta name=\"twitter:label2\" content=\"Tiempo de lectura\" \/>\n\t<meta name=\"twitter:data2\" content=\"1 minuto\" \/>\n<script type=\"application\/ld+json\" class=\"yoast-schema-graph\">{\"@context\":\"https:\\\/\\\/schema.org\",\"@graph\":[{\"@type\":\"Article\",\"@id\":\"https:\\\/\\\/elinformativotam.com\\\/index.php\\\/2024\\\/03\\\/11\\\/piden-destitucion-de-directora-del-instituto-tecnologico-de-altamira\\\/#article\",\"isPartOf\":{\"@id\":\"https:\\\/\\\/elinformativotam.com\\\/index.php\\\/2024\\\/03\\\/11\\\/piden-destitucion-de-directora-del-instituto-tecnologico-de-altamira\\\/\"},\"author\":{\"name\":\"El Informativo Tam\",\"@id\":\"https:\\\/\\\/elinformativotam.com\\\/#\\\/schema\\\/person\\\/78e08040eed0f6110f0c5f83b6153590\"},\"headline\":\"PIDEN DESTITUCI\u00d3N DE DIRECTORA DEL INSTITUTO TECNOL\u00d3GICO DE ALTAMIRA\",\"datePublished\":\"2024-03-12T03:15:14+00:00\",\"mainEntityOfPage\":{\"@id\":\"https:\\\/\\\/elinformativotam.com\\\/index.php\\\/2024\\\/03\\\/11\\\/piden-destitucion-de-directora-del-instituto-tecnologico-de-altamira\\\/\"},\"wordCount\":156,\"commentCount\":0,\"publisher\":{\"@id\":\"https:\\\/\\\/elinformativotam.com\\\/#organization\"},\"image\":{\"@id\":\"https:\\\/\\\/elinformativotam.com\\\/index.php\\\/2024\\\/03\\\/11\\\/piden-destitucion-de-directora-del-instituto-tecnologico-de-altamira\\\/#primaryimage\"},\"thumbnailUrl\":\"https:\\\/\\\/elinformativotam.com\\\/wp-content\\\/uploads\\\/2024\\\/03\\\/Tec.jpeg\",\"articleSection\":[\"Altamira\"],\"inLanguage\":\"es\",\"potentialAction\":[{\"@type\":\"CommentAction\",\"name\":\"Comment\",\"target\":[\"https:\\\/\\\/elinformativotam.com\\\/index.php\\\/2024\\\/03\\\/11\\\/piden-destitucion-de-directora-del-instituto-tecnologico-de-altamira\\\/#respond\"]}]},{\"@type\":\"WebPage\",\"@id\":\"https:\\\/\\\/elinformativotam.com\\\/index.php\\\/2024\\\/03\\\/11\\\/piden-destitucion-de-directora-del-instituto-tecnologico-de-altamira\\\/\",\"url\":\"https:\\\/\\\/elinformativotam.com\\\/index.php\\\/2024\\\/03\\\/11\\\/piden-destitucion-de-directora-del-instituto-tecnologico-de-altamira\\\/\",\"name\":\"PIDEN DESTITUCI\u00d3N DE DIRECTORA DEL INSTITUTO TECNOL\u00d3GICO DE ALTAMIRA - EL INFORMATIVO DE TAMAULIPAS\",\"isPartOf\":{\"@id\":\"https:\\\/\\\/elinformativotam.com\\\/#website\"},\"primaryImageOfPage\":{\"@id\":\"https:\\\/\\\/elinformativotam.com\\\/index.php\\\/2024\\\/03\\\/11\\\/piden-destitucion-de-directora-del-instituto-tecnologico-de-altamira\\\/#primaryimage\"},\"image\":{\"@id\":\"https:\\\/\\\/elinformativotam.com\\\/index.php\\\/2024\\\/03\\\/11\\\/piden-destitucion-de-directora-del-instituto-tecnologico-de-altamira\\\/#primaryimage\"},\"thumbnailUrl\":\"https:\\\/\\\/elinformativotam.com\\\/wp-content\\\/uploads\\\/2024\\\/03\\\/Tec.jpeg\",\"datePublished\":\"2024-03-12T03:15:14+00:00\",\"description\":\"Altamira, Tamps.- Alumnos del Instituto Tecnol\u00f3gico de Altamira (ITA) se manifestaron cerrando la carretera Tampico-Mante exigiendo la salida de la\",\"inLanguage\":\"es\",\"potentialAction\":[{\"@type\":\"ReadAction\",\"target\":[\"https:\\\/\\\/elinformativotam.com\\\/index.php\\\/2024\\\/03\\\/11\\\/piden-destitucion-de-directora-del-instituto-tecnologico-de-altamira\\\/\"]}]},{\"@type\":\"ImageObject\",\"inLanguage\":\"es\",\"@id\":\"https:\\\/\\\/elinformativotam.com\\\/index.php\\\/2024\\\/03\\\/11\\\/piden-destitucion-de-directora-del-instituto-tecnologico-de-altamira\\\/#primaryimage\",\"url\":\"https:\\\/\\\/elinformativotam.com\\\/wp-content\\\/uploads\\\/2024\\\/03\\\/Tec.jpeg\",\"contentUrl\":\"https:\\\/\\\/elinformativotam.com\\\/wp-content\\\/uploads\\\/2024\\\/03\\\/Tec.jpeg\",\"width\":1600,\"height\":1200},{\"@type\":\"WebSite\",\"@id\":\"https:\\\/\\\/elinformativotam.com\\\/#website\",\"url\":\"https:\\\/\\\/elinformativotam.com\\\/\",\"name\":\"EL INFORMATIVO DE TAMAULIPAS\",\"description\":\"Desde la Zona Metropolitana Para Todo M\u00e9xico\",\"publisher\":{\"@id\":\"https:\\\/\\\/elinformativotam.com\\\/#organization\"},\"potentialAction\":[{\"@type\":\"SearchAction\",\"target\":{\"@type\":\"EntryPoint\",\"urlTemplate\":\"https:\\\/\\\/elinformativotam.com\\\/?s={search_term_string}\"},\"query-input\":{\"@type\":\"PropertyValueSpecification\",\"valueRequired\":true,\"valueName\":\"search_term_string\"}}],\"inLanguage\":\"es\"},{\"@type\":\"Organization\",\"@id\":\"https:\\\/\\\/elinformativotam.com\\\/#organization\",\"name\":\"EL INFORMATIVO DE TAMAULIPAS\",\"url\":\"https:\\\/\\\/elinformativotam.com\\\/\",\"logo\":{\"@type\":\"ImageObject\",\"inLanguage\":\"es\",\"@id\":\"https:\\\/\\\/elinformativotam.com\\\/#\\\/schema\\\/logo\\\/image\\\/\",\"url\":\"https:\\\/\\\/elinformativotam.com\\\/wp-content\\\/uploads\\\/2026\\\/02\\\/Cabezal.png\",\"contentUrl\":\"https:\\\/\\\/elinformativotam.com\\\/wp-content\\\/uploads\\\/2026\\\/02\\\/Cabezal.png\",\"width\":960,\"height\":640,\"caption\":\"EL INFORMATIVO DE TAMAULIPAS\"},\"image\":{\"@id\":\"https:\\\/\\\/elinformativotam.com\\\/#\\\/schema\\\/logo\\\/image\\\/\"}},{\"@type\":\"Person\",\"@id\":\"https:\\\/\\\/elinformativotam.com\\\/#\\\/schema\\\/person\\\/78e08040eed0f6110f0c5f83b6153590\",\"name\":\"El Informativo Tam\",\"image\":{\"@type\":\"ImageObject\",\"inLanguage\":\"es\",\"@id\":\"https:\\\/\\\/secure.gravatar.com\\\/avatar\\\/f3b7ad3af540688955925ac610647be00b0cf41feea9c4978b73a707ee86bc53?s=96&d=mm&r=g\",\"url\":\"https:\\\/\\\/secure.gravatar.com\\\/avatar\\\/f3b7ad3af540688955925ac610647be00b0cf41feea9c4978b73a707ee86bc53?s=96&d=mm&r=g\",\"contentUrl\":\"https:\\\/\\\/secure.gravatar.com\\\/avatar\\\/f3b7ad3af540688955925ac610647be00b0cf41feea9c4978b73a707ee86bc53?s=96&d=mm&r=g\",\"caption\":\"El Informativo Tam\"}}]}<\/script>\n<!-- \/ Yoast SEO plugin. -->","yoast_head_json":{"title":"PIDEN DESTITUCI\u00d3N DE DIRECTORA DEL INSTITUTO TECNOL\u00d3GICO DE ALTAMIRA - EL INFORMATIVO DE TAMAULIPAS","description":"Altamira, Tamps.- Alumnos del Instituto Tecnol\u00f3gico de Altamira (ITA) se manifestaron cerrando la carretera Tampico-Mante exigiendo la salida de la","robots":{"index":"index","follow":"follow","max-snippet":"max-snippet:-1","max-image-preview":"max-image-preview:large","max-video-preview":"max-video-preview:-1"},"canonical":"https:\/\/elinformativotam.com\/index.php\/2024\/03\/11\/piden-destitucion-de-directora-del-instituto-tecnologico-de-altamira\/","og_locale":"es_MX","og_type":"article","og_title":"PIDEN DESTITUCI\u00d3N DE DIRECTORA DEL INSTITUTO TECNOL\u00d3GICO DE ALTAMIRA - EL INFORMATIVO DE TAMAULIPAS","og_description":"Altamira, Tamps.- Alumnos del Instituto Tecnol\u00f3gico de Altamira (ITA) se manifestaron cerrando la carretera Tampico-Mante exigiendo la salida de la","og_url":"https:\/\/elinformativotam.com\/index.php\/2024\/03\/11\/piden-destitucion-de-directora-del-instituto-tecnologico-de-altamira\/","og_site_name":"EL INFORMATIVO DE TAMAULIPAS","article_published_time":"2024-03-12T03:15:14+00:00","og_image":[{"width":1600,"height":1200,"url":"https:\/\/elinformativotam.com\/wp-content\/uploads\/2024\/03\/Tec.jpeg","type":"image\/jpeg"}],"author":"El Informativo Tam","twitter_card":"summary_large_image","twitter_misc":{"Escrito por":"El Informativo Tam","Tiempo de lectura":"1 minuto"},"schema":{"@context":"https:\/\/schema.org","@graph":[{"@type":"Article","@id":"https:\/\/elinformativotam.com\/index.php\/2024\/03\/11\/piden-destitucion-de-directora-del-instituto-tecnologico-de-altamira\/#article","isPartOf":{"@id":"https:\/\/elinformativotam.com\/index.php\/2024\/03\/11\/piden-destitucion-de-directora-del-instituto-tecnologico-de-altamira\/"},"author":{"name":"El Informativo Tam","@id":"https:\/\/elinformativotam.com\/#\/schema\/person\/78e08040eed0f6110f0c5f83b6153590"},"headline":"PIDEN DESTITUCI\u00d3N DE DIRECTORA DEL INSTITUTO TECNOL\u00d3GICO DE ALTAMIRA","datePublished":"2024-03-12T03:15:14+00:00","mainEntityOfPage":{"@id":"https:\/\/elinformativotam.com\/index.php\/2024\/03\/11\/piden-destitucion-de-directora-del-instituto-tecnologico-de-altamira\/"},"wordCount":156,"commentCount":0,"publisher":{"@id":"https:\/\/elinformativotam.com\/#organization"},"image":{"@id":"https:\/\/elinformativotam.com\/index.php\/2024\/03\/11\/piden-destitucion-de-directora-del-instituto-tecnologico-de-altamira\/#primaryimage"},"thumbnailUrl":"https:\/\/elinformativotam.com\/wp-content\/uploads\/2024\/03\/Tec.jpeg","articleSection":["Altamira"],"inLanguage":"es","potentialAction":[{"@type":"CommentAction","name":"Comment","target":["https:\/\/elinformativotam.com\/index.php\/2024\/03\/11\/piden-destitucion-de-directora-del-instituto-tecnologico-de-altamira\/#respond"]}]},{"@type":"WebPage","@id":"https:\/\/elinformativotam.com\/index.php\/2024\/03\/11\/piden-destitucion-de-directora-del-instituto-tecnologico-de-altamira\/","url":"https:\/\/elinformativotam.com\/index.php\/2024\/03\/11\/piden-destitucion-de-directora-del-instituto-tecnologico-de-altamira\/","name":"PIDEN DESTITUCI\u00d3N DE DIRECTORA DEL INSTITUTO TECNOL\u00d3GICO DE ALTAMIRA - EL INFORMATIVO DE TAMAULIPAS","isPartOf":{"@id":"https:\/\/elinformativotam.com\/#website"},"primaryImageOfPage":{"@id":"https:\/\/elinformativotam.com\/index.php\/2024\/03\/11\/piden-destitucion-de-directora-del-instituto-tecnologico-de-altamira\/#primaryimage"},"image":{"@id":"https:\/\/elinformativotam.com\/index.php\/2024\/03\/11\/piden-destitucion-de-directora-del-instituto-tecnologico-de-altamira\/#primaryimage"},"thumbnailUrl":"https:\/\/elinformativotam.com\/wp-content\/uploads\/2024\/03\/Tec.jpeg","datePublished":"2024-03-12T03:15:14+00:00","description":"Altamira, Tamps.- Alumnos del Instituto Tecnol\u00f3gico de Altamira (ITA) se manifestaron cerrando la carretera Tampico-Mante exigiendo la salida de la","inLanguage":"es","potentialAction":[{"@type":"ReadAction","target":["https:\/\/elinformativotam.com\/index.php\/2024\/03\/11\/piden-destitucion-de-directora-del-instituto-tecnologico-de-altamira\/"]}]},{"@type":"ImageObject","inLanguage":"es","@id":"https:\/\/elinformativotam.com\/index.php\/2024\/03\/11\/piden-destitucion-de-directora-del-instituto-tecnologico-de-altamira\/#primaryimage","url":"https:\/\/elinformativotam.com\/wp-content\/uploads\/2024\/03\/Tec.jpeg","contentUrl":"https:\/\/elinformativotam.com\/wp-content\/uploads\/2024\/03\/Tec.jpeg","width":1600,"height":1200},{"@type":"WebSite","@id":"https:\/\/elinformativotam.com\/#website","url":"https:\/\/elinformativotam.com\/","name":"EL INFORMATIVO DE TAMAULIPAS","description":"Desde la Zona Metropolitana Para Todo M\u00e9xico","publisher":{"@id":"https:\/\/elinformativotam.com\/#organization"},"potentialAction":[{"@type":"SearchAction","target":{"@type":"EntryPoint","urlTemplate":"https:\/\/elinformativotam.com\/?s={search_term_string}"},"query-input":{"@type":"PropertyValueSpecification","valueRequired":true,"valueName":"search_term_string"}}],"inLanguage":"es"},{"@type":"Organization","@id":"https:\/\/elinformativotam.com\/#organization","name":"EL INFORMATIVO DE TAMAULIPAS","url":"https:\/\/elinformativotam.com\/","logo":{"@type":"ImageObject","inLanguage":"es","@id":"https:\/\/elinformativotam.com\/#\/schema\/logo\/image\/","url":"https:\/\/elinformativotam.com\/wp-content\/uploads\/2026\/02\/Cabezal.png","contentUrl":"https:\/\/elinformativotam.com\/wp-content\/uploads\/2026\/02\/Cabezal.png","width":960,"height":640,"caption":"EL INFORMATIVO DE TAMAULIPAS"},"image":{"@id":"https:\/\/elinformativotam.com\/#\/schema\/logo\/image\/"}},{"@type":"Person","@id":"https:\/\/elinformativotam.com\/#\/schema\/person\/78e08040eed0f6110f0c5f83b6153590","name":"El Informativo Tam","image":{"@type":"ImageObject","inLanguage":"es","@id":"https:\/\/secure.gravatar.com\/avatar\/f3b7ad3af540688955925ac610647be00b0cf41feea9c4978b73a707ee86bc53?s=96&d=mm&r=g","url":"https:\/\/secure.gravatar.com\/avatar\/f3b7ad3af540688955925ac610647be00b0cf41feea9c4978b73a707ee86bc53?s=96&d=mm&r=g","contentUrl":"https:\/\/secure.gravatar.com\/avatar\/f3b7ad3af540688955925ac610647be00b0cf41feea9c4978b73a707ee86bc53?s=96&d=mm&r=g","caption":"El Informativo Tam"}}]}},"_links":{"self":[{"href":"https:\/\/elinformativotam.com\/index.php\/wp-json\/wp\/v2\/posts\/49597","targetHints":{"allow":["GET"]}}],"collection":[{"href":"https:\/\/elinformativotam.com\/index.php\/wp-json\/wp\/v2\/posts"}],"about":[{"href":"https:\/\/elinformativotam.com\/index.php\/wp-json\/wp\/v2\/types\/post"}],"author":[{"embeddable":true,"href":"https:\/\/elinformativotam.com\/index.php\/wp-json\/wp\/v2\/users\/1"}],"replies":[{"embeddable":true,"href":"https:\/\/elinformativotam.com\/index.php\/wp-json\/wp\/v2\/comments?post=49597"}],"version-history":[{"count":1,"href":"https:\/\/elinformativotam.com\/index.php\/wp-json\/wp\/v2\/posts\/49597\/revisions"}],"predecessor-version":[{"id":49599,"href":"https:\/\/elinformativotam.com\/index.php\/wp-json\/wp\/v2\/posts\/49597\/revisions\/49599"}],"wp:featuredmedia":[{"embeddable":true,"href":"https:\/\/elinformativotam.com\/index.php\/wp-json\/wp\/v2\/media\/49598"}],"wp:attachment":[{"href":"https:\/\/elinformativotam.com\/index.php\/wp-json\/wp\/v2\/media?parent=49597"}],"wp:term":[{"taxonomy":"category","embeddable":true,"href":"https:\/\/elinformativotam.com\/index.php\/wp-json\/wp\/v2\/categories?post=49597"},{"taxonomy":"post_tag","embeddable":true,"href":"https:\/\/elinformativotam.com\/index.php\/wp-json\/wp\/v2\/tags?post=49597"}],"curies":[{"name":"wp","href":"https:\/\/api.w.org\/{rel}","templated":true}]}}