{"id":49595,"date":"2024-03-11T21:08:31","date_gmt":"2024-03-12T03:08:31","guid":{"rendered":"https:\/\/elinformativotam.com\/?p=49595"},"modified":"2024-03-11T21:08:31","modified_gmt":"2024-03-12T03:08:31","slug":"a-las-juventudes-les-debemos-garantizar-el-derecho-a-la-educacion-y-el-derecho-al-trabajo-olga-sosa","status":"publish","type":"post","link":"https:\/\/elinformativotam.com\/index.php\/2024\/03\/11\/a-las-juventudes-les-debemos-garantizar-el-derecho-a-la-educacion-y-el-derecho-al-trabajo-olga-sosa\/","title":{"rendered":"A LAS JUVENTUDES LES DEBEMOS GARANTIZAR EL DERECHO A LA EDUCACI\u00d3N Y EL DERECHO AL TRABAJO: OLGA SOSA."},"content":{"rendered":"<h2 style=\"text-align: center;\"><em><span style=\"font-family: 'times new roman', times;\">*Cientos De J\u00f3venes Tampique\u00f1os Respaldaron Las Propuestas De Los Candidatos De Morena Al Senado De La Rep\u00fablica.<\/span><\/em><\/h2>\n<p>&nbsp;<\/p>\n<p>Tampico.- &#8220;Las juventudes son la br\u00fajula que nos gu\u00eda hacia la construcci\u00f3n de una mejor sociedad&#8221;, as\u00ed se expres\u00f3 Olga Patricia Sosa Ruiz, durante su encuentro con cientos de j\u00f3venes universitarios de Tampico.<\/p>\n<p>&nbsp;<\/p>\n<p>La candidata al Senado por el partido Morena y su compa\u00f1ero de f\u00f3rmula JR G\u00f3mez Leal, presentaron sus propuestas ante este grupo significativo de estudiantes de nivel profesional, -en su mayor\u00eda, listos para incorporarse al sector productivo-, en este tenor los aspirante a la m\u00e1xima tribuna, resaltaron que el objetivo de la Cuarta\u00a0 Transformaci\u00f3n, es garantizar el porvenir de las actuales y futuras generaciones, de la mano de la Doctora Claudia Sheinbaum.<\/p>\n<p>&nbsp;<\/p>\n<p>&#8220;Su decisi\u00f3n y participaci\u00f3n en esta contienda electoral, es muy importante en la democracia del Pa\u00eds, por eso impulsaremos desde el Senado, la esperanza y\u00a0 sue\u00f1os de las juventudes&#8230; Olga Sosa y JR ser\u00e1n sus mejores aliados para llevar su voz a lo m\u00e1s alto del pa\u00eds&#8230; que retumbe en todo M\u00e9xico, la voz de las y los j\u00f3venes Tampique\u00f1os&#8221;, se\u00f1al\u00f3 Olga Sosa.<\/p>\n<p>&nbsp;<\/p>\n<p>La estudiante Rosario Franco dio la bienvenida a los candidatos de Morena,\u00a0 confirmando que las juventudes, son tambi\u00e9n protagonistas de la cuarta transformaci\u00f3n en Tamaulipas, dijo que sin duda\u00a0 Olga y JR, legislar\u00e1n en favor de mayores oportunidades laborales, espacios de expresi\u00f3n que den garant\u00eda a su salud, seguridad y educaci\u00f3n.<\/p>\n<p>&nbsp;<\/p>\n","protected":false},"excerpt":{"rendered":"<p>*Cientos De J\u00f3venes Tampique\u00f1os Respaldaron Las Propuestas De Los Candidatos De Morena Al Senado De La Rep\u00fablica. &nbsp; Tampico.- &#8220;Las&hellip;<\/p>\n","protected":false},"author":1,"featured_media":49592,"comment_status":"open","ping_status":"open","sticky":false,"template":"","format":"standard","meta":{"footnotes":""},"categories":[3],"tags":[],"class_list":["post-49595","post","type-post","status-publish","format-standard","has-post-thumbnail","hentry","category-tampico"],"yoast_head":"<!-- This site is optimized with the Yoast SEO plugin v27.5 - https:\/\/yoast.com\/product\/yoast-seo-wordpress\/ -->\n<title>A LAS JUVENTUDES LES DEBEMOS GARANTIZAR EL DERECHO A LA EDUCACI\u00d3N Y EL DERECHO AL TRABAJO: OLGA SOSA. - EL INFORMATIVO DE TAMAULIPAS<\/title>\n<meta name=\"description\" content=\"*Cientos De J\u00f3venes Tampique\u00f1os Respaldaron Las Propuestas De Los Candidatos De Morena Al Senado De La Rep\u00fablica. &nbsp; Tampico.- &quot;Las juventudes son la\" \/>\n<meta name=\"robots\" content=\"index, follow, max-snippet:-1, max-image-preview:large, max-video-preview:-1\" \/>\n<link rel=\"canonical\" href=\"https:\/\/elinformativotam.com\/index.php\/2024\/03\/11\/a-las-juventudes-les-debemos-garantizar-el-derecho-a-la-educacion-y-el-derecho-al-trabajo-olga-sosa\/\" \/>\n<meta property=\"og:locale\" content=\"es_MX\" \/>\n<meta property=\"og:type\" content=\"article\" \/>\n<meta property=\"og:title\" content=\"A LAS JUVENTUDES LES DEBEMOS GARANTIZAR EL DERECHO A LA EDUCACI\u00d3N Y EL DERECHO AL TRABAJO: OLGA SOSA. - EL INFORMATIVO DE TAMAULIPAS\" \/>\n<meta property=\"og:description\" content=\"*Cientos De J\u00f3venes Tampique\u00f1os Respaldaron Las Propuestas De Los Candidatos De Morena Al Senado De La Rep\u00fablica. &nbsp; Tampico.- &quot;Las juventudes son la\" \/>\n<meta property=\"og:url\" content=\"https:\/\/elinformativotam.com\/index.php\/2024\/03\/11\/a-las-juventudes-les-debemos-garantizar-el-derecho-a-la-educacion-y-el-derecho-al-trabajo-olga-sosa\/\" \/>\n<meta property=\"og:site_name\" content=\"EL INFORMATIVO DE TAMAULIPAS\" \/>\n<meta property=\"article:published_time\" content=\"2024-03-12T03:08:31+00:00\" \/>\n<meta property=\"og:image\" content=\"https:\/\/elinformativotam.com\/wp-content\/uploads\/2024\/03\/Garantizar.jpeg\" \/>\n\t<meta property=\"og:image:width\" content=\"1280\" \/>\n\t<meta property=\"og:image:height\" content=\"851\" \/>\n\t<meta property=\"og:image:type\" content=\"image\/jpeg\" \/>\n<meta name=\"author\" content=\"El Informativo Tam\" \/>\n<meta name=\"twitter:card\" content=\"summary_large_image\" \/>\n<meta name=\"twitter:label1\" content=\"Escrito por\" \/>\n\t<meta name=\"twitter:data1\" content=\"El Informativo Tam\" \/>\n\t<meta name=\"twitter:label2\" content=\"Tiempo de lectura\" \/>\n\t<meta name=\"twitter:data2\" content=\"2 minutos\" \/>\n<script type=\"application\/ld+json\" class=\"yoast-schema-graph\">{\"@context\":\"https:\\\/\\\/schema.org\",\"@graph\":[{\"@type\":\"Article\",\"@id\":\"https:\\\/\\\/elinformativotam.com\\\/index.php\\\/2024\\\/03\\\/11\\\/a-las-juventudes-les-debemos-garantizar-el-derecho-a-la-educacion-y-el-derecho-al-trabajo-olga-sosa\\\/#article\",\"isPartOf\":{\"@id\":\"https:\\\/\\\/elinformativotam.com\\\/index.php\\\/2024\\\/03\\\/11\\\/a-las-juventudes-les-debemos-garantizar-el-derecho-a-la-educacion-y-el-derecho-al-trabajo-olga-sosa\\\/\"},\"author\":{\"name\":\"El Informativo Tam\",\"@id\":\"https:\\\/\\\/elinformativotam.com\\\/#\\\/schema\\\/person\\\/78e08040eed0f6110f0c5f83b6153590\"},\"headline\":\"A LAS JUVENTUDES LES DEBEMOS GARANTIZAR EL DERECHO A LA EDUCACI\u00d3N Y EL DERECHO AL TRABAJO: OLGA SOSA.\",\"datePublished\":\"2024-03-12T03:08:31+00:00\",\"mainEntityOfPage\":{\"@id\":\"https:\\\/\\\/elinformativotam.com\\\/index.php\\\/2024\\\/03\\\/11\\\/a-las-juventudes-les-debemos-garantizar-el-derecho-a-la-educacion-y-el-derecho-al-trabajo-olga-sosa\\\/\"},\"wordCount\":291,\"commentCount\":0,\"publisher\":{\"@id\":\"https:\\\/\\\/elinformativotam.com\\\/#organization\"},\"image\":{\"@id\":\"https:\\\/\\\/elinformativotam.com\\\/index.php\\\/2024\\\/03\\\/11\\\/a-las-juventudes-les-debemos-garantizar-el-derecho-a-la-educacion-y-el-derecho-al-trabajo-olga-sosa\\\/#primaryimage\"},\"thumbnailUrl\":\"https:\\\/\\\/elinformativotam.com\\\/wp-content\\\/uploads\\\/2024\\\/03\\\/Garantizar.jpeg\",\"articleSection\":[\"Tampico\"],\"inLanguage\":\"es\",\"potentialAction\":[{\"@type\":\"CommentAction\",\"name\":\"Comment\",\"target\":[\"https:\\\/\\\/elinformativotam.com\\\/index.php\\\/2024\\\/03\\\/11\\\/a-las-juventudes-les-debemos-garantizar-el-derecho-a-la-educacion-y-el-derecho-al-trabajo-olga-sosa\\\/#respond\"]}]},{\"@type\":\"WebPage\",\"@id\":\"https:\\\/\\\/elinformativotam.com\\\/index.php\\\/2024\\\/03\\\/11\\\/a-las-juventudes-les-debemos-garantizar-el-derecho-a-la-educacion-y-el-derecho-al-trabajo-olga-sosa\\\/\",\"url\":\"https:\\\/\\\/elinformativotam.com\\\/index.php\\\/2024\\\/03\\\/11\\\/a-las-juventudes-les-debemos-garantizar-el-derecho-a-la-educacion-y-el-derecho-al-trabajo-olga-sosa\\\/\",\"name\":\"A LAS JUVENTUDES LES DEBEMOS GARANTIZAR EL DERECHO A LA EDUCACI\u00d3N Y EL DERECHO AL TRABAJO: OLGA SOSA. - EL INFORMATIVO DE TAMAULIPAS\",\"isPartOf\":{\"@id\":\"https:\\\/\\\/elinformativotam.com\\\/#website\"},\"primaryImageOfPage\":{\"@id\":\"https:\\\/\\\/elinformativotam.com\\\/index.php\\\/2024\\\/03\\\/11\\\/a-las-juventudes-les-debemos-garantizar-el-derecho-a-la-educacion-y-el-derecho-al-trabajo-olga-sosa\\\/#primaryimage\"},\"image\":{\"@id\":\"https:\\\/\\\/elinformativotam.com\\\/index.php\\\/2024\\\/03\\\/11\\\/a-las-juventudes-les-debemos-garantizar-el-derecho-a-la-educacion-y-el-derecho-al-trabajo-olga-sosa\\\/#primaryimage\"},\"thumbnailUrl\":\"https:\\\/\\\/elinformativotam.com\\\/wp-content\\\/uploads\\\/2024\\\/03\\\/Garantizar.jpeg\",\"datePublished\":\"2024-03-12T03:08:31+00:00\",\"description\":\"*Cientos De J\u00f3venes Tampique\u00f1os Respaldaron Las Propuestas De Los Candidatos De Morena Al Senado De La Rep\u00fablica. &nbsp; Tampico.- \\\"Las juventudes son la\",\"inLanguage\":\"es\",\"potentialAction\":[{\"@type\":\"ReadAction\",\"target\":[\"https:\\\/\\\/elinformativotam.com\\\/index.php\\\/2024\\\/03\\\/11\\\/a-las-juventudes-les-debemos-garantizar-el-derecho-a-la-educacion-y-el-derecho-al-trabajo-olga-sosa\\\/\"]}]},{\"@type\":\"ImageObject\",\"inLanguage\":\"es\",\"@id\":\"https:\\\/\\\/elinformativotam.com\\\/index.php\\\/2024\\\/03\\\/11\\\/a-las-juventudes-les-debemos-garantizar-el-derecho-a-la-educacion-y-el-derecho-al-trabajo-olga-sosa\\\/#primaryimage\",\"url\":\"https:\\\/\\\/elinformativotam.com\\\/wp-content\\\/uploads\\\/2024\\\/03\\\/Garantizar.jpeg\",\"contentUrl\":\"https:\\\/\\\/elinformativotam.com\\\/wp-content\\\/uploads\\\/2024\\\/03\\\/Garantizar.jpeg\",\"width\":1280,\"height\":851},{\"@type\":\"WebSite\",\"@id\":\"https:\\\/\\\/elinformativotam.com\\\/#website\",\"url\":\"https:\\\/\\\/elinformativotam.com\\\/\",\"name\":\"EL INFORMATIVO DE TAMAULIPAS\",\"description\":\"Desde la Zona Metropolitana Para Todo M\u00e9xico\",\"publisher\":{\"@id\":\"https:\\\/\\\/elinformativotam.com\\\/#organization\"},\"potentialAction\":[{\"@type\":\"SearchAction\",\"target\":{\"@type\":\"EntryPoint\",\"urlTemplate\":\"https:\\\/\\\/elinformativotam.com\\\/?s={search_term_string}\"},\"query-input\":{\"@type\":\"PropertyValueSpecification\",\"valueRequired\":true,\"valueName\":\"search_term_string\"}}],\"inLanguage\":\"es\"},{\"@type\":\"Organization\",\"@id\":\"https:\\\/\\\/elinformativotam.com\\\/#organization\",\"name\":\"EL INFORMATIVO DE TAMAULIPAS\",\"url\":\"https:\\\/\\\/elinformativotam.com\\\/\",\"logo\":{\"@type\":\"ImageObject\",\"inLanguage\":\"es\",\"@id\":\"https:\\\/\\\/elinformativotam.com\\\/#\\\/schema\\\/logo\\\/image\\\/\",\"url\":\"https:\\\/\\\/elinformativotam.com\\\/wp-content\\\/uploads\\\/2026\\\/02\\\/Cabezal.png\",\"contentUrl\":\"https:\\\/\\\/elinformativotam.com\\\/wp-content\\\/uploads\\\/2026\\\/02\\\/Cabezal.png\",\"width\":960,\"height\":640,\"caption\":\"EL INFORMATIVO DE TAMAULIPAS\"},\"image\":{\"@id\":\"https:\\\/\\\/elinformativotam.com\\\/#\\\/schema\\\/logo\\\/image\\\/\"}},{\"@type\":\"Person\",\"@id\":\"https:\\\/\\\/elinformativotam.com\\\/#\\\/schema\\\/person\\\/78e08040eed0f6110f0c5f83b6153590\",\"name\":\"El Informativo Tam\",\"image\":{\"@type\":\"ImageObject\",\"inLanguage\":\"es\",\"@id\":\"https:\\\/\\\/secure.gravatar.com\\\/avatar\\\/f3b7ad3af540688955925ac610647be00b0cf41feea9c4978b73a707ee86bc53?s=96&d=mm&r=g\",\"url\":\"https:\\\/\\\/secure.gravatar.com\\\/avatar\\\/f3b7ad3af540688955925ac610647be00b0cf41feea9c4978b73a707ee86bc53?s=96&d=mm&r=g\",\"contentUrl\":\"https:\\\/\\\/secure.gravatar.com\\\/avatar\\\/f3b7ad3af540688955925ac610647be00b0cf41feea9c4978b73a707ee86bc53?s=96&d=mm&r=g\",\"caption\":\"El Informativo Tam\"}}]}<\/script>\n<!-- \/ Yoast SEO plugin. -->","yoast_head_json":{"title":"A LAS JUVENTUDES LES DEBEMOS GARANTIZAR EL DERECHO A LA EDUCACI\u00d3N Y EL DERECHO AL TRABAJO: OLGA SOSA. - EL INFORMATIVO DE TAMAULIPAS","description":"*Cientos De J\u00f3venes Tampique\u00f1os Respaldaron Las Propuestas De Los Candidatos De Morena Al Senado De La Rep\u00fablica. &nbsp; Tampico.- \"Las juventudes son la","robots":{"index":"index","follow":"follow","max-snippet":"max-snippet:-1","max-image-preview":"max-image-preview:large","max-video-preview":"max-video-preview:-1"},"canonical":"https:\/\/elinformativotam.com\/index.php\/2024\/03\/11\/a-las-juventudes-les-debemos-garantizar-el-derecho-a-la-educacion-y-el-derecho-al-trabajo-olga-sosa\/","og_locale":"es_MX","og_type":"article","og_title":"A LAS JUVENTUDES LES DEBEMOS GARANTIZAR EL DERECHO A LA EDUCACI\u00d3N Y EL DERECHO AL TRABAJO: OLGA SOSA. - EL INFORMATIVO DE TAMAULIPAS","og_description":"*Cientos De J\u00f3venes Tampique\u00f1os Respaldaron Las Propuestas De Los Candidatos De Morena Al Senado De La Rep\u00fablica. &nbsp; Tampico.- \"Las juventudes son la","og_url":"https:\/\/elinformativotam.com\/index.php\/2024\/03\/11\/a-las-juventudes-les-debemos-garantizar-el-derecho-a-la-educacion-y-el-derecho-al-trabajo-olga-sosa\/","og_site_name":"EL INFORMATIVO DE TAMAULIPAS","article_published_time":"2024-03-12T03:08:31+00:00","og_image":[{"width":1280,"height":851,"url":"https:\/\/elinformativotam.com\/wp-content\/uploads\/2024\/03\/Garantizar.jpeg","type":"image\/jpeg"}],"author":"El Informativo Tam","twitter_card":"summary_large_image","twitter_misc":{"Escrito por":"El Informativo Tam","Tiempo de lectura":"2 minutos"},"schema":{"@context":"https:\/\/schema.org","@graph":[{"@type":"Article","@id":"https:\/\/elinformativotam.com\/index.php\/2024\/03\/11\/a-las-juventudes-les-debemos-garantizar-el-derecho-a-la-educacion-y-el-derecho-al-trabajo-olga-sosa\/#article","isPartOf":{"@id":"https:\/\/elinformativotam.com\/index.php\/2024\/03\/11\/a-las-juventudes-les-debemos-garantizar-el-derecho-a-la-educacion-y-el-derecho-al-trabajo-olga-sosa\/"},"author":{"name":"El Informativo Tam","@id":"https:\/\/elinformativotam.com\/#\/schema\/person\/78e08040eed0f6110f0c5f83b6153590"},"headline":"A LAS JUVENTUDES LES DEBEMOS GARANTIZAR EL DERECHO A LA EDUCACI\u00d3N Y EL DERECHO AL TRABAJO: OLGA SOSA.","datePublished":"2024-03-12T03:08:31+00:00","mainEntityOfPage":{"@id":"https:\/\/elinformativotam.com\/index.php\/2024\/03\/11\/a-las-juventudes-les-debemos-garantizar-el-derecho-a-la-educacion-y-el-derecho-al-trabajo-olga-sosa\/"},"wordCount":291,"commentCount":0,"publisher":{"@id":"https:\/\/elinformativotam.com\/#organization"},"image":{"@id":"https:\/\/elinformativotam.com\/index.php\/2024\/03\/11\/a-las-juventudes-les-debemos-garantizar-el-derecho-a-la-educacion-y-el-derecho-al-trabajo-olga-sosa\/#primaryimage"},"thumbnailUrl":"https:\/\/elinformativotam.com\/wp-content\/uploads\/2024\/03\/Garantizar.jpeg","articleSection":["Tampico"],"inLanguage":"es","potentialAction":[{"@type":"CommentAction","name":"Comment","target":["https:\/\/elinformativotam.com\/index.php\/2024\/03\/11\/a-las-juventudes-les-debemos-garantizar-el-derecho-a-la-educacion-y-el-derecho-al-trabajo-olga-sosa\/#respond"]}]},{"@type":"WebPage","@id":"https:\/\/elinformativotam.com\/index.php\/2024\/03\/11\/a-las-juventudes-les-debemos-garantizar-el-derecho-a-la-educacion-y-el-derecho-al-trabajo-olga-sosa\/","url":"https:\/\/elinformativotam.com\/index.php\/2024\/03\/11\/a-las-juventudes-les-debemos-garantizar-el-derecho-a-la-educacion-y-el-derecho-al-trabajo-olga-sosa\/","name":"A LAS JUVENTUDES LES DEBEMOS GARANTIZAR EL DERECHO A LA EDUCACI\u00d3N Y EL DERECHO AL TRABAJO: OLGA SOSA. - EL INFORMATIVO DE TAMAULIPAS","isPartOf":{"@id":"https:\/\/elinformativotam.com\/#website"},"primaryImageOfPage":{"@id":"https:\/\/elinformativotam.com\/index.php\/2024\/03\/11\/a-las-juventudes-les-debemos-garantizar-el-derecho-a-la-educacion-y-el-derecho-al-trabajo-olga-sosa\/#primaryimage"},"image":{"@id":"https:\/\/elinformativotam.com\/index.php\/2024\/03\/11\/a-las-juventudes-les-debemos-garantizar-el-derecho-a-la-educacion-y-el-derecho-al-trabajo-olga-sosa\/#primaryimage"},"thumbnailUrl":"https:\/\/elinformativotam.com\/wp-content\/uploads\/2024\/03\/Garantizar.jpeg","datePublished":"2024-03-12T03:08:31+00:00","description":"*Cientos De J\u00f3venes Tampique\u00f1os Respaldaron Las Propuestas De Los Candidatos De Morena Al Senado De La Rep\u00fablica. &nbsp; Tampico.- \"Las juventudes son la","inLanguage":"es","potentialAction":[{"@type":"ReadAction","target":["https:\/\/elinformativotam.com\/index.php\/2024\/03\/11\/a-las-juventudes-les-debemos-garantizar-el-derecho-a-la-educacion-y-el-derecho-al-trabajo-olga-sosa\/"]}]},{"@type":"ImageObject","inLanguage":"es","@id":"https:\/\/elinformativotam.com\/index.php\/2024\/03\/11\/a-las-juventudes-les-debemos-garantizar-el-derecho-a-la-educacion-y-el-derecho-al-trabajo-olga-sosa\/#primaryimage","url":"https:\/\/elinformativotam.com\/wp-content\/uploads\/2024\/03\/Garantizar.jpeg","contentUrl":"https:\/\/elinformativotam.com\/wp-content\/uploads\/2024\/03\/Garantizar.jpeg","width":1280,"height":851},{"@type":"WebSite","@id":"https:\/\/elinformativotam.com\/#website","url":"https:\/\/elinformativotam.com\/","name":"EL INFORMATIVO DE TAMAULIPAS","description":"Desde la Zona Metropolitana Para Todo M\u00e9xico","publisher":{"@id":"https:\/\/elinformativotam.com\/#organization"},"potentialAction":[{"@type":"SearchAction","target":{"@type":"EntryPoint","urlTemplate":"https:\/\/elinformativotam.com\/?s={search_term_string}"},"query-input":{"@type":"PropertyValueSpecification","valueRequired":true,"valueName":"search_term_string"}}],"inLanguage":"es"},{"@type":"Organization","@id":"https:\/\/elinformativotam.com\/#organization","name":"EL INFORMATIVO DE TAMAULIPAS","url":"https:\/\/elinformativotam.com\/","logo":{"@type":"ImageObject","inLanguage":"es","@id":"https:\/\/elinformativotam.com\/#\/schema\/logo\/image\/","url":"https:\/\/elinformativotam.com\/wp-content\/uploads\/2026\/02\/Cabezal.png","contentUrl":"https:\/\/elinformativotam.com\/wp-content\/uploads\/2026\/02\/Cabezal.png","width":960,"height":640,"caption":"EL INFORMATIVO DE TAMAULIPAS"},"image":{"@id":"https:\/\/elinformativotam.com\/#\/schema\/logo\/image\/"}},{"@type":"Person","@id":"https:\/\/elinformativotam.com\/#\/schema\/person\/78e08040eed0f6110f0c5f83b6153590","name":"El Informativo Tam","image":{"@type":"ImageObject","inLanguage":"es","@id":"https:\/\/secure.gravatar.com\/avatar\/f3b7ad3af540688955925ac610647be00b0cf41feea9c4978b73a707ee86bc53?s=96&d=mm&r=g","url":"https:\/\/secure.gravatar.com\/avatar\/f3b7ad3af540688955925ac610647be00b0cf41feea9c4978b73a707ee86bc53?s=96&d=mm&r=g","contentUrl":"https:\/\/secure.gravatar.com\/avatar\/f3b7ad3af540688955925ac610647be00b0cf41feea9c4978b73a707ee86bc53?s=96&d=mm&r=g","caption":"El Informativo Tam"}}]}},"_links":{"self":[{"href":"https:\/\/elinformativotam.com\/index.php\/wp-json\/wp\/v2\/posts\/49595","targetHints":{"allow":["GET"]}}],"collection":[{"href":"https:\/\/elinformativotam.com\/index.php\/wp-json\/wp\/v2\/posts"}],"about":[{"href":"https:\/\/elinformativotam.com\/index.php\/wp-json\/wp\/v2\/types\/post"}],"author":[{"embeddable":true,"href":"https:\/\/elinformativotam.com\/index.php\/wp-json\/wp\/v2\/users\/1"}],"replies":[{"embeddable":true,"href":"https:\/\/elinformativotam.com\/index.php\/wp-json\/wp\/v2\/comments?post=49595"}],"version-history":[{"count":1,"href":"https:\/\/elinformativotam.com\/index.php\/wp-json\/wp\/v2\/posts\/49595\/revisions"}],"predecessor-version":[{"id":49596,"href":"https:\/\/elinformativotam.com\/index.php\/wp-json\/wp\/v2\/posts\/49595\/revisions\/49596"}],"wp:featuredmedia":[{"embeddable":true,"href":"https:\/\/elinformativotam.com\/index.php\/wp-json\/wp\/v2\/media\/49592"}],"wp:attachment":[{"href":"https:\/\/elinformativotam.com\/index.php\/wp-json\/wp\/v2\/media?parent=49595"}],"wp:term":[{"taxonomy":"category","embeddable":true,"href":"https:\/\/elinformativotam.com\/index.php\/wp-json\/wp\/v2\/categories?post=49595"},{"taxonomy":"post_tag","embeddable":true,"href":"https:\/\/elinformativotam.com\/index.php\/wp-json\/wp\/v2\/tags?post=49595"}],"curies":[{"name":"wp","href":"https:\/\/api.w.org\/{rel}","templated":true}]}}