{"id":49585,"date":"2024-03-11T20:58:03","date_gmt":"2024-03-12T02:58:03","guid":{"rendered":"https:\/\/elinformativotam.com\/?p=49585"},"modified":"2024-03-11T20:58:03","modified_gmt":"2024-03-12T02:58:03","slug":"sindicato-petrolero-refuta-declaracion-de-la-candidata-xochitl-galvez","status":"publish","type":"post","link":"https:\/\/elinformativotam.com\/index.php\/2024\/03\/11\/sindicato-petrolero-refuta-declaracion-de-la-candidata-xochitl-galvez\/","title":{"rendered":"SINDICATO PETROLERO REFUTA  DECLARACI\u00d3N DE LA CANDIDATA X\u00d3CHITL G\u00c1LVEZ"},"content":{"rendered":"<p>Cd. Madero, Tamaulipas.- La secci\u00f3n uno del sindicato petrolero, a trav\u00e9s de su secretario general, Esdras Romero Vega, refut\u00f3 las declaraciones de la candidata presidencial, X\u00f3chitl G\u00e1lvez, quien asegur\u00f3 que de ganar, al inicio de su administraci\u00f3n cerrar\u00eda temporalmente dos refiner\u00edas del pa\u00eds, entre ellas la de Ciudad Madero.<\/p>\n<p>&nbsp;<\/p>\n<p>&nbsp;<\/p>\n<p>Asegur\u00f3 que los petroleros lamentan las declaraci\u00f3n de la candidata, debido a que el centro refinador no\u00a0 produce contaminaci\u00f3n, sino \u201criquezas\u201d para el pa\u00eds con seguridad y elevando los \u00edndices de productividad.<\/p>\n<p>&nbsp;<\/p>\n<p>Explic\u00f3 que actualmente la refiner\u00eda procesa cerca de 130 mil barriles diarios de crudo, teniendo como meta trazada alcanzar los 160 mil barriles.<\/p>\n<p>&nbsp;<\/p>\n<p>\u201cLa refiner\u00eda que no est\u00e1 en Tampico, est\u00e1 en Madero, no contamina, y esto lamentablemente, existe ya, con estas declaraciones un malestar generalizado para quienes laboramos y conocemos lo que sucede al interior de la refiner\u00eda Madero\u201d.<\/p>\n<p>&nbsp;<\/p>\n<p>Romero Vega, detall\u00f3 en relaci\u00f3n al tema de la contaminaci\u00f3n, que la refiner\u00eda cuenta con 30 plantas de proceso, incluyendo torres de enfriamiento, de donde salen gasolina Magna, Di\u00e9sel, Coque, Combust\u00f3leo y azufre l\u00edquido.<\/p>\n<p>&nbsp;<\/p>\n<p>A\u00f1adi\u00f3 que de Pemex dependen cientos de empresas, as\u00ed como cuatro mil empleos en sus distintas \u00e1reas, lo que impactar\u00eda en la zona industrial, con los proveedores directos e indirectos.<\/p>\n<p>&nbsp;<\/p>\n","protected":false},"excerpt":{"rendered":"<p>Cd. Madero, Tamaulipas.- La secci\u00f3n uno del sindicato petrolero, a trav\u00e9s de su secretario general, Esdras Romero Vega, refut\u00f3 las&hellip;<\/p>\n","protected":false},"author":1,"featured_media":49586,"comment_status":"open","ping_status":"open","sticky":false,"template":"","format":"standard","meta":{"footnotes":""},"categories":[4],"tags":[],"class_list":["post-49585","post","type-post","status-publish","format-standard","has-post-thumbnail","hentry","category-madero"],"yoast_head":"<!-- This site is optimized with the Yoast SEO plugin v27.5 - https:\/\/yoast.com\/product\/yoast-seo-wordpress\/ -->\n<title>SINDICATO PETROLERO REFUTA DECLARACI\u00d3N DE LA CANDIDATA X\u00d3CHITL G\u00c1LVEZ - EL INFORMATIVO DE TAMAULIPAS<\/title>\n<meta name=\"description\" content=\"Cd. Madero, Tamaulipas.- La secci\u00f3n uno del sindicato petrolero, a trav\u00e9s de su secretario general, Esdras Romero Vega, refut\u00f3 las declaraciones de la\" \/>\n<meta name=\"robots\" content=\"index, follow, max-snippet:-1, max-image-preview:large, max-video-preview:-1\" \/>\n<link rel=\"canonical\" href=\"https:\/\/elinformativotam.com\/index.php\/2024\/03\/11\/sindicato-petrolero-refuta-declaracion-de-la-candidata-xochitl-galvez\/\" \/>\n<meta property=\"og:locale\" content=\"es_MX\" \/>\n<meta property=\"og:type\" content=\"article\" \/>\n<meta property=\"og:title\" content=\"SINDICATO PETROLERO REFUTA DECLARACI\u00d3N DE LA CANDIDATA X\u00d3CHITL G\u00c1LVEZ - EL INFORMATIVO DE TAMAULIPAS\" \/>\n<meta property=\"og:description\" content=\"Cd. Madero, Tamaulipas.- La secci\u00f3n uno del sindicato petrolero, a trav\u00e9s de su secretario general, Esdras Romero Vega, refut\u00f3 las declaraciones de la\" \/>\n<meta property=\"og:url\" content=\"https:\/\/elinformativotam.com\/index.php\/2024\/03\/11\/sindicato-petrolero-refuta-declaracion-de-la-candidata-xochitl-galvez\/\" \/>\n<meta property=\"og:site_name\" content=\"EL INFORMATIVO DE TAMAULIPAS\" \/>\n<meta property=\"article:published_time\" content=\"2024-03-12T02:58:03+00:00\" \/>\n<meta property=\"og:image\" content=\"https:\/\/elinformativotam.com\/wp-content\/uploads\/2024\/03\/Esdras.jpeg\" \/>\n\t<meta property=\"og:image:width\" content=\"705\" \/>\n\t<meta property=\"og:image:height\" content=\"485\" \/>\n\t<meta property=\"og:image:type\" content=\"image\/jpeg\" \/>\n<meta name=\"author\" content=\"El Informativo Tam\" \/>\n<meta name=\"twitter:card\" content=\"summary_large_image\" \/>\n<meta name=\"twitter:label1\" content=\"Escrito por\" \/>\n\t<meta name=\"twitter:data1\" content=\"El Informativo Tam\" \/>\n\t<meta name=\"twitter:label2\" content=\"Tiempo de lectura\" \/>\n\t<meta name=\"twitter:data2\" content=\"2 minutos\" \/>\n<script type=\"application\/ld+json\" class=\"yoast-schema-graph\">{\"@context\":\"https:\\\/\\\/schema.org\",\"@graph\":[{\"@type\":\"Article\",\"@id\":\"https:\\\/\\\/elinformativotam.com\\\/index.php\\\/2024\\\/03\\\/11\\\/sindicato-petrolero-refuta-declaracion-de-la-candidata-xochitl-galvez\\\/#article\",\"isPartOf\":{\"@id\":\"https:\\\/\\\/elinformativotam.com\\\/index.php\\\/2024\\\/03\\\/11\\\/sindicato-petrolero-refuta-declaracion-de-la-candidata-xochitl-galvez\\\/\"},\"author\":{\"name\":\"El Informativo Tam\",\"@id\":\"https:\\\/\\\/elinformativotam.com\\\/#\\\/schema\\\/person\\\/78e08040eed0f6110f0c5f83b6153590\"},\"headline\":\"SINDICATO PETROLERO REFUTA DECLARACI\u00d3N DE LA CANDIDATA X\u00d3CHITL G\u00c1LVEZ\",\"datePublished\":\"2024-03-12T02:58:03+00:00\",\"mainEntityOfPage\":{\"@id\":\"https:\\\/\\\/elinformativotam.com\\\/index.php\\\/2024\\\/03\\\/11\\\/sindicato-petrolero-refuta-declaracion-de-la-candidata-xochitl-galvez\\\/\"},\"wordCount\":244,\"commentCount\":0,\"publisher\":{\"@id\":\"https:\\\/\\\/elinformativotam.com\\\/#organization\"},\"image\":{\"@id\":\"https:\\\/\\\/elinformativotam.com\\\/index.php\\\/2024\\\/03\\\/11\\\/sindicato-petrolero-refuta-declaracion-de-la-candidata-xochitl-galvez\\\/#primaryimage\"},\"thumbnailUrl\":\"https:\\\/\\\/elinformativotam.com\\\/wp-content\\\/uploads\\\/2024\\\/03\\\/Esdras.jpeg\",\"articleSection\":[\"Cd Madero\"],\"inLanguage\":\"es\",\"potentialAction\":[{\"@type\":\"CommentAction\",\"name\":\"Comment\",\"target\":[\"https:\\\/\\\/elinformativotam.com\\\/index.php\\\/2024\\\/03\\\/11\\\/sindicato-petrolero-refuta-declaracion-de-la-candidata-xochitl-galvez\\\/#respond\"]}]},{\"@type\":\"WebPage\",\"@id\":\"https:\\\/\\\/elinformativotam.com\\\/index.php\\\/2024\\\/03\\\/11\\\/sindicato-petrolero-refuta-declaracion-de-la-candidata-xochitl-galvez\\\/\",\"url\":\"https:\\\/\\\/elinformativotam.com\\\/index.php\\\/2024\\\/03\\\/11\\\/sindicato-petrolero-refuta-declaracion-de-la-candidata-xochitl-galvez\\\/\",\"name\":\"SINDICATO PETROLERO REFUTA DECLARACI\u00d3N DE LA CANDIDATA X\u00d3CHITL G\u00c1LVEZ - EL INFORMATIVO DE TAMAULIPAS\",\"isPartOf\":{\"@id\":\"https:\\\/\\\/elinformativotam.com\\\/#website\"},\"primaryImageOfPage\":{\"@id\":\"https:\\\/\\\/elinformativotam.com\\\/index.php\\\/2024\\\/03\\\/11\\\/sindicato-petrolero-refuta-declaracion-de-la-candidata-xochitl-galvez\\\/#primaryimage\"},\"image\":{\"@id\":\"https:\\\/\\\/elinformativotam.com\\\/index.php\\\/2024\\\/03\\\/11\\\/sindicato-petrolero-refuta-declaracion-de-la-candidata-xochitl-galvez\\\/#primaryimage\"},\"thumbnailUrl\":\"https:\\\/\\\/elinformativotam.com\\\/wp-content\\\/uploads\\\/2024\\\/03\\\/Esdras.jpeg\",\"datePublished\":\"2024-03-12T02:58:03+00:00\",\"description\":\"Cd. Madero, Tamaulipas.- La secci\u00f3n uno del sindicato petrolero, a trav\u00e9s de su secretario general, Esdras Romero Vega, refut\u00f3 las declaraciones de la\",\"inLanguage\":\"es\",\"potentialAction\":[{\"@type\":\"ReadAction\",\"target\":[\"https:\\\/\\\/elinformativotam.com\\\/index.php\\\/2024\\\/03\\\/11\\\/sindicato-petrolero-refuta-declaracion-de-la-candidata-xochitl-galvez\\\/\"]}]},{\"@type\":\"ImageObject\",\"inLanguage\":\"es\",\"@id\":\"https:\\\/\\\/elinformativotam.com\\\/index.php\\\/2024\\\/03\\\/11\\\/sindicato-petrolero-refuta-declaracion-de-la-candidata-xochitl-galvez\\\/#primaryimage\",\"url\":\"https:\\\/\\\/elinformativotam.com\\\/wp-content\\\/uploads\\\/2024\\\/03\\\/Esdras.jpeg\",\"contentUrl\":\"https:\\\/\\\/elinformativotam.com\\\/wp-content\\\/uploads\\\/2024\\\/03\\\/Esdras.jpeg\",\"width\":705,\"height\":485},{\"@type\":\"WebSite\",\"@id\":\"https:\\\/\\\/elinformativotam.com\\\/#website\",\"url\":\"https:\\\/\\\/elinformativotam.com\\\/\",\"name\":\"EL INFORMATIVO DE TAMAULIPAS\",\"description\":\"Desde la Zona Metropolitana Para Todo M\u00e9xico\",\"publisher\":{\"@id\":\"https:\\\/\\\/elinformativotam.com\\\/#organization\"},\"potentialAction\":[{\"@type\":\"SearchAction\",\"target\":{\"@type\":\"EntryPoint\",\"urlTemplate\":\"https:\\\/\\\/elinformativotam.com\\\/?s={search_term_string}\"},\"query-input\":{\"@type\":\"PropertyValueSpecification\",\"valueRequired\":true,\"valueName\":\"search_term_string\"}}],\"inLanguage\":\"es\"},{\"@type\":\"Organization\",\"@id\":\"https:\\\/\\\/elinformativotam.com\\\/#organization\",\"name\":\"EL INFORMATIVO DE TAMAULIPAS\",\"url\":\"https:\\\/\\\/elinformativotam.com\\\/\",\"logo\":{\"@type\":\"ImageObject\",\"inLanguage\":\"es\",\"@id\":\"https:\\\/\\\/elinformativotam.com\\\/#\\\/schema\\\/logo\\\/image\\\/\",\"url\":\"https:\\\/\\\/elinformativotam.com\\\/wp-content\\\/uploads\\\/2026\\\/02\\\/Cabezal.png\",\"contentUrl\":\"https:\\\/\\\/elinformativotam.com\\\/wp-content\\\/uploads\\\/2026\\\/02\\\/Cabezal.png\",\"width\":960,\"height\":640,\"caption\":\"EL INFORMATIVO DE TAMAULIPAS\"},\"image\":{\"@id\":\"https:\\\/\\\/elinformativotam.com\\\/#\\\/schema\\\/logo\\\/image\\\/\"}},{\"@type\":\"Person\",\"@id\":\"https:\\\/\\\/elinformativotam.com\\\/#\\\/schema\\\/person\\\/78e08040eed0f6110f0c5f83b6153590\",\"name\":\"El Informativo Tam\",\"image\":{\"@type\":\"ImageObject\",\"inLanguage\":\"es\",\"@id\":\"https:\\\/\\\/secure.gravatar.com\\\/avatar\\\/f3b7ad3af540688955925ac610647be00b0cf41feea9c4978b73a707ee86bc53?s=96&d=mm&r=g\",\"url\":\"https:\\\/\\\/secure.gravatar.com\\\/avatar\\\/f3b7ad3af540688955925ac610647be00b0cf41feea9c4978b73a707ee86bc53?s=96&d=mm&r=g\",\"contentUrl\":\"https:\\\/\\\/secure.gravatar.com\\\/avatar\\\/f3b7ad3af540688955925ac610647be00b0cf41feea9c4978b73a707ee86bc53?s=96&d=mm&r=g\",\"caption\":\"El Informativo Tam\"}}]}<\/script>\n<!-- \/ Yoast SEO plugin. -->","yoast_head_json":{"title":"SINDICATO PETROLERO REFUTA DECLARACI\u00d3N DE LA CANDIDATA X\u00d3CHITL G\u00c1LVEZ - EL INFORMATIVO DE TAMAULIPAS","description":"Cd. Madero, Tamaulipas.- La secci\u00f3n uno del sindicato petrolero, a trav\u00e9s de su secretario general, Esdras Romero Vega, refut\u00f3 las declaraciones de la","robots":{"index":"index","follow":"follow","max-snippet":"max-snippet:-1","max-image-preview":"max-image-preview:large","max-video-preview":"max-video-preview:-1"},"canonical":"https:\/\/elinformativotam.com\/index.php\/2024\/03\/11\/sindicato-petrolero-refuta-declaracion-de-la-candidata-xochitl-galvez\/","og_locale":"es_MX","og_type":"article","og_title":"SINDICATO PETROLERO REFUTA DECLARACI\u00d3N DE LA CANDIDATA X\u00d3CHITL G\u00c1LVEZ - EL INFORMATIVO DE TAMAULIPAS","og_description":"Cd. Madero, Tamaulipas.- La secci\u00f3n uno del sindicato petrolero, a trav\u00e9s de su secretario general, Esdras Romero Vega, refut\u00f3 las declaraciones de la","og_url":"https:\/\/elinformativotam.com\/index.php\/2024\/03\/11\/sindicato-petrolero-refuta-declaracion-de-la-candidata-xochitl-galvez\/","og_site_name":"EL INFORMATIVO DE TAMAULIPAS","article_published_time":"2024-03-12T02:58:03+00:00","og_image":[{"width":705,"height":485,"url":"https:\/\/elinformativotam.com\/wp-content\/uploads\/2024\/03\/Esdras.jpeg","type":"image\/jpeg"}],"author":"El Informativo Tam","twitter_card":"summary_large_image","twitter_misc":{"Escrito por":"El Informativo Tam","Tiempo de lectura":"2 minutos"},"schema":{"@context":"https:\/\/schema.org","@graph":[{"@type":"Article","@id":"https:\/\/elinformativotam.com\/index.php\/2024\/03\/11\/sindicato-petrolero-refuta-declaracion-de-la-candidata-xochitl-galvez\/#article","isPartOf":{"@id":"https:\/\/elinformativotam.com\/index.php\/2024\/03\/11\/sindicato-petrolero-refuta-declaracion-de-la-candidata-xochitl-galvez\/"},"author":{"name":"El Informativo Tam","@id":"https:\/\/elinformativotam.com\/#\/schema\/person\/78e08040eed0f6110f0c5f83b6153590"},"headline":"SINDICATO PETROLERO REFUTA DECLARACI\u00d3N DE LA CANDIDATA X\u00d3CHITL G\u00c1LVEZ","datePublished":"2024-03-12T02:58:03+00:00","mainEntityOfPage":{"@id":"https:\/\/elinformativotam.com\/index.php\/2024\/03\/11\/sindicato-petrolero-refuta-declaracion-de-la-candidata-xochitl-galvez\/"},"wordCount":244,"commentCount":0,"publisher":{"@id":"https:\/\/elinformativotam.com\/#organization"},"image":{"@id":"https:\/\/elinformativotam.com\/index.php\/2024\/03\/11\/sindicato-petrolero-refuta-declaracion-de-la-candidata-xochitl-galvez\/#primaryimage"},"thumbnailUrl":"https:\/\/elinformativotam.com\/wp-content\/uploads\/2024\/03\/Esdras.jpeg","articleSection":["Cd Madero"],"inLanguage":"es","potentialAction":[{"@type":"CommentAction","name":"Comment","target":["https:\/\/elinformativotam.com\/index.php\/2024\/03\/11\/sindicato-petrolero-refuta-declaracion-de-la-candidata-xochitl-galvez\/#respond"]}]},{"@type":"WebPage","@id":"https:\/\/elinformativotam.com\/index.php\/2024\/03\/11\/sindicato-petrolero-refuta-declaracion-de-la-candidata-xochitl-galvez\/","url":"https:\/\/elinformativotam.com\/index.php\/2024\/03\/11\/sindicato-petrolero-refuta-declaracion-de-la-candidata-xochitl-galvez\/","name":"SINDICATO PETROLERO REFUTA DECLARACI\u00d3N DE LA CANDIDATA X\u00d3CHITL G\u00c1LVEZ - EL INFORMATIVO DE TAMAULIPAS","isPartOf":{"@id":"https:\/\/elinformativotam.com\/#website"},"primaryImageOfPage":{"@id":"https:\/\/elinformativotam.com\/index.php\/2024\/03\/11\/sindicato-petrolero-refuta-declaracion-de-la-candidata-xochitl-galvez\/#primaryimage"},"image":{"@id":"https:\/\/elinformativotam.com\/index.php\/2024\/03\/11\/sindicato-petrolero-refuta-declaracion-de-la-candidata-xochitl-galvez\/#primaryimage"},"thumbnailUrl":"https:\/\/elinformativotam.com\/wp-content\/uploads\/2024\/03\/Esdras.jpeg","datePublished":"2024-03-12T02:58:03+00:00","description":"Cd. Madero, Tamaulipas.- La secci\u00f3n uno del sindicato petrolero, a trav\u00e9s de su secretario general, Esdras Romero Vega, refut\u00f3 las declaraciones de la","inLanguage":"es","potentialAction":[{"@type":"ReadAction","target":["https:\/\/elinformativotam.com\/index.php\/2024\/03\/11\/sindicato-petrolero-refuta-declaracion-de-la-candidata-xochitl-galvez\/"]}]},{"@type":"ImageObject","inLanguage":"es","@id":"https:\/\/elinformativotam.com\/index.php\/2024\/03\/11\/sindicato-petrolero-refuta-declaracion-de-la-candidata-xochitl-galvez\/#primaryimage","url":"https:\/\/elinformativotam.com\/wp-content\/uploads\/2024\/03\/Esdras.jpeg","contentUrl":"https:\/\/elinformativotam.com\/wp-content\/uploads\/2024\/03\/Esdras.jpeg","width":705,"height":485},{"@type":"WebSite","@id":"https:\/\/elinformativotam.com\/#website","url":"https:\/\/elinformativotam.com\/","name":"EL INFORMATIVO DE TAMAULIPAS","description":"Desde la Zona Metropolitana Para Todo M\u00e9xico","publisher":{"@id":"https:\/\/elinformativotam.com\/#organization"},"potentialAction":[{"@type":"SearchAction","target":{"@type":"EntryPoint","urlTemplate":"https:\/\/elinformativotam.com\/?s={search_term_string}"},"query-input":{"@type":"PropertyValueSpecification","valueRequired":true,"valueName":"search_term_string"}}],"inLanguage":"es"},{"@type":"Organization","@id":"https:\/\/elinformativotam.com\/#organization","name":"EL INFORMATIVO DE TAMAULIPAS","url":"https:\/\/elinformativotam.com\/","logo":{"@type":"ImageObject","inLanguage":"es","@id":"https:\/\/elinformativotam.com\/#\/schema\/logo\/image\/","url":"https:\/\/elinformativotam.com\/wp-content\/uploads\/2026\/02\/Cabezal.png","contentUrl":"https:\/\/elinformativotam.com\/wp-content\/uploads\/2026\/02\/Cabezal.png","width":960,"height":640,"caption":"EL INFORMATIVO DE TAMAULIPAS"},"image":{"@id":"https:\/\/elinformativotam.com\/#\/schema\/logo\/image\/"}},{"@type":"Person","@id":"https:\/\/elinformativotam.com\/#\/schema\/person\/78e08040eed0f6110f0c5f83b6153590","name":"El Informativo Tam","image":{"@type":"ImageObject","inLanguage":"es","@id":"https:\/\/secure.gravatar.com\/avatar\/f3b7ad3af540688955925ac610647be00b0cf41feea9c4978b73a707ee86bc53?s=96&d=mm&r=g","url":"https:\/\/secure.gravatar.com\/avatar\/f3b7ad3af540688955925ac610647be00b0cf41feea9c4978b73a707ee86bc53?s=96&d=mm&r=g","contentUrl":"https:\/\/secure.gravatar.com\/avatar\/f3b7ad3af540688955925ac610647be00b0cf41feea9c4978b73a707ee86bc53?s=96&d=mm&r=g","caption":"El Informativo Tam"}}]}},"_links":{"self":[{"href":"https:\/\/elinformativotam.com\/index.php\/wp-json\/wp\/v2\/posts\/49585","targetHints":{"allow":["GET"]}}],"collection":[{"href":"https:\/\/elinformativotam.com\/index.php\/wp-json\/wp\/v2\/posts"}],"about":[{"href":"https:\/\/elinformativotam.com\/index.php\/wp-json\/wp\/v2\/types\/post"}],"author":[{"embeddable":true,"href":"https:\/\/elinformativotam.com\/index.php\/wp-json\/wp\/v2\/users\/1"}],"replies":[{"embeddable":true,"href":"https:\/\/elinformativotam.com\/index.php\/wp-json\/wp\/v2\/comments?post=49585"}],"version-history":[{"count":1,"href":"https:\/\/elinformativotam.com\/index.php\/wp-json\/wp\/v2\/posts\/49585\/revisions"}],"predecessor-version":[{"id":49587,"href":"https:\/\/elinformativotam.com\/index.php\/wp-json\/wp\/v2\/posts\/49585\/revisions\/49587"}],"wp:featuredmedia":[{"embeddable":true,"href":"https:\/\/elinformativotam.com\/index.php\/wp-json\/wp\/v2\/media\/49586"}],"wp:attachment":[{"href":"https:\/\/elinformativotam.com\/index.php\/wp-json\/wp\/v2\/media?parent=49585"}],"wp:term":[{"taxonomy":"category","embeddable":true,"href":"https:\/\/elinformativotam.com\/index.php\/wp-json\/wp\/v2\/categories?post=49585"},{"taxonomy":"post_tag","embeddable":true,"href":"https:\/\/elinformativotam.com\/index.php\/wp-json\/wp\/v2\/tags?post=49585"}],"curies":[{"name":"wp","href":"https:\/\/api.w.org\/{rel}","templated":true}]}}