{"id":49583,"date":"2024-03-11T20:55:00","date_gmt":"2024-03-12T02:55:00","guid":{"rendered":"https:\/\/elinformativotam.com\/?p=49583"},"modified":"2024-03-11T20:55:00","modified_gmt":"2024-03-12T02:55:00","slug":"necesario-un-analisis-profundo-de-la-marca-tampico-miramar-regidora","status":"publish","type":"post","link":"https:\/\/elinformativotam.com\/index.php\/2024\/03\/11\/necesario-un-analisis-profundo-de-la-marca-tampico-miramar-regidora\/","title":{"rendered":"NECESARIO UN AN\u00c1LISIS PROFUNDO DE LA MARCA TAMPICO-MIRAMAR: REGIDORA."},"content":{"rendered":"<p>Cd. Madero, Tamaulipas.- A las autoridades municipales de Madero tambi\u00e9n sorprendi\u00f3 la presentaci\u00f3n de la marca Tampico-Miramar realizada por empresarios de la Asociaci\u00f3n de Hoteles del sur de Tamaulipas.<\/p>\n<p>&nbsp;<\/p>\n<p>La regidora Dunia Mar\u00f3n Acu\u00f1a, presidenta de la comisi\u00f3n de turismo en el cabildo de Madero, se\u00f1al\u00f3 que no fueron tomados en cuenta, por lo que se debe hacer un an\u00e1lisis profundo sobre el tema y la marca en espec\u00edfico.<\/p>\n<p>&nbsp;<\/p>\n<p>Indic\u00f3 que es bueno contar con una marca espec\u00edfica para el turismo, pero se debe tener un consenso entre todas las partes, para lo cual deben dialogar pues ser\u00e1 ben\u00e9fico para todos.<\/p>\n<p>&nbsp;<\/p>\n<p>Destac\u00f3 que Madero no solo es playa, al insistir que tiene varios atractivos y variada gastronom\u00eda para los visitantes.<\/p>\n<p>&nbsp;<\/p>\n<p>Expuso que lanzar una marca tur\u00edstica es importante para la zona, pues atraer\u00e1 a m\u00e1s visitantes a la regi\u00f3n.<\/p>\n","protected":false},"excerpt":{"rendered":"<p>Cd. Madero, Tamaulipas.- A las autoridades municipales de Madero tambi\u00e9n sorprendi\u00f3 la presentaci\u00f3n de la marca Tampico-Miramar realizada por empresarios&hellip;<\/p>\n","protected":false},"author":1,"featured_media":49580,"comment_status":"open","ping_status":"open","sticky":false,"template":"","format":"standard","meta":{"footnotes":""},"categories":[4],"tags":[],"class_list":["post-49583","post","type-post","status-publish","format-standard","has-post-thumbnail","hentry","category-madero"],"yoast_head":"<!-- This site is optimized with the Yoast SEO plugin v27.5 - https:\/\/yoast.com\/product\/yoast-seo-wordpress\/ -->\n<title>NECESARIO UN AN\u00c1LISIS PROFUNDO DE LA MARCA TAMPICO-MIRAMAR: REGIDORA. - EL INFORMATIVO DE TAMAULIPAS<\/title>\n<meta name=\"description\" content=\"Cd. Madero, Tamaulipas.- A las autoridades municipales de Madero tambi\u00e9n sorprendi\u00f3 la presentaci\u00f3n de la marca Tampico-Miramar realizada por empresarios\" \/>\n<meta name=\"robots\" content=\"index, follow, max-snippet:-1, max-image-preview:large, max-video-preview:-1\" \/>\n<link rel=\"canonical\" href=\"https:\/\/elinformativotam.com\/index.php\/2024\/03\/11\/necesario-un-analisis-profundo-de-la-marca-tampico-miramar-regidora\/\" \/>\n<meta property=\"og:locale\" content=\"es_MX\" \/>\n<meta property=\"og:type\" content=\"article\" \/>\n<meta property=\"og:title\" content=\"NECESARIO UN AN\u00c1LISIS PROFUNDO DE LA MARCA TAMPICO-MIRAMAR: REGIDORA. - EL INFORMATIVO DE TAMAULIPAS\" \/>\n<meta property=\"og:description\" content=\"Cd. Madero, Tamaulipas.- A las autoridades municipales de Madero tambi\u00e9n sorprendi\u00f3 la presentaci\u00f3n de la marca Tampico-Miramar realizada por empresarios\" \/>\n<meta property=\"og:url\" content=\"https:\/\/elinformativotam.com\/index.php\/2024\/03\/11\/necesario-un-analisis-profundo-de-la-marca-tampico-miramar-regidora\/\" \/>\n<meta property=\"og:site_name\" content=\"EL INFORMATIVO DE TAMAULIPAS\" \/>\n<meta property=\"article:published_time\" content=\"2024-03-12T02:55:00+00:00\" \/>\n<meta property=\"og:image\" content=\"https:\/\/elinformativotam.com\/wp-content\/uploads\/2024\/03\/Dunia.jpeg\" \/>\n\t<meta property=\"og:image:width\" content=\"1040\" \/>\n\t<meta property=\"og:image:height\" content=\"780\" \/>\n\t<meta property=\"og:image:type\" content=\"image\/jpeg\" \/>\n<meta name=\"author\" content=\"El Informativo Tam\" \/>\n<meta name=\"twitter:card\" content=\"summary_large_image\" \/>\n<meta name=\"twitter:label1\" content=\"Escrito por\" \/>\n\t<meta name=\"twitter:data1\" content=\"El Informativo Tam\" \/>\n\t<meta name=\"twitter:label2\" content=\"Tiempo de lectura\" \/>\n\t<meta name=\"twitter:data2\" content=\"1 minuto\" \/>\n<script type=\"application\/ld+json\" class=\"yoast-schema-graph\">{\"@context\":\"https:\\\/\\\/schema.org\",\"@graph\":[{\"@type\":\"Article\",\"@id\":\"https:\\\/\\\/elinformativotam.com\\\/index.php\\\/2024\\\/03\\\/11\\\/necesario-un-analisis-profundo-de-la-marca-tampico-miramar-regidora\\\/#article\",\"isPartOf\":{\"@id\":\"https:\\\/\\\/elinformativotam.com\\\/index.php\\\/2024\\\/03\\\/11\\\/necesario-un-analisis-profundo-de-la-marca-tampico-miramar-regidora\\\/\"},\"author\":{\"name\":\"El Informativo Tam\",\"@id\":\"https:\\\/\\\/elinformativotam.com\\\/#\\\/schema\\\/person\\\/78e08040eed0f6110f0c5f83b6153590\"},\"headline\":\"NECESARIO UN AN\u00c1LISIS PROFUNDO DE LA MARCA TAMPICO-MIRAMAR: REGIDORA.\",\"datePublished\":\"2024-03-12T02:55:00+00:00\",\"mainEntityOfPage\":{\"@id\":\"https:\\\/\\\/elinformativotam.com\\\/index.php\\\/2024\\\/03\\\/11\\\/necesario-un-analisis-profundo-de-la-marca-tampico-miramar-regidora\\\/\"},\"wordCount\":169,\"commentCount\":0,\"publisher\":{\"@id\":\"https:\\\/\\\/elinformativotam.com\\\/#organization\"},\"image\":{\"@id\":\"https:\\\/\\\/elinformativotam.com\\\/index.php\\\/2024\\\/03\\\/11\\\/necesario-un-analisis-profundo-de-la-marca-tampico-miramar-regidora\\\/#primaryimage\"},\"thumbnailUrl\":\"https:\\\/\\\/elinformativotam.com\\\/wp-content\\\/uploads\\\/2024\\\/03\\\/Dunia.jpeg\",\"articleSection\":[\"Cd Madero\"],\"inLanguage\":\"es\",\"potentialAction\":[{\"@type\":\"CommentAction\",\"name\":\"Comment\",\"target\":[\"https:\\\/\\\/elinformativotam.com\\\/index.php\\\/2024\\\/03\\\/11\\\/necesario-un-analisis-profundo-de-la-marca-tampico-miramar-regidora\\\/#respond\"]}]},{\"@type\":\"WebPage\",\"@id\":\"https:\\\/\\\/elinformativotam.com\\\/index.php\\\/2024\\\/03\\\/11\\\/necesario-un-analisis-profundo-de-la-marca-tampico-miramar-regidora\\\/\",\"url\":\"https:\\\/\\\/elinformativotam.com\\\/index.php\\\/2024\\\/03\\\/11\\\/necesario-un-analisis-profundo-de-la-marca-tampico-miramar-regidora\\\/\",\"name\":\"NECESARIO UN AN\u00c1LISIS PROFUNDO DE LA MARCA TAMPICO-MIRAMAR: REGIDORA. - EL INFORMATIVO DE TAMAULIPAS\",\"isPartOf\":{\"@id\":\"https:\\\/\\\/elinformativotam.com\\\/#website\"},\"primaryImageOfPage\":{\"@id\":\"https:\\\/\\\/elinformativotam.com\\\/index.php\\\/2024\\\/03\\\/11\\\/necesario-un-analisis-profundo-de-la-marca-tampico-miramar-regidora\\\/#primaryimage\"},\"image\":{\"@id\":\"https:\\\/\\\/elinformativotam.com\\\/index.php\\\/2024\\\/03\\\/11\\\/necesario-un-analisis-profundo-de-la-marca-tampico-miramar-regidora\\\/#primaryimage\"},\"thumbnailUrl\":\"https:\\\/\\\/elinformativotam.com\\\/wp-content\\\/uploads\\\/2024\\\/03\\\/Dunia.jpeg\",\"datePublished\":\"2024-03-12T02:55:00+00:00\",\"description\":\"Cd. Madero, Tamaulipas.- A las autoridades municipales de Madero tambi\u00e9n sorprendi\u00f3 la presentaci\u00f3n de la marca Tampico-Miramar realizada por empresarios\",\"inLanguage\":\"es\",\"potentialAction\":[{\"@type\":\"ReadAction\",\"target\":[\"https:\\\/\\\/elinformativotam.com\\\/index.php\\\/2024\\\/03\\\/11\\\/necesario-un-analisis-profundo-de-la-marca-tampico-miramar-regidora\\\/\"]}]},{\"@type\":\"ImageObject\",\"inLanguage\":\"es\",\"@id\":\"https:\\\/\\\/elinformativotam.com\\\/index.php\\\/2024\\\/03\\\/11\\\/necesario-un-analisis-profundo-de-la-marca-tampico-miramar-regidora\\\/#primaryimage\",\"url\":\"https:\\\/\\\/elinformativotam.com\\\/wp-content\\\/uploads\\\/2024\\\/03\\\/Dunia.jpeg\",\"contentUrl\":\"https:\\\/\\\/elinformativotam.com\\\/wp-content\\\/uploads\\\/2024\\\/03\\\/Dunia.jpeg\",\"width\":1040,\"height\":780},{\"@type\":\"WebSite\",\"@id\":\"https:\\\/\\\/elinformativotam.com\\\/#website\",\"url\":\"https:\\\/\\\/elinformativotam.com\\\/\",\"name\":\"EL INFORMATIVO DE TAMAULIPAS\",\"description\":\"Desde la Zona Metropolitana Para Todo M\u00e9xico\",\"publisher\":{\"@id\":\"https:\\\/\\\/elinformativotam.com\\\/#organization\"},\"potentialAction\":[{\"@type\":\"SearchAction\",\"target\":{\"@type\":\"EntryPoint\",\"urlTemplate\":\"https:\\\/\\\/elinformativotam.com\\\/?s={search_term_string}\"},\"query-input\":{\"@type\":\"PropertyValueSpecification\",\"valueRequired\":true,\"valueName\":\"search_term_string\"}}],\"inLanguage\":\"es\"},{\"@type\":\"Organization\",\"@id\":\"https:\\\/\\\/elinformativotam.com\\\/#organization\",\"name\":\"EL INFORMATIVO DE TAMAULIPAS\",\"url\":\"https:\\\/\\\/elinformativotam.com\\\/\",\"logo\":{\"@type\":\"ImageObject\",\"inLanguage\":\"es\",\"@id\":\"https:\\\/\\\/elinformativotam.com\\\/#\\\/schema\\\/logo\\\/image\\\/\",\"url\":\"https:\\\/\\\/elinformativotam.com\\\/wp-content\\\/uploads\\\/2026\\\/02\\\/Cabezal.png\",\"contentUrl\":\"https:\\\/\\\/elinformativotam.com\\\/wp-content\\\/uploads\\\/2026\\\/02\\\/Cabezal.png\",\"width\":960,\"height\":640,\"caption\":\"EL INFORMATIVO DE TAMAULIPAS\"},\"image\":{\"@id\":\"https:\\\/\\\/elinformativotam.com\\\/#\\\/schema\\\/logo\\\/image\\\/\"}},{\"@type\":\"Person\",\"@id\":\"https:\\\/\\\/elinformativotam.com\\\/#\\\/schema\\\/person\\\/78e08040eed0f6110f0c5f83b6153590\",\"name\":\"El Informativo Tam\",\"image\":{\"@type\":\"ImageObject\",\"inLanguage\":\"es\",\"@id\":\"https:\\\/\\\/secure.gravatar.com\\\/avatar\\\/f3b7ad3af540688955925ac610647be00b0cf41feea9c4978b73a707ee86bc53?s=96&d=mm&r=g\",\"url\":\"https:\\\/\\\/secure.gravatar.com\\\/avatar\\\/f3b7ad3af540688955925ac610647be00b0cf41feea9c4978b73a707ee86bc53?s=96&d=mm&r=g\",\"contentUrl\":\"https:\\\/\\\/secure.gravatar.com\\\/avatar\\\/f3b7ad3af540688955925ac610647be00b0cf41feea9c4978b73a707ee86bc53?s=96&d=mm&r=g\",\"caption\":\"El Informativo Tam\"}}]}<\/script>\n<!-- \/ Yoast SEO plugin. -->","yoast_head_json":{"title":"NECESARIO UN AN\u00c1LISIS PROFUNDO DE LA MARCA TAMPICO-MIRAMAR: REGIDORA. - EL INFORMATIVO DE TAMAULIPAS","description":"Cd. Madero, Tamaulipas.- A las autoridades municipales de Madero tambi\u00e9n sorprendi\u00f3 la presentaci\u00f3n de la marca Tampico-Miramar realizada por empresarios","robots":{"index":"index","follow":"follow","max-snippet":"max-snippet:-1","max-image-preview":"max-image-preview:large","max-video-preview":"max-video-preview:-1"},"canonical":"https:\/\/elinformativotam.com\/index.php\/2024\/03\/11\/necesario-un-analisis-profundo-de-la-marca-tampico-miramar-regidora\/","og_locale":"es_MX","og_type":"article","og_title":"NECESARIO UN AN\u00c1LISIS PROFUNDO DE LA MARCA TAMPICO-MIRAMAR: REGIDORA. - EL INFORMATIVO DE TAMAULIPAS","og_description":"Cd. Madero, Tamaulipas.- A las autoridades municipales de Madero tambi\u00e9n sorprendi\u00f3 la presentaci\u00f3n de la marca Tampico-Miramar realizada por empresarios","og_url":"https:\/\/elinformativotam.com\/index.php\/2024\/03\/11\/necesario-un-analisis-profundo-de-la-marca-tampico-miramar-regidora\/","og_site_name":"EL INFORMATIVO DE TAMAULIPAS","article_published_time":"2024-03-12T02:55:00+00:00","og_image":[{"width":1040,"height":780,"url":"https:\/\/elinformativotam.com\/wp-content\/uploads\/2024\/03\/Dunia.jpeg","type":"image\/jpeg"}],"author":"El Informativo Tam","twitter_card":"summary_large_image","twitter_misc":{"Escrito por":"El Informativo Tam","Tiempo de lectura":"1 minuto"},"schema":{"@context":"https:\/\/schema.org","@graph":[{"@type":"Article","@id":"https:\/\/elinformativotam.com\/index.php\/2024\/03\/11\/necesario-un-analisis-profundo-de-la-marca-tampico-miramar-regidora\/#article","isPartOf":{"@id":"https:\/\/elinformativotam.com\/index.php\/2024\/03\/11\/necesario-un-analisis-profundo-de-la-marca-tampico-miramar-regidora\/"},"author":{"name":"El Informativo Tam","@id":"https:\/\/elinformativotam.com\/#\/schema\/person\/78e08040eed0f6110f0c5f83b6153590"},"headline":"NECESARIO UN AN\u00c1LISIS PROFUNDO DE LA MARCA TAMPICO-MIRAMAR: REGIDORA.","datePublished":"2024-03-12T02:55:00+00:00","mainEntityOfPage":{"@id":"https:\/\/elinformativotam.com\/index.php\/2024\/03\/11\/necesario-un-analisis-profundo-de-la-marca-tampico-miramar-regidora\/"},"wordCount":169,"commentCount":0,"publisher":{"@id":"https:\/\/elinformativotam.com\/#organization"},"image":{"@id":"https:\/\/elinformativotam.com\/index.php\/2024\/03\/11\/necesario-un-analisis-profundo-de-la-marca-tampico-miramar-regidora\/#primaryimage"},"thumbnailUrl":"https:\/\/elinformativotam.com\/wp-content\/uploads\/2024\/03\/Dunia.jpeg","articleSection":["Cd Madero"],"inLanguage":"es","potentialAction":[{"@type":"CommentAction","name":"Comment","target":["https:\/\/elinformativotam.com\/index.php\/2024\/03\/11\/necesario-un-analisis-profundo-de-la-marca-tampico-miramar-regidora\/#respond"]}]},{"@type":"WebPage","@id":"https:\/\/elinformativotam.com\/index.php\/2024\/03\/11\/necesario-un-analisis-profundo-de-la-marca-tampico-miramar-regidora\/","url":"https:\/\/elinformativotam.com\/index.php\/2024\/03\/11\/necesario-un-analisis-profundo-de-la-marca-tampico-miramar-regidora\/","name":"NECESARIO UN AN\u00c1LISIS PROFUNDO DE LA MARCA TAMPICO-MIRAMAR: REGIDORA. - EL INFORMATIVO DE TAMAULIPAS","isPartOf":{"@id":"https:\/\/elinformativotam.com\/#website"},"primaryImageOfPage":{"@id":"https:\/\/elinformativotam.com\/index.php\/2024\/03\/11\/necesario-un-analisis-profundo-de-la-marca-tampico-miramar-regidora\/#primaryimage"},"image":{"@id":"https:\/\/elinformativotam.com\/index.php\/2024\/03\/11\/necesario-un-analisis-profundo-de-la-marca-tampico-miramar-regidora\/#primaryimage"},"thumbnailUrl":"https:\/\/elinformativotam.com\/wp-content\/uploads\/2024\/03\/Dunia.jpeg","datePublished":"2024-03-12T02:55:00+00:00","description":"Cd. Madero, Tamaulipas.- A las autoridades municipales de Madero tambi\u00e9n sorprendi\u00f3 la presentaci\u00f3n de la marca Tampico-Miramar realizada por empresarios","inLanguage":"es","potentialAction":[{"@type":"ReadAction","target":["https:\/\/elinformativotam.com\/index.php\/2024\/03\/11\/necesario-un-analisis-profundo-de-la-marca-tampico-miramar-regidora\/"]}]},{"@type":"ImageObject","inLanguage":"es","@id":"https:\/\/elinformativotam.com\/index.php\/2024\/03\/11\/necesario-un-analisis-profundo-de-la-marca-tampico-miramar-regidora\/#primaryimage","url":"https:\/\/elinformativotam.com\/wp-content\/uploads\/2024\/03\/Dunia.jpeg","contentUrl":"https:\/\/elinformativotam.com\/wp-content\/uploads\/2024\/03\/Dunia.jpeg","width":1040,"height":780},{"@type":"WebSite","@id":"https:\/\/elinformativotam.com\/#website","url":"https:\/\/elinformativotam.com\/","name":"EL INFORMATIVO DE TAMAULIPAS","description":"Desde la Zona Metropolitana Para Todo M\u00e9xico","publisher":{"@id":"https:\/\/elinformativotam.com\/#organization"},"potentialAction":[{"@type":"SearchAction","target":{"@type":"EntryPoint","urlTemplate":"https:\/\/elinformativotam.com\/?s={search_term_string}"},"query-input":{"@type":"PropertyValueSpecification","valueRequired":true,"valueName":"search_term_string"}}],"inLanguage":"es"},{"@type":"Organization","@id":"https:\/\/elinformativotam.com\/#organization","name":"EL INFORMATIVO DE TAMAULIPAS","url":"https:\/\/elinformativotam.com\/","logo":{"@type":"ImageObject","inLanguage":"es","@id":"https:\/\/elinformativotam.com\/#\/schema\/logo\/image\/","url":"https:\/\/elinformativotam.com\/wp-content\/uploads\/2026\/02\/Cabezal.png","contentUrl":"https:\/\/elinformativotam.com\/wp-content\/uploads\/2026\/02\/Cabezal.png","width":960,"height":640,"caption":"EL INFORMATIVO DE TAMAULIPAS"},"image":{"@id":"https:\/\/elinformativotam.com\/#\/schema\/logo\/image\/"}},{"@type":"Person","@id":"https:\/\/elinformativotam.com\/#\/schema\/person\/78e08040eed0f6110f0c5f83b6153590","name":"El Informativo Tam","image":{"@type":"ImageObject","inLanguage":"es","@id":"https:\/\/secure.gravatar.com\/avatar\/f3b7ad3af540688955925ac610647be00b0cf41feea9c4978b73a707ee86bc53?s=96&d=mm&r=g","url":"https:\/\/secure.gravatar.com\/avatar\/f3b7ad3af540688955925ac610647be00b0cf41feea9c4978b73a707ee86bc53?s=96&d=mm&r=g","contentUrl":"https:\/\/secure.gravatar.com\/avatar\/f3b7ad3af540688955925ac610647be00b0cf41feea9c4978b73a707ee86bc53?s=96&d=mm&r=g","caption":"El Informativo Tam"}}]}},"_links":{"self":[{"href":"https:\/\/elinformativotam.com\/index.php\/wp-json\/wp\/v2\/posts\/49583","targetHints":{"allow":["GET"]}}],"collection":[{"href":"https:\/\/elinformativotam.com\/index.php\/wp-json\/wp\/v2\/posts"}],"about":[{"href":"https:\/\/elinformativotam.com\/index.php\/wp-json\/wp\/v2\/types\/post"}],"author":[{"embeddable":true,"href":"https:\/\/elinformativotam.com\/index.php\/wp-json\/wp\/v2\/users\/1"}],"replies":[{"embeddable":true,"href":"https:\/\/elinformativotam.com\/index.php\/wp-json\/wp\/v2\/comments?post=49583"}],"version-history":[{"count":1,"href":"https:\/\/elinformativotam.com\/index.php\/wp-json\/wp\/v2\/posts\/49583\/revisions"}],"predecessor-version":[{"id":49584,"href":"https:\/\/elinformativotam.com\/index.php\/wp-json\/wp\/v2\/posts\/49583\/revisions\/49584"}],"wp:featuredmedia":[{"embeddable":true,"href":"https:\/\/elinformativotam.com\/index.php\/wp-json\/wp\/v2\/media\/49580"}],"wp:attachment":[{"href":"https:\/\/elinformativotam.com\/index.php\/wp-json\/wp\/v2\/media?parent=49583"}],"wp:term":[{"taxonomy":"category","embeddable":true,"href":"https:\/\/elinformativotam.com\/index.php\/wp-json\/wp\/v2\/categories?post=49583"},{"taxonomy":"post_tag","embeddable":true,"href":"https:\/\/elinformativotam.com\/index.php\/wp-json\/wp\/v2\/tags?post=49583"}],"curies":[{"name":"wp","href":"https:\/\/api.w.org\/{rel}","templated":true}]}}