{"id":49576,"date":"2024-03-11T20:39:39","date_gmt":"2024-03-12T02:39:39","guid":{"rendered":"https:\/\/elinformativotam.com\/?p=49576"},"modified":"2024-03-11T20:39:39","modified_gmt":"2024-03-12T02:39:39","slug":"vital-que-regrese-el-fideicomiso-del-centro-historico-con-mas-recursos","status":"publish","type":"post","link":"https:\/\/elinformativotam.com\/index.php\/2024\/03\/11\/vital-que-regrese-el-fideicomiso-del-centro-historico-con-mas-recursos\/","title":{"rendered":"VITAL QUE REGRESE EL FIDEICOMISO DEL CENTRO HIST\u00d3RICO CON M\u00c1S RECURSOS"},"content":{"rendered":"<h2 style=\"text-align: center;\"><em><span style=\"font-family: 'times new roman', times;\">*Con Esa Figura Jur\u00eddica Se Hizo Un Trabajo Positivo En El Rescate De Muchos Edificios Hist\u00f3ricos As\u00ed Como Infraestructura Aleda\u00f1a<\/span><\/em><\/h2>\n<p>&nbsp;<\/p>\n<p>&nbsp;<\/p>\n<p>Para seguir embelleciendo la zona centro de Tampico y sus alrededores es necesario conocer &#8220;el status&#8221; que guarda el fideicomiso del centro hist\u00f3rico y proceder con la reactivaci\u00f3n, o en su defecto crear una nueva figura jur\u00eddica que permita seguir rescatando edificios, banquetas y dotar de mejor iluminaci\u00f3n a las vialidades.<\/p>\n<p>&nbsp;<\/p>\n<p>Eduardo Manzur Manzur, empresario porte\u00f1o, destac\u00f3 que sin duda es un tema para los candidatos que disputan los distintos puestos p\u00fablicos de \u00edndole federal y local, pues esa figura jur\u00eddica comenz\u00f3 a dar buenos resultados en los a\u00f1os 90&#8217;s. Hasta el 2015, cuando se utiliz\u00f3 para construir el nuevo mercado de Tampico.<\/p>\n<p>&nbsp;<\/p>\n<p>Remarc\u00f3 que ese tipo de fideicomisos han dado resultados positivos a la ciudad, con el rescate de edificios hist\u00f3ricos, la transformaci\u00f3n de banquetas de la zona centro, el cambio de iluminaci\u00f3n y reconfiguraci\u00f3n de vialidades.<\/p>\n<p>&nbsp;<\/p>\n<p>Detall\u00f3 la importancia de que se d\u00e9 a conocer en que condiciones se encuentra esa figura jur\u00eddica, incluso con la posibilidad de que pueda tener recursos, pues record\u00f3 que el sexenio estatal que inici\u00f3 con el proyecto del nuevo mercado, tendr\u00eda que depositar una cantidad importante para lograr 500 millones de pesos, que permitir\u00edan la construcci\u00f3n de los dos centros de abasto.<\/p>\n<p>&nbsp;<\/p>\n<p>&#8220;En el 2015 el ayuntamiento deposit\u00f3 125 millones de pesos al fideicomiso, es decir una cuarta parte de los 500 millones que se necesitaban para construir los dos mercados&#8221;.<\/p>\n<p>&nbsp;<\/p>\n<p>&#8220;Recordemos que la primera frase era rescatar al gastron\u00f3mico, Ju\u00e1rez e Hidalgo y la segunda fase era construir el Madero y tener una \u00e1rea para estacionamiento, y en los dos invertir 500 millones de pesos&#8221;, recalc\u00f3<\/p>\n<p>&nbsp;<\/p>\n<p>Manzur, destac\u00f3 la necesidad de qu\u00e9 se d\u00e9 a conocer s\u00ed el citado fideicomiso del centro hist\u00f3rico(FICEHTAM) a\u00fan tiene recursos dep\u00f3sitados que permitan reactivarlo o en su defecto crear otra figura jur\u00eddica que siga ayudando al rescate de m\u00e1s inmuebles, y de la importancia de ampliar la reactivaci\u00f3n hasta el mercado de mariscos &#8220;La Puntilla&#8221;.<\/p>\n<p>&nbsp;<\/p>\n<p>&#8220;Incluso se podr\u00eda atraer dinero de la federaci\u00f3n para seguir preservando edificios, esto luego del desinter\u00e9s que hay en muchos de sus due\u00f1os ante los altos costos que ello implica&#8221;, resalt\u00f3.<\/p>\n<p>&nbsp;<\/p>\n","protected":false},"excerpt":{"rendered":"<p>*Con Esa Figura Jur\u00eddica Se Hizo Un Trabajo Positivo En El Rescate De Muchos Edificios Hist\u00f3ricos As\u00ed Como Infraestructura Aleda\u00f1a&hellip;<\/p>\n","protected":false},"author":1,"featured_media":49574,"comment_status":"open","ping_status":"open","sticky":false,"template":"","format":"standard","meta":{"footnotes":""},"categories":[3],"tags":[],"class_list":["post-49576","post","type-post","status-publish","format-standard","has-post-thumbnail","hentry","category-tampico"],"yoast_head":"<!-- This site is optimized with the Yoast SEO plugin v27.5 - https:\/\/yoast.com\/product\/yoast-seo-wordpress\/ -->\n<title>VITAL QUE REGRESE EL FIDEICOMISO DEL CENTRO HIST\u00d3RICO CON M\u00c1S RECURSOS - EL INFORMATIVO DE TAMAULIPAS<\/title>\n<meta name=\"description\" content=\"*Con Esa Figura Jur\u00eddica Se Hizo Un Trabajo Positivo En El Rescate De Muchos Edificios Hist\u00f3ricos As\u00ed Como Infraestructura Aleda\u00f1a &nbsp; &nbsp; Para\" \/>\n<meta name=\"robots\" content=\"index, follow, max-snippet:-1, max-image-preview:large, max-video-preview:-1\" \/>\n<link rel=\"canonical\" href=\"https:\/\/elinformativotam.com\/index.php\/2024\/03\/11\/vital-que-regrese-el-fideicomiso-del-centro-historico-con-mas-recursos\/\" \/>\n<meta property=\"og:locale\" content=\"es_MX\" \/>\n<meta property=\"og:type\" content=\"article\" \/>\n<meta property=\"og:title\" content=\"VITAL QUE REGRESE EL FIDEICOMISO DEL CENTRO HIST\u00d3RICO CON M\u00c1S RECURSOS - EL INFORMATIVO DE TAMAULIPAS\" \/>\n<meta property=\"og:description\" content=\"*Con Esa Figura Jur\u00eddica Se Hizo Un Trabajo Positivo En El Rescate De Muchos Edificios Hist\u00f3ricos As\u00ed Como Infraestructura Aleda\u00f1a &nbsp; &nbsp; Para\" \/>\n<meta property=\"og:url\" content=\"https:\/\/elinformativotam.com\/index.php\/2024\/03\/11\/vital-que-regrese-el-fideicomiso-del-centro-historico-con-mas-recursos\/\" \/>\n<meta property=\"og:site_name\" content=\"EL INFORMATIVO DE TAMAULIPAS\" \/>\n<meta property=\"article:published_time\" content=\"2024-03-12T02:39:39+00:00\" \/>\n<meta property=\"og:image\" content=\"https:\/\/elinformativotam.com\/wp-content\/uploads\/2024\/03\/manzur.jpeg\" \/>\n\t<meta property=\"og:image:width\" content=\"1600\" \/>\n\t<meta property=\"og:image:height\" content=\"1204\" \/>\n\t<meta property=\"og:image:type\" content=\"image\/jpeg\" \/>\n<meta name=\"author\" content=\"El Informativo Tam\" \/>\n<meta name=\"twitter:card\" content=\"summary_large_image\" \/>\n<meta name=\"twitter:label1\" content=\"Escrito por\" \/>\n\t<meta name=\"twitter:data1\" content=\"El Informativo Tam\" \/>\n\t<meta name=\"twitter:label2\" content=\"Tiempo de lectura\" \/>\n\t<meta name=\"twitter:data2\" content=\"2 minutos\" \/>\n<script type=\"application\/ld+json\" class=\"yoast-schema-graph\">{\"@context\":\"https:\\\/\\\/schema.org\",\"@graph\":[{\"@type\":\"Article\",\"@id\":\"https:\\\/\\\/elinformativotam.com\\\/index.php\\\/2024\\\/03\\\/11\\\/vital-que-regrese-el-fideicomiso-del-centro-historico-con-mas-recursos\\\/#article\",\"isPartOf\":{\"@id\":\"https:\\\/\\\/elinformativotam.com\\\/index.php\\\/2024\\\/03\\\/11\\\/vital-que-regrese-el-fideicomiso-del-centro-historico-con-mas-recursos\\\/\"},\"author\":{\"name\":\"El Informativo Tam\",\"@id\":\"https:\\\/\\\/elinformativotam.com\\\/#\\\/schema\\\/person\\\/78e08040eed0f6110f0c5f83b6153590\"},\"headline\":\"VITAL QUE REGRESE EL FIDEICOMISO DEL CENTRO HIST\u00d3RICO CON M\u00c1S RECURSOS\",\"datePublished\":\"2024-03-12T02:39:39+00:00\",\"mainEntityOfPage\":{\"@id\":\"https:\\\/\\\/elinformativotam.com\\\/index.php\\\/2024\\\/03\\\/11\\\/vital-que-regrese-el-fideicomiso-del-centro-historico-con-mas-recursos\\\/\"},\"wordCount\":420,\"commentCount\":0,\"publisher\":{\"@id\":\"https:\\\/\\\/elinformativotam.com\\\/#organization\"},\"image\":{\"@id\":\"https:\\\/\\\/elinformativotam.com\\\/index.php\\\/2024\\\/03\\\/11\\\/vital-que-regrese-el-fideicomiso-del-centro-historico-con-mas-recursos\\\/#primaryimage\"},\"thumbnailUrl\":\"https:\\\/\\\/elinformativotam.com\\\/wp-content\\\/uploads\\\/2024\\\/03\\\/manzur.jpeg\",\"articleSection\":[\"Tampico\"],\"inLanguage\":\"es\",\"potentialAction\":[{\"@type\":\"CommentAction\",\"name\":\"Comment\",\"target\":[\"https:\\\/\\\/elinformativotam.com\\\/index.php\\\/2024\\\/03\\\/11\\\/vital-que-regrese-el-fideicomiso-del-centro-historico-con-mas-recursos\\\/#respond\"]}]},{\"@type\":\"WebPage\",\"@id\":\"https:\\\/\\\/elinformativotam.com\\\/index.php\\\/2024\\\/03\\\/11\\\/vital-que-regrese-el-fideicomiso-del-centro-historico-con-mas-recursos\\\/\",\"url\":\"https:\\\/\\\/elinformativotam.com\\\/index.php\\\/2024\\\/03\\\/11\\\/vital-que-regrese-el-fideicomiso-del-centro-historico-con-mas-recursos\\\/\",\"name\":\"VITAL QUE REGRESE EL FIDEICOMISO DEL CENTRO HIST\u00d3RICO CON M\u00c1S RECURSOS - EL INFORMATIVO DE TAMAULIPAS\",\"isPartOf\":{\"@id\":\"https:\\\/\\\/elinformativotam.com\\\/#website\"},\"primaryImageOfPage\":{\"@id\":\"https:\\\/\\\/elinformativotam.com\\\/index.php\\\/2024\\\/03\\\/11\\\/vital-que-regrese-el-fideicomiso-del-centro-historico-con-mas-recursos\\\/#primaryimage\"},\"image\":{\"@id\":\"https:\\\/\\\/elinformativotam.com\\\/index.php\\\/2024\\\/03\\\/11\\\/vital-que-regrese-el-fideicomiso-del-centro-historico-con-mas-recursos\\\/#primaryimage\"},\"thumbnailUrl\":\"https:\\\/\\\/elinformativotam.com\\\/wp-content\\\/uploads\\\/2024\\\/03\\\/manzur.jpeg\",\"datePublished\":\"2024-03-12T02:39:39+00:00\",\"description\":\"*Con Esa Figura Jur\u00eddica Se Hizo Un Trabajo Positivo En El Rescate De Muchos Edificios Hist\u00f3ricos As\u00ed Como Infraestructura Aleda\u00f1a &nbsp; &nbsp; Para\",\"inLanguage\":\"es\",\"potentialAction\":[{\"@type\":\"ReadAction\",\"target\":[\"https:\\\/\\\/elinformativotam.com\\\/index.php\\\/2024\\\/03\\\/11\\\/vital-que-regrese-el-fideicomiso-del-centro-historico-con-mas-recursos\\\/\"]}]},{\"@type\":\"ImageObject\",\"inLanguage\":\"es\",\"@id\":\"https:\\\/\\\/elinformativotam.com\\\/index.php\\\/2024\\\/03\\\/11\\\/vital-que-regrese-el-fideicomiso-del-centro-historico-con-mas-recursos\\\/#primaryimage\",\"url\":\"https:\\\/\\\/elinformativotam.com\\\/wp-content\\\/uploads\\\/2024\\\/03\\\/manzur.jpeg\",\"contentUrl\":\"https:\\\/\\\/elinformativotam.com\\\/wp-content\\\/uploads\\\/2024\\\/03\\\/manzur.jpeg\",\"width\":1600,\"height\":1204},{\"@type\":\"WebSite\",\"@id\":\"https:\\\/\\\/elinformativotam.com\\\/#website\",\"url\":\"https:\\\/\\\/elinformativotam.com\\\/\",\"name\":\"EL INFORMATIVO DE TAMAULIPAS\",\"description\":\"Desde la Zona Metropolitana Para Todo M\u00e9xico\",\"publisher\":{\"@id\":\"https:\\\/\\\/elinformativotam.com\\\/#organization\"},\"potentialAction\":[{\"@type\":\"SearchAction\",\"target\":{\"@type\":\"EntryPoint\",\"urlTemplate\":\"https:\\\/\\\/elinformativotam.com\\\/?s={search_term_string}\"},\"query-input\":{\"@type\":\"PropertyValueSpecification\",\"valueRequired\":true,\"valueName\":\"search_term_string\"}}],\"inLanguage\":\"es\"},{\"@type\":\"Organization\",\"@id\":\"https:\\\/\\\/elinformativotam.com\\\/#organization\",\"name\":\"EL INFORMATIVO DE TAMAULIPAS\",\"url\":\"https:\\\/\\\/elinformativotam.com\\\/\",\"logo\":{\"@type\":\"ImageObject\",\"inLanguage\":\"es\",\"@id\":\"https:\\\/\\\/elinformativotam.com\\\/#\\\/schema\\\/logo\\\/image\\\/\",\"url\":\"https:\\\/\\\/elinformativotam.com\\\/wp-content\\\/uploads\\\/2026\\\/02\\\/Cabezal.png\",\"contentUrl\":\"https:\\\/\\\/elinformativotam.com\\\/wp-content\\\/uploads\\\/2026\\\/02\\\/Cabezal.png\",\"width\":960,\"height\":640,\"caption\":\"EL INFORMATIVO DE TAMAULIPAS\"},\"image\":{\"@id\":\"https:\\\/\\\/elinformativotam.com\\\/#\\\/schema\\\/logo\\\/image\\\/\"}},{\"@type\":\"Person\",\"@id\":\"https:\\\/\\\/elinformativotam.com\\\/#\\\/schema\\\/person\\\/78e08040eed0f6110f0c5f83b6153590\",\"name\":\"El Informativo Tam\",\"image\":{\"@type\":\"ImageObject\",\"inLanguage\":\"es\",\"@id\":\"https:\\\/\\\/secure.gravatar.com\\\/avatar\\\/f3b7ad3af540688955925ac610647be00b0cf41feea9c4978b73a707ee86bc53?s=96&d=mm&r=g\",\"url\":\"https:\\\/\\\/secure.gravatar.com\\\/avatar\\\/f3b7ad3af540688955925ac610647be00b0cf41feea9c4978b73a707ee86bc53?s=96&d=mm&r=g\",\"contentUrl\":\"https:\\\/\\\/secure.gravatar.com\\\/avatar\\\/f3b7ad3af540688955925ac610647be00b0cf41feea9c4978b73a707ee86bc53?s=96&d=mm&r=g\",\"caption\":\"El Informativo Tam\"}}]}<\/script>\n<!-- \/ Yoast SEO plugin. -->","yoast_head_json":{"title":"VITAL QUE REGRESE EL FIDEICOMISO DEL CENTRO HIST\u00d3RICO CON M\u00c1S RECURSOS - EL INFORMATIVO DE TAMAULIPAS","description":"*Con Esa Figura Jur\u00eddica Se Hizo Un Trabajo Positivo En El Rescate De Muchos Edificios Hist\u00f3ricos As\u00ed Como Infraestructura Aleda\u00f1a &nbsp; &nbsp; Para","robots":{"index":"index","follow":"follow","max-snippet":"max-snippet:-1","max-image-preview":"max-image-preview:large","max-video-preview":"max-video-preview:-1"},"canonical":"https:\/\/elinformativotam.com\/index.php\/2024\/03\/11\/vital-que-regrese-el-fideicomiso-del-centro-historico-con-mas-recursos\/","og_locale":"es_MX","og_type":"article","og_title":"VITAL QUE REGRESE EL FIDEICOMISO DEL CENTRO HIST\u00d3RICO CON M\u00c1S RECURSOS - EL INFORMATIVO DE TAMAULIPAS","og_description":"*Con Esa Figura Jur\u00eddica Se Hizo Un Trabajo Positivo En El Rescate De Muchos Edificios Hist\u00f3ricos As\u00ed Como Infraestructura Aleda\u00f1a &nbsp; &nbsp; Para","og_url":"https:\/\/elinformativotam.com\/index.php\/2024\/03\/11\/vital-que-regrese-el-fideicomiso-del-centro-historico-con-mas-recursos\/","og_site_name":"EL INFORMATIVO DE TAMAULIPAS","article_published_time":"2024-03-12T02:39:39+00:00","og_image":[{"width":1600,"height":1204,"url":"https:\/\/elinformativotam.com\/wp-content\/uploads\/2024\/03\/manzur.jpeg","type":"image\/jpeg"}],"author":"El Informativo Tam","twitter_card":"summary_large_image","twitter_misc":{"Escrito por":"El Informativo Tam","Tiempo de lectura":"2 minutos"},"schema":{"@context":"https:\/\/schema.org","@graph":[{"@type":"Article","@id":"https:\/\/elinformativotam.com\/index.php\/2024\/03\/11\/vital-que-regrese-el-fideicomiso-del-centro-historico-con-mas-recursos\/#article","isPartOf":{"@id":"https:\/\/elinformativotam.com\/index.php\/2024\/03\/11\/vital-que-regrese-el-fideicomiso-del-centro-historico-con-mas-recursos\/"},"author":{"name":"El Informativo Tam","@id":"https:\/\/elinformativotam.com\/#\/schema\/person\/78e08040eed0f6110f0c5f83b6153590"},"headline":"VITAL QUE REGRESE EL FIDEICOMISO DEL CENTRO HIST\u00d3RICO CON M\u00c1S RECURSOS","datePublished":"2024-03-12T02:39:39+00:00","mainEntityOfPage":{"@id":"https:\/\/elinformativotam.com\/index.php\/2024\/03\/11\/vital-que-regrese-el-fideicomiso-del-centro-historico-con-mas-recursos\/"},"wordCount":420,"commentCount":0,"publisher":{"@id":"https:\/\/elinformativotam.com\/#organization"},"image":{"@id":"https:\/\/elinformativotam.com\/index.php\/2024\/03\/11\/vital-que-regrese-el-fideicomiso-del-centro-historico-con-mas-recursos\/#primaryimage"},"thumbnailUrl":"https:\/\/elinformativotam.com\/wp-content\/uploads\/2024\/03\/manzur.jpeg","articleSection":["Tampico"],"inLanguage":"es","potentialAction":[{"@type":"CommentAction","name":"Comment","target":["https:\/\/elinformativotam.com\/index.php\/2024\/03\/11\/vital-que-regrese-el-fideicomiso-del-centro-historico-con-mas-recursos\/#respond"]}]},{"@type":"WebPage","@id":"https:\/\/elinformativotam.com\/index.php\/2024\/03\/11\/vital-que-regrese-el-fideicomiso-del-centro-historico-con-mas-recursos\/","url":"https:\/\/elinformativotam.com\/index.php\/2024\/03\/11\/vital-que-regrese-el-fideicomiso-del-centro-historico-con-mas-recursos\/","name":"VITAL QUE REGRESE EL FIDEICOMISO DEL CENTRO HIST\u00d3RICO CON M\u00c1S RECURSOS - EL INFORMATIVO DE TAMAULIPAS","isPartOf":{"@id":"https:\/\/elinformativotam.com\/#website"},"primaryImageOfPage":{"@id":"https:\/\/elinformativotam.com\/index.php\/2024\/03\/11\/vital-que-regrese-el-fideicomiso-del-centro-historico-con-mas-recursos\/#primaryimage"},"image":{"@id":"https:\/\/elinformativotam.com\/index.php\/2024\/03\/11\/vital-que-regrese-el-fideicomiso-del-centro-historico-con-mas-recursos\/#primaryimage"},"thumbnailUrl":"https:\/\/elinformativotam.com\/wp-content\/uploads\/2024\/03\/manzur.jpeg","datePublished":"2024-03-12T02:39:39+00:00","description":"*Con Esa Figura Jur\u00eddica Se Hizo Un Trabajo Positivo En El Rescate De Muchos Edificios Hist\u00f3ricos As\u00ed Como Infraestructura Aleda\u00f1a &nbsp; &nbsp; Para","inLanguage":"es","potentialAction":[{"@type":"ReadAction","target":["https:\/\/elinformativotam.com\/index.php\/2024\/03\/11\/vital-que-regrese-el-fideicomiso-del-centro-historico-con-mas-recursos\/"]}]},{"@type":"ImageObject","inLanguage":"es","@id":"https:\/\/elinformativotam.com\/index.php\/2024\/03\/11\/vital-que-regrese-el-fideicomiso-del-centro-historico-con-mas-recursos\/#primaryimage","url":"https:\/\/elinformativotam.com\/wp-content\/uploads\/2024\/03\/manzur.jpeg","contentUrl":"https:\/\/elinformativotam.com\/wp-content\/uploads\/2024\/03\/manzur.jpeg","width":1600,"height":1204},{"@type":"WebSite","@id":"https:\/\/elinformativotam.com\/#website","url":"https:\/\/elinformativotam.com\/","name":"EL INFORMATIVO DE TAMAULIPAS","description":"Desde la Zona Metropolitana Para Todo M\u00e9xico","publisher":{"@id":"https:\/\/elinformativotam.com\/#organization"},"potentialAction":[{"@type":"SearchAction","target":{"@type":"EntryPoint","urlTemplate":"https:\/\/elinformativotam.com\/?s={search_term_string}"},"query-input":{"@type":"PropertyValueSpecification","valueRequired":true,"valueName":"search_term_string"}}],"inLanguage":"es"},{"@type":"Organization","@id":"https:\/\/elinformativotam.com\/#organization","name":"EL INFORMATIVO DE TAMAULIPAS","url":"https:\/\/elinformativotam.com\/","logo":{"@type":"ImageObject","inLanguage":"es","@id":"https:\/\/elinformativotam.com\/#\/schema\/logo\/image\/","url":"https:\/\/elinformativotam.com\/wp-content\/uploads\/2026\/02\/Cabezal.png","contentUrl":"https:\/\/elinformativotam.com\/wp-content\/uploads\/2026\/02\/Cabezal.png","width":960,"height":640,"caption":"EL INFORMATIVO DE TAMAULIPAS"},"image":{"@id":"https:\/\/elinformativotam.com\/#\/schema\/logo\/image\/"}},{"@type":"Person","@id":"https:\/\/elinformativotam.com\/#\/schema\/person\/78e08040eed0f6110f0c5f83b6153590","name":"El Informativo Tam","image":{"@type":"ImageObject","inLanguage":"es","@id":"https:\/\/secure.gravatar.com\/avatar\/f3b7ad3af540688955925ac610647be00b0cf41feea9c4978b73a707ee86bc53?s=96&d=mm&r=g","url":"https:\/\/secure.gravatar.com\/avatar\/f3b7ad3af540688955925ac610647be00b0cf41feea9c4978b73a707ee86bc53?s=96&d=mm&r=g","contentUrl":"https:\/\/secure.gravatar.com\/avatar\/f3b7ad3af540688955925ac610647be00b0cf41feea9c4978b73a707ee86bc53?s=96&d=mm&r=g","caption":"El Informativo Tam"}}]}},"_links":{"self":[{"href":"https:\/\/elinformativotam.com\/index.php\/wp-json\/wp\/v2\/posts\/49576","targetHints":{"allow":["GET"]}}],"collection":[{"href":"https:\/\/elinformativotam.com\/index.php\/wp-json\/wp\/v2\/posts"}],"about":[{"href":"https:\/\/elinformativotam.com\/index.php\/wp-json\/wp\/v2\/types\/post"}],"author":[{"embeddable":true,"href":"https:\/\/elinformativotam.com\/index.php\/wp-json\/wp\/v2\/users\/1"}],"replies":[{"embeddable":true,"href":"https:\/\/elinformativotam.com\/index.php\/wp-json\/wp\/v2\/comments?post=49576"}],"version-history":[{"count":1,"href":"https:\/\/elinformativotam.com\/index.php\/wp-json\/wp\/v2\/posts\/49576\/revisions"}],"predecessor-version":[{"id":49577,"href":"https:\/\/elinformativotam.com\/index.php\/wp-json\/wp\/v2\/posts\/49576\/revisions\/49577"}],"wp:featuredmedia":[{"embeddable":true,"href":"https:\/\/elinformativotam.com\/index.php\/wp-json\/wp\/v2\/media\/49574"}],"wp:attachment":[{"href":"https:\/\/elinformativotam.com\/index.php\/wp-json\/wp\/v2\/media?parent=49576"}],"wp:term":[{"taxonomy":"category","embeddable":true,"href":"https:\/\/elinformativotam.com\/index.php\/wp-json\/wp\/v2\/categories?post=49576"},{"taxonomy":"post_tag","embeddable":true,"href":"https:\/\/elinformativotam.com\/index.php\/wp-json\/wp\/v2\/tags?post=49576"}],"curies":[{"name":"wp","href":"https:\/\/api.w.org\/{rel}","templated":true}]}}