{"id":49572,"date":"2024-03-11T20:37:20","date_gmt":"2024-03-12T02:37:20","guid":{"rendered":"https:\/\/elinformativotam.com\/?p=49572"},"modified":"2024-03-11T20:37:20","modified_gmt":"2024-03-12T02:37:20","slug":"eleccion-concurrente-en-tamaulipas-permitira-que-voten-encarcelados-y-personas-en-postracion","status":"publish","type":"post","link":"https:\/\/elinformativotam.com\/index.php\/2024\/03\/11\/eleccion-concurrente-en-tamaulipas-permitira-que-voten-encarcelados-y-personas-en-postracion\/","title":{"rendered":"ELECCI\u00d3N CONCURRENTE EN TAMAULIPAS PERMITIR\u00c1 QUE VOTEN ENCARCELADOS Y PERSONAS EN POSTRACI\u00d3N"},"content":{"rendered":"<h2 style=\"text-align: center;\"><em><span style=\"font-family: 'times new roman', times;\">*El INE Brindar\u00e1 Todo Tipo De Facilidades A Estos Sectores De La Poblaci\u00f3n Para Que Ejerzan El Voto Anticipado<\/span><\/em><\/h2>\n<p>&nbsp;<\/p>\n<p>&nbsp;<\/p>\n<p>Las personas en postraci\u00f3n y quienes purgan una condena en las c\u00e1rceles penitenciarias de Tamaulipas podr\u00e1n participar en la elecci\u00f3n del 2 de Junio, mediante la campa\u00f1a denominada voto anticipado, revel\u00f3 el vocal del registro federal de electores en la entidad, Jos\u00e9 de Jes\u00fas Arredondo Cortez.<\/p>\n<p>&nbsp;<\/p>\n<p>Destac\u00f3 que estos programas lo encabezan las vocal\u00edas, del registro y organizaci\u00f3n, con el fin de apoyar a estos sectores de la poblaci\u00f3n, que por sus condiciones, no pueden ejercer el sufragio libre y secreto.<\/p>\n<p>&nbsp;<\/p>\n<p>Indic\u00f3 que en el caso de las personas que por cuestiones de salud y en condiciones de votar luego de haber cumplido todos los requisitos que exige el INE, son 147 electores que est\u00e1n en el padr\u00f3n en la entidad, de los cu\u00e1les 32 han aceptado votar de manera anticipada.<\/p>\n<p>&nbsp;<\/p>\n<p>En el rubro de las personas que cumplen una penalidad en las c\u00e1rceles de la entidad, el padr\u00f3n advierte de Mil 105 personas que est\u00e1n en la lista nominal y en condiciones de votar.<\/p>\n<p>&nbsp;<\/p>\n<p>&#8220;Esta es la primera vez que se hace esto en Tamaulipas, es algo in\u00e9dito, aunque en algunos estados ya lo hab\u00edan implementado&#8221;, dijo el vocal del registro de electores<\/p>\n<p>&nbsp;<\/p>\n<p>Arredondo, destac\u00f3 que otro de los programas como el voto desde el extranjero, tambi\u00e9n se le est\u00e1 dando cobertura, solo podr\u00e1n votar para la Presidencia de la Rep\u00fablica en tres modalidades, postal, por internet o electr\u00f3nico o en las embajadas o consulados.<\/p>\n<p>&nbsp;<\/p>\n<p>&#8220;La mayor parte de los consulados est\u00e1n en EUA, 2 en Europa y 1 en Montreal, Canad\u00e1, siempre y cuando se hayan registrado con anterioridad&#8221;, detall\u00f3<\/p>\n<p>&nbsp;<\/p>\n<p>Todas esas personas inscritas en la modalidad del voto anticipado podr\u00e1n sufragar en Mayo y el resultado de sus votos ser\u00e1n cantados el d\u00eda de los comicios en una mesa receptora especiales.<\/p>\n","protected":false},"excerpt":{"rendered":"<p>*El INE Brindar\u00e1 Todo Tipo De Facilidades A Estos Sectores De La Poblaci\u00f3n Para Que Ejerzan El Voto Anticipado &nbsp;&hellip;<\/p>\n","protected":false},"author":1,"featured_media":49573,"comment_status":"open","ping_status":"open","sticky":false,"template":"","format":"standard","meta":{"footnotes":""},"categories":[3],"tags":[],"class_list":["post-49572","post","type-post","status-publish","format-standard","has-post-thumbnail","hentry","category-tampico"],"yoast_head":"<!-- This site is optimized with the Yoast SEO plugin v27.5 - https:\/\/yoast.com\/product\/yoast-seo-wordpress\/ -->\n<title>ELECCI\u00d3N CONCURRENTE EN TAMAULIPAS PERMITIR\u00c1 QUE VOTEN ENCARCELADOS Y PERSONAS EN POSTRACI\u00d3N - EL INFORMATIVO DE TAMAULIPAS<\/title>\n<meta name=\"description\" content=\"*El INE Brindar\u00e1 Todo Tipo De Facilidades A Estos Sectores De La Poblaci\u00f3n Para Que Ejerzan El Voto Anticipado &nbsp; &nbsp; Las personas en postraci\u00f3n y\" \/>\n<meta name=\"robots\" content=\"index, follow, max-snippet:-1, max-image-preview:large, max-video-preview:-1\" \/>\n<link rel=\"canonical\" href=\"https:\/\/elinformativotam.com\/index.php\/2024\/03\/11\/eleccion-concurrente-en-tamaulipas-permitira-que-voten-encarcelados-y-personas-en-postracion\/\" \/>\n<meta property=\"og:locale\" content=\"es_MX\" \/>\n<meta property=\"og:type\" content=\"article\" \/>\n<meta property=\"og:title\" content=\"ELECCI\u00d3N CONCURRENTE EN TAMAULIPAS PERMITIR\u00c1 QUE VOTEN ENCARCELADOS Y PERSONAS EN POSTRACI\u00d3N - EL INFORMATIVO DE TAMAULIPAS\" \/>\n<meta property=\"og:description\" content=\"*El INE Brindar\u00e1 Todo Tipo De Facilidades A Estos Sectores De La Poblaci\u00f3n Para Que Ejerzan El Voto Anticipado &nbsp; &nbsp; Las personas en postraci\u00f3n y\" \/>\n<meta property=\"og:url\" content=\"https:\/\/elinformativotam.com\/index.php\/2024\/03\/11\/eleccion-concurrente-en-tamaulipas-permitira-que-voten-encarcelados-y-personas-en-postracion\/\" \/>\n<meta property=\"og:site_name\" content=\"EL INFORMATIVO DE TAMAULIPAS\" \/>\n<meta property=\"article:published_time\" content=\"2024-03-12T02:37:20+00:00\" \/>\n<meta property=\"og:image\" content=\"https:\/\/elinformativotam.com\/wp-content\/uploads\/2024\/03\/Jesus-Arredondo.jpeg\" \/>\n\t<meta property=\"og:image:width\" content=\"1600\" \/>\n\t<meta property=\"og:image:height\" content=\"1204\" \/>\n\t<meta property=\"og:image:type\" content=\"image\/jpeg\" \/>\n<meta name=\"author\" content=\"El Informativo Tam\" \/>\n<meta name=\"twitter:card\" content=\"summary_large_image\" \/>\n<meta name=\"twitter:label1\" content=\"Escrito por\" \/>\n\t<meta name=\"twitter:data1\" content=\"El Informativo Tam\" \/>\n\t<meta name=\"twitter:label2\" content=\"Tiempo de lectura\" \/>\n\t<meta name=\"twitter:data2\" content=\"2 minutos\" \/>\n<script type=\"application\/ld+json\" class=\"yoast-schema-graph\">{\"@context\":\"https:\\\/\\\/schema.org\",\"@graph\":[{\"@type\":\"Article\",\"@id\":\"https:\\\/\\\/elinformativotam.com\\\/index.php\\\/2024\\\/03\\\/11\\\/eleccion-concurrente-en-tamaulipas-permitira-que-voten-encarcelados-y-personas-en-postracion\\\/#article\",\"isPartOf\":{\"@id\":\"https:\\\/\\\/elinformativotam.com\\\/index.php\\\/2024\\\/03\\\/11\\\/eleccion-concurrente-en-tamaulipas-permitira-que-voten-encarcelados-y-personas-en-postracion\\\/\"},\"author\":{\"name\":\"El Informativo Tam\",\"@id\":\"https:\\\/\\\/elinformativotam.com\\\/#\\\/schema\\\/person\\\/78e08040eed0f6110f0c5f83b6153590\"},\"headline\":\"ELECCI\u00d3N CONCURRENTE EN TAMAULIPAS PERMITIR\u00c1 QUE VOTEN ENCARCELADOS Y PERSONAS EN POSTRACI\u00d3N\",\"datePublished\":\"2024-03-12T02:37:20+00:00\",\"mainEntityOfPage\":{\"@id\":\"https:\\\/\\\/elinformativotam.com\\\/index.php\\\/2024\\\/03\\\/11\\\/eleccion-concurrente-en-tamaulipas-permitira-que-voten-encarcelados-y-personas-en-postracion\\\/\"},\"wordCount\":356,\"commentCount\":0,\"publisher\":{\"@id\":\"https:\\\/\\\/elinformativotam.com\\\/#organization\"},\"image\":{\"@id\":\"https:\\\/\\\/elinformativotam.com\\\/index.php\\\/2024\\\/03\\\/11\\\/eleccion-concurrente-en-tamaulipas-permitira-que-voten-encarcelados-y-personas-en-postracion\\\/#primaryimage\"},\"thumbnailUrl\":\"https:\\\/\\\/elinformativotam.com\\\/wp-content\\\/uploads\\\/2024\\\/03\\\/Jesus-Arredondo.jpeg\",\"articleSection\":[\"Tampico\"],\"inLanguage\":\"es\",\"potentialAction\":[{\"@type\":\"CommentAction\",\"name\":\"Comment\",\"target\":[\"https:\\\/\\\/elinformativotam.com\\\/index.php\\\/2024\\\/03\\\/11\\\/eleccion-concurrente-en-tamaulipas-permitira-que-voten-encarcelados-y-personas-en-postracion\\\/#respond\"]}]},{\"@type\":\"WebPage\",\"@id\":\"https:\\\/\\\/elinformativotam.com\\\/index.php\\\/2024\\\/03\\\/11\\\/eleccion-concurrente-en-tamaulipas-permitira-que-voten-encarcelados-y-personas-en-postracion\\\/\",\"url\":\"https:\\\/\\\/elinformativotam.com\\\/index.php\\\/2024\\\/03\\\/11\\\/eleccion-concurrente-en-tamaulipas-permitira-que-voten-encarcelados-y-personas-en-postracion\\\/\",\"name\":\"ELECCI\u00d3N CONCURRENTE EN TAMAULIPAS PERMITIR\u00c1 QUE VOTEN ENCARCELADOS Y PERSONAS EN POSTRACI\u00d3N - EL INFORMATIVO DE TAMAULIPAS\",\"isPartOf\":{\"@id\":\"https:\\\/\\\/elinformativotam.com\\\/#website\"},\"primaryImageOfPage\":{\"@id\":\"https:\\\/\\\/elinformativotam.com\\\/index.php\\\/2024\\\/03\\\/11\\\/eleccion-concurrente-en-tamaulipas-permitira-que-voten-encarcelados-y-personas-en-postracion\\\/#primaryimage\"},\"image\":{\"@id\":\"https:\\\/\\\/elinformativotam.com\\\/index.php\\\/2024\\\/03\\\/11\\\/eleccion-concurrente-en-tamaulipas-permitira-que-voten-encarcelados-y-personas-en-postracion\\\/#primaryimage\"},\"thumbnailUrl\":\"https:\\\/\\\/elinformativotam.com\\\/wp-content\\\/uploads\\\/2024\\\/03\\\/Jesus-Arredondo.jpeg\",\"datePublished\":\"2024-03-12T02:37:20+00:00\",\"description\":\"*El INE Brindar\u00e1 Todo Tipo De Facilidades A Estos Sectores De La Poblaci\u00f3n Para Que Ejerzan El Voto Anticipado &nbsp; &nbsp; Las personas en postraci\u00f3n y\",\"inLanguage\":\"es\",\"potentialAction\":[{\"@type\":\"ReadAction\",\"target\":[\"https:\\\/\\\/elinformativotam.com\\\/index.php\\\/2024\\\/03\\\/11\\\/eleccion-concurrente-en-tamaulipas-permitira-que-voten-encarcelados-y-personas-en-postracion\\\/\"]}]},{\"@type\":\"ImageObject\",\"inLanguage\":\"es\",\"@id\":\"https:\\\/\\\/elinformativotam.com\\\/index.php\\\/2024\\\/03\\\/11\\\/eleccion-concurrente-en-tamaulipas-permitira-que-voten-encarcelados-y-personas-en-postracion\\\/#primaryimage\",\"url\":\"https:\\\/\\\/elinformativotam.com\\\/wp-content\\\/uploads\\\/2024\\\/03\\\/Jesus-Arredondo.jpeg\",\"contentUrl\":\"https:\\\/\\\/elinformativotam.com\\\/wp-content\\\/uploads\\\/2024\\\/03\\\/Jesus-Arredondo.jpeg\",\"width\":1600,\"height\":1204},{\"@type\":\"WebSite\",\"@id\":\"https:\\\/\\\/elinformativotam.com\\\/#website\",\"url\":\"https:\\\/\\\/elinformativotam.com\\\/\",\"name\":\"EL INFORMATIVO DE TAMAULIPAS\",\"description\":\"Desde la Zona Metropolitana Para Todo M\u00e9xico\",\"publisher\":{\"@id\":\"https:\\\/\\\/elinformativotam.com\\\/#organization\"},\"potentialAction\":[{\"@type\":\"SearchAction\",\"target\":{\"@type\":\"EntryPoint\",\"urlTemplate\":\"https:\\\/\\\/elinformativotam.com\\\/?s={search_term_string}\"},\"query-input\":{\"@type\":\"PropertyValueSpecification\",\"valueRequired\":true,\"valueName\":\"search_term_string\"}}],\"inLanguage\":\"es\"},{\"@type\":\"Organization\",\"@id\":\"https:\\\/\\\/elinformativotam.com\\\/#organization\",\"name\":\"EL INFORMATIVO DE TAMAULIPAS\",\"url\":\"https:\\\/\\\/elinformativotam.com\\\/\",\"logo\":{\"@type\":\"ImageObject\",\"inLanguage\":\"es\",\"@id\":\"https:\\\/\\\/elinformativotam.com\\\/#\\\/schema\\\/logo\\\/image\\\/\",\"url\":\"https:\\\/\\\/elinformativotam.com\\\/wp-content\\\/uploads\\\/2026\\\/02\\\/Cabezal.png\",\"contentUrl\":\"https:\\\/\\\/elinformativotam.com\\\/wp-content\\\/uploads\\\/2026\\\/02\\\/Cabezal.png\",\"width\":960,\"height\":640,\"caption\":\"EL INFORMATIVO DE TAMAULIPAS\"},\"image\":{\"@id\":\"https:\\\/\\\/elinformativotam.com\\\/#\\\/schema\\\/logo\\\/image\\\/\"}},{\"@type\":\"Person\",\"@id\":\"https:\\\/\\\/elinformativotam.com\\\/#\\\/schema\\\/person\\\/78e08040eed0f6110f0c5f83b6153590\",\"name\":\"El Informativo Tam\",\"image\":{\"@type\":\"ImageObject\",\"inLanguage\":\"es\",\"@id\":\"https:\\\/\\\/secure.gravatar.com\\\/avatar\\\/f3b7ad3af540688955925ac610647be00b0cf41feea9c4978b73a707ee86bc53?s=96&d=mm&r=g\",\"url\":\"https:\\\/\\\/secure.gravatar.com\\\/avatar\\\/f3b7ad3af540688955925ac610647be00b0cf41feea9c4978b73a707ee86bc53?s=96&d=mm&r=g\",\"contentUrl\":\"https:\\\/\\\/secure.gravatar.com\\\/avatar\\\/f3b7ad3af540688955925ac610647be00b0cf41feea9c4978b73a707ee86bc53?s=96&d=mm&r=g\",\"caption\":\"El Informativo Tam\"}}]}<\/script>\n<!-- \/ Yoast SEO plugin. -->","yoast_head_json":{"title":"ELECCI\u00d3N CONCURRENTE EN TAMAULIPAS PERMITIR\u00c1 QUE VOTEN ENCARCELADOS Y PERSONAS EN POSTRACI\u00d3N - EL INFORMATIVO DE TAMAULIPAS","description":"*El INE Brindar\u00e1 Todo Tipo De Facilidades A Estos Sectores De La Poblaci\u00f3n Para Que Ejerzan El Voto Anticipado &nbsp; &nbsp; Las personas en postraci\u00f3n y","robots":{"index":"index","follow":"follow","max-snippet":"max-snippet:-1","max-image-preview":"max-image-preview:large","max-video-preview":"max-video-preview:-1"},"canonical":"https:\/\/elinformativotam.com\/index.php\/2024\/03\/11\/eleccion-concurrente-en-tamaulipas-permitira-que-voten-encarcelados-y-personas-en-postracion\/","og_locale":"es_MX","og_type":"article","og_title":"ELECCI\u00d3N CONCURRENTE EN TAMAULIPAS PERMITIR\u00c1 QUE VOTEN ENCARCELADOS Y PERSONAS EN POSTRACI\u00d3N - EL INFORMATIVO DE TAMAULIPAS","og_description":"*El INE Brindar\u00e1 Todo Tipo De Facilidades A Estos Sectores De La Poblaci\u00f3n Para Que Ejerzan El Voto Anticipado &nbsp; &nbsp; Las personas en postraci\u00f3n y","og_url":"https:\/\/elinformativotam.com\/index.php\/2024\/03\/11\/eleccion-concurrente-en-tamaulipas-permitira-que-voten-encarcelados-y-personas-en-postracion\/","og_site_name":"EL INFORMATIVO DE TAMAULIPAS","article_published_time":"2024-03-12T02:37:20+00:00","og_image":[{"width":1600,"height":1204,"url":"https:\/\/elinformativotam.com\/wp-content\/uploads\/2024\/03\/Jesus-Arredondo.jpeg","type":"image\/jpeg"}],"author":"El Informativo Tam","twitter_card":"summary_large_image","twitter_misc":{"Escrito por":"El Informativo Tam","Tiempo de lectura":"2 minutos"},"schema":{"@context":"https:\/\/schema.org","@graph":[{"@type":"Article","@id":"https:\/\/elinformativotam.com\/index.php\/2024\/03\/11\/eleccion-concurrente-en-tamaulipas-permitira-que-voten-encarcelados-y-personas-en-postracion\/#article","isPartOf":{"@id":"https:\/\/elinformativotam.com\/index.php\/2024\/03\/11\/eleccion-concurrente-en-tamaulipas-permitira-que-voten-encarcelados-y-personas-en-postracion\/"},"author":{"name":"El Informativo Tam","@id":"https:\/\/elinformativotam.com\/#\/schema\/person\/78e08040eed0f6110f0c5f83b6153590"},"headline":"ELECCI\u00d3N CONCURRENTE EN TAMAULIPAS PERMITIR\u00c1 QUE VOTEN ENCARCELADOS Y PERSONAS EN POSTRACI\u00d3N","datePublished":"2024-03-12T02:37:20+00:00","mainEntityOfPage":{"@id":"https:\/\/elinformativotam.com\/index.php\/2024\/03\/11\/eleccion-concurrente-en-tamaulipas-permitira-que-voten-encarcelados-y-personas-en-postracion\/"},"wordCount":356,"commentCount":0,"publisher":{"@id":"https:\/\/elinformativotam.com\/#organization"},"image":{"@id":"https:\/\/elinformativotam.com\/index.php\/2024\/03\/11\/eleccion-concurrente-en-tamaulipas-permitira-que-voten-encarcelados-y-personas-en-postracion\/#primaryimage"},"thumbnailUrl":"https:\/\/elinformativotam.com\/wp-content\/uploads\/2024\/03\/Jesus-Arredondo.jpeg","articleSection":["Tampico"],"inLanguage":"es","potentialAction":[{"@type":"CommentAction","name":"Comment","target":["https:\/\/elinformativotam.com\/index.php\/2024\/03\/11\/eleccion-concurrente-en-tamaulipas-permitira-que-voten-encarcelados-y-personas-en-postracion\/#respond"]}]},{"@type":"WebPage","@id":"https:\/\/elinformativotam.com\/index.php\/2024\/03\/11\/eleccion-concurrente-en-tamaulipas-permitira-que-voten-encarcelados-y-personas-en-postracion\/","url":"https:\/\/elinformativotam.com\/index.php\/2024\/03\/11\/eleccion-concurrente-en-tamaulipas-permitira-que-voten-encarcelados-y-personas-en-postracion\/","name":"ELECCI\u00d3N CONCURRENTE EN TAMAULIPAS PERMITIR\u00c1 QUE VOTEN ENCARCELADOS Y PERSONAS EN POSTRACI\u00d3N - EL INFORMATIVO DE TAMAULIPAS","isPartOf":{"@id":"https:\/\/elinformativotam.com\/#website"},"primaryImageOfPage":{"@id":"https:\/\/elinformativotam.com\/index.php\/2024\/03\/11\/eleccion-concurrente-en-tamaulipas-permitira-que-voten-encarcelados-y-personas-en-postracion\/#primaryimage"},"image":{"@id":"https:\/\/elinformativotam.com\/index.php\/2024\/03\/11\/eleccion-concurrente-en-tamaulipas-permitira-que-voten-encarcelados-y-personas-en-postracion\/#primaryimage"},"thumbnailUrl":"https:\/\/elinformativotam.com\/wp-content\/uploads\/2024\/03\/Jesus-Arredondo.jpeg","datePublished":"2024-03-12T02:37:20+00:00","description":"*El INE Brindar\u00e1 Todo Tipo De Facilidades A Estos Sectores De La Poblaci\u00f3n Para Que Ejerzan El Voto Anticipado &nbsp; &nbsp; Las personas en postraci\u00f3n y","inLanguage":"es","potentialAction":[{"@type":"ReadAction","target":["https:\/\/elinformativotam.com\/index.php\/2024\/03\/11\/eleccion-concurrente-en-tamaulipas-permitira-que-voten-encarcelados-y-personas-en-postracion\/"]}]},{"@type":"ImageObject","inLanguage":"es","@id":"https:\/\/elinformativotam.com\/index.php\/2024\/03\/11\/eleccion-concurrente-en-tamaulipas-permitira-que-voten-encarcelados-y-personas-en-postracion\/#primaryimage","url":"https:\/\/elinformativotam.com\/wp-content\/uploads\/2024\/03\/Jesus-Arredondo.jpeg","contentUrl":"https:\/\/elinformativotam.com\/wp-content\/uploads\/2024\/03\/Jesus-Arredondo.jpeg","width":1600,"height":1204},{"@type":"WebSite","@id":"https:\/\/elinformativotam.com\/#website","url":"https:\/\/elinformativotam.com\/","name":"EL INFORMATIVO DE TAMAULIPAS","description":"Desde la Zona Metropolitana Para Todo M\u00e9xico","publisher":{"@id":"https:\/\/elinformativotam.com\/#organization"},"potentialAction":[{"@type":"SearchAction","target":{"@type":"EntryPoint","urlTemplate":"https:\/\/elinformativotam.com\/?s={search_term_string}"},"query-input":{"@type":"PropertyValueSpecification","valueRequired":true,"valueName":"search_term_string"}}],"inLanguage":"es"},{"@type":"Organization","@id":"https:\/\/elinformativotam.com\/#organization","name":"EL INFORMATIVO DE TAMAULIPAS","url":"https:\/\/elinformativotam.com\/","logo":{"@type":"ImageObject","inLanguage":"es","@id":"https:\/\/elinformativotam.com\/#\/schema\/logo\/image\/","url":"https:\/\/elinformativotam.com\/wp-content\/uploads\/2026\/02\/Cabezal.png","contentUrl":"https:\/\/elinformativotam.com\/wp-content\/uploads\/2026\/02\/Cabezal.png","width":960,"height":640,"caption":"EL INFORMATIVO DE TAMAULIPAS"},"image":{"@id":"https:\/\/elinformativotam.com\/#\/schema\/logo\/image\/"}},{"@type":"Person","@id":"https:\/\/elinformativotam.com\/#\/schema\/person\/78e08040eed0f6110f0c5f83b6153590","name":"El Informativo Tam","image":{"@type":"ImageObject","inLanguage":"es","@id":"https:\/\/secure.gravatar.com\/avatar\/f3b7ad3af540688955925ac610647be00b0cf41feea9c4978b73a707ee86bc53?s=96&d=mm&r=g","url":"https:\/\/secure.gravatar.com\/avatar\/f3b7ad3af540688955925ac610647be00b0cf41feea9c4978b73a707ee86bc53?s=96&d=mm&r=g","contentUrl":"https:\/\/secure.gravatar.com\/avatar\/f3b7ad3af540688955925ac610647be00b0cf41feea9c4978b73a707ee86bc53?s=96&d=mm&r=g","caption":"El Informativo Tam"}}]}},"_links":{"self":[{"href":"https:\/\/elinformativotam.com\/index.php\/wp-json\/wp\/v2\/posts\/49572","targetHints":{"allow":["GET"]}}],"collection":[{"href":"https:\/\/elinformativotam.com\/index.php\/wp-json\/wp\/v2\/posts"}],"about":[{"href":"https:\/\/elinformativotam.com\/index.php\/wp-json\/wp\/v2\/types\/post"}],"author":[{"embeddable":true,"href":"https:\/\/elinformativotam.com\/index.php\/wp-json\/wp\/v2\/users\/1"}],"replies":[{"embeddable":true,"href":"https:\/\/elinformativotam.com\/index.php\/wp-json\/wp\/v2\/comments?post=49572"}],"version-history":[{"count":1,"href":"https:\/\/elinformativotam.com\/index.php\/wp-json\/wp\/v2\/posts\/49572\/revisions"}],"predecessor-version":[{"id":49575,"href":"https:\/\/elinformativotam.com\/index.php\/wp-json\/wp\/v2\/posts\/49572\/revisions\/49575"}],"wp:featuredmedia":[{"embeddable":true,"href":"https:\/\/elinformativotam.com\/index.php\/wp-json\/wp\/v2\/media\/49573"}],"wp:attachment":[{"href":"https:\/\/elinformativotam.com\/index.php\/wp-json\/wp\/v2\/media?parent=49572"}],"wp:term":[{"taxonomy":"category","embeddable":true,"href":"https:\/\/elinformativotam.com\/index.php\/wp-json\/wp\/v2\/categories?post=49572"},{"taxonomy":"post_tag","embeddable":true,"href":"https:\/\/elinformativotam.com\/index.php\/wp-json\/wp\/v2\/tags?post=49572"}],"curies":[{"name":"wp","href":"https:\/\/api.w.org\/{rel}","templated":true}]}}