{"id":49563,"date":"2024-03-11T09:35:00","date_gmt":"2024-03-11T15:35:00","guid":{"rendered":"https:\/\/elinformativotam.com\/?p=49563"},"modified":"2024-03-11T09:35:00","modified_gmt":"2024-03-11T15:35:00","slug":"tiempos-de-definiciones-de-cerrar-filas-con-luis-ricardo-aldana-prieto-y-esdras-romero-vega-y-defender-la-refineria-francisco-i-madero","status":"publish","type":"post","link":"https:\/\/elinformativotam.com\/index.php\/2024\/03\/11\/tiempos-de-definiciones-de-cerrar-filas-con-luis-ricardo-aldana-prieto-y-esdras-romero-vega-y-defender-la-refineria-francisco-i-madero\/","title":{"rendered":"Tiempos de Definiciones, de Cerrar  Filas con Luis Ricardo Aldana Prieto  y Esdras Romero Vega y Defender  la Refiner\u00eda Francisco I Madero"},"content":{"rendered":"<p>&nbsp;<\/p>\n<p>La desafortunada e imprudente declaraci\u00f3n de una aspirante presidencial se\u00f1alando que de llegar al gobierno de M\u00e9xico a los seis meses cerrar\u00eda la Refiner\u00eda Madero y la Refiner\u00eda de Cadereyta, ha sido un grave error, ha demostrado su desprecio por los derechos de los trabajadores, su desinter\u00e9s por la estabilidad laboral y el bienestar de miles de familias petroleras por la ha luchado durante muchos a\u00f1os, y sigue luchando el STPRM.<\/p>\n<p>&nbsp;<\/p>\n<p>Adem\u00e1s del negativo impacto en la econom\u00eda de la zona sur de Tamaulipas y norte de Veracruz, ser\u00eda un escenario catastr\u00f3fico que no podemos permitir, se trata de conservar el sustento econ\u00f3mico de miles de trabajadores petroleros y sus familias, por ello es tiempo de definici\u00f3n como nos convoca Esdras Romero Vega respaldando a la Dra. Claudia Sheinbaum y sobre todo cerrar filas con m\u00e1s unidad, mayor lealtad y m\u00e1s responsabilidad con nuestro Secretario General Nacional Ing. Luis Ricardo Aldana Prieto y con nuestro Secretario General y Presidente del Grupo 4 de octubre Esdras Romero Vega.<\/p>\n<p>&nbsp;<\/p>\n<p>Los trabajadores de la Secci\u00f3n Uno de planta, transitorios y jubilados con nuestras familias debemos hacer conciencia de lo que est\u00e1 en juego en esta elecci\u00f3n del 2 de junio, la conservaci\u00f3n de nuestras fuentes de trabajo, ya que la TMM, Marina de Altura, el HRCM, Cl\u00ednicas y Centros Diversos dependemos de la conservaci\u00f3n y productividad de la Refiner\u00eda Francisco I Madero.<\/p>\n<p>&nbsp;<\/p>\n<p>Ni un solo voto por esa candidata que pretende dejarnos sin trabajo y sin el sustento de nuestras familias y ni un solo voto por ning\u00fan candidato de esa coalici\u00f3n<\/p>\n<p>&nbsp;<\/p>\n<p>\u00a1\u00a1Unidad y respaldo a la Dra. Claudia Sheinbaum!!<\/p>\n<p>Unidad y Lealtad con Luis Ricardo Aldana Prieto y<\/p>\n<p>nuestro l\u00edder Esdras Romero Vega<\/p>\n<p>&nbsp;<\/p>\n<p>\u00a1\u00a1Unidos Venceremos!!<\/p>\n","protected":false},"excerpt":{"rendered":"<p>&nbsp; La desafortunada e imprudente declaraci\u00f3n de una aspirante presidencial se\u00f1alando que de llegar al gobierno de M\u00e9xico a los&hellip;<\/p>\n","protected":false},"author":1,"featured_media":49564,"comment_status":"open","ping_status":"open","sticky":false,"template":"","format":"standard","meta":{"footnotes":""},"categories":[4],"tags":[],"class_list":["post-49563","post","type-post","status-publish","format-standard","has-post-thumbnail","hentry","category-madero"],"yoast_head":"<!-- This site is optimized with the Yoast SEO plugin v27.5 - https:\/\/yoast.com\/product\/yoast-seo-wordpress\/ -->\n<title>Tiempos de Definiciones, de Cerrar Filas con Luis Ricardo Aldana Prieto y Esdras Romero Vega y Defender la Refiner\u00eda Francisco I Madero - EL INFORMATIVO DE TAMAULIPAS<\/title>\n<meta name=\"description\" content=\"&nbsp; La desafortunada e imprudente declaraci\u00f3n de una aspirante presidencial se\u00f1alando que de llegar al gobierno de M\u00e9xico a los seis meses cerrar\u00eda la\" \/>\n<meta name=\"robots\" content=\"index, follow, max-snippet:-1, max-image-preview:large, max-video-preview:-1\" \/>\n<link rel=\"canonical\" href=\"https:\/\/elinformativotam.com\/index.php\/2024\/03\/11\/tiempos-de-definiciones-de-cerrar-filas-con-luis-ricardo-aldana-prieto-y-esdras-romero-vega-y-defender-la-refineria-francisco-i-madero\/\" \/>\n<meta property=\"og:locale\" content=\"es_MX\" \/>\n<meta property=\"og:type\" content=\"article\" \/>\n<meta property=\"og:title\" content=\"Tiempos de Definiciones, de Cerrar Filas con Luis Ricardo Aldana Prieto y Esdras Romero Vega y Defender la Refiner\u00eda Francisco I Madero - EL INFORMATIVO DE TAMAULIPAS\" \/>\n<meta property=\"og:description\" content=\"&nbsp; La desafortunada e imprudente declaraci\u00f3n de una aspirante presidencial se\u00f1alando que de llegar al gobierno de M\u00e9xico a los seis meses cerrar\u00eda la\" \/>\n<meta property=\"og:url\" content=\"https:\/\/elinformativotam.com\/index.php\/2024\/03\/11\/tiempos-de-definiciones-de-cerrar-filas-con-luis-ricardo-aldana-prieto-y-esdras-romero-vega-y-defender-la-refineria-francisco-i-madero\/\" \/>\n<meta property=\"og:site_name\" content=\"EL INFORMATIVO DE TAMAULIPAS\" \/>\n<meta property=\"article:published_time\" content=\"2024-03-11T15:35:00+00:00\" \/>\n<meta property=\"og:image\" content=\"https:\/\/elinformativotam.com\/wp-content\/uploads\/2024\/03\/IMG-20240311-WA0028.jpg\" \/>\n\t<meta property=\"og:image:width\" content=\"800\" \/>\n\t<meta property=\"og:image:height\" content=\"450\" \/>\n\t<meta property=\"og:image:type\" content=\"image\/jpeg\" \/>\n<meta name=\"author\" content=\"El Informativo Tam\" \/>\n<meta name=\"twitter:card\" content=\"summary_large_image\" \/>\n<meta name=\"twitter:label1\" content=\"Escrito por\" \/>\n\t<meta name=\"twitter:data1\" content=\"El Informativo Tam\" \/>\n\t<meta name=\"twitter:label2\" content=\"Tiempo de lectura\" \/>\n\t<meta name=\"twitter:data2\" content=\"2 minutos\" \/>\n<script type=\"application\/ld+json\" class=\"yoast-schema-graph\">{\"@context\":\"https:\\\/\\\/schema.org\",\"@graph\":[{\"@type\":\"Article\",\"@id\":\"https:\\\/\\\/elinformativotam.com\\\/index.php\\\/2024\\\/03\\\/11\\\/tiempos-de-definiciones-de-cerrar-filas-con-luis-ricardo-aldana-prieto-y-esdras-romero-vega-y-defender-la-refineria-francisco-i-madero\\\/#article\",\"isPartOf\":{\"@id\":\"https:\\\/\\\/elinformativotam.com\\\/index.php\\\/2024\\\/03\\\/11\\\/tiempos-de-definiciones-de-cerrar-filas-con-luis-ricardo-aldana-prieto-y-esdras-romero-vega-y-defender-la-refineria-francisco-i-madero\\\/\"},\"author\":{\"name\":\"El Informativo Tam\",\"@id\":\"https:\\\/\\\/elinformativotam.com\\\/#\\\/schema\\\/person\\\/78e08040eed0f6110f0c5f83b6153590\"},\"headline\":\"Tiempos de Definiciones, de Cerrar Filas con Luis Ricardo Aldana Prieto y Esdras Romero Vega y Defender la Refiner\u00eda Francisco I Madero\",\"datePublished\":\"2024-03-11T15:35:00+00:00\",\"mainEntityOfPage\":{\"@id\":\"https:\\\/\\\/elinformativotam.com\\\/index.php\\\/2024\\\/03\\\/11\\\/tiempos-de-definiciones-de-cerrar-filas-con-luis-ricardo-aldana-prieto-y-esdras-romero-vega-y-defender-la-refineria-francisco-i-madero\\\/\"},\"wordCount\":335,\"commentCount\":0,\"publisher\":{\"@id\":\"https:\\\/\\\/elinformativotam.com\\\/#organization\"},\"image\":{\"@id\":\"https:\\\/\\\/elinformativotam.com\\\/index.php\\\/2024\\\/03\\\/11\\\/tiempos-de-definiciones-de-cerrar-filas-con-luis-ricardo-aldana-prieto-y-esdras-romero-vega-y-defender-la-refineria-francisco-i-madero\\\/#primaryimage\"},\"thumbnailUrl\":\"https:\\\/\\\/elinformativotam.com\\\/wp-content\\\/uploads\\\/2024\\\/03\\\/IMG-20240311-WA0028.jpg\",\"articleSection\":[\"Cd Madero\"],\"inLanguage\":\"es\",\"potentialAction\":[{\"@type\":\"CommentAction\",\"name\":\"Comment\",\"target\":[\"https:\\\/\\\/elinformativotam.com\\\/index.php\\\/2024\\\/03\\\/11\\\/tiempos-de-definiciones-de-cerrar-filas-con-luis-ricardo-aldana-prieto-y-esdras-romero-vega-y-defender-la-refineria-francisco-i-madero\\\/#respond\"]}]},{\"@type\":\"WebPage\",\"@id\":\"https:\\\/\\\/elinformativotam.com\\\/index.php\\\/2024\\\/03\\\/11\\\/tiempos-de-definiciones-de-cerrar-filas-con-luis-ricardo-aldana-prieto-y-esdras-romero-vega-y-defender-la-refineria-francisco-i-madero\\\/\",\"url\":\"https:\\\/\\\/elinformativotam.com\\\/index.php\\\/2024\\\/03\\\/11\\\/tiempos-de-definiciones-de-cerrar-filas-con-luis-ricardo-aldana-prieto-y-esdras-romero-vega-y-defender-la-refineria-francisco-i-madero\\\/\",\"name\":\"Tiempos de Definiciones, de Cerrar Filas con Luis Ricardo Aldana Prieto y Esdras Romero Vega y Defender la Refiner\u00eda Francisco I Madero - EL INFORMATIVO DE TAMAULIPAS\",\"isPartOf\":{\"@id\":\"https:\\\/\\\/elinformativotam.com\\\/#website\"},\"primaryImageOfPage\":{\"@id\":\"https:\\\/\\\/elinformativotam.com\\\/index.php\\\/2024\\\/03\\\/11\\\/tiempos-de-definiciones-de-cerrar-filas-con-luis-ricardo-aldana-prieto-y-esdras-romero-vega-y-defender-la-refineria-francisco-i-madero\\\/#primaryimage\"},\"image\":{\"@id\":\"https:\\\/\\\/elinformativotam.com\\\/index.php\\\/2024\\\/03\\\/11\\\/tiempos-de-definiciones-de-cerrar-filas-con-luis-ricardo-aldana-prieto-y-esdras-romero-vega-y-defender-la-refineria-francisco-i-madero\\\/#primaryimage\"},\"thumbnailUrl\":\"https:\\\/\\\/elinformativotam.com\\\/wp-content\\\/uploads\\\/2024\\\/03\\\/IMG-20240311-WA0028.jpg\",\"datePublished\":\"2024-03-11T15:35:00+00:00\",\"description\":\"&nbsp; La desafortunada e imprudente declaraci\u00f3n de una aspirante presidencial se\u00f1alando que de llegar al gobierno de M\u00e9xico a los seis meses cerrar\u00eda la\",\"inLanguage\":\"es\",\"potentialAction\":[{\"@type\":\"ReadAction\",\"target\":[\"https:\\\/\\\/elinformativotam.com\\\/index.php\\\/2024\\\/03\\\/11\\\/tiempos-de-definiciones-de-cerrar-filas-con-luis-ricardo-aldana-prieto-y-esdras-romero-vega-y-defender-la-refineria-francisco-i-madero\\\/\"]}]},{\"@type\":\"ImageObject\",\"inLanguage\":\"es\",\"@id\":\"https:\\\/\\\/elinformativotam.com\\\/index.php\\\/2024\\\/03\\\/11\\\/tiempos-de-definiciones-de-cerrar-filas-con-luis-ricardo-aldana-prieto-y-esdras-romero-vega-y-defender-la-refineria-francisco-i-madero\\\/#primaryimage\",\"url\":\"https:\\\/\\\/elinformativotam.com\\\/wp-content\\\/uploads\\\/2024\\\/03\\\/IMG-20240311-WA0028.jpg\",\"contentUrl\":\"https:\\\/\\\/elinformativotam.com\\\/wp-content\\\/uploads\\\/2024\\\/03\\\/IMG-20240311-WA0028.jpg\",\"width\":800,\"height\":450},{\"@type\":\"WebSite\",\"@id\":\"https:\\\/\\\/elinformativotam.com\\\/#website\",\"url\":\"https:\\\/\\\/elinformativotam.com\\\/\",\"name\":\"EL INFORMATIVO DE TAMAULIPAS\",\"description\":\"Desde la Zona Metropolitana Para Todo M\u00e9xico\",\"publisher\":{\"@id\":\"https:\\\/\\\/elinformativotam.com\\\/#organization\"},\"potentialAction\":[{\"@type\":\"SearchAction\",\"target\":{\"@type\":\"EntryPoint\",\"urlTemplate\":\"https:\\\/\\\/elinformativotam.com\\\/?s={search_term_string}\"},\"query-input\":{\"@type\":\"PropertyValueSpecification\",\"valueRequired\":true,\"valueName\":\"search_term_string\"}}],\"inLanguage\":\"es\"},{\"@type\":\"Organization\",\"@id\":\"https:\\\/\\\/elinformativotam.com\\\/#organization\",\"name\":\"EL INFORMATIVO DE TAMAULIPAS\",\"url\":\"https:\\\/\\\/elinformativotam.com\\\/\",\"logo\":{\"@type\":\"ImageObject\",\"inLanguage\":\"es\",\"@id\":\"https:\\\/\\\/elinformativotam.com\\\/#\\\/schema\\\/logo\\\/image\\\/\",\"url\":\"https:\\\/\\\/elinformativotam.com\\\/wp-content\\\/uploads\\\/2026\\\/02\\\/Cabezal.png\",\"contentUrl\":\"https:\\\/\\\/elinformativotam.com\\\/wp-content\\\/uploads\\\/2026\\\/02\\\/Cabezal.png\",\"width\":960,\"height\":640,\"caption\":\"EL INFORMATIVO DE TAMAULIPAS\"},\"image\":{\"@id\":\"https:\\\/\\\/elinformativotam.com\\\/#\\\/schema\\\/logo\\\/image\\\/\"}},{\"@type\":\"Person\",\"@id\":\"https:\\\/\\\/elinformativotam.com\\\/#\\\/schema\\\/person\\\/78e08040eed0f6110f0c5f83b6153590\",\"name\":\"El Informativo Tam\",\"image\":{\"@type\":\"ImageObject\",\"inLanguage\":\"es\",\"@id\":\"https:\\\/\\\/secure.gravatar.com\\\/avatar\\\/f3b7ad3af540688955925ac610647be00b0cf41feea9c4978b73a707ee86bc53?s=96&d=mm&r=g\",\"url\":\"https:\\\/\\\/secure.gravatar.com\\\/avatar\\\/f3b7ad3af540688955925ac610647be00b0cf41feea9c4978b73a707ee86bc53?s=96&d=mm&r=g\",\"contentUrl\":\"https:\\\/\\\/secure.gravatar.com\\\/avatar\\\/f3b7ad3af540688955925ac610647be00b0cf41feea9c4978b73a707ee86bc53?s=96&d=mm&r=g\",\"caption\":\"El Informativo Tam\"}}]}<\/script>\n<!-- \/ Yoast SEO plugin. -->","yoast_head_json":{"title":"Tiempos de Definiciones, de Cerrar Filas con Luis Ricardo Aldana Prieto y Esdras Romero Vega y Defender la Refiner\u00eda Francisco I Madero - EL INFORMATIVO DE TAMAULIPAS","description":"&nbsp; La desafortunada e imprudente declaraci\u00f3n de una aspirante presidencial se\u00f1alando que de llegar al gobierno de M\u00e9xico a los seis meses cerrar\u00eda la","robots":{"index":"index","follow":"follow","max-snippet":"max-snippet:-1","max-image-preview":"max-image-preview:large","max-video-preview":"max-video-preview:-1"},"canonical":"https:\/\/elinformativotam.com\/index.php\/2024\/03\/11\/tiempos-de-definiciones-de-cerrar-filas-con-luis-ricardo-aldana-prieto-y-esdras-romero-vega-y-defender-la-refineria-francisco-i-madero\/","og_locale":"es_MX","og_type":"article","og_title":"Tiempos de Definiciones, de Cerrar Filas con Luis Ricardo Aldana Prieto y Esdras Romero Vega y Defender la Refiner\u00eda Francisco I Madero - EL INFORMATIVO DE TAMAULIPAS","og_description":"&nbsp; La desafortunada e imprudente declaraci\u00f3n de una aspirante presidencial se\u00f1alando que de llegar al gobierno de M\u00e9xico a los seis meses cerrar\u00eda la","og_url":"https:\/\/elinformativotam.com\/index.php\/2024\/03\/11\/tiempos-de-definiciones-de-cerrar-filas-con-luis-ricardo-aldana-prieto-y-esdras-romero-vega-y-defender-la-refineria-francisco-i-madero\/","og_site_name":"EL INFORMATIVO DE TAMAULIPAS","article_published_time":"2024-03-11T15:35:00+00:00","og_image":[{"width":800,"height":450,"url":"https:\/\/elinformativotam.com\/wp-content\/uploads\/2024\/03\/IMG-20240311-WA0028.jpg","type":"image\/jpeg"}],"author":"El Informativo Tam","twitter_card":"summary_large_image","twitter_misc":{"Escrito por":"El Informativo Tam","Tiempo de lectura":"2 minutos"},"schema":{"@context":"https:\/\/schema.org","@graph":[{"@type":"Article","@id":"https:\/\/elinformativotam.com\/index.php\/2024\/03\/11\/tiempos-de-definiciones-de-cerrar-filas-con-luis-ricardo-aldana-prieto-y-esdras-romero-vega-y-defender-la-refineria-francisco-i-madero\/#article","isPartOf":{"@id":"https:\/\/elinformativotam.com\/index.php\/2024\/03\/11\/tiempos-de-definiciones-de-cerrar-filas-con-luis-ricardo-aldana-prieto-y-esdras-romero-vega-y-defender-la-refineria-francisco-i-madero\/"},"author":{"name":"El Informativo Tam","@id":"https:\/\/elinformativotam.com\/#\/schema\/person\/78e08040eed0f6110f0c5f83b6153590"},"headline":"Tiempos de Definiciones, de Cerrar Filas con Luis Ricardo Aldana Prieto y Esdras Romero Vega y Defender la Refiner\u00eda Francisco I Madero","datePublished":"2024-03-11T15:35:00+00:00","mainEntityOfPage":{"@id":"https:\/\/elinformativotam.com\/index.php\/2024\/03\/11\/tiempos-de-definiciones-de-cerrar-filas-con-luis-ricardo-aldana-prieto-y-esdras-romero-vega-y-defender-la-refineria-francisco-i-madero\/"},"wordCount":335,"commentCount":0,"publisher":{"@id":"https:\/\/elinformativotam.com\/#organization"},"image":{"@id":"https:\/\/elinformativotam.com\/index.php\/2024\/03\/11\/tiempos-de-definiciones-de-cerrar-filas-con-luis-ricardo-aldana-prieto-y-esdras-romero-vega-y-defender-la-refineria-francisco-i-madero\/#primaryimage"},"thumbnailUrl":"https:\/\/elinformativotam.com\/wp-content\/uploads\/2024\/03\/IMG-20240311-WA0028.jpg","articleSection":["Cd Madero"],"inLanguage":"es","potentialAction":[{"@type":"CommentAction","name":"Comment","target":["https:\/\/elinformativotam.com\/index.php\/2024\/03\/11\/tiempos-de-definiciones-de-cerrar-filas-con-luis-ricardo-aldana-prieto-y-esdras-romero-vega-y-defender-la-refineria-francisco-i-madero\/#respond"]}]},{"@type":"WebPage","@id":"https:\/\/elinformativotam.com\/index.php\/2024\/03\/11\/tiempos-de-definiciones-de-cerrar-filas-con-luis-ricardo-aldana-prieto-y-esdras-romero-vega-y-defender-la-refineria-francisco-i-madero\/","url":"https:\/\/elinformativotam.com\/index.php\/2024\/03\/11\/tiempos-de-definiciones-de-cerrar-filas-con-luis-ricardo-aldana-prieto-y-esdras-romero-vega-y-defender-la-refineria-francisco-i-madero\/","name":"Tiempos de Definiciones, de Cerrar Filas con Luis Ricardo Aldana Prieto y Esdras Romero Vega y Defender la Refiner\u00eda Francisco I Madero - EL INFORMATIVO DE TAMAULIPAS","isPartOf":{"@id":"https:\/\/elinformativotam.com\/#website"},"primaryImageOfPage":{"@id":"https:\/\/elinformativotam.com\/index.php\/2024\/03\/11\/tiempos-de-definiciones-de-cerrar-filas-con-luis-ricardo-aldana-prieto-y-esdras-romero-vega-y-defender-la-refineria-francisco-i-madero\/#primaryimage"},"image":{"@id":"https:\/\/elinformativotam.com\/index.php\/2024\/03\/11\/tiempos-de-definiciones-de-cerrar-filas-con-luis-ricardo-aldana-prieto-y-esdras-romero-vega-y-defender-la-refineria-francisco-i-madero\/#primaryimage"},"thumbnailUrl":"https:\/\/elinformativotam.com\/wp-content\/uploads\/2024\/03\/IMG-20240311-WA0028.jpg","datePublished":"2024-03-11T15:35:00+00:00","description":"&nbsp; La desafortunada e imprudente declaraci\u00f3n de una aspirante presidencial se\u00f1alando que de llegar al gobierno de M\u00e9xico a los seis meses cerrar\u00eda la","inLanguage":"es","potentialAction":[{"@type":"ReadAction","target":["https:\/\/elinformativotam.com\/index.php\/2024\/03\/11\/tiempos-de-definiciones-de-cerrar-filas-con-luis-ricardo-aldana-prieto-y-esdras-romero-vega-y-defender-la-refineria-francisco-i-madero\/"]}]},{"@type":"ImageObject","inLanguage":"es","@id":"https:\/\/elinformativotam.com\/index.php\/2024\/03\/11\/tiempos-de-definiciones-de-cerrar-filas-con-luis-ricardo-aldana-prieto-y-esdras-romero-vega-y-defender-la-refineria-francisco-i-madero\/#primaryimage","url":"https:\/\/elinformativotam.com\/wp-content\/uploads\/2024\/03\/IMG-20240311-WA0028.jpg","contentUrl":"https:\/\/elinformativotam.com\/wp-content\/uploads\/2024\/03\/IMG-20240311-WA0028.jpg","width":800,"height":450},{"@type":"WebSite","@id":"https:\/\/elinformativotam.com\/#website","url":"https:\/\/elinformativotam.com\/","name":"EL INFORMATIVO DE TAMAULIPAS","description":"Desde la Zona Metropolitana Para Todo M\u00e9xico","publisher":{"@id":"https:\/\/elinformativotam.com\/#organization"},"potentialAction":[{"@type":"SearchAction","target":{"@type":"EntryPoint","urlTemplate":"https:\/\/elinformativotam.com\/?s={search_term_string}"},"query-input":{"@type":"PropertyValueSpecification","valueRequired":true,"valueName":"search_term_string"}}],"inLanguage":"es"},{"@type":"Organization","@id":"https:\/\/elinformativotam.com\/#organization","name":"EL INFORMATIVO DE TAMAULIPAS","url":"https:\/\/elinformativotam.com\/","logo":{"@type":"ImageObject","inLanguage":"es","@id":"https:\/\/elinformativotam.com\/#\/schema\/logo\/image\/","url":"https:\/\/elinformativotam.com\/wp-content\/uploads\/2026\/02\/Cabezal.png","contentUrl":"https:\/\/elinformativotam.com\/wp-content\/uploads\/2026\/02\/Cabezal.png","width":960,"height":640,"caption":"EL INFORMATIVO DE TAMAULIPAS"},"image":{"@id":"https:\/\/elinformativotam.com\/#\/schema\/logo\/image\/"}},{"@type":"Person","@id":"https:\/\/elinformativotam.com\/#\/schema\/person\/78e08040eed0f6110f0c5f83b6153590","name":"El Informativo Tam","image":{"@type":"ImageObject","inLanguage":"es","@id":"https:\/\/secure.gravatar.com\/avatar\/f3b7ad3af540688955925ac610647be00b0cf41feea9c4978b73a707ee86bc53?s=96&d=mm&r=g","url":"https:\/\/secure.gravatar.com\/avatar\/f3b7ad3af540688955925ac610647be00b0cf41feea9c4978b73a707ee86bc53?s=96&d=mm&r=g","contentUrl":"https:\/\/secure.gravatar.com\/avatar\/f3b7ad3af540688955925ac610647be00b0cf41feea9c4978b73a707ee86bc53?s=96&d=mm&r=g","caption":"El Informativo Tam"}}]}},"_links":{"self":[{"href":"https:\/\/elinformativotam.com\/index.php\/wp-json\/wp\/v2\/posts\/49563","targetHints":{"allow":["GET"]}}],"collection":[{"href":"https:\/\/elinformativotam.com\/index.php\/wp-json\/wp\/v2\/posts"}],"about":[{"href":"https:\/\/elinformativotam.com\/index.php\/wp-json\/wp\/v2\/types\/post"}],"author":[{"embeddable":true,"href":"https:\/\/elinformativotam.com\/index.php\/wp-json\/wp\/v2\/users\/1"}],"replies":[{"embeddable":true,"href":"https:\/\/elinformativotam.com\/index.php\/wp-json\/wp\/v2\/comments?post=49563"}],"version-history":[{"count":1,"href":"https:\/\/elinformativotam.com\/index.php\/wp-json\/wp\/v2\/posts\/49563\/revisions"}],"predecessor-version":[{"id":49565,"href":"https:\/\/elinformativotam.com\/index.php\/wp-json\/wp\/v2\/posts\/49563\/revisions\/49565"}],"wp:featuredmedia":[{"embeddable":true,"href":"https:\/\/elinformativotam.com\/index.php\/wp-json\/wp\/v2\/media\/49564"}],"wp:attachment":[{"href":"https:\/\/elinformativotam.com\/index.php\/wp-json\/wp\/v2\/media?parent=49563"}],"wp:term":[{"taxonomy":"category","embeddable":true,"href":"https:\/\/elinformativotam.com\/index.php\/wp-json\/wp\/v2\/categories?post=49563"},{"taxonomy":"post_tag","embeddable":true,"href":"https:\/\/elinformativotam.com\/index.php\/wp-json\/wp\/v2\/tags?post=49563"}],"curies":[{"name":"wp","href":"https:\/\/api.w.org\/{rel}","templated":true}]}}