{"id":49554,"date":"2024-03-11T08:07:58","date_gmt":"2024-03-11T14:07:58","guid":{"rendered":"https:\/\/elinformativotam.com\/?p=49554"},"modified":"2024-03-11T08:07:58","modified_gmt":"2024-03-11T14:07:58","slug":"canaco-madero-en-contra-de-la-marca-tampico-miramar","status":"publish","type":"post","link":"https:\/\/elinformativotam.com\/index.php\/2024\/03\/11\/canaco-madero-en-contra-de-la-marca-tampico-miramar\/","title":{"rendered":"CANACO MADERO EN CONTRA DE LA MARCA TAMPICO-MIRAMAR."},"content":{"rendered":"<p>Cd. Madero, Tamaulipas.- Integrantes de la C\u00e1mara Nacional de Comercio de Ciudad Madero, se pronunciaron en contra de la marca Tampico-Miramar, la cual fue presentada en d\u00edas pasados por empresarios del puerto principalmente, en este caso la Asociaci\u00f3n de Hoteles del sur de Tamaulipas.<\/p>\n<p>&nbsp;<\/p>\n<p>El presidente del organismo camaral, Pedro S\u00e1nchez Ju\u00e1rez se\u00f1al\u00f3 que esta marca en vez de unir podr\u00eda dividir, por lo que se\u00f1al\u00f3 que se debe crear algo que realmente conjunte a los 2 municipios, as\u00ed como tambi\u00e9n al sector empresarial comercial y los gobiernos.<\/p>\n<p>&nbsp;<\/p>\n<p>Mencion\u00f3 que siempre han buscado tener un mayor impulso con este tipo de marcas, tal y como existen en otras ciudades de la rep\u00fablica donde se trabaja de manera individual y no se unen a varios municipios como pretenden hacerlo en el sur del estado de Tamaulipas.<\/p>\n<p>&nbsp;<\/p>\n<p>Asegur\u00f3 que se puede tener un consenso pero es necesario dialogar\u00a0 todas las partes para lograr los acuerdos correspondientes que beneficien a todos, pues para la creaci\u00f3n de esta marca no fue tomado en cuenta el sector comercial y empresarial de Madero.<\/p>\n<p>&nbsp;<\/p>\n<p>Se\u00f1al\u00f3 que se les hace un poco extra\u00f1o este tipo de anuncio precisamente cuando est\u00e1n los tiempos electorales, por lo que no quieren pensar mal, en el sentido de que tenga alg\u00fan tinte de car\u00e1cter pol\u00edtico, considerando que es m\u00e1s conveniente una marca que unifique y no que divida.<\/p>\n<p>Seguridad permite confianza en inversionistas.<\/p>\n","protected":false},"excerpt":{"rendered":"<p>Cd. Madero, Tamaulipas.- Integrantes de la C\u00e1mara Nacional de Comercio de Ciudad Madero, se pronunciaron en contra de la marca&hellip;<\/p>\n","protected":false},"author":1,"featured_media":49556,"comment_status":"open","ping_status":"open","sticky":false,"template":"","format":"standard","meta":{"footnotes":""},"categories":[4],"tags":[],"class_list":["post-49554","post","type-post","status-publish","format-standard","has-post-thumbnail","hentry","category-madero"],"yoast_head":"<!-- This site is optimized with the Yoast SEO plugin v27.5 - https:\/\/yoast.com\/product\/yoast-seo-wordpress\/ -->\n<title>CANACO MADERO EN CONTRA DE LA MARCA TAMPICO-MIRAMAR. - EL INFORMATIVO DE TAMAULIPAS<\/title>\n<meta name=\"description\" content=\"Cd. Madero, Tamaulipas.- Integrantes de la C\u00e1mara Nacional de Comercio de Ciudad Madero, se pronunciaron en contra de la marca Tampico-Miramar, la cual\" \/>\n<meta name=\"robots\" content=\"index, follow, max-snippet:-1, max-image-preview:large, max-video-preview:-1\" \/>\n<link rel=\"canonical\" href=\"https:\/\/elinformativotam.com\/index.php\/2024\/03\/11\/canaco-madero-en-contra-de-la-marca-tampico-miramar\/\" \/>\n<meta property=\"og:locale\" content=\"es_MX\" \/>\n<meta property=\"og:type\" content=\"article\" \/>\n<meta property=\"og:title\" content=\"CANACO MADERO EN CONTRA DE LA MARCA TAMPICO-MIRAMAR. - EL INFORMATIVO DE TAMAULIPAS\" \/>\n<meta property=\"og:description\" content=\"Cd. Madero, Tamaulipas.- Integrantes de la C\u00e1mara Nacional de Comercio de Ciudad Madero, se pronunciaron en contra de la marca Tampico-Miramar, la cual\" \/>\n<meta property=\"og:url\" content=\"https:\/\/elinformativotam.com\/index.php\/2024\/03\/11\/canaco-madero-en-contra-de-la-marca-tampico-miramar\/\" \/>\n<meta property=\"og:site_name\" content=\"EL INFORMATIVO DE TAMAULIPAS\" \/>\n<meta property=\"article:published_time\" content=\"2024-03-11T14:07:58+00:00\" \/>\n<meta property=\"og:image\" content=\"https:\/\/elinformativotam.com\/wp-content\/uploads\/2024\/03\/Canaco.jpg\" \/>\n\t<meta property=\"og:image:width\" content=\"720\" \/>\n\t<meta property=\"og:image:height\" content=\"390\" \/>\n\t<meta property=\"og:image:type\" content=\"image\/jpeg\" \/>\n<meta name=\"author\" content=\"El Informativo Tam\" \/>\n<meta name=\"twitter:card\" content=\"summary_large_image\" \/>\n<meta name=\"twitter:label1\" content=\"Escrito por\" \/>\n\t<meta name=\"twitter:data1\" content=\"El Informativo Tam\" \/>\n\t<meta name=\"twitter:label2\" content=\"Tiempo de lectura\" \/>\n\t<meta name=\"twitter:data2\" content=\"2 minutos\" \/>\n<script type=\"application\/ld+json\" class=\"yoast-schema-graph\">{\"@context\":\"https:\\\/\\\/schema.org\",\"@graph\":[{\"@type\":\"Article\",\"@id\":\"https:\\\/\\\/elinformativotam.com\\\/index.php\\\/2024\\\/03\\\/11\\\/canaco-madero-en-contra-de-la-marca-tampico-miramar\\\/#article\",\"isPartOf\":{\"@id\":\"https:\\\/\\\/elinformativotam.com\\\/index.php\\\/2024\\\/03\\\/11\\\/canaco-madero-en-contra-de-la-marca-tampico-miramar\\\/\"},\"author\":{\"name\":\"El Informativo Tam\",\"@id\":\"https:\\\/\\\/elinformativotam.com\\\/#\\\/schema\\\/person\\\/78e08040eed0f6110f0c5f83b6153590\"},\"headline\":\"CANACO MADERO EN CONTRA DE LA MARCA TAMPICO-MIRAMAR.\",\"datePublished\":\"2024-03-11T14:07:58+00:00\",\"mainEntityOfPage\":{\"@id\":\"https:\\\/\\\/elinformativotam.com\\\/index.php\\\/2024\\\/03\\\/11\\\/canaco-madero-en-contra-de-la-marca-tampico-miramar\\\/\"},\"wordCount\":261,\"commentCount\":0,\"publisher\":{\"@id\":\"https:\\\/\\\/elinformativotam.com\\\/#organization\"},\"image\":{\"@id\":\"https:\\\/\\\/elinformativotam.com\\\/index.php\\\/2024\\\/03\\\/11\\\/canaco-madero-en-contra-de-la-marca-tampico-miramar\\\/#primaryimage\"},\"thumbnailUrl\":\"https:\\\/\\\/elinformativotam.com\\\/wp-content\\\/uploads\\\/2024\\\/03\\\/Canaco.jpg\",\"articleSection\":[\"Cd Madero\"],\"inLanguage\":\"es\",\"potentialAction\":[{\"@type\":\"CommentAction\",\"name\":\"Comment\",\"target\":[\"https:\\\/\\\/elinformativotam.com\\\/index.php\\\/2024\\\/03\\\/11\\\/canaco-madero-en-contra-de-la-marca-tampico-miramar\\\/#respond\"]}]},{\"@type\":\"WebPage\",\"@id\":\"https:\\\/\\\/elinformativotam.com\\\/index.php\\\/2024\\\/03\\\/11\\\/canaco-madero-en-contra-de-la-marca-tampico-miramar\\\/\",\"url\":\"https:\\\/\\\/elinformativotam.com\\\/index.php\\\/2024\\\/03\\\/11\\\/canaco-madero-en-contra-de-la-marca-tampico-miramar\\\/\",\"name\":\"CANACO MADERO EN CONTRA DE LA MARCA TAMPICO-MIRAMAR. - EL INFORMATIVO DE TAMAULIPAS\",\"isPartOf\":{\"@id\":\"https:\\\/\\\/elinformativotam.com\\\/#website\"},\"primaryImageOfPage\":{\"@id\":\"https:\\\/\\\/elinformativotam.com\\\/index.php\\\/2024\\\/03\\\/11\\\/canaco-madero-en-contra-de-la-marca-tampico-miramar\\\/#primaryimage\"},\"image\":{\"@id\":\"https:\\\/\\\/elinformativotam.com\\\/index.php\\\/2024\\\/03\\\/11\\\/canaco-madero-en-contra-de-la-marca-tampico-miramar\\\/#primaryimage\"},\"thumbnailUrl\":\"https:\\\/\\\/elinformativotam.com\\\/wp-content\\\/uploads\\\/2024\\\/03\\\/Canaco.jpg\",\"datePublished\":\"2024-03-11T14:07:58+00:00\",\"description\":\"Cd. Madero, Tamaulipas.- Integrantes de la C\u00e1mara Nacional de Comercio de Ciudad Madero, se pronunciaron en contra de la marca Tampico-Miramar, la cual\",\"inLanguage\":\"es\",\"potentialAction\":[{\"@type\":\"ReadAction\",\"target\":[\"https:\\\/\\\/elinformativotam.com\\\/index.php\\\/2024\\\/03\\\/11\\\/canaco-madero-en-contra-de-la-marca-tampico-miramar\\\/\"]}]},{\"@type\":\"ImageObject\",\"inLanguage\":\"es\",\"@id\":\"https:\\\/\\\/elinformativotam.com\\\/index.php\\\/2024\\\/03\\\/11\\\/canaco-madero-en-contra-de-la-marca-tampico-miramar\\\/#primaryimage\",\"url\":\"https:\\\/\\\/elinformativotam.com\\\/wp-content\\\/uploads\\\/2024\\\/03\\\/Canaco.jpg\",\"contentUrl\":\"https:\\\/\\\/elinformativotam.com\\\/wp-content\\\/uploads\\\/2024\\\/03\\\/Canaco.jpg\",\"width\":720,\"height\":390},{\"@type\":\"WebSite\",\"@id\":\"https:\\\/\\\/elinformativotam.com\\\/#website\",\"url\":\"https:\\\/\\\/elinformativotam.com\\\/\",\"name\":\"EL INFORMATIVO DE TAMAULIPAS\",\"description\":\"Desde la Zona Metropolitana Para Todo M\u00e9xico\",\"publisher\":{\"@id\":\"https:\\\/\\\/elinformativotam.com\\\/#organization\"},\"potentialAction\":[{\"@type\":\"SearchAction\",\"target\":{\"@type\":\"EntryPoint\",\"urlTemplate\":\"https:\\\/\\\/elinformativotam.com\\\/?s={search_term_string}\"},\"query-input\":{\"@type\":\"PropertyValueSpecification\",\"valueRequired\":true,\"valueName\":\"search_term_string\"}}],\"inLanguage\":\"es\"},{\"@type\":\"Organization\",\"@id\":\"https:\\\/\\\/elinformativotam.com\\\/#organization\",\"name\":\"EL INFORMATIVO DE TAMAULIPAS\",\"url\":\"https:\\\/\\\/elinformativotam.com\\\/\",\"logo\":{\"@type\":\"ImageObject\",\"inLanguage\":\"es\",\"@id\":\"https:\\\/\\\/elinformativotam.com\\\/#\\\/schema\\\/logo\\\/image\\\/\",\"url\":\"https:\\\/\\\/elinformativotam.com\\\/wp-content\\\/uploads\\\/2026\\\/02\\\/Cabezal.png\",\"contentUrl\":\"https:\\\/\\\/elinformativotam.com\\\/wp-content\\\/uploads\\\/2026\\\/02\\\/Cabezal.png\",\"width\":960,\"height\":640,\"caption\":\"EL INFORMATIVO DE TAMAULIPAS\"},\"image\":{\"@id\":\"https:\\\/\\\/elinformativotam.com\\\/#\\\/schema\\\/logo\\\/image\\\/\"}},{\"@type\":\"Person\",\"@id\":\"https:\\\/\\\/elinformativotam.com\\\/#\\\/schema\\\/person\\\/78e08040eed0f6110f0c5f83b6153590\",\"name\":\"El Informativo Tam\",\"image\":{\"@type\":\"ImageObject\",\"inLanguage\":\"es\",\"@id\":\"https:\\\/\\\/secure.gravatar.com\\\/avatar\\\/f3b7ad3af540688955925ac610647be00b0cf41feea9c4978b73a707ee86bc53?s=96&d=mm&r=g\",\"url\":\"https:\\\/\\\/secure.gravatar.com\\\/avatar\\\/f3b7ad3af540688955925ac610647be00b0cf41feea9c4978b73a707ee86bc53?s=96&d=mm&r=g\",\"contentUrl\":\"https:\\\/\\\/secure.gravatar.com\\\/avatar\\\/f3b7ad3af540688955925ac610647be00b0cf41feea9c4978b73a707ee86bc53?s=96&d=mm&r=g\",\"caption\":\"El Informativo Tam\"}}]}<\/script>\n<!-- \/ Yoast SEO plugin. -->","yoast_head_json":{"title":"CANACO MADERO EN CONTRA DE LA MARCA TAMPICO-MIRAMAR. - EL INFORMATIVO DE TAMAULIPAS","description":"Cd. Madero, Tamaulipas.- Integrantes de la C\u00e1mara Nacional de Comercio de Ciudad Madero, se pronunciaron en contra de la marca Tampico-Miramar, la cual","robots":{"index":"index","follow":"follow","max-snippet":"max-snippet:-1","max-image-preview":"max-image-preview:large","max-video-preview":"max-video-preview:-1"},"canonical":"https:\/\/elinformativotam.com\/index.php\/2024\/03\/11\/canaco-madero-en-contra-de-la-marca-tampico-miramar\/","og_locale":"es_MX","og_type":"article","og_title":"CANACO MADERO EN CONTRA DE LA MARCA TAMPICO-MIRAMAR. - EL INFORMATIVO DE TAMAULIPAS","og_description":"Cd. Madero, Tamaulipas.- Integrantes de la C\u00e1mara Nacional de Comercio de Ciudad Madero, se pronunciaron en contra de la marca Tampico-Miramar, la cual","og_url":"https:\/\/elinformativotam.com\/index.php\/2024\/03\/11\/canaco-madero-en-contra-de-la-marca-tampico-miramar\/","og_site_name":"EL INFORMATIVO DE TAMAULIPAS","article_published_time":"2024-03-11T14:07:58+00:00","og_image":[{"width":720,"height":390,"url":"https:\/\/elinformativotam.com\/wp-content\/uploads\/2024\/03\/Canaco.jpg","type":"image\/jpeg"}],"author":"El Informativo Tam","twitter_card":"summary_large_image","twitter_misc":{"Escrito por":"El Informativo Tam","Tiempo de lectura":"2 minutos"},"schema":{"@context":"https:\/\/schema.org","@graph":[{"@type":"Article","@id":"https:\/\/elinformativotam.com\/index.php\/2024\/03\/11\/canaco-madero-en-contra-de-la-marca-tampico-miramar\/#article","isPartOf":{"@id":"https:\/\/elinformativotam.com\/index.php\/2024\/03\/11\/canaco-madero-en-contra-de-la-marca-tampico-miramar\/"},"author":{"name":"El Informativo Tam","@id":"https:\/\/elinformativotam.com\/#\/schema\/person\/78e08040eed0f6110f0c5f83b6153590"},"headline":"CANACO MADERO EN CONTRA DE LA MARCA TAMPICO-MIRAMAR.","datePublished":"2024-03-11T14:07:58+00:00","mainEntityOfPage":{"@id":"https:\/\/elinformativotam.com\/index.php\/2024\/03\/11\/canaco-madero-en-contra-de-la-marca-tampico-miramar\/"},"wordCount":261,"commentCount":0,"publisher":{"@id":"https:\/\/elinformativotam.com\/#organization"},"image":{"@id":"https:\/\/elinformativotam.com\/index.php\/2024\/03\/11\/canaco-madero-en-contra-de-la-marca-tampico-miramar\/#primaryimage"},"thumbnailUrl":"https:\/\/elinformativotam.com\/wp-content\/uploads\/2024\/03\/Canaco.jpg","articleSection":["Cd Madero"],"inLanguage":"es","potentialAction":[{"@type":"CommentAction","name":"Comment","target":["https:\/\/elinformativotam.com\/index.php\/2024\/03\/11\/canaco-madero-en-contra-de-la-marca-tampico-miramar\/#respond"]}]},{"@type":"WebPage","@id":"https:\/\/elinformativotam.com\/index.php\/2024\/03\/11\/canaco-madero-en-contra-de-la-marca-tampico-miramar\/","url":"https:\/\/elinformativotam.com\/index.php\/2024\/03\/11\/canaco-madero-en-contra-de-la-marca-tampico-miramar\/","name":"CANACO MADERO EN CONTRA DE LA MARCA TAMPICO-MIRAMAR. - EL INFORMATIVO DE TAMAULIPAS","isPartOf":{"@id":"https:\/\/elinformativotam.com\/#website"},"primaryImageOfPage":{"@id":"https:\/\/elinformativotam.com\/index.php\/2024\/03\/11\/canaco-madero-en-contra-de-la-marca-tampico-miramar\/#primaryimage"},"image":{"@id":"https:\/\/elinformativotam.com\/index.php\/2024\/03\/11\/canaco-madero-en-contra-de-la-marca-tampico-miramar\/#primaryimage"},"thumbnailUrl":"https:\/\/elinformativotam.com\/wp-content\/uploads\/2024\/03\/Canaco.jpg","datePublished":"2024-03-11T14:07:58+00:00","description":"Cd. Madero, Tamaulipas.- Integrantes de la C\u00e1mara Nacional de Comercio de Ciudad Madero, se pronunciaron en contra de la marca Tampico-Miramar, la cual","inLanguage":"es","potentialAction":[{"@type":"ReadAction","target":["https:\/\/elinformativotam.com\/index.php\/2024\/03\/11\/canaco-madero-en-contra-de-la-marca-tampico-miramar\/"]}]},{"@type":"ImageObject","inLanguage":"es","@id":"https:\/\/elinformativotam.com\/index.php\/2024\/03\/11\/canaco-madero-en-contra-de-la-marca-tampico-miramar\/#primaryimage","url":"https:\/\/elinformativotam.com\/wp-content\/uploads\/2024\/03\/Canaco.jpg","contentUrl":"https:\/\/elinformativotam.com\/wp-content\/uploads\/2024\/03\/Canaco.jpg","width":720,"height":390},{"@type":"WebSite","@id":"https:\/\/elinformativotam.com\/#website","url":"https:\/\/elinformativotam.com\/","name":"EL INFORMATIVO DE TAMAULIPAS","description":"Desde la Zona Metropolitana Para Todo M\u00e9xico","publisher":{"@id":"https:\/\/elinformativotam.com\/#organization"},"potentialAction":[{"@type":"SearchAction","target":{"@type":"EntryPoint","urlTemplate":"https:\/\/elinformativotam.com\/?s={search_term_string}"},"query-input":{"@type":"PropertyValueSpecification","valueRequired":true,"valueName":"search_term_string"}}],"inLanguage":"es"},{"@type":"Organization","@id":"https:\/\/elinformativotam.com\/#organization","name":"EL INFORMATIVO DE TAMAULIPAS","url":"https:\/\/elinformativotam.com\/","logo":{"@type":"ImageObject","inLanguage":"es","@id":"https:\/\/elinformativotam.com\/#\/schema\/logo\/image\/","url":"https:\/\/elinformativotam.com\/wp-content\/uploads\/2026\/02\/Cabezal.png","contentUrl":"https:\/\/elinformativotam.com\/wp-content\/uploads\/2026\/02\/Cabezal.png","width":960,"height":640,"caption":"EL INFORMATIVO DE TAMAULIPAS"},"image":{"@id":"https:\/\/elinformativotam.com\/#\/schema\/logo\/image\/"}},{"@type":"Person","@id":"https:\/\/elinformativotam.com\/#\/schema\/person\/78e08040eed0f6110f0c5f83b6153590","name":"El Informativo Tam","image":{"@type":"ImageObject","inLanguage":"es","@id":"https:\/\/secure.gravatar.com\/avatar\/f3b7ad3af540688955925ac610647be00b0cf41feea9c4978b73a707ee86bc53?s=96&d=mm&r=g","url":"https:\/\/secure.gravatar.com\/avatar\/f3b7ad3af540688955925ac610647be00b0cf41feea9c4978b73a707ee86bc53?s=96&d=mm&r=g","contentUrl":"https:\/\/secure.gravatar.com\/avatar\/f3b7ad3af540688955925ac610647be00b0cf41feea9c4978b73a707ee86bc53?s=96&d=mm&r=g","caption":"El Informativo Tam"}}]}},"_links":{"self":[{"href":"https:\/\/elinformativotam.com\/index.php\/wp-json\/wp\/v2\/posts\/49554","targetHints":{"allow":["GET"]}}],"collection":[{"href":"https:\/\/elinformativotam.com\/index.php\/wp-json\/wp\/v2\/posts"}],"about":[{"href":"https:\/\/elinformativotam.com\/index.php\/wp-json\/wp\/v2\/types\/post"}],"author":[{"embeddable":true,"href":"https:\/\/elinformativotam.com\/index.php\/wp-json\/wp\/v2\/users\/1"}],"replies":[{"embeddable":true,"href":"https:\/\/elinformativotam.com\/index.php\/wp-json\/wp\/v2\/comments?post=49554"}],"version-history":[{"count":1,"href":"https:\/\/elinformativotam.com\/index.php\/wp-json\/wp\/v2\/posts\/49554\/revisions"}],"predecessor-version":[{"id":49557,"href":"https:\/\/elinformativotam.com\/index.php\/wp-json\/wp\/v2\/posts\/49554\/revisions\/49557"}],"wp:featuredmedia":[{"embeddable":true,"href":"https:\/\/elinformativotam.com\/index.php\/wp-json\/wp\/v2\/media\/49556"}],"wp:attachment":[{"href":"https:\/\/elinformativotam.com\/index.php\/wp-json\/wp\/v2\/media?parent=49554"}],"wp:term":[{"taxonomy":"category","embeddable":true,"href":"https:\/\/elinformativotam.com\/index.php\/wp-json\/wp\/v2\/categories?post=49554"},{"taxonomy":"post_tag","embeddable":true,"href":"https:\/\/elinformativotam.com\/index.php\/wp-json\/wp\/v2\/tags?post=49554"}],"curies":[{"name":"wp","href":"https:\/\/api.w.org\/{rel}","templated":true}]}}