{"id":49550,"date":"2024-03-10T13:15:58","date_gmt":"2024-03-10T19:15:58","guid":{"rendered":"https:\/\/elinformativotam.com\/?p=49550"},"modified":"2024-03-10T13:15:58","modified_gmt":"2024-03-10T19:15:58","slug":"ni-un-paso-atras-en-la-lucha-por-los-derechos-de-las-mujeres-mayra-ojeda","status":"publish","type":"post","link":"https:\/\/elinformativotam.com\/index.php\/2024\/03\/10\/ni-un-paso-atras-en-la-lucha-por-los-derechos-de-las-mujeres-mayra-ojeda\/","title":{"rendered":"NI UN PASO ATR\u00c1S EN LA LUCHA POR LOS DERECHOS DE LAS MUJERES: MAYRA OJEDA"},"content":{"rendered":"<h2 style=\"text-align: center;\"><em><span style=\"font-family: 'times new roman', times;\">*En El 8M Convoca A Las Mujeres A Retomar El Rumbo De M\u00e9xico<\/span><\/em><\/h2>\n<p>&nbsp;<\/p>\n<p>La secretaria de Operaci\u00f3n Pol\u00edtica del Partido Revolucionario Institucional (PRI) en Tamaulipas, Mayra Ojeda Ch\u00e1vez, hace un llamado a las mujeres en el marco del 8M para que juntas retomen el control del pa\u00eds, donde todas puedan caminar por las calles sin miedo y que mejore su calidad de vida.<\/p>\n<p>&nbsp;<\/p>\n<p>En el D\u00eda Internacional de la Mujer, resalt\u00f3 que es precisamente el g\u00e9nero femenino, la fuerza que mueve a M\u00e9xico y es por eso que juntas, pueden lograr los cambios para una mejor sociedad y recuperar todo aquello que les fue arrebatado por Morena.<\/p>\n<p>&nbsp;<\/p>\n<p>Asegur\u00f3 que es tiempo de demostrarle a ese mal gobierno, que las mujeres son guerreras que luchan incansablemente por conseguir sus sue\u00f1os y que este a\u00f1o, no ser\u00e1n enga\u00f1adas con esas promesas de bienestar que nunca llegaron y que por lo contrario, arrebataron de golpe todos aquellos programas que les permitan salir adelante.<\/p>\n<p>&nbsp;<\/p>\n<p>\u201cEste 8 de Marzo debe ser un recordatorio de todo lo que el gobierno de Morena nos ha quitado a las mujeres, el programa de Prospera, apoyos a jefas de familia, estancias infantiles, Seguro Popular, refugios para mujeres violentadas\u201d.<\/p>\n<p>&nbsp;<\/p>\n<p>Ojeda Ch\u00e1vez, enfatiz\u00f3 que lo m\u00e1s importante que les quit\u00f3 Morena, es la oportunidad de caminar seguras en las calles, ya que en la actualidad, 10 mujeres son asesinadas diariamente y sus muertes quedan impunes por la ineficacia de lo que calific\u00f3 como un \u201cgobierno de cuarta\u201d.<\/p>\n<p>&nbsp;<\/p>\n<p>Este viernes, acudi\u00f3 en representaci\u00f3n de la presidenta del PRI en Tamaulipas, Paloma Guill\u00e9n, al curso denominado \u201cDerechos de la mujer; los instrumentos internacionales, nacionales y estatales\u201d que se llev\u00f3 a cabo en el Salon \u00c9ufrates del hotel Paradise Inn en Ciudad Victoria.<\/p>\n<p>&nbsp;<\/p>\n<p>Aqu\u00ed refrend\u00f3 que es importante que como mujeres y como madres de familia, razonen su voto y piensen qu\u00e9 quieren para sus hijos, un M\u00e9xico sin miedo o un pa\u00eds en donde se les den abrazos a los delincuentes, en lugar de afrontar la inseguridad que cada d\u00eda arrebata m\u00e1s vidas humanas.<\/p>\n<p>&nbsp;<\/p>\n<p>\u201cNo podemos dar ni un paso atr\u00e1s en la lucha de los derechos de las mujeres, por eso con X\u00f3chitl para Presidenta e Imelda para senadora estaremos bien representadas porque han sido mujeres de trabajo y lucha constante en favor de nosotras las mujeres\u201d, finaliz\u00f3 en su discurso.<\/p>\n<p>&nbsp;<\/p>\n","protected":false},"excerpt":{"rendered":"<p>*En El 8M Convoca A Las Mujeres A Retomar El Rumbo De M\u00e9xico &nbsp; La secretaria de Operaci\u00f3n Pol\u00edtica del&hellip;<\/p>\n","protected":false},"author":1,"featured_media":49546,"comment_status":"open","ping_status":"open","sticky":false,"template":"","format":"standard","meta":{"footnotes":""},"categories":[4],"tags":[],"class_list":["post-49550","post","type-post","status-publish","format-standard","has-post-thumbnail","hentry","category-madero"],"yoast_head":"<!-- This site is optimized with the Yoast SEO plugin v27.5 - https:\/\/yoast.com\/product\/yoast-seo-wordpress\/ -->\n<title>NI UN PASO ATR\u00c1S EN LA LUCHA POR LOS DERECHOS DE LAS MUJERES: MAYRA OJEDA - EL INFORMATIVO DE TAMAULIPAS<\/title>\n<meta name=\"description\" content=\"*En El 8M Convoca A Las Mujeres A Retomar El Rumbo De M\u00e9xico &nbsp; La secretaria de Operaci\u00f3n Pol\u00edtica del Partido Revolucionario Institucional (PRI) en\" \/>\n<meta name=\"robots\" content=\"index, follow, max-snippet:-1, max-image-preview:large, max-video-preview:-1\" \/>\n<link rel=\"canonical\" href=\"https:\/\/elinformativotam.com\/index.php\/2024\/03\/10\/ni-un-paso-atras-en-la-lucha-por-los-derechos-de-las-mujeres-mayra-ojeda\/\" \/>\n<meta property=\"og:locale\" content=\"es_MX\" \/>\n<meta property=\"og:type\" content=\"article\" \/>\n<meta property=\"og:title\" content=\"NI UN PASO ATR\u00c1S EN LA LUCHA POR LOS DERECHOS DE LAS MUJERES: MAYRA OJEDA - EL INFORMATIVO DE TAMAULIPAS\" \/>\n<meta property=\"og:description\" content=\"*En El 8M Convoca A Las Mujeres A Retomar El Rumbo De M\u00e9xico &nbsp; La secretaria de Operaci\u00f3n Pol\u00edtica del Partido Revolucionario Institucional (PRI) en\" \/>\n<meta property=\"og:url\" content=\"https:\/\/elinformativotam.com\/index.php\/2024\/03\/10\/ni-un-paso-atras-en-la-lucha-por-los-derechos-de-las-mujeres-mayra-ojeda\/\" \/>\n<meta property=\"og:site_name\" content=\"EL INFORMATIVO DE TAMAULIPAS\" \/>\n<meta property=\"article:published_time\" content=\"2024-03-10T19:15:58+00:00\" \/>\n<meta property=\"og:image\" content=\"https:\/\/elinformativotam.com\/wp-content\/uploads\/2024\/03\/Mayra.jpeg\" \/>\n\t<meta property=\"og:image:width\" content=\"1080\" \/>\n\t<meta property=\"og:image:height\" content=\"608\" \/>\n\t<meta property=\"og:image:type\" content=\"image\/jpeg\" \/>\n<meta name=\"author\" content=\"El Informativo Tam\" \/>\n<meta name=\"twitter:card\" content=\"summary_large_image\" \/>\n<meta name=\"twitter:label1\" content=\"Escrito por\" \/>\n\t<meta name=\"twitter:data1\" content=\"El Informativo Tam\" \/>\n\t<meta name=\"twitter:label2\" content=\"Tiempo de lectura\" \/>\n\t<meta name=\"twitter:data2\" content=\"2 minutos\" \/>\n<script type=\"application\/ld+json\" class=\"yoast-schema-graph\">{\"@context\":\"https:\\\/\\\/schema.org\",\"@graph\":[{\"@type\":\"Article\",\"@id\":\"https:\\\/\\\/elinformativotam.com\\\/index.php\\\/2024\\\/03\\\/10\\\/ni-un-paso-atras-en-la-lucha-por-los-derechos-de-las-mujeres-mayra-ojeda\\\/#article\",\"isPartOf\":{\"@id\":\"https:\\\/\\\/elinformativotam.com\\\/index.php\\\/2024\\\/03\\\/10\\\/ni-un-paso-atras-en-la-lucha-por-los-derechos-de-las-mujeres-mayra-ojeda\\\/\"},\"author\":{\"name\":\"El Informativo Tam\",\"@id\":\"https:\\\/\\\/elinformativotam.com\\\/#\\\/schema\\\/person\\\/78e08040eed0f6110f0c5f83b6153590\"},\"headline\":\"NI UN PASO ATR\u00c1S EN LA LUCHA POR LOS DERECHOS DE LAS MUJERES: MAYRA OJEDA\",\"datePublished\":\"2024-03-10T19:15:58+00:00\",\"mainEntityOfPage\":{\"@id\":\"https:\\\/\\\/elinformativotam.com\\\/index.php\\\/2024\\\/03\\\/10\\\/ni-un-paso-atras-en-la-lucha-por-los-derechos-de-las-mujeres-mayra-ojeda\\\/\"},\"wordCount\":434,\"commentCount\":0,\"publisher\":{\"@id\":\"https:\\\/\\\/elinformativotam.com\\\/#organization\"},\"image\":{\"@id\":\"https:\\\/\\\/elinformativotam.com\\\/index.php\\\/2024\\\/03\\\/10\\\/ni-un-paso-atras-en-la-lucha-por-los-derechos-de-las-mujeres-mayra-ojeda\\\/#primaryimage\"},\"thumbnailUrl\":\"https:\\\/\\\/elinformativotam.com\\\/wp-content\\\/uploads\\\/2024\\\/03\\\/Mayra.jpeg\",\"articleSection\":[\"Cd Madero\"],\"inLanguage\":\"es\",\"potentialAction\":[{\"@type\":\"CommentAction\",\"name\":\"Comment\",\"target\":[\"https:\\\/\\\/elinformativotam.com\\\/index.php\\\/2024\\\/03\\\/10\\\/ni-un-paso-atras-en-la-lucha-por-los-derechos-de-las-mujeres-mayra-ojeda\\\/#respond\"]}]},{\"@type\":\"WebPage\",\"@id\":\"https:\\\/\\\/elinformativotam.com\\\/index.php\\\/2024\\\/03\\\/10\\\/ni-un-paso-atras-en-la-lucha-por-los-derechos-de-las-mujeres-mayra-ojeda\\\/\",\"url\":\"https:\\\/\\\/elinformativotam.com\\\/index.php\\\/2024\\\/03\\\/10\\\/ni-un-paso-atras-en-la-lucha-por-los-derechos-de-las-mujeres-mayra-ojeda\\\/\",\"name\":\"NI UN PASO ATR\u00c1S EN LA LUCHA POR LOS DERECHOS DE LAS MUJERES: MAYRA OJEDA - EL INFORMATIVO DE TAMAULIPAS\",\"isPartOf\":{\"@id\":\"https:\\\/\\\/elinformativotam.com\\\/#website\"},\"primaryImageOfPage\":{\"@id\":\"https:\\\/\\\/elinformativotam.com\\\/index.php\\\/2024\\\/03\\\/10\\\/ni-un-paso-atras-en-la-lucha-por-los-derechos-de-las-mujeres-mayra-ojeda\\\/#primaryimage\"},\"image\":{\"@id\":\"https:\\\/\\\/elinformativotam.com\\\/index.php\\\/2024\\\/03\\\/10\\\/ni-un-paso-atras-en-la-lucha-por-los-derechos-de-las-mujeres-mayra-ojeda\\\/#primaryimage\"},\"thumbnailUrl\":\"https:\\\/\\\/elinformativotam.com\\\/wp-content\\\/uploads\\\/2024\\\/03\\\/Mayra.jpeg\",\"datePublished\":\"2024-03-10T19:15:58+00:00\",\"description\":\"*En El 8M Convoca A Las Mujeres A Retomar El Rumbo De M\u00e9xico &nbsp; La secretaria de Operaci\u00f3n Pol\u00edtica del Partido Revolucionario Institucional (PRI) en\",\"inLanguage\":\"es\",\"potentialAction\":[{\"@type\":\"ReadAction\",\"target\":[\"https:\\\/\\\/elinformativotam.com\\\/index.php\\\/2024\\\/03\\\/10\\\/ni-un-paso-atras-en-la-lucha-por-los-derechos-de-las-mujeres-mayra-ojeda\\\/\"]}]},{\"@type\":\"ImageObject\",\"inLanguage\":\"es\",\"@id\":\"https:\\\/\\\/elinformativotam.com\\\/index.php\\\/2024\\\/03\\\/10\\\/ni-un-paso-atras-en-la-lucha-por-los-derechos-de-las-mujeres-mayra-ojeda\\\/#primaryimage\",\"url\":\"https:\\\/\\\/elinformativotam.com\\\/wp-content\\\/uploads\\\/2024\\\/03\\\/Mayra.jpeg\",\"contentUrl\":\"https:\\\/\\\/elinformativotam.com\\\/wp-content\\\/uploads\\\/2024\\\/03\\\/Mayra.jpeg\",\"width\":1080,\"height\":608},{\"@type\":\"WebSite\",\"@id\":\"https:\\\/\\\/elinformativotam.com\\\/#website\",\"url\":\"https:\\\/\\\/elinformativotam.com\\\/\",\"name\":\"EL INFORMATIVO DE TAMAULIPAS\",\"description\":\"Desde la Zona Metropolitana Para Todo M\u00e9xico\",\"publisher\":{\"@id\":\"https:\\\/\\\/elinformativotam.com\\\/#organization\"},\"potentialAction\":[{\"@type\":\"SearchAction\",\"target\":{\"@type\":\"EntryPoint\",\"urlTemplate\":\"https:\\\/\\\/elinformativotam.com\\\/?s={search_term_string}\"},\"query-input\":{\"@type\":\"PropertyValueSpecification\",\"valueRequired\":true,\"valueName\":\"search_term_string\"}}],\"inLanguage\":\"es\"},{\"@type\":\"Organization\",\"@id\":\"https:\\\/\\\/elinformativotam.com\\\/#organization\",\"name\":\"EL INFORMATIVO DE TAMAULIPAS\",\"url\":\"https:\\\/\\\/elinformativotam.com\\\/\",\"logo\":{\"@type\":\"ImageObject\",\"inLanguage\":\"es\",\"@id\":\"https:\\\/\\\/elinformativotam.com\\\/#\\\/schema\\\/logo\\\/image\\\/\",\"url\":\"https:\\\/\\\/elinformativotam.com\\\/wp-content\\\/uploads\\\/2026\\\/02\\\/Cabezal.png\",\"contentUrl\":\"https:\\\/\\\/elinformativotam.com\\\/wp-content\\\/uploads\\\/2026\\\/02\\\/Cabezal.png\",\"width\":960,\"height\":640,\"caption\":\"EL INFORMATIVO DE TAMAULIPAS\"},\"image\":{\"@id\":\"https:\\\/\\\/elinformativotam.com\\\/#\\\/schema\\\/logo\\\/image\\\/\"}},{\"@type\":\"Person\",\"@id\":\"https:\\\/\\\/elinformativotam.com\\\/#\\\/schema\\\/person\\\/78e08040eed0f6110f0c5f83b6153590\",\"name\":\"El Informativo Tam\",\"image\":{\"@type\":\"ImageObject\",\"inLanguage\":\"es\",\"@id\":\"https:\\\/\\\/secure.gravatar.com\\\/avatar\\\/f3b7ad3af540688955925ac610647be00b0cf41feea9c4978b73a707ee86bc53?s=96&d=mm&r=g\",\"url\":\"https:\\\/\\\/secure.gravatar.com\\\/avatar\\\/f3b7ad3af540688955925ac610647be00b0cf41feea9c4978b73a707ee86bc53?s=96&d=mm&r=g\",\"contentUrl\":\"https:\\\/\\\/secure.gravatar.com\\\/avatar\\\/f3b7ad3af540688955925ac610647be00b0cf41feea9c4978b73a707ee86bc53?s=96&d=mm&r=g\",\"caption\":\"El Informativo Tam\"}}]}<\/script>\n<!-- \/ Yoast SEO plugin. -->","yoast_head_json":{"title":"NI UN PASO ATR\u00c1S EN LA LUCHA POR LOS DERECHOS DE LAS MUJERES: MAYRA OJEDA - EL INFORMATIVO DE TAMAULIPAS","description":"*En El 8M Convoca A Las Mujeres A Retomar El Rumbo De M\u00e9xico &nbsp; La secretaria de Operaci\u00f3n Pol\u00edtica del Partido Revolucionario Institucional (PRI) en","robots":{"index":"index","follow":"follow","max-snippet":"max-snippet:-1","max-image-preview":"max-image-preview:large","max-video-preview":"max-video-preview:-1"},"canonical":"https:\/\/elinformativotam.com\/index.php\/2024\/03\/10\/ni-un-paso-atras-en-la-lucha-por-los-derechos-de-las-mujeres-mayra-ojeda\/","og_locale":"es_MX","og_type":"article","og_title":"NI UN PASO ATR\u00c1S EN LA LUCHA POR LOS DERECHOS DE LAS MUJERES: MAYRA OJEDA - EL INFORMATIVO DE TAMAULIPAS","og_description":"*En El 8M Convoca A Las Mujeres A Retomar El Rumbo De M\u00e9xico &nbsp; La secretaria de Operaci\u00f3n Pol\u00edtica del Partido Revolucionario Institucional (PRI) en","og_url":"https:\/\/elinformativotam.com\/index.php\/2024\/03\/10\/ni-un-paso-atras-en-la-lucha-por-los-derechos-de-las-mujeres-mayra-ojeda\/","og_site_name":"EL INFORMATIVO DE TAMAULIPAS","article_published_time":"2024-03-10T19:15:58+00:00","og_image":[{"width":1080,"height":608,"url":"https:\/\/elinformativotam.com\/wp-content\/uploads\/2024\/03\/Mayra.jpeg","type":"image\/jpeg"}],"author":"El Informativo Tam","twitter_card":"summary_large_image","twitter_misc":{"Escrito por":"El Informativo Tam","Tiempo de lectura":"2 minutos"},"schema":{"@context":"https:\/\/schema.org","@graph":[{"@type":"Article","@id":"https:\/\/elinformativotam.com\/index.php\/2024\/03\/10\/ni-un-paso-atras-en-la-lucha-por-los-derechos-de-las-mujeres-mayra-ojeda\/#article","isPartOf":{"@id":"https:\/\/elinformativotam.com\/index.php\/2024\/03\/10\/ni-un-paso-atras-en-la-lucha-por-los-derechos-de-las-mujeres-mayra-ojeda\/"},"author":{"name":"El Informativo Tam","@id":"https:\/\/elinformativotam.com\/#\/schema\/person\/78e08040eed0f6110f0c5f83b6153590"},"headline":"NI UN PASO ATR\u00c1S EN LA LUCHA POR LOS DERECHOS DE LAS MUJERES: MAYRA OJEDA","datePublished":"2024-03-10T19:15:58+00:00","mainEntityOfPage":{"@id":"https:\/\/elinformativotam.com\/index.php\/2024\/03\/10\/ni-un-paso-atras-en-la-lucha-por-los-derechos-de-las-mujeres-mayra-ojeda\/"},"wordCount":434,"commentCount":0,"publisher":{"@id":"https:\/\/elinformativotam.com\/#organization"},"image":{"@id":"https:\/\/elinformativotam.com\/index.php\/2024\/03\/10\/ni-un-paso-atras-en-la-lucha-por-los-derechos-de-las-mujeres-mayra-ojeda\/#primaryimage"},"thumbnailUrl":"https:\/\/elinformativotam.com\/wp-content\/uploads\/2024\/03\/Mayra.jpeg","articleSection":["Cd Madero"],"inLanguage":"es","potentialAction":[{"@type":"CommentAction","name":"Comment","target":["https:\/\/elinformativotam.com\/index.php\/2024\/03\/10\/ni-un-paso-atras-en-la-lucha-por-los-derechos-de-las-mujeres-mayra-ojeda\/#respond"]}]},{"@type":"WebPage","@id":"https:\/\/elinformativotam.com\/index.php\/2024\/03\/10\/ni-un-paso-atras-en-la-lucha-por-los-derechos-de-las-mujeres-mayra-ojeda\/","url":"https:\/\/elinformativotam.com\/index.php\/2024\/03\/10\/ni-un-paso-atras-en-la-lucha-por-los-derechos-de-las-mujeres-mayra-ojeda\/","name":"NI UN PASO ATR\u00c1S EN LA LUCHA POR LOS DERECHOS DE LAS MUJERES: MAYRA OJEDA - EL INFORMATIVO DE TAMAULIPAS","isPartOf":{"@id":"https:\/\/elinformativotam.com\/#website"},"primaryImageOfPage":{"@id":"https:\/\/elinformativotam.com\/index.php\/2024\/03\/10\/ni-un-paso-atras-en-la-lucha-por-los-derechos-de-las-mujeres-mayra-ojeda\/#primaryimage"},"image":{"@id":"https:\/\/elinformativotam.com\/index.php\/2024\/03\/10\/ni-un-paso-atras-en-la-lucha-por-los-derechos-de-las-mujeres-mayra-ojeda\/#primaryimage"},"thumbnailUrl":"https:\/\/elinformativotam.com\/wp-content\/uploads\/2024\/03\/Mayra.jpeg","datePublished":"2024-03-10T19:15:58+00:00","description":"*En El 8M Convoca A Las Mujeres A Retomar El Rumbo De M\u00e9xico &nbsp; La secretaria de Operaci\u00f3n Pol\u00edtica del Partido Revolucionario Institucional (PRI) en","inLanguage":"es","potentialAction":[{"@type":"ReadAction","target":["https:\/\/elinformativotam.com\/index.php\/2024\/03\/10\/ni-un-paso-atras-en-la-lucha-por-los-derechos-de-las-mujeres-mayra-ojeda\/"]}]},{"@type":"ImageObject","inLanguage":"es","@id":"https:\/\/elinformativotam.com\/index.php\/2024\/03\/10\/ni-un-paso-atras-en-la-lucha-por-los-derechos-de-las-mujeres-mayra-ojeda\/#primaryimage","url":"https:\/\/elinformativotam.com\/wp-content\/uploads\/2024\/03\/Mayra.jpeg","contentUrl":"https:\/\/elinformativotam.com\/wp-content\/uploads\/2024\/03\/Mayra.jpeg","width":1080,"height":608},{"@type":"WebSite","@id":"https:\/\/elinformativotam.com\/#website","url":"https:\/\/elinformativotam.com\/","name":"EL INFORMATIVO DE TAMAULIPAS","description":"Desde la Zona Metropolitana Para Todo M\u00e9xico","publisher":{"@id":"https:\/\/elinformativotam.com\/#organization"},"potentialAction":[{"@type":"SearchAction","target":{"@type":"EntryPoint","urlTemplate":"https:\/\/elinformativotam.com\/?s={search_term_string}"},"query-input":{"@type":"PropertyValueSpecification","valueRequired":true,"valueName":"search_term_string"}}],"inLanguage":"es"},{"@type":"Organization","@id":"https:\/\/elinformativotam.com\/#organization","name":"EL INFORMATIVO DE TAMAULIPAS","url":"https:\/\/elinformativotam.com\/","logo":{"@type":"ImageObject","inLanguage":"es","@id":"https:\/\/elinformativotam.com\/#\/schema\/logo\/image\/","url":"https:\/\/elinformativotam.com\/wp-content\/uploads\/2026\/02\/Cabezal.png","contentUrl":"https:\/\/elinformativotam.com\/wp-content\/uploads\/2026\/02\/Cabezal.png","width":960,"height":640,"caption":"EL INFORMATIVO DE TAMAULIPAS"},"image":{"@id":"https:\/\/elinformativotam.com\/#\/schema\/logo\/image\/"}},{"@type":"Person","@id":"https:\/\/elinformativotam.com\/#\/schema\/person\/78e08040eed0f6110f0c5f83b6153590","name":"El Informativo Tam","image":{"@type":"ImageObject","inLanguage":"es","@id":"https:\/\/secure.gravatar.com\/avatar\/f3b7ad3af540688955925ac610647be00b0cf41feea9c4978b73a707ee86bc53?s=96&d=mm&r=g","url":"https:\/\/secure.gravatar.com\/avatar\/f3b7ad3af540688955925ac610647be00b0cf41feea9c4978b73a707ee86bc53?s=96&d=mm&r=g","contentUrl":"https:\/\/secure.gravatar.com\/avatar\/f3b7ad3af540688955925ac610647be00b0cf41feea9c4978b73a707ee86bc53?s=96&d=mm&r=g","caption":"El Informativo Tam"}}]}},"_links":{"self":[{"href":"https:\/\/elinformativotam.com\/index.php\/wp-json\/wp\/v2\/posts\/49550","targetHints":{"allow":["GET"]}}],"collection":[{"href":"https:\/\/elinformativotam.com\/index.php\/wp-json\/wp\/v2\/posts"}],"about":[{"href":"https:\/\/elinformativotam.com\/index.php\/wp-json\/wp\/v2\/types\/post"}],"author":[{"embeddable":true,"href":"https:\/\/elinformativotam.com\/index.php\/wp-json\/wp\/v2\/users\/1"}],"replies":[{"embeddable":true,"href":"https:\/\/elinformativotam.com\/index.php\/wp-json\/wp\/v2\/comments?post=49550"}],"version-history":[{"count":1,"href":"https:\/\/elinformativotam.com\/index.php\/wp-json\/wp\/v2\/posts\/49550\/revisions"}],"predecessor-version":[{"id":49551,"href":"https:\/\/elinformativotam.com\/index.php\/wp-json\/wp\/v2\/posts\/49550\/revisions\/49551"}],"wp:featuredmedia":[{"embeddable":true,"href":"https:\/\/elinformativotam.com\/index.php\/wp-json\/wp\/v2\/media\/49546"}],"wp:attachment":[{"href":"https:\/\/elinformativotam.com\/index.php\/wp-json\/wp\/v2\/media?parent=49550"}],"wp:term":[{"taxonomy":"category","embeddable":true,"href":"https:\/\/elinformativotam.com\/index.php\/wp-json\/wp\/v2\/categories?post=49550"},{"taxonomy":"post_tag","embeddable":true,"href":"https:\/\/elinformativotam.com\/index.php\/wp-json\/wp\/v2\/tags?post=49550"}],"curies":[{"name":"wp","href":"https:\/\/api.w.org\/{rel}","templated":true}]}}