{"id":49491,"date":"2024-03-05T23:09:59","date_gmt":"2024-03-06T05:09:59","guid":{"rendered":"https:\/\/elinformativotam.com\/?p=49491"},"modified":"2024-03-05T23:09:59","modified_gmt":"2024-03-06T05:09:59","slug":"gestionara-chucho-nader-recursos-adicionales-para-programas-de-obra-hidraulica-en-tampico-y-madero","status":"publish","type":"post","link":"https:\/\/elinformativotam.com\/index.php\/2024\/03\/05\/gestionara-chucho-nader-recursos-adicionales-para-programas-de-obra-hidraulica-en-tampico-y-madero\/","title":{"rendered":"GESTIONAR\u00c1 CHUCHO NADER RECURSOS ADICIONALES PARA PROGRAMAS DE OBRA HIDR\u00c1ULICA EN TAMPICO Y MADERO"},"content":{"rendered":"<p>Al efectuar un recorrido en la colonia 15 de mayo de Ciudad Madero, el candidato de la Alianza PAN-PRI-PRD a la Diputaci\u00f3n Federal por el octavo distrito, Chucho Nader expuso la necesidad de que la Federaci\u00f3n destine un presupuesto especial a la ejecuci\u00f3n de programas hidr\u00e1ulicos que brinden seguridad y certidumbre a las familias surtamaulipecas.<\/p>\n<p>&nbsp;<\/p>\n<p>Record\u00f3 que durante los \u00faltimos cinco a\u00f1os en Tampico se llev\u00f3 a cabo un amplio programa de obra p\u00fablica donde se ampli\u00f3 y fortaleci\u00f3 la red de drenes y canales pluviales, principalmente en las \u00e1reas susceptibles a sufrir inundaciones; sin embargo, precis\u00f3 que la zona conurbada requiere de un programa mayor, debido a las caracter\u00edsticas hidrol\u00f3gicas de la regi\u00f3n.<\/p>\n<p>&nbsp;<\/p>\n<p>\u201cPlaticamos con los vecinos de la colonia 15 de Mayo y es algo que traemos dentro de la propuesta, gestionar recursos ante la instancia correspondiente para traer mayor infraestructura urbana, hidr\u00e1ulica, drenes pluviales, tambi\u00e9n los c\u00e1rcamos que ya no tienen la capacidad para la poblaci\u00f3n que hay actualmente, por lo que desde el Congreso de la Uni\u00f3n gestionar\u00e9 la obtenci\u00f3n de estos recursos adicionales que permitan llevar a cabo una obra tan necesaria en Tampico, Ciudad Madero y los municipios vecinos\u201d.<\/p>\n<p>&nbsp;<\/p>\n<p>Durante el recorrido, el abanderado del PAN-PRI-PRD visit\u00f3, casa por casa a los vecinos del sector; y sostuvo di\u00e1logos con viandantes y comerciantes de la zona, quienes le expresaron la necesidad de aterrizar en la urbe petrolera un amplio programa de pavimentaci\u00f3n tal y como lo desarroll\u00f3 en Tampico.<\/p>\n<p>&nbsp;<\/p>\n<p>Nader Nasrallah asegur\u00f3 que mientras los gobiernos trabajen con honestidad y transparencia, es posible atender los principales rezagos de los municipios y resolver las necesidades prioritarias de la poblaci\u00f3n.<\/p>\n","protected":false},"excerpt":{"rendered":"<p>Al efectuar un recorrido en la colonia 15 de mayo de Ciudad Madero, el candidato de la Alianza PAN-PRI-PRD a&hellip;<\/p>\n","protected":false},"author":1,"featured_media":49492,"comment_status":"open","ping_status":"open","sticky":false,"template":"","format":"standard","meta":{"footnotes":""},"categories":[3],"tags":[],"class_list":["post-49491","post","type-post","status-publish","format-standard","has-post-thumbnail","hentry","category-tampico"],"yoast_head":"<!-- This site is optimized with the Yoast SEO plugin v27.5 - https:\/\/yoast.com\/product\/yoast-seo-wordpress\/ -->\n<title>GESTIONAR\u00c1 CHUCHO NADER RECURSOS ADICIONALES PARA PROGRAMAS DE OBRA HIDR\u00c1ULICA EN TAMPICO Y MADERO - EL INFORMATIVO DE TAMAULIPAS<\/title>\n<meta name=\"description\" content=\"Al efectuar un recorrido en la colonia 15 de mayo de Ciudad Madero, el candidato de la Alianza PAN-PRI-PRD a la Diputaci\u00f3n Federal por el octavo distrito,\" \/>\n<meta name=\"robots\" content=\"index, follow, max-snippet:-1, max-image-preview:large, max-video-preview:-1\" \/>\n<link rel=\"canonical\" href=\"https:\/\/elinformativotam.com\/index.php\/2024\/03\/05\/gestionara-chucho-nader-recursos-adicionales-para-programas-de-obra-hidraulica-en-tampico-y-madero\/\" \/>\n<meta property=\"og:locale\" content=\"es_MX\" \/>\n<meta property=\"og:type\" content=\"article\" \/>\n<meta property=\"og:title\" content=\"GESTIONAR\u00c1 CHUCHO NADER RECURSOS ADICIONALES PARA PROGRAMAS DE OBRA HIDR\u00c1ULICA EN TAMPICO Y MADERO - EL INFORMATIVO DE TAMAULIPAS\" \/>\n<meta property=\"og:description\" content=\"Al efectuar un recorrido en la colonia 15 de mayo de Ciudad Madero, el candidato de la Alianza PAN-PRI-PRD a la Diputaci\u00f3n Federal por el octavo distrito,\" \/>\n<meta property=\"og:url\" content=\"https:\/\/elinformativotam.com\/index.php\/2024\/03\/05\/gestionara-chucho-nader-recursos-adicionales-para-programas-de-obra-hidraulica-en-tampico-y-madero\/\" \/>\n<meta property=\"og:site_name\" content=\"EL INFORMATIVO DE TAMAULIPAS\" \/>\n<meta property=\"article:published_time\" content=\"2024-03-06T05:09:59+00:00\" \/>\n<meta property=\"og:image\" content=\"https:\/\/elinformativotam.com\/wp-content\/uploads\/2024\/03\/Chucho.jpeg\" \/>\n\t<meta property=\"og:image:width\" content=\"1600\" \/>\n\t<meta property=\"og:image:height\" content=\"1066\" \/>\n\t<meta property=\"og:image:type\" content=\"image\/jpeg\" \/>\n<meta name=\"author\" content=\"El Informativo Tam\" \/>\n<meta name=\"twitter:card\" content=\"summary_large_image\" \/>\n<meta name=\"twitter:label1\" content=\"Escrito por\" \/>\n\t<meta name=\"twitter:data1\" content=\"El Informativo Tam\" \/>\n\t<meta name=\"twitter:label2\" content=\"Tiempo de lectura\" \/>\n\t<meta name=\"twitter:data2\" content=\"2 minutos\" \/>\n<script type=\"application\/ld+json\" class=\"yoast-schema-graph\">{\"@context\":\"https:\\\/\\\/schema.org\",\"@graph\":[{\"@type\":\"Article\",\"@id\":\"https:\\\/\\\/elinformativotam.com\\\/index.php\\\/2024\\\/03\\\/05\\\/gestionara-chucho-nader-recursos-adicionales-para-programas-de-obra-hidraulica-en-tampico-y-madero\\\/#article\",\"isPartOf\":{\"@id\":\"https:\\\/\\\/elinformativotam.com\\\/index.php\\\/2024\\\/03\\\/05\\\/gestionara-chucho-nader-recursos-adicionales-para-programas-de-obra-hidraulica-en-tampico-y-madero\\\/\"},\"author\":{\"name\":\"El Informativo Tam\",\"@id\":\"https:\\\/\\\/elinformativotam.com\\\/#\\\/schema\\\/person\\\/78e08040eed0f6110f0c5f83b6153590\"},\"headline\":\"GESTIONAR\u00c1 CHUCHO NADER RECURSOS ADICIONALES PARA PROGRAMAS DE OBRA HIDR\u00c1ULICA EN TAMPICO Y MADERO\",\"datePublished\":\"2024-03-06T05:09:59+00:00\",\"mainEntityOfPage\":{\"@id\":\"https:\\\/\\\/elinformativotam.com\\\/index.php\\\/2024\\\/03\\\/05\\\/gestionara-chucho-nader-recursos-adicionales-para-programas-de-obra-hidraulica-en-tampico-y-madero\\\/\"},\"wordCount\":308,\"commentCount\":0,\"publisher\":{\"@id\":\"https:\\\/\\\/elinformativotam.com\\\/#organization\"},\"image\":{\"@id\":\"https:\\\/\\\/elinformativotam.com\\\/index.php\\\/2024\\\/03\\\/05\\\/gestionara-chucho-nader-recursos-adicionales-para-programas-de-obra-hidraulica-en-tampico-y-madero\\\/#primaryimage\"},\"thumbnailUrl\":\"https:\\\/\\\/elinformativotam.com\\\/wp-content\\\/uploads\\\/2024\\\/03\\\/Chucho.jpeg\",\"articleSection\":[\"Tampico\"],\"inLanguage\":\"es\",\"potentialAction\":[{\"@type\":\"CommentAction\",\"name\":\"Comment\",\"target\":[\"https:\\\/\\\/elinformativotam.com\\\/index.php\\\/2024\\\/03\\\/05\\\/gestionara-chucho-nader-recursos-adicionales-para-programas-de-obra-hidraulica-en-tampico-y-madero\\\/#respond\"]}]},{\"@type\":\"WebPage\",\"@id\":\"https:\\\/\\\/elinformativotam.com\\\/index.php\\\/2024\\\/03\\\/05\\\/gestionara-chucho-nader-recursos-adicionales-para-programas-de-obra-hidraulica-en-tampico-y-madero\\\/\",\"url\":\"https:\\\/\\\/elinformativotam.com\\\/index.php\\\/2024\\\/03\\\/05\\\/gestionara-chucho-nader-recursos-adicionales-para-programas-de-obra-hidraulica-en-tampico-y-madero\\\/\",\"name\":\"GESTIONAR\u00c1 CHUCHO NADER RECURSOS ADICIONALES PARA PROGRAMAS DE OBRA HIDR\u00c1ULICA EN TAMPICO Y MADERO - EL INFORMATIVO DE TAMAULIPAS\",\"isPartOf\":{\"@id\":\"https:\\\/\\\/elinformativotam.com\\\/#website\"},\"primaryImageOfPage\":{\"@id\":\"https:\\\/\\\/elinformativotam.com\\\/index.php\\\/2024\\\/03\\\/05\\\/gestionara-chucho-nader-recursos-adicionales-para-programas-de-obra-hidraulica-en-tampico-y-madero\\\/#primaryimage\"},\"image\":{\"@id\":\"https:\\\/\\\/elinformativotam.com\\\/index.php\\\/2024\\\/03\\\/05\\\/gestionara-chucho-nader-recursos-adicionales-para-programas-de-obra-hidraulica-en-tampico-y-madero\\\/#primaryimage\"},\"thumbnailUrl\":\"https:\\\/\\\/elinformativotam.com\\\/wp-content\\\/uploads\\\/2024\\\/03\\\/Chucho.jpeg\",\"datePublished\":\"2024-03-06T05:09:59+00:00\",\"description\":\"Al efectuar un recorrido en la colonia 15 de mayo de Ciudad Madero, el candidato de la Alianza PAN-PRI-PRD a la Diputaci\u00f3n Federal por el octavo distrito,\",\"inLanguage\":\"es\",\"potentialAction\":[{\"@type\":\"ReadAction\",\"target\":[\"https:\\\/\\\/elinformativotam.com\\\/index.php\\\/2024\\\/03\\\/05\\\/gestionara-chucho-nader-recursos-adicionales-para-programas-de-obra-hidraulica-en-tampico-y-madero\\\/\"]}]},{\"@type\":\"ImageObject\",\"inLanguage\":\"es\",\"@id\":\"https:\\\/\\\/elinformativotam.com\\\/index.php\\\/2024\\\/03\\\/05\\\/gestionara-chucho-nader-recursos-adicionales-para-programas-de-obra-hidraulica-en-tampico-y-madero\\\/#primaryimage\",\"url\":\"https:\\\/\\\/elinformativotam.com\\\/wp-content\\\/uploads\\\/2024\\\/03\\\/Chucho.jpeg\",\"contentUrl\":\"https:\\\/\\\/elinformativotam.com\\\/wp-content\\\/uploads\\\/2024\\\/03\\\/Chucho.jpeg\",\"width\":1600,\"height\":1066},{\"@type\":\"WebSite\",\"@id\":\"https:\\\/\\\/elinformativotam.com\\\/#website\",\"url\":\"https:\\\/\\\/elinformativotam.com\\\/\",\"name\":\"EL INFORMATIVO DE TAMAULIPAS\",\"description\":\"Desde la Zona Metropolitana Para Todo M\u00e9xico\",\"publisher\":{\"@id\":\"https:\\\/\\\/elinformativotam.com\\\/#organization\"},\"potentialAction\":[{\"@type\":\"SearchAction\",\"target\":{\"@type\":\"EntryPoint\",\"urlTemplate\":\"https:\\\/\\\/elinformativotam.com\\\/?s={search_term_string}\"},\"query-input\":{\"@type\":\"PropertyValueSpecification\",\"valueRequired\":true,\"valueName\":\"search_term_string\"}}],\"inLanguage\":\"es\"},{\"@type\":\"Organization\",\"@id\":\"https:\\\/\\\/elinformativotam.com\\\/#organization\",\"name\":\"EL INFORMATIVO DE TAMAULIPAS\",\"url\":\"https:\\\/\\\/elinformativotam.com\\\/\",\"logo\":{\"@type\":\"ImageObject\",\"inLanguage\":\"es\",\"@id\":\"https:\\\/\\\/elinformativotam.com\\\/#\\\/schema\\\/logo\\\/image\\\/\",\"url\":\"https:\\\/\\\/elinformativotam.com\\\/wp-content\\\/uploads\\\/2026\\\/02\\\/Cabezal.png\",\"contentUrl\":\"https:\\\/\\\/elinformativotam.com\\\/wp-content\\\/uploads\\\/2026\\\/02\\\/Cabezal.png\",\"width\":960,\"height\":640,\"caption\":\"EL INFORMATIVO DE TAMAULIPAS\"},\"image\":{\"@id\":\"https:\\\/\\\/elinformativotam.com\\\/#\\\/schema\\\/logo\\\/image\\\/\"}},{\"@type\":\"Person\",\"@id\":\"https:\\\/\\\/elinformativotam.com\\\/#\\\/schema\\\/person\\\/78e08040eed0f6110f0c5f83b6153590\",\"name\":\"El Informativo Tam\",\"image\":{\"@type\":\"ImageObject\",\"inLanguage\":\"es\",\"@id\":\"https:\\\/\\\/secure.gravatar.com\\\/avatar\\\/f3b7ad3af540688955925ac610647be00b0cf41feea9c4978b73a707ee86bc53?s=96&d=mm&r=g\",\"url\":\"https:\\\/\\\/secure.gravatar.com\\\/avatar\\\/f3b7ad3af540688955925ac610647be00b0cf41feea9c4978b73a707ee86bc53?s=96&d=mm&r=g\",\"contentUrl\":\"https:\\\/\\\/secure.gravatar.com\\\/avatar\\\/f3b7ad3af540688955925ac610647be00b0cf41feea9c4978b73a707ee86bc53?s=96&d=mm&r=g\",\"caption\":\"El Informativo Tam\"}}]}<\/script>\n<!-- \/ Yoast SEO plugin. -->","yoast_head_json":{"title":"GESTIONAR\u00c1 CHUCHO NADER RECURSOS ADICIONALES PARA PROGRAMAS DE OBRA HIDR\u00c1ULICA EN TAMPICO Y MADERO - EL INFORMATIVO DE TAMAULIPAS","description":"Al efectuar un recorrido en la colonia 15 de mayo de Ciudad Madero, el candidato de la Alianza PAN-PRI-PRD a la Diputaci\u00f3n Federal por el octavo distrito,","robots":{"index":"index","follow":"follow","max-snippet":"max-snippet:-1","max-image-preview":"max-image-preview:large","max-video-preview":"max-video-preview:-1"},"canonical":"https:\/\/elinformativotam.com\/index.php\/2024\/03\/05\/gestionara-chucho-nader-recursos-adicionales-para-programas-de-obra-hidraulica-en-tampico-y-madero\/","og_locale":"es_MX","og_type":"article","og_title":"GESTIONAR\u00c1 CHUCHO NADER RECURSOS ADICIONALES PARA PROGRAMAS DE OBRA HIDR\u00c1ULICA EN TAMPICO Y MADERO - EL INFORMATIVO DE TAMAULIPAS","og_description":"Al efectuar un recorrido en la colonia 15 de mayo de Ciudad Madero, el candidato de la Alianza PAN-PRI-PRD a la Diputaci\u00f3n Federal por el octavo distrito,","og_url":"https:\/\/elinformativotam.com\/index.php\/2024\/03\/05\/gestionara-chucho-nader-recursos-adicionales-para-programas-de-obra-hidraulica-en-tampico-y-madero\/","og_site_name":"EL INFORMATIVO DE TAMAULIPAS","article_published_time":"2024-03-06T05:09:59+00:00","og_image":[{"width":1600,"height":1066,"url":"https:\/\/elinformativotam.com\/wp-content\/uploads\/2024\/03\/Chucho.jpeg","type":"image\/jpeg"}],"author":"El Informativo Tam","twitter_card":"summary_large_image","twitter_misc":{"Escrito por":"El Informativo Tam","Tiempo de lectura":"2 minutos"},"schema":{"@context":"https:\/\/schema.org","@graph":[{"@type":"Article","@id":"https:\/\/elinformativotam.com\/index.php\/2024\/03\/05\/gestionara-chucho-nader-recursos-adicionales-para-programas-de-obra-hidraulica-en-tampico-y-madero\/#article","isPartOf":{"@id":"https:\/\/elinformativotam.com\/index.php\/2024\/03\/05\/gestionara-chucho-nader-recursos-adicionales-para-programas-de-obra-hidraulica-en-tampico-y-madero\/"},"author":{"name":"El Informativo Tam","@id":"https:\/\/elinformativotam.com\/#\/schema\/person\/78e08040eed0f6110f0c5f83b6153590"},"headline":"GESTIONAR\u00c1 CHUCHO NADER RECURSOS ADICIONALES PARA PROGRAMAS DE OBRA HIDR\u00c1ULICA EN TAMPICO Y MADERO","datePublished":"2024-03-06T05:09:59+00:00","mainEntityOfPage":{"@id":"https:\/\/elinformativotam.com\/index.php\/2024\/03\/05\/gestionara-chucho-nader-recursos-adicionales-para-programas-de-obra-hidraulica-en-tampico-y-madero\/"},"wordCount":308,"commentCount":0,"publisher":{"@id":"https:\/\/elinformativotam.com\/#organization"},"image":{"@id":"https:\/\/elinformativotam.com\/index.php\/2024\/03\/05\/gestionara-chucho-nader-recursos-adicionales-para-programas-de-obra-hidraulica-en-tampico-y-madero\/#primaryimage"},"thumbnailUrl":"https:\/\/elinformativotam.com\/wp-content\/uploads\/2024\/03\/Chucho.jpeg","articleSection":["Tampico"],"inLanguage":"es","potentialAction":[{"@type":"CommentAction","name":"Comment","target":["https:\/\/elinformativotam.com\/index.php\/2024\/03\/05\/gestionara-chucho-nader-recursos-adicionales-para-programas-de-obra-hidraulica-en-tampico-y-madero\/#respond"]}]},{"@type":"WebPage","@id":"https:\/\/elinformativotam.com\/index.php\/2024\/03\/05\/gestionara-chucho-nader-recursos-adicionales-para-programas-de-obra-hidraulica-en-tampico-y-madero\/","url":"https:\/\/elinformativotam.com\/index.php\/2024\/03\/05\/gestionara-chucho-nader-recursos-adicionales-para-programas-de-obra-hidraulica-en-tampico-y-madero\/","name":"GESTIONAR\u00c1 CHUCHO NADER RECURSOS ADICIONALES PARA PROGRAMAS DE OBRA HIDR\u00c1ULICA EN TAMPICO Y MADERO - EL INFORMATIVO DE TAMAULIPAS","isPartOf":{"@id":"https:\/\/elinformativotam.com\/#website"},"primaryImageOfPage":{"@id":"https:\/\/elinformativotam.com\/index.php\/2024\/03\/05\/gestionara-chucho-nader-recursos-adicionales-para-programas-de-obra-hidraulica-en-tampico-y-madero\/#primaryimage"},"image":{"@id":"https:\/\/elinformativotam.com\/index.php\/2024\/03\/05\/gestionara-chucho-nader-recursos-adicionales-para-programas-de-obra-hidraulica-en-tampico-y-madero\/#primaryimage"},"thumbnailUrl":"https:\/\/elinformativotam.com\/wp-content\/uploads\/2024\/03\/Chucho.jpeg","datePublished":"2024-03-06T05:09:59+00:00","description":"Al efectuar un recorrido en la colonia 15 de mayo de Ciudad Madero, el candidato de la Alianza PAN-PRI-PRD a la Diputaci\u00f3n Federal por el octavo distrito,","inLanguage":"es","potentialAction":[{"@type":"ReadAction","target":["https:\/\/elinformativotam.com\/index.php\/2024\/03\/05\/gestionara-chucho-nader-recursos-adicionales-para-programas-de-obra-hidraulica-en-tampico-y-madero\/"]}]},{"@type":"ImageObject","inLanguage":"es","@id":"https:\/\/elinformativotam.com\/index.php\/2024\/03\/05\/gestionara-chucho-nader-recursos-adicionales-para-programas-de-obra-hidraulica-en-tampico-y-madero\/#primaryimage","url":"https:\/\/elinformativotam.com\/wp-content\/uploads\/2024\/03\/Chucho.jpeg","contentUrl":"https:\/\/elinformativotam.com\/wp-content\/uploads\/2024\/03\/Chucho.jpeg","width":1600,"height":1066},{"@type":"WebSite","@id":"https:\/\/elinformativotam.com\/#website","url":"https:\/\/elinformativotam.com\/","name":"EL INFORMATIVO DE TAMAULIPAS","description":"Desde la Zona Metropolitana Para Todo M\u00e9xico","publisher":{"@id":"https:\/\/elinformativotam.com\/#organization"},"potentialAction":[{"@type":"SearchAction","target":{"@type":"EntryPoint","urlTemplate":"https:\/\/elinformativotam.com\/?s={search_term_string}"},"query-input":{"@type":"PropertyValueSpecification","valueRequired":true,"valueName":"search_term_string"}}],"inLanguage":"es"},{"@type":"Organization","@id":"https:\/\/elinformativotam.com\/#organization","name":"EL INFORMATIVO DE TAMAULIPAS","url":"https:\/\/elinformativotam.com\/","logo":{"@type":"ImageObject","inLanguage":"es","@id":"https:\/\/elinformativotam.com\/#\/schema\/logo\/image\/","url":"https:\/\/elinformativotam.com\/wp-content\/uploads\/2026\/02\/Cabezal.png","contentUrl":"https:\/\/elinformativotam.com\/wp-content\/uploads\/2026\/02\/Cabezal.png","width":960,"height":640,"caption":"EL INFORMATIVO DE TAMAULIPAS"},"image":{"@id":"https:\/\/elinformativotam.com\/#\/schema\/logo\/image\/"}},{"@type":"Person","@id":"https:\/\/elinformativotam.com\/#\/schema\/person\/78e08040eed0f6110f0c5f83b6153590","name":"El Informativo Tam","image":{"@type":"ImageObject","inLanguage":"es","@id":"https:\/\/secure.gravatar.com\/avatar\/f3b7ad3af540688955925ac610647be00b0cf41feea9c4978b73a707ee86bc53?s=96&d=mm&r=g","url":"https:\/\/secure.gravatar.com\/avatar\/f3b7ad3af540688955925ac610647be00b0cf41feea9c4978b73a707ee86bc53?s=96&d=mm&r=g","contentUrl":"https:\/\/secure.gravatar.com\/avatar\/f3b7ad3af540688955925ac610647be00b0cf41feea9c4978b73a707ee86bc53?s=96&d=mm&r=g","caption":"El Informativo Tam"}}]}},"_links":{"self":[{"href":"https:\/\/elinformativotam.com\/index.php\/wp-json\/wp\/v2\/posts\/49491","targetHints":{"allow":["GET"]}}],"collection":[{"href":"https:\/\/elinformativotam.com\/index.php\/wp-json\/wp\/v2\/posts"}],"about":[{"href":"https:\/\/elinformativotam.com\/index.php\/wp-json\/wp\/v2\/types\/post"}],"author":[{"embeddable":true,"href":"https:\/\/elinformativotam.com\/index.php\/wp-json\/wp\/v2\/users\/1"}],"replies":[{"embeddable":true,"href":"https:\/\/elinformativotam.com\/index.php\/wp-json\/wp\/v2\/comments?post=49491"}],"version-history":[{"count":1,"href":"https:\/\/elinformativotam.com\/index.php\/wp-json\/wp\/v2\/posts\/49491\/revisions"}],"predecessor-version":[{"id":49493,"href":"https:\/\/elinformativotam.com\/index.php\/wp-json\/wp\/v2\/posts\/49491\/revisions\/49493"}],"wp:featuredmedia":[{"embeddable":true,"href":"https:\/\/elinformativotam.com\/index.php\/wp-json\/wp\/v2\/media\/49492"}],"wp:attachment":[{"href":"https:\/\/elinformativotam.com\/index.php\/wp-json\/wp\/v2\/media?parent=49491"}],"wp:term":[{"taxonomy":"category","embeddable":true,"href":"https:\/\/elinformativotam.com\/index.php\/wp-json\/wp\/v2\/categories?post=49491"},{"taxonomy":"post_tag","embeddable":true,"href":"https:\/\/elinformativotam.com\/index.php\/wp-json\/wp\/v2\/tags?post=49491"}],"curies":[{"name":"wp","href":"https:\/\/api.w.org\/{rel}","templated":true}]}}