{"id":49488,"date":"2024-03-05T23:07:29","date_gmt":"2024-03-06T05:07:29","guid":{"rendered":"https:\/\/elinformativotam.com\/?p=49488"},"modified":"2024-03-05T23:07:29","modified_gmt":"2024-03-06T05:07:29","slug":"continua-lucha-por-tema-de-libros-de-texto-gratuitos-ira-a-la-corte","status":"publish","type":"post","link":"https:\/\/elinformativotam.com\/index.php\/2024\/03\/05\/continua-lucha-por-tema-de-libros-de-texto-gratuitos-ira-a-la-corte\/","title":{"rendered":"CONTIN\u00daA LUCHA POR TEMA DE LIBROS DE TEXTO GRATUITOS; IR\u00c1 A LA CORTE"},"content":{"rendered":"<h2 style=\"text-align: center;\"><em><span style=\"font-family: 'times new roman', times;\">*La UPF No Cesa Y Busca Que El Asunto Sea Atra\u00eddo Por La SCJN<\/span><\/em><\/h2>\n<p>&nbsp;<\/p>\n<p>&nbsp;<\/p>\n<p>El amparo interpuesto por la Uni\u00f3n Nacional de Padres de Familia(UNPF) para la prohibici\u00f3n del reparto de los libros de texto gratuito sigue vigente, ya que al no surtir efecto en varias entidades del pa\u00eds, incluido Tamaulipas, se pretende que la SCJN &#8220;lo atraiga&#8221; y que ah\u00ed siente un precedente legal, advirti\u00f3 David Hern\u00e1ndez Mu\u00f1iz.<\/p>\n<p>&nbsp;<\/p>\n<p>El representante de la Uni\u00f3n de Padres de Familia(UPF) en la zona sur, apunt\u00f3 que a nivel local el amparo qued\u00f3 suspendido &#8220;no procedi\u00f3&#8221; sin embargo, dijo, que se pretende sentar una base legal de la serie de irregularidades que, dijo, tiene la nueva escuela mexicana.<\/p>\n<p>&nbsp;<\/p>\n<p>Resalt\u00f3, que la UNPF distribuy\u00f3 cuadernillos en gran parte de los planteles educativos del pa\u00eds con el objetivo de plantear los temas de sexualidad, equidad de g\u00e9nero y adoctrinamiento de una manera m\u00e1s digerible hacia el alumnado<\/p>\n<p>&nbsp;<\/p>\n<p>&#8220;Se est\u00e1 buscando abordar los temas de una manera m\u00e1s f\u00e1cil con \u00e9stos cuadernillos, hay muchos maestros que s\u00ed los est\u00e1n utilizando, y el objetivo es que los maestros sepan c\u00f3mo enfocar los temas hacia los menores de edad&#8221;<\/p>\n<p>&nbsp;<\/p>\n<p>Hern\u00e1ndez, expuso que la UNPF busca sentar un precedente por conducto de la SCJN atrayendo el caso y que para el pr\u00f3ximo ciclo escolar &#8220;no se tenga por perdido el caso&#8221; .<\/p>\n<p>&nbsp;<\/p>\n<p>El representante de la UPF en la zona sur manifest\u00f3 que muchos maestros siguen estando inconformes con el modelo educativo implantado desde Agosto pasado.<\/p>\n<p>&nbsp;<\/p>\n<p>&#8220;Y lo \u00fanico que queda es que los alumnos tengan las herramientas y la informaci\u00f3n adecuada en esos temas tan importantes a esa edad&#8221;, concluy\u00f3.<\/p>\n","protected":false},"excerpt":{"rendered":"<p>*La UPF No Cesa Y Busca Que El Asunto Sea Atra\u00eddo Por La SCJN &nbsp; &nbsp; El amparo interpuesto por&hellip;<\/p>\n","protected":false},"author":1,"featured_media":49489,"comment_status":"open","ping_status":"open","sticky":false,"template":"","format":"standard","meta":{"footnotes":""},"categories":[3],"tags":[],"class_list":["post-49488","post","type-post","status-publish","format-standard","has-post-thumbnail","hentry","category-tampico"],"yoast_head":"<!-- This site is optimized with the Yoast SEO plugin v27.5 - https:\/\/yoast.com\/product\/yoast-seo-wordpress\/ -->\n<title>CONTIN\u00daA LUCHA POR TEMA DE LIBROS DE TEXTO GRATUITOS; IR\u00c1 A LA CORTE - EL INFORMATIVO DE TAMAULIPAS<\/title>\n<meta name=\"description\" content=\"*La UPF No Cesa Y Busca Que El Asunto Sea Atra\u00eddo Por La SCJN &nbsp; &nbsp; El amparo interpuesto por la Uni\u00f3n Nacional de Padres de Familia(UNPF) para la\" \/>\n<meta name=\"robots\" content=\"index, follow, max-snippet:-1, max-image-preview:large, max-video-preview:-1\" \/>\n<link rel=\"canonical\" href=\"https:\/\/elinformativotam.com\/index.php\/2024\/03\/05\/continua-lucha-por-tema-de-libros-de-texto-gratuitos-ira-a-la-corte\/\" \/>\n<meta property=\"og:locale\" content=\"es_MX\" \/>\n<meta property=\"og:type\" content=\"article\" \/>\n<meta property=\"og:title\" content=\"CONTIN\u00daA LUCHA POR TEMA DE LIBROS DE TEXTO GRATUITOS; IR\u00c1 A LA CORTE - EL INFORMATIVO DE TAMAULIPAS\" \/>\n<meta property=\"og:description\" content=\"*La UPF No Cesa Y Busca Que El Asunto Sea Atra\u00eddo Por La SCJN &nbsp; &nbsp; El amparo interpuesto por la Uni\u00f3n Nacional de Padres de Familia(UNPF) para la\" \/>\n<meta property=\"og:url\" content=\"https:\/\/elinformativotam.com\/index.php\/2024\/03\/05\/continua-lucha-por-tema-de-libros-de-texto-gratuitos-ira-a-la-corte\/\" \/>\n<meta property=\"og:site_name\" content=\"EL INFORMATIVO DE TAMAULIPAS\" \/>\n<meta property=\"article:published_time\" content=\"2024-03-06T05:07:29+00:00\" \/>\n<meta property=\"og:image\" content=\"https:\/\/elinformativotam.com\/wp-content\/uploads\/2024\/03\/Libros.jpeg\" \/>\n\t<meta property=\"og:image:width\" content=\"1600\" \/>\n\t<meta property=\"og:image:height\" content=\"1204\" \/>\n\t<meta property=\"og:image:type\" content=\"image\/jpeg\" \/>\n<meta name=\"author\" content=\"El Informativo Tam\" \/>\n<meta name=\"twitter:card\" content=\"summary_large_image\" \/>\n<meta name=\"twitter:label1\" content=\"Escrito por\" \/>\n\t<meta name=\"twitter:data1\" content=\"El Informativo Tam\" \/>\n\t<meta name=\"twitter:label2\" content=\"Tiempo de lectura\" \/>\n\t<meta name=\"twitter:data2\" content=\"2 minutos\" \/>\n<script type=\"application\/ld+json\" class=\"yoast-schema-graph\">{\"@context\":\"https:\\\/\\\/schema.org\",\"@graph\":[{\"@type\":\"Article\",\"@id\":\"https:\\\/\\\/elinformativotam.com\\\/index.php\\\/2024\\\/03\\\/05\\\/continua-lucha-por-tema-de-libros-de-texto-gratuitos-ira-a-la-corte\\\/#article\",\"isPartOf\":{\"@id\":\"https:\\\/\\\/elinformativotam.com\\\/index.php\\\/2024\\\/03\\\/05\\\/continua-lucha-por-tema-de-libros-de-texto-gratuitos-ira-a-la-corte\\\/\"},\"author\":{\"name\":\"El Informativo Tam\",\"@id\":\"https:\\\/\\\/elinformativotam.com\\\/#\\\/schema\\\/person\\\/78e08040eed0f6110f0c5f83b6153590\"},\"headline\":\"CONTIN\u00daA LUCHA POR TEMA DE LIBROS DE TEXTO GRATUITOS; IR\u00c1 A LA CORTE\",\"datePublished\":\"2024-03-06T05:07:29+00:00\",\"mainEntityOfPage\":{\"@id\":\"https:\\\/\\\/elinformativotam.com\\\/index.php\\\/2024\\\/03\\\/05\\\/continua-lucha-por-tema-de-libros-de-texto-gratuitos-ira-a-la-corte\\\/\"},\"wordCount\":312,\"commentCount\":0,\"publisher\":{\"@id\":\"https:\\\/\\\/elinformativotam.com\\\/#organization\"},\"image\":{\"@id\":\"https:\\\/\\\/elinformativotam.com\\\/index.php\\\/2024\\\/03\\\/05\\\/continua-lucha-por-tema-de-libros-de-texto-gratuitos-ira-a-la-corte\\\/#primaryimage\"},\"thumbnailUrl\":\"https:\\\/\\\/elinformativotam.com\\\/wp-content\\\/uploads\\\/2024\\\/03\\\/Libros.jpeg\",\"articleSection\":[\"Tampico\"],\"inLanguage\":\"es\",\"potentialAction\":[{\"@type\":\"CommentAction\",\"name\":\"Comment\",\"target\":[\"https:\\\/\\\/elinformativotam.com\\\/index.php\\\/2024\\\/03\\\/05\\\/continua-lucha-por-tema-de-libros-de-texto-gratuitos-ira-a-la-corte\\\/#respond\"]}]},{\"@type\":\"WebPage\",\"@id\":\"https:\\\/\\\/elinformativotam.com\\\/index.php\\\/2024\\\/03\\\/05\\\/continua-lucha-por-tema-de-libros-de-texto-gratuitos-ira-a-la-corte\\\/\",\"url\":\"https:\\\/\\\/elinformativotam.com\\\/index.php\\\/2024\\\/03\\\/05\\\/continua-lucha-por-tema-de-libros-de-texto-gratuitos-ira-a-la-corte\\\/\",\"name\":\"CONTIN\u00daA LUCHA POR TEMA DE LIBROS DE TEXTO GRATUITOS; IR\u00c1 A LA CORTE - EL INFORMATIVO DE TAMAULIPAS\",\"isPartOf\":{\"@id\":\"https:\\\/\\\/elinformativotam.com\\\/#website\"},\"primaryImageOfPage\":{\"@id\":\"https:\\\/\\\/elinformativotam.com\\\/index.php\\\/2024\\\/03\\\/05\\\/continua-lucha-por-tema-de-libros-de-texto-gratuitos-ira-a-la-corte\\\/#primaryimage\"},\"image\":{\"@id\":\"https:\\\/\\\/elinformativotam.com\\\/index.php\\\/2024\\\/03\\\/05\\\/continua-lucha-por-tema-de-libros-de-texto-gratuitos-ira-a-la-corte\\\/#primaryimage\"},\"thumbnailUrl\":\"https:\\\/\\\/elinformativotam.com\\\/wp-content\\\/uploads\\\/2024\\\/03\\\/Libros.jpeg\",\"datePublished\":\"2024-03-06T05:07:29+00:00\",\"description\":\"*La UPF No Cesa Y Busca Que El Asunto Sea Atra\u00eddo Por La SCJN &nbsp; &nbsp; El amparo interpuesto por la Uni\u00f3n Nacional de Padres de Familia(UNPF) para la\",\"inLanguage\":\"es\",\"potentialAction\":[{\"@type\":\"ReadAction\",\"target\":[\"https:\\\/\\\/elinformativotam.com\\\/index.php\\\/2024\\\/03\\\/05\\\/continua-lucha-por-tema-de-libros-de-texto-gratuitos-ira-a-la-corte\\\/\"]}]},{\"@type\":\"ImageObject\",\"inLanguage\":\"es\",\"@id\":\"https:\\\/\\\/elinformativotam.com\\\/index.php\\\/2024\\\/03\\\/05\\\/continua-lucha-por-tema-de-libros-de-texto-gratuitos-ira-a-la-corte\\\/#primaryimage\",\"url\":\"https:\\\/\\\/elinformativotam.com\\\/wp-content\\\/uploads\\\/2024\\\/03\\\/Libros.jpeg\",\"contentUrl\":\"https:\\\/\\\/elinformativotam.com\\\/wp-content\\\/uploads\\\/2024\\\/03\\\/Libros.jpeg\",\"width\":1600,\"height\":1204},{\"@type\":\"WebSite\",\"@id\":\"https:\\\/\\\/elinformativotam.com\\\/#website\",\"url\":\"https:\\\/\\\/elinformativotam.com\\\/\",\"name\":\"EL INFORMATIVO DE TAMAULIPAS\",\"description\":\"Desde la Zona Metropolitana Para Todo M\u00e9xico\",\"publisher\":{\"@id\":\"https:\\\/\\\/elinformativotam.com\\\/#organization\"},\"potentialAction\":[{\"@type\":\"SearchAction\",\"target\":{\"@type\":\"EntryPoint\",\"urlTemplate\":\"https:\\\/\\\/elinformativotam.com\\\/?s={search_term_string}\"},\"query-input\":{\"@type\":\"PropertyValueSpecification\",\"valueRequired\":true,\"valueName\":\"search_term_string\"}}],\"inLanguage\":\"es\"},{\"@type\":\"Organization\",\"@id\":\"https:\\\/\\\/elinformativotam.com\\\/#organization\",\"name\":\"EL INFORMATIVO DE TAMAULIPAS\",\"url\":\"https:\\\/\\\/elinformativotam.com\\\/\",\"logo\":{\"@type\":\"ImageObject\",\"inLanguage\":\"es\",\"@id\":\"https:\\\/\\\/elinformativotam.com\\\/#\\\/schema\\\/logo\\\/image\\\/\",\"url\":\"https:\\\/\\\/elinformativotam.com\\\/wp-content\\\/uploads\\\/2026\\\/02\\\/Cabezal.png\",\"contentUrl\":\"https:\\\/\\\/elinformativotam.com\\\/wp-content\\\/uploads\\\/2026\\\/02\\\/Cabezal.png\",\"width\":960,\"height\":640,\"caption\":\"EL INFORMATIVO DE TAMAULIPAS\"},\"image\":{\"@id\":\"https:\\\/\\\/elinformativotam.com\\\/#\\\/schema\\\/logo\\\/image\\\/\"}},{\"@type\":\"Person\",\"@id\":\"https:\\\/\\\/elinformativotam.com\\\/#\\\/schema\\\/person\\\/78e08040eed0f6110f0c5f83b6153590\",\"name\":\"El Informativo Tam\",\"image\":{\"@type\":\"ImageObject\",\"inLanguage\":\"es\",\"@id\":\"https:\\\/\\\/secure.gravatar.com\\\/avatar\\\/f3b7ad3af540688955925ac610647be00b0cf41feea9c4978b73a707ee86bc53?s=96&d=mm&r=g\",\"url\":\"https:\\\/\\\/secure.gravatar.com\\\/avatar\\\/f3b7ad3af540688955925ac610647be00b0cf41feea9c4978b73a707ee86bc53?s=96&d=mm&r=g\",\"contentUrl\":\"https:\\\/\\\/secure.gravatar.com\\\/avatar\\\/f3b7ad3af540688955925ac610647be00b0cf41feea9c4978b73a707ee86bc53?s=96&d=mm&r=g\",\"caption\":\"El Informativo Tam\"}}]}<\/script>\n<!-- \/ Yoast SEO plugin. -->","yoast_head_json":{"title":"CONTIN\u00daA LUCHA POR TEMA DE LIBROS DE TEXTO GRATUITOS; IR\u00c1 A LA CORTE - EL INFORMATIVO DE TAMAULIPAS","description":"*La UPF No Cesa Y Busca Que El Asunto Sea Atra\u00eddo Por La SCJN &nbsp; &nbsp; El amparo interpuesto por la Uni\u00f3n Nacional de Padres de Familia(UNPF) para la","robots":{"index":"index","follow":"follow","max-snippet":"max-snippet:-1","max-image-preview":"max-image-preview:large","max-video-preview":"max-video-preview:-1"},"canonical":"https:\/\/elinformativotam.com\/index.php\/2024\/03\/05\/continua-lucha-por-tema-de-libros-de-texto-gratuitos-ira-a-la-corte\/","og_locale":"es_MX","og_type":"article","og_title":"CONTIN\u00daA LUCHA POR TEMA DE LIBROS DE TEXTO GRATUITOS; IR\u00c1 A LA CORTE - EL INFORMATIVO DE TAMAULIPAS","og_description":"*La UPF No Cesa Y Busca Que El Asunto Sea Atra\u00eddo Por La SCJN &nbsp; &nbsp; El amparo interpuesto por la Uni\u00f3n Nacional de Padres de Familia(UNPF) para la","og_url":"https:\/\/elinformativotam.com\/index.php\/2024\/03\/05\/continua-lucha-por-tema-de-libros-de-texto-gratuitos-ira-a-la-corte\/","og_site_name":"EL INFORMATIVO DE TAMAULIPAS","article_published_time":"2024-03-06T05:07:29+00:00","og_image":[{"width":1600,"height":1204,"url":"https:\/\/elinformativotam.com\/wp-content\/uploads\/2024\/03\/Libros.jpeg","type":"image\/jpeg"}],"author":"El Informativo Tam","twitter_card":"summary_large_image","twitter_misc":{"Escrito por":"El Informativo Tam","Tiempo de lectura":"2 minutos"},"schema":{"@context":"https:\/\/schema.org","@graph":[{"@type":"Article","@id":"https:\/\/elinformativotam.com\/index.php\/2024\/03\/05\/continua-lucha-por-tema-de-libros-de-texto-gratuitos-ira-a-la-corte\/#article","isPartOf":{"@id":"https:\/\/elinformativotam.com\/index.php\/2024\/03\/05\/continua-lucha-por-tema-de-libros-de-texto-gratuitos-ira-a-la-corte\/"},"author":{"name":"El Informativo Tam","@id":"https:\/\/elinformativotam.com\/#\/schema\/person\/78e08040eed0f6110f0c5f83b6153590"},"headline":"CONTIN\u00daA LUCHA POR TEMA DE LIBROS DE TEXTO GRATUITOS; IR\u00c1 A LA CORTE","datePublished":"2024-03-06T05:07:29+00:00","mainEntityOfPage":{"@id":"https:\/\/elinformativotam.com\/index.php\/2024\/03\/05\/continua-lucha-por-tema-de-libros-de-texto-gratuitos-ira-a-la-corte\/"},"wordCount":312,"commentCount":0,"publisher":{"@id":"https:\/\/elinformativotam.com\/#organization"},"image":{"@id":"https:\/\/elinformativotam.com\/index.php\/2024\/03\/05\/continua-lucha-por-tema-de-libros-de-texto-gratuitos-ira-a-la-corte\/#primaryimage"},"thumbnailUrl":"https:\/\/elinformativotam.com\/wp-content\/uploads\/2024\/03\/Libros.jpeg","articleSection":["Tampico"],"inLanguage":"es","potentialAction":[{"@type":"CommentAction","name":"Comment","target":["https:\/\/elinformativotam.com\/index.php\/2024\/03\/05\/continua-lucha-por-tema-de-libros-de-texto-gratuitos-ira-a-la-corte\/#respond"]}]},{"@type":"WebPage","@id":"https:\/\/elinformativotam.com\/index.php\/2024\/03\/05\/continua-lucha-por-tema-de-libros-de-texto-gratuitos-ira-a-la-corte\/","url":"https:\/\/elinformativotam.com\/index.php\/2024\/03\/05\/continua-lucha-por-tema-de-libros-de-texto-gratuitos-ira-a-la-corte\/","name":"CONTIN\u00daA LUCHA POR TEMA DE LIBROS DE TEXTO GRATUITOS; IR\u00c1 A LA CORTE - EL INFORMATIVO DE TAMAULIPAS","isPartOf":{"@id":"https:\/\/elinformativotam.com\/#website"},"primaryImageOfPage":{"@id":"https:\/\/elinformativotam.com\/index.php\/2024\/03\/05\/continua-lucha-por-tema-de-libros-de-texto-gratuitos-ira-a-la-corte\/#primaryimage"},"image":{"@id":"https:\/\/elinformativotam.com\/index.php\/2024\/03\/05\/continua-lucha-por-tema-de-libros-de-texto-gratuitos-ira-a-la-corte\/#primaryimage"},"thumbnailUrl":"https:\/\/elinformativotam.com\/wp-content\/uploads\/2024\/03\/Libros.jpeg","datePublished":"2024-03-06T05:07:29+00:00","description":"*La UPF No Cesa Y Busca Que El Asunto Sea Atra\u00eddo Por La SCJN &nbsp; &nbsp; El amparo interpuesto por la Uni\u00f3n Nacional de Padres de Familia(UNPF) para la","inLanguage":"es","potentialAction":[{"@type":"ReadAction","target":["https:\/\/elinformativotam.com\/index.php\/2024\/03\/05\/continua-lucha-por-tema-de-libros-de-texto-gratuitos-ira-a-la-corte\/"]}]},{"@type":"ImageObject","inLanguage":"es","@id":"https:\/\/elinformativotam.com\/index.php\/2024\/03\/05\/continua-lucha-por-tema-de-libros-de-texto-gratuitos-ira-a-la-corte\/#primaryimage","url":"https:\/\/elinformativotam.com\/wp-content\/uploads\/2024\/03\/Libros.jpeg","contentUrl":"https:\/\/elinformativotam.com\/wp-content\/uploads\/2024\/03\/Libros.jpeg","width":1600,"height":1204},{"@type":"WebSite","@id":"https:\/\/elinformativotam.com\/#website","url":"https:\/\/elinformativotam.com\/","name":"EL INFORMATIVO DE TAMAULIPAS","description":"Desde la Zona Metropolitana Para Todo M\u00e9xico","publisher":{"@id":"https:\/\/elinformativotam.com\/#organization"},"potentialAction":[{"@type":"SearchAction","target":{"@type":"EntryPoint","urlTemplate":"https:\/\/elinformativotam.com\/?s={search_term_string}"},"query-input":{"@type":"PropertyValueSpecification","valueRequired":true,"valueName":"search_term_string"}}],"inLanguage":"es"},{"@type":"Organization","@id":"https:\/\/elinformativotam.com\/#organization","name":"EL INFORMATIVO DE TAMAULIPAS","url":"https:\/\/elinformativotam.com\/","logo":{"@type":"ImageObject","inLanguage":"es","@id":"https:\/\/elinformativotam.com\/#\/schema\/logo\/image\/","url":"https:\/\/elinformativotam.com\/wp-content\/uploads\/2026\/02\/Cabezal.png","contentUrl":"https:\/\/elinformativotam.com\/wp-content\/uploads\/2026\/02\/Cabezal.png","width":960,"height":640,"caption":"EL INFORMATIVO DE TAMAULIPAS"},"image":{"@id":"https:\/\/elinformativotam.com\/#\/schema\/logo\/image\/"}},{"@type":"Person","@id":"https:\/\/elinformativotam.com\/#\/schema\/person\/78e08040eed0f6110f0c5f83b6153590","name":"El Informativo Tam","image":{"@type":"ImageObject","inLanguage":"es","@id":"https:\/\/secure.gravatar.com\/avatar\/f3b7ad3af540688955925ac610647be00b0cf41feea9c4978b73a707ee86bc53?s=96&d=mm&r=g","url":"https:\/\/secure.gravatar.com\/avatar\/f3b7ad3af540688955925ac610647be00b0cf41feea9c4978b73a707ee86bc53?s=96&d=mm&r=g","contentUrl":"https:\/\/secure.gravatar.com\/avatar\/f3b7ad3af540688955925ac610647be00b0cf41feea9c4978b73a707ee86bc53?s=96&d=mm&r=g","caption":"El Informativo Tam"}}]}},"_links":{"self":[{"href":"https:\/\/elinformativotam.com\/index.php\/wp-json\/wp\/v2\/posts\/49488","targetHints":{"allow":["GET"]}}],"collection":[{"href":"https:\/\/elinformativotam.com\/index.php\/wp-json\/wp\/v2\/posts"}],"about":[{"href":"https:\/\/elinformativotam.com\/index.php\/wp-json\/wp\/v2\/types\/post"}],"author":[{"embeddable":true,"href":"https:\/\/elinformativotam.com\/index.php\/wp-json\/wp\/v2\/users\/1"}],"replies":[{"embeddable":true,"href":"https:\/\/elinformativotam.com\/index.php\/wp-json\/wp\/v2\/comments?post=49488"}],"version-history":[{"count":1,"href":"https:\/\/elinformativotam.com\/index.php\/wp-json\/wp\/v2\/posts\/49488\/revisions"}],"predecessor-version":[{"id":49490,"href":"https:\/\/elinformativotam.com\/index.php\/wp-json\/wp\/v2\/posts\/49488\/revisions\/49490"}],"wp:featuredmedia":[{"embeddable":true,"href":"https:\/\/elinformativotam.com\/index.php\/wp-json\/wp\/v2\/media\/49489"}],"wp:attachment":[{"href":"https:\/\/elinformativotam.com\/index.php\/wp-json\/wp\/v2\/media?parent=49488"}],"wp:term":[{"taxonomy":"category","embeddable":true,"href":"https:\/\/elinformativotam.com\/index.php\/wp-json\/wp\/v2\/categories?post=49488"},{"taxonomy":"post_tag","embeddable":true,"href":"https:\/\/elinformativotam.com\/index.php\/wp-json\/wp\/v2\/tags?post=49488"}],"curies":[{"name":"wp","href":"https:\/\/api.w.org\/{rel}","templated":true}]}}