{"id":49424,"date":"2024-02-29T20:29:09","date_gmt":"2024-03-01T02:29:09","guid":{"rendered":"https:\/\/elinformativotam.com\/?p=49424"},"modified":"2024-02-29T20:29:09","modified_gmt":"2024-03-01T02:29:09","slug":"reforzara-municipio-de-tampico-operativos-en-vialidades-siguen-los-accidentes","status":"publish","type":"post","link":"https:\/\/elinformativotam.com\/index.php\/2024\/02\/29\/reforzara-municipio-de-tampico-operativos-en-vialidades-siguen-los-accidentes\/","title":{"rendered":"REFORZAR\u00c1 MUNICIPIO DE TAMPICO OPERATIVOS EN VIALIDADES; SIGUEN LOS ACCIDENTES"},"content":{"rendered":"<h2 style=\"text-align: center;\"><em><span style=\"font-family: 'times new roman', times;\">*Desafortunadamente El Tema Ha Salido De Control En Las \u00daltimas Semanas, Dejando Lesionados, P\u00e9rdidas Econ\u00f3micas Y Muertes<\/span><\/em><\/h2>\n<p>&nbsp;<\/p>\n<p>&nbsp;<\/p>\n<p>Los accidentes viales en las principales avenidas de Tampico es un tema que no ha podido normalizarse, y ante ello la Secretar\u00eda de Tr\u00e1nsito y Vialidad anunci\u00f3 que los operativos se intensificar\u00e1n, principalmente en los fines de semana.<\/p>\n<p>&nbsp;<\/p>\n<p>H\u00e9ctor Rodr\u00edguez Silva, encargado de despacho de la corporaci\u00f3n vial, remarc\u00f3 que desafortunadamente en la ciudad se siguen registrando incidentes vehiculares que han causado, adem\u00e1s de millonarias p\u00e9rdidas econ\u00f3micas, la lesi\u00f3n en varias personas hasta el fallecimiento de otras m\u00e1s.<\/p>\n<p>&nbsp;<\/p>\n<p>Remarc\u00f3 que esta racha de incidentes est\u00e1 preocupando a la dependencia, pues lo mismo se est\u00e1 dando en r\u00e1udos motociclistas repartidores de comida r\u00e1pida, que en el transporte p\u00fablico y en el descuido de peatones al cruzar de manera inadecuada las vialidades.<\/p>\n<p>&nbsp;<\/p>\n<p>Detall\u00f3 que el patrullaje en las principales arterias de Tampico ya es permanente, con los 120 efectivos que tiene la corporaci\u00f3n, tomando en cuenta que se acerca la temporada vacacional y con ello el aumento del tr\u00e1fico veh\u00edcular.<\/p>\n<p>&nbsp;<\/p>\n<p>El encargado de esa dependencia vial del municipio porte\u00f1o destac\u00f3 que la pericia y el manejo a la defensiva deben ser factores esenciales al momento de ir al volante de una unidad motriz.<\/p>\n<p>&nbsp;<\/p>\n<p>&#8220;Es necesario bajar el \u00edndice de accidentes viales que en las \u00faltimas semanas se han venido suscitando, y la precauci\u00f3n es un tema esencial al momento de conducir un veh\u00edculo&#8221;, apunt\u00f3<\/p>\n<p>&nbsp;<\/p>\n<p>Rodr\u00edguez, enfatiz\u00f3 que en la zona sur circulan alrededor de 450 mil autom\u00f3viles, de ah\u00ed la necesidad de que permanezcan \u00e9sta clase de operativos encaminados a priorizar la prevenci\u00f3n y el orden vial.<\/p>\n<p>&nbsp;<\/p>\n<p>&nbsp;<\/p>\n","protected":false},"excerpt":{"rendered":"<p>*Desafortunadamente El Tema Ha Salido De Control En Las \u00daltimas Semanas, Dejando Lesionados, P\u00e9rdidas Econ\u00f3micas Y Muertes &nbsp; &nbsp; Los&hellip;<\/p>\n","protected":false},"author":1,"featured_media":49418,"comment_status":"open","ping_status":"open","sticky":false,"template":"","format":"standard","meta":{"footnotes":""},"categories":[1],"tags":[],"class_list":["post-49424","post","type-post","status-publish","format-standard","has-post-thumbnail","hentry","category-uncategorized"],"yoast_head":"<!-- This site is optimized with the Yoast SEO plugin v27.5 - https:\/\/yoast.com\/product\/yoast-seo-wordpress\/ -->\n<title>REFORZAR\u00c1 MUNICIPIO DE TAMPICO OPERATIVOS EN VIALIDADES; SIGUEN LOS ACCIDENTES - EL INFORMATIVO DE TAMAULIPAS<\/title>\n<meta name=\"description\" content=\"*Desafortunadamente El Tema Ha Salido De Control En Las \u00daltimas Semanas, Dejando Lesionados, P\u00e9rdidas Econ\u00f3micas Y Muertes &nbsp; &nbsp; Los accidentes\" \/>\n<meta name=\"robots\" content=\"index, follow, max-snippet:-1, max-image-preview:large, max-video-preview:-1\" \/>\n<link rel=\"canonical\" href=\"https:\/\/elinformativotam.com\/index.php\/2024\/02\/29\/reforzara-municipio-de-tampico-operativos-en-vialidades-siguen-los-accidentes\/\" \/>\n<meta property=\"og:locale\" content=\"es_MX\" \/>\n<meta property=\"og:type\" content=\"article\" \/>\n<meta property=\"og:title\" content=\"REFORZAR\u00c1 MUNICIPIO DE TAMPICO OPERATIVOS EN VIALIDADES; SIGUEN LOS ACCIDENTES - EL INFORMATIVO DE TAMAULIPAS\" \/>\n<meta property=\"og:description\" content=\"*Desafortunadamente El Tema Ha Salido De Control En Las \u00daltimas Semanas, Dejando Lesionados, P\u00e9rdidas Econ\u00f3micas Y Muertes &nbsp; &nbsp; Los accidentes\" \/>\n<meta property=\"og:url\" content=\"https:\/\/elinformativotam.com\/index.php\/2024\/02\/29\/reforzara-municipio-de-tampico-operativos-en-vialidades-siguen-los-accidentes\/\" \/>\n<meta property=\"og:site_name\" content=\"EL INFORMATIVO DE TAMAULIPAS\" \/>\n<meta property=\"article:published_time\" content=\"2024-03-01T02:29:09+00:00\" \/>\n<meta property=\"og:image\" content=\"https:\/\/elinformativotam.com\/wp-content\/uploads\/2024\/02\/Hector-Rodriguez-el-kid.jpeg\" \/>\n\t<meta property=\"og:image:width\" content=\"1280\" \/>\n\t<meta property=\"og:image:height\" content=\"963\" \/>\n\t<meta property=\"og:image:type\" content=\"image\/jpeg\" \/>\n<meta name=\"author\" content=\"El Informativo Tam\" \/>\n<meta name=\"twitter:card\" content=\"summary_large_image\" \/>\n<meta name=\"twitter:label1\" content=\"Escrito por\" \/>\n\t<meta name=\"twitter:data1\" content=\"El Informativo Tam\" \/>\n\t<meta name=\"twitter:label2\" content=\"Tiempo de lectura\" \/>\n\t<meta name=\"twitter:data2\" content=\"2 minutos\" \/>\n<script type=\"application\/ld+json\" class=\"yoast-schema-graph\">{\"@context\":\"https:\\\/\\\/schema.org\",\"@graph\":[{\"@type\":\"Article\",\"@id\":\"https:\\\/\\\/elinformativotam.com\\\/index.php\\\/2024\\\/02\\\/29\\\/reforzara-municipio-de-tampico-operativos-en-vialidades-siguen-los-accidentes\\\/#article\",\"isPartOf\":{\"@id\":\"https:\\\/\\\/elinformativotam.com\\\/index.php\\\/2024\\\/02\\\/29\\\/reforzara-municipio-de-tampico-operativos-en-vialidades-siguen-los-accidentes\\\/\"},\"author\":{\"name\":\"El Informativo Tam\",\"@id\":\"https:\\\/\\\/elinformativotam.com\\\/#\\\/schema\\\/person\\\/78e08040eed0f6110f0c5f83b6153590\"},\"headline\":\"REFORZAR\u00c1 MUNICIPIO DE TAMPICO OPERATIVOS EN VIALIDADES; SIGUEN LOS ACCIDENTES\",\"datePublished\":\"2024-03-01T02:29:09+00:00\",\"mainEntityOfPage\":{\"@id\":\"https:\\\/\\\/elinformativotam.com\\\/index.php\\\/2024\\\/02\\\/29\\\/reforzara-municipio-de-tampico-operativos-en-vialidades-siguen-los-accidentes\\\/\"},\"wordCount\":315,\"commentCount\":0,\"publisher\":{\"@id\":\"https:\\\/\\\/elinformativotam.com\\\/#organization\"},\"image\":{\"@id\":\"https:\\\/\\\/elinformativotam.com\\\/index.php\\\/2024\\\/02\\\/29\\\/reforzara-municipio-de-tampico-operativos-en-vialidades-siguen-los-accidentes\\\/#primaryimage\"},\"thumbnailUrl\":\"https:\\\/\\\/elinformativotam.com\\\/wp-content\\\/uploads\\\/2024\\\/02\\\/Hector-Rodriguez-el-kid.jpeg\",\"articleSection\":[\"Uncategorized\"],\"inLanguage\":\"es\",\"potentialAction\":[{\"@type\":\"CommentAction\",\"name\":\"Comment\",\"target\":[\"https:\\\/\\\/elinformativotam.com\\\/index.php\\\/2024\\\/02\\\/29\\\/reforzara-municipio-de-tampico-operativos-en-vialidades-siguen-los-accidentes\\\/#respond\"]}]},{\"@type\":\"WebPage\",\"@id\":\"https:\\\/\\\/elinformativotam.com\\\/index.php\\\/2024\\\/02\\\/29\\\/reforzara-municipio-de-tampico-operativos-en-vialidades-siguen-los-accidentes\\\/\",\"url\":\"https:\\\/\\\/elinformativotam.com\\\/index.php\\\/2024\\\/02\\\/29\\\/reforzara-municipio-de-tampico-operativos-en-vialidades-siguen-los-accidentes\\\/\",\"name\":\"REFORZAR\u00c1 MUNICIPIO DE TAMPICO OPERATIVOS EN VIALIDADES; SIGUEN LOS ACCIDENTES - EL INFORMATIVO DE TAMAULIPAS\",\"isPartOf\":{\"@id\":\"https:\\\/\\\/elinformativotam.com\\\/#website\"},\"primaryImageOfPage\":{\"@id\":\"https:\\\/\\\/elinformativotam.com\\\/index.php\\\/2024\\\/02\\\/29\\\/reforzara-municipio-de-tampico-operativos-en-vialidades-siguen-los-accidentes\\\/#primaryimage\"},\"image\":{\"@id\":\"https:\\\/\\\/elinformativotam.com\\\/index.php\\\/2024\\\/02\\\/29\\\/reforzara-municipio-de-tampico-operativos-en-vialidades-siguen-los-accidentes\\\/#primaryimage\"},\"thumbnailUrl\":\"https:\\\/\\\/elinformativotam.com\\\/wp-content\\\/uploads\\\/2024\\\/02\\\/Hector-Rodriguez-el-kid.jpeg\",\"datePublished\":\"2024-03-01T02:29:09+00:00\",\"description\":\"*Desafortunadamente El Tema Ha Salido De Control En Las \u00daltimas Semanas, Dejando Lesionados, P\u00e9rdidas Econ\u00f3micas Y Muertes &nbsp; &nbsp; Los accidentes\",\"inLanguage\":\"es\",\"potentialAction\":[{\"@type\":\"ReadAction\",\"target\":[\"https:\\\/\\\/elinformativotam.com\\\/index.php\\\/2024\\\/02\\\/29\\\/reforzara-municipio-de-tampico-operativos-en-vialidades-siguen-los-accidentes\\\/\"]}]},{\"@type\":\"ImageObject\",\"inLanguage\":\"es\",\"@id\":\"https:\\\/\\\/elinformativotam.com\\\/index.php\\\/2024\\\/02\\\/29\\\/reforzara-municipio-de-tampico-operativos-en-vialidades-siguen-los-accidentes\\\/#primaryimage\",\"url\":\"https:\\\/\\\/elinformativotam.com\\\/wp-content\\\/uploads\\\/2024\\\/02\\\/Hector-Rodriguez-el-kid.jpeg\",\"contentUrl\":\"https:\\\/\\\/elinformativotam.com\\\/wp-content\\\/uploads\\\/2024\\\/02\\\/Hector-Rodriguez-el-kid.jpeg\",\"width\":1280,\"height\":963},{\"@type\":\"WebSite\",\"@id\":\"https:\\\/\\\/elinformativotam.com\\\/#website\",\"url\":\"https:\\\/\\\/elinformativotam.com\\\/\",\"name\":\"EL INFORMATIVO DE TAMAULIPAS\",\"description\":\"Desde la Zona Metropolitana Para Todo M\u00e9xico\",\"publisher\":{\"@id\":\"https:\\\/\\\/elinformativotam.com\\\/#organization\"},\"potentialAction\":[{\"@type\":\"SearchAction\",\"target\":{\"@type\":\"EntryPoint\",\"urlTemplate\":\"https:\\\/\\\/elinformativotam.com\\\/?s={search_term_string}\"},\"query-input\":{\"@type\":\"PropertyValueSpecification\",\"valueRequired\":true,\"valueName\":\"search_term_string\"}}],\"inLanguage\":\"es\"},{\"@type\":\"Organization\",\"@id\":\"https:\\\/\\\/elinformativotam.com\\\/#organization\",\"name\":\"EL INFORMATIVO DE TAMAULIPAS\",\"url\":\"https:\\\/\\\/elinformativotam.com\\\/\",\"logo\":{\"@type\":\"ImageObject\",\"inLanguage\":\"es\",\"@id\":\"https:\\\/\\\/elinformativotam.com\\\/#\\\/schema\\\/logo\\\/image\\\/\",\"url\":\"https:\\\/\\\/elinformativotam.com\\\/wp-content\\\/uploads\\\/2026\\\/02\\\/Cabezal.png\",\"contentUrl\":\"https:\\\/\\\/elinformativotam.com\\\/wp-content\\\/uploads\\\/2026\\\/02\\\/Cabezal.png\",\"width\":960,\"height\":640,\"caption\":\"EL INFORMATIVO DE TAMAULIPAS\"},\"image\":{\"@id\":\"https:\\\/\\\/elinformativotam.com\\\/#\\\/schema\\\/logo\\\/image\\\/\"}},{\"@type\":\"Person\",\"@id\":\"https:\\\/\\\/elinformativotam.com\\\/#\\\/schema\\\/person\\\/78e08040eed0f6110f0c5f83b6153590\",\"name\":\"El Informativo Tam\",\"image\":{\"@type\":\"ImageObject\",\"inLanguage\":\"es\",\"@id\":\"https:\\\/\\\/secure.gravatar.com\\\/avatar\\\/f3b7ad3af540688955925ac610647be00b0cf41feea9c4978b73a707ee86bc53?s=96&d=mm&r=g\",\"url\":\"https:\\\/\\\/secure.gravatar.com\\\/avatar\\\/f3b7ad3af540688955925ac610647be00b0cf41feea9c4978b73a707ee86bc53?s=96&d=mm&r=g\",\"contentUrl\":\"https:\\\/\\\/secure.gravatar.com\\\/avatar\\\/f3b7ad3af540688955925ac610647be00b0cf41feea9c4978b73a707ee86bc53?s=96&d=mm&r=g\",\"caption\":\"El Informativo Tam\"}}]}<\/script>\n<!-- \/ Yoast SEO plugin. -->","yoast_head_json":{"title":"REFORZAR\u00c1 MUNICIPIO DE TAMPICO OPERATIVOS EN VIALIDADES; SIGUEN LOS ACCIDENTES - EL INFORMATIVO DE TAMAULIPAS","description":"*Desafortunadamente El Tema Ha Salido De Control En Las \u00daltimas Semanas, Dejando Lesionados, P\u00e9rdidas Econ\u00f3micas Y Muertes &nbsp; &nbsp; Los accidentes","robots":{"index":"index","follow":"follow","max-snippet":"max-snippet:-1","max-image-preview":"max-image-preview:large","max-video-preview":"max-video-preview:-1"},"canonical":"https:\/\/elinformativotam.com\/index.php\/2024\/02\/29\/reforzara-municipio-de-tampico-operativos-en-vialidades-siguen-los-accidentes\/","og_locale":"es_MX","og_type":"article","og_title":"REFORZAR\u00c1 MUNICIPIO DE TAMPICO OPERATIVOS EN VIALIDADES; SIGUEN LOS ACCIDENTES - EL INFORMATIVO DE TAMAULIPAS","og_description":"*Desafortunadamente El Tema Ha Salido De Control En Las \u00daltimas Semanas, Dejando Lesionados, P\u00e9rdidas Econ\u00f3micas Y Muertes &nbsp; &nbsp; Los accidentes","og_url":"https:\/\/elinformativotam.com\/index.php\/2024\/02\/29\/reforzara-municipio-de-tampico-operativos-en-vialidades-siguen-los-accidentes\/","og_site_name":"EL INFORMATIVO DE TAMAULIPAS","article_published_time":"2024-03-01T02:29:09+00:00","og_image":[{"width":1280,"height":963,"url":"https:\/\/elinformativotam.com\/wp-content\/uploads\/2024\/02\/Hector-Rodriguez-el-kid.jpeg","type":"image\/jpeg"}],"author":"El Informativo Tam","twitter_card":"summary_large_image","twitter_misc":{"Escrito por":"El Informativo Tam","Tiempo de lectura":"2 minutos"},"schema":{"@context":"https:\/\/schema.org","@graph":[{"@type":"Article","@id":"https:\/\/elinformativotam.com\/index.php\/2024\/02\/29\/reforzara-municipio-de-tampico-operativos-en-vialidades-siguen-los-accidentes\/#article","isPartOf":{"@id":"https:\/\/elinformativotam.com\/index.php\/2024\/02\/29\/reforzara-municipio-de-tampico-operativos-en-vialidades-siguen-los-accidentes\/"},"author":{"name":"El Informativo Tam","@id":"https:\/\/elinformativotam.com\/#\/schema\/person\/78e08040eed0f6110f0c5f83b6153590"},"headline":"REFORZAR\u00c1 MUNICIPIO DE TAMPICO OPERATIVOS EN VIALIDADES; SIGUEN LOS ACCIDENTES","datePublished":"2024-03-01T02:29:09+00:00","mainEntityOfPage":{"@id":"https:\/\/elinformativotam.com\/index.php\/2024\/02\/29\/reforzara-municipio-de-tampico-operativos-en-vialidades-siguen-los-accidentes\/"},"wordCount":315,"commentCount":0,"publisher":{"@id":"https:\/\/elinformativotam.com\/#organization"},"image":{"@id":"https:\/\/elinformativotam.com\/index.php\/2024\/02\/29\/reforzara-municipio-de-tampico-operativos-en-vialidades-siguen-los-accidentes\/#primaryimage"},"thumbnailUrl":"https:\/\/elinformativotam.com\/wp-content\/uploads\/2024\/02\/Hector-Rodriguez-el-kid.jpeg","articleSection":["Uncategorized"],"inLanguage":"es","potentialAction":[{"@type":"CommentAction","name":"Comment","target":["https:\/\/elinformativotam.com\/index.php\/2024\/02\/29\/reforzara-municipio-de-tampico-operativos-en-vialidades-siguen-los-accidentes\/#respond"]}]},{"@type":"WebPage","@id":"https:\/\/elinformativotam.com\/index.php\/2024\/02\/29\/reforzara-municipio-de-tampico-operativos-en-vialidades-siguen-los-accidentes\/","url":"https:\/\/elinformativotam.com\/index.php\/2024\/02\/29\/reforzara-municipio-de-tampico-operativos-en-vialidades-siguen-los-accidentes\/","name":"REFORZAR\u00c1 MUNICIPIO DE TAMPICO OPERATIVOS EN VIALIDADES; SIGUEN LOS ACCIDENTES - EL INFORMATIVO DE TAMAULIPAS","isPartOf":{"@id":"https:\/\/elinformativotam.com\/#website"},"primaryImageOfPage":{"@id":"https:\/\/elinformativotam.com\/index.php\/2024\/02\/29\/reforzara-municipio-de-tampico-operativos-en-vialidades-siguen-los-accidentes\/#primaryimage"},"image":{"@id":"https:\/\/elinformativotam.com\/index.php\/2024\/02\/29\/reforzara-municipio-de-tampico-operativos-en-vialidades-siguen-los-accidentes\/#primaryimage"},"thumbnailUrl":"https:\/\/elinformativotam.com\/wp-content\/uploads\/2024\/02\/Hector-Rodriguez-el-kid.jpeg","datePublished":"2024-03-01T02:29:09+00:00","description":"*Desafortunadamente El Tema Ha Salido De Control En Las \u00daltimas Semanas, Dejando Lesionados, P\u00e9rdidas Econ\u00f3micas Y Muertes &nbsp; &nbsp; Los accidentes","inLanguage":"es","potentialAction":[{"@type":"ReadAction","target":["https:\/\/elinformativotam.com\/index.php\/2024\/02\/29\/reforzara-municipio-de-tampico-operativos-en-vialidades-siguen-los-accidentes\/"]}]},{"@type":"ImageObject","inLanguage":"es","@id":"https:\/\/elinformativotam.com\/index.php\/2024\/02\/29\/reforzara-municipio-de-tampico-operativos-en-vialidades-siguen-los-accidentes\/#primaryimage","url":"https:\/\/elinformativotam.com\/wp-content\/uploads\/2024\/02\/Hector-Rodriguez-el-kid.jpeg","contentUrl":"https:\/\/elinformativotam.com\/wp-content\/uploads\/2024\/02\/Hector-Rodriguez-el-kid.jpeg","width":1280,"height":963},{"@type":"WebSite","@id":"https:\/\/elinformativotam.com\/#website","url":"https:\/\/elinformativotam.com\/","name":"EL INFORMATIVO DE TAMAULIPAS","description":"Desde la Zona Metropolitana Para Todo M\u00e9xico","publisher":{"@id":"https:\/\/elinformativotam.com\/#organization"},"potentialAction":[{"@type":"SearchAction","target":{"@type":"EntryPoint","urlTemplate":"https:\/\/elinformativotam.com\/?s={search_term_string}"},"query-input":{"@type":"PropertyValueSpecification","valueRequired":true,"valueName":"search_term_string"}}],"inLanguage":"es"},{"@type":"Organization","@id":"https:\/\/elinformativotam.com\/#organization","name":"EL INFORMATIVO DE TAMAULIPAS","url":"https:\/\/elinformativotam.com\/","logo":{"@type":"ImageObject","inLanguage":"es","@id":"https:\/\/elinformativotam.com\/#\/schema\/logo\/image\/","url":"https:\/\/elinformativotam.com\/wp-content\/uploads\/2026\/02\/Cabezal.png","contentUrl":"https:\/\/elinformativotam.com\/wp-content\/uploads\/2026\/02\/Cabezal.png","width":960,"height":640,"caption":"EL INFORMATIVO DE TAMAULIPAS"},"image":{"@id":"https:\/\/elinformativotam.com\/#\/schema\/logo\/image\/"}},{"@type":"Person","@id":"https:\/\/elinformativotam.com\/#\/schema\/person\/78e08040eed0f6110f0c5f83b6153590","name":"El Informativo Tam","image":{"@type":"ImageObject","inLanguage":"es","@id":"https:\/\/secure.gravatar.com\/avatar\/f3b7ad3af540688955925ac610647be00b0cf41feea9c4978b73a707ee86bc53?s=96&d=mm&r=g","url":"https:\/\/secure.gravatar.com\/avatar\/f3b7ad3af540688955925ac610647be00b0cf41feea9c4978b73a707ee86bc53?s=96&d=mm&r=g","contentUrl":"https:\/\/secure.gravatar.com\/avatar\/f3b7ad3af540688955925ac610647be00b0cf41feea9c4978b73a707ee86bc53?s=96&d=mm&r=g","caption":"El Informativo Tam"}}]}},"_links":{"self":[{"href":"https:\/\/elinformativotam.com\/index.php\/wp-json\/wp\/v2\/posts\/49424","targetHints":{"allow":["GET"]}}],"collection":[{"href":"https:\/\/elinformativotam.com\/index.php\/wp-json\/wp\/v2\/posts"}],"about":[{"href":"https:\/\/elinformativotam.com\/index.php\/wp-json\/wp\/v2\/types\/post"}],"author":[{"embeddable":true,"href":"https:\/\/elinformativotam.com\/index.php\/wp-json\/wp\/v2\/users\/1"}],"replies":[{"embeddable":true,"href":"https:\/\/elinformativotam.com\/index.php\/wp-json\/wp\/v2\/comments?post=49424"}],"version-history":[{"count":1,"href":"https:\/\/elinformativotam.com\/index.php\/wp-json\/wp\/v2\/posts\/49424\/revisions"}],"predecessor-version":[{"id":49425,"href":"https:\/\/elinformativotam.com\/index.php\/wp-json\/wp\/v2\/posts\/49424\/revisions\/49425"}],"wp:featuredmedia":[{"embeddable":true,"href":"https:\/\/elinformativotam.com\/index.php\/wp-json\/wp\/v2\/media\/49418"}],"wp:attachment":[{"href":"https:\/\/elinformativotam.com\/index.php\/wp-json\/wp\/v2\/media?parent=49424"}],"wp:term":[{"taxonomy":"category","embeddable":true,"href":"https:\/\/elinformativotam.com\/index.php\/wp-json\/wp\/v2\/categories?post=49424"},{"taxonomy":"post_tag","embeddable":true,"href":"https:\/\/elinformativotam.com\/index.php\/wp-json\/wp\/v2\/tags?post=49424"}],"curies":[{"name":"wp","href":"https:\/\/api.w.org\/{rel}","templated":true}]}}