{"id":49422,"date":"2024-02-29T20:25:56","date_gmt":"2024-03-01T02:25:56","guid":{"rendered":"https:\/\/elinformativotam.com\/?p=49422"},"modified":"2024-02-29T20:27:13","modified_gmt":"2024-03-01T02:27:13","slug":"diputados-deben-reagendar-reforma-laboral-no-es-el-momento-por-cuestion-electoral","status":"publish","type":"post","link":"https:\/\/elinformativotam.com\/index.php\/2024\/02\/29\/diputados-deben-reagendar-reforma-laboral-no-es-el-momento-por-cuestion-electoral\/","title":{"rendered":"DIPUTADOS DEBEN REAGENDAR REFORMA LABORAL; NO ES EL MOMENTO POR CUESTI\u00d3N ELECTORAL"},"content":{"rendered":"<h2 style=\"text-align: center;\"><em><span style=\"font-family: 'times new roman', times;\">*Las Reformas Anteriores Han Dado Resultados Importantes A Miles De Trabajadores<\/span><\/em><\/h2>\n<p>&nbsp;<\/p>\n<p>&nbsp;<\/p>\n<p>El Centro Empresarial de la Zona Sur, advirti\u00f3 que la reforma enfocada a aumentar los d\u00edas de aguinaldo(15 a 30 d\u00edas)a la base trabajadora y disminuir el horario semanal de 48 a 40 horas, son aspectos que deben discutirse en otro momento, y no en tiempos electores.<\/p>\n<p>&nbsp;<\/p>\n<p>Gonz\u00e1lo Trevi\u00f1o Rodr\u00edguez, Presidente de Coparmex en la zona metropolitana, expuso que los empresarios est\u00e1n a favor de seguir mejorando las condiciones de sus trabajadores, sin embargo, dijo, no es el momento de discutir dichas reformas.<\/p>\n<p>&nbsp;<\/p>\n<p>Record\u00f3, que aspectos como la mejora en las pensiones, la subcontrataci\u00f3n, vacaciones dignas, aumentos al salario m\u00ednimo, son iniciativas que representan &#8220;un esfuerzo importante de qui\u00e9nes tienen una empresa, y confirman que estamos a favor de mejorar las condiciones de los trabajadores&#8221;.<\/p>\n<p>&nbsp;<\/p>\n<p>Dijo que el posible aumento de los d\u00edas de aguinaldo provocar\u00eda un impacto severo en las MiPymes, que representan m\u00e1s del 95% de las empresas en el pa\u00eds.<\/p>\n<p>&nbsp;<\/p>\n<p>&#8220;Aprobar esa iniciativa podr\u00eda desencadenar un aumento desmedido en la informalidad y la disminuci\u00f3n de las contrataciones&#8221;, resalt\u00f3<\/p>\n<p>&nbsp;<\/p>\n<p>Trevi\u00f1o, dej\u00f3 en claro la importancia de que la actual legislatura federal haga un alto y termine por madurar los aspectos de la reforma laboral, y que el empresariado termine por adaptarse a las nuevas medidas<\/p>\n<p>&nbsp;<\/p>\n<p>El Presidente del Centro Empresarial resalt\u00f3 la preocupaci\u00f3n de que dichas reformas laborales se est\u00e9n proponiendo en el marco de una elecci\u00f3n concurrente, y a unos meses de que se realicen las elecciones del 2 de Junio.<\/p>\n<p>&nbsp;<\/p>\n<p>&#8220;Y a unas horas de que comiencen las campa\u00f1as federales. En el sector privado no queremos que el tema se politice y se use como ventaja o desventaja para los candidatos&#8221;, acot\u00f3.<\/p>\n<p>&nbsp;<\/p>\n","protected":false},"excerpt":{"rendered":"<p>*Las Reformas Anteriores Han Dado Resultados Importantes A Miles De Trabajadores &nbsp; &nbsp; El Centro Empresarial de la Zona Sur,&hellip;<\/p>\n","protected":false},"author":1,"featured_media":49419,"comment_status":"open","ping_status":"open","sticky":false,"template":"","format":"standard","meta":{"footnotes":""},"categories":[3],"tags":[],"class_list":["post-49422","post","type-post","status-publish","format-standard","has-post-thumbnail","hentry","category-tampico"],"yoast_head":"<!-- This site is optimized with the Yoast SEO plugin v27.5 - https:\/\/yoast.com\/product\/yoast-seo-wordpress\/ -->\n<title>DIPUTADOS DEBEN REAGENDAR REFORMA LABORAL; NO ES EL MOMENTO POR CUESTI\u00d3N ELECTORAL - EL INFORMATIVO DE TAMAULIPAS<\/title>\n<meta name=\"description\" content=\"*Las Reformas Anteriores Han Dado Resultados Importantes A Miles De Trabajadores &nbsp; &nbsp; El Centro Empresarial de la Zona Sur, advirti\u00f3 que la\" \/>\n<meta name=\"robots\" content=\"index, follow, max-snippet:-1, max-image-preview:large, max-video-preview:-1\" \/>\n<link rel=\"canonical\" href=\"https:\/\/elinformativotam.com\/index.php\/2024\/02\/29\/diputados-deben-reagendar-reforma-laboral-no-es-el-momento-por-cuestion-electoral\/\" \/>\n<meta property=\"og:locale\" content=\"es_MX\" \/>\n<meta property=\"og:type\" content=\"article\" \/>\n<meta property=\"og:title\" content=\"DIPUTADOS DEBEN REAGENDAR REFORMA LABORAL; NO ES EL MOMENTO POR CUESTI\u00d3N ELECTORAL - EL INFORMATIVO DE TAMAULIPAS\" \/>\n<meta property=\"og:description\" content=\"*Las Reformas Anteriores Han Dado Resultados Importantes A Miles De Trabajadores &nbsp; &nbsp; El Centro Empresarial de la Zona Sur, advirti\u00f3 que la\" \/>\n<meta property=\"og:url\" content=\"https:\/\/elinformativotam.com\/index.php\/2024\/02\/29\/diputados-deben-reagendar-reforma-laboral-no-es-el-momento-por-cuestion-electoral\/\" \/>\n<meta property=\"og:site_name\" content=\"EL INFORMATIVO DE TAMAULIPAS\" \/>\n<meta property=\"article:published_time\" content=\"2024-03-01T02:25:56+00:00\" \/>\n<meta property=\"article:modified_time\" content=\"2024-03-01T02:27:13+00:00\" \/>\n<meta property=\"og:image\" content=\"https:\/\/elinformativotam.com\/wp-content\/uploads\/2024\/02\/Gonzalo-Trevino.jpeg\" \/>\n\t<meta property=\"og:image:width\" content=\"1280\" \/>\n\t<meta property=\"og:image:height\" content=\"963\" \/>\n\t<meta property=\"og:image:type\" content=\"image\/jpeg\" \/>\n<meta name=\"author\" content=\"El Informativo Tam\" \/>\n<meta name=\"twitter:card\" content=\"summary_large_image\" \/>\n<meta name=\"twitter:label1\" content=\"Escrito por\" \/>\n\t<meta name=\"twitter:data1\" content=\"El Informativo Tam\" \/>\n\t<meta name=\"twitter:label2\" content=\"Tiempo de lectura\" \/>\n\t<meta name=\"twitter:data2\" content=\"2 minutos\" \/>\n<script type=\"application\/ld+json\" class=\"yoast-schema-graph\">{\"@context\":\"https:\\\/\\\/schema.org\",\"@graph\":[{\"@type\":\"Article\",\"@id\":\"https:\\\/\\\/elinformativotam.com\\\/index.php\\\/2024\\\/02\\\/29\\\/diputados-deben-reagendar-reforma-laboral-no-es-el-momento-por-cuestion-electoral\\\/#article\",\"isPartOf\":{\"@id\":\"https:\\\/\\\/elinformativotam.com\\\/index.php\\\/2024\\\/02\\\/29\\\/diputados-deben-reagendar-reforma-laboral-no-es-el-momento-por-cuestion-electoral\\\/\"},\"author\":{\"name\":\"El Informativo Tam\",\"@id\":\"https:\\\/\\\/elinformativotam.com\\\/#\\\/schema\\\/person\\\/78e08040eed0f6110f0c5f83b6153590\"},\"headline\":\"DIPUTADOS DEBEN REAGENDAR REFORMA LABORAL; NO ES EL MOMENTO POR CUESTI\u00d3N ELECTORAL\",\"datePublished\":\"2024-03-01T02:25:56+00:00\",\"dateModified\":\"2024-03-01T02:27:13+00:00\",\"mainEntityOfPage\":{\"@id\":\"https:\\\/\\\/elinformativotam.com\\\/index.php\\\/2024\\\/02\\\/29\\\/diputados-deben-reagendar-reforma-laboral-no-es-el-momento-por-cuestion-electoral\\\/\"},\"wordCount\":326,\"commentCount\":0,\"publisher\":{\"@id\":\"https:\\\/\\\/elinformativotam.com\\\/#organization\"},\"image\":{\"@id\":\"https:\\\/\\\/elinformativotam.com\\\/index.php\\\/2024\\\/02\\\/29\\\/diputados-deben-reagendar-reforma-laboral-no-es-el-momento-por-cuestion-electoral\\\/#primaryimage\"},\"thumbnailUrl\":\"https:\\\/\\\/elinformativotam.com\\\/wp-content\\\/uploads\\\/2024\\\/02\\\/Gonzalo-Trevino.jpeg\",\"articleSection\":[\"Tampico\"],\"inLanguage\":\"es\",\"potentialAction\":[{\"@type\":\"CommentAction\",\"name\":\"Comment\",\"target\":[\"https:\\\/\\\/elinformativotam.com\\\/index.php\\\/2024\\\/02\\\/29\\\/diputados-deben-reagendar-reforma-laboral-no-es-el-momento-por-cuestion-electoral\\\/#respond\"]}]},{\"@type\":\"WebPage\",\"@id\":\"https:\\\/\\\/elinformativotam.com\\\/index.php\\\/2024\\\/02\\\/29\\\/diputados-deben-reagendar-reforma-laboral-no-es-el-momento-por-cuestion-electoral\\\/\",\"url\":\"https:\\\/\\\/elinformativotam.com\\\/index.php\\\/2024\\\/02\\\/29\\\/diputados-deben-reagendar-reforma-laboral-no-es-el-momento-por-cuestion-electoral\\\/\",\"name\":\"DIPUTADOS DEBEN REAGENDAR REFORMA LABORAL; NO ES EL MOMENTO POR CUESTI\u00d3N ELECTORAL - EL INFORMATIVO DE TAMAULIPAS\",\"isPartOf\":{\"@id\":\"https:\\\/\\\/elinformativotam.com\\\/#website\"},\"primaryImageOfPage\":{\"@id\":\"https:\\\/\\\/elinformativotam.com\\\/index.php\\\/2024\\\/02\\\/29\\\/diputados-deben-reagendar-reforma-laboral-no-es-el-momento-por-cuestion-electoral\\\/#primaryimage\"},\"image\":{\"@id\":\"https:\\\/\\\/elinformativotam.com\\\/index.php\\\/2024\\\/02\\\/29\\\/diputados-deben-reagendar-reforma-laboral-no-es-el-momento-por-cuestion-electoral\\\/#primaryimage\"},\"thumbnailUrl\":\"https:\\\/\\\/elinformativotam.com\\\/wp-content\\\/uploads\\\/2024\\\/02\\\/Gonzalo-Trevino.jpeg\",\"datePublished\":\"2024-03-01T02:25:56+00:00\",\"dateModified\":\"2024-03-01T02:27:13+00:00\",\"description\":\"*Las Reformas Anteriores Han Dado Resultados Importantes A Miles De Trabajadores &nbsp; &nbsp; El Centro Empresarial de la Zona Sur, advirti\u00f3 que la\",\"inLanguage\":\"es\",\"potentialAction\":[{\"@type\":\"ReadAction\",\"target\":[\"https:\\\/\\\/elinformativotam.com\\\/index.php\\\/2024\\\/02\\\/29\\\/diputados-deben-reagendar-reforma-laboral-no-es-el-momento-por-cuestion-electoral\\\/\"]}]},{\"@type\":\"ImageObject\",\"inLanguage\":\"es\",\"@id\":\"https:\\\/\\\/elinformativotam.com\\\/index.php\\\/2024\\\/02\\\/29\\\/diputados-deben-reagendar-reforma-laboral-no-es-el-momento-por-cuestion-electoral\\\/#primaryimage\",\"url\":\"https:\\\/\\\/elinformativotam.com\\\/wp-content\\\/uploads\\\/2024\\\/02\\\/Gonzalo-Trevino.jpeg\",\"contentUrl\":\"https:\\\/\\\/elinformativotam.com\\\/wp-content\\\/uploads\\\/2024\\\/02\\\/Gonzalo-Trevino.jpeg\",\"width\":1280,\"height\":963},{\"@type\":\"WebSite\",\"@id\":\"https:\\\/\\\/elinformativotam.com\\\/#website\",\"url\":\"https:\\\/\\\/elinformativotam.com\\\/\",\"name\":\"EL INFORMATIVO DE TAMAULIPAS\",\"description\":\"Desde la Zona Metropolitana Para Todo M\u00e9xico\",\"publisher\":{\"@id\":\"https:\\\/\\\/elinformativotam.com\\\/#organization\"},\"potentialAction\":[{\"@type\":\"SearchAction\",\"target\":{\"@type\":\"EntryPoint\",\"urlTemplate\":\"https:\\\/\\\/elinformativotam.com\\\/?s={search_term_string}\"},\"query-input\":{\"@type\":\"PropertyValueSpecification\",\"valueRequired\":true,\"valueName\":\"search_term_string\"}}],\"inLanguage\":\"es\"},{\"@type\":\"Organization\",\"@id\":\"https:\\\/\\\/elinformativotam.com\\\/#organization\",\"name\":\"EL INFORMATIVO DE TAMAULIPAS\",\"url\":\"https:\\\/\\\/elinformativotam.com\\\/\",\"logo\":{\"@type\":\"ImageObject\",\"inLanguage\":\"es\",\"@id\":\"https:\\\/\\\/elinformativotam.com\\\/#\\\/schema\\\/logo\\\/image\\\/\",\"url\":\"https:\\\/\\\/elinformativotam.com\\\/wp-content\\\/uploads\\\/2026\\\/02\\\/Cabezal.png\",\"contentUrl\":\"https:\\\/\\\/elinformativotam.com\\\/wp-content\\\/uploads\\\/2026\\\/02\\\/Cabezal.png\",\"width\":960,\"height\":640,\"caption\":\"EL INFORMATIVO DE TAMAULIPAS\"},\"image\":{\"@id\":\"https:\\\/\\\/elinformativotam.com\\\/#\\\/schema\\\/logo\\\/image\\\/\"}},{\"@type\":\"Person\",\"@id\":\"https:\\\/\\\/elinformativotam.com\\\/#\\\/schema\\\/person\\\/78e08040eed0f6110f0c5f83b6153590\",\"name\":\"El Informativo Tam\",\"image\":{\"@type\":\"ImageObject\",\"inLanguage\":\"es\",\"@id\":\"https:\\\/\\\/secure.gravatar.com\\\/avatar\\\/f3b7ad3af540688955925ac610647be00b0cf41feea9c4978b73a707ee86bc53?s=96&d=mm&r=g\",\"url\":\"https:\\\/\\\/secure.gravatar.com\\\/avatar\\\/f3b7ad3af540688955925ac610647be00b0cf41feea9c4978b73a707ee86bc53?s=96&d=mm&r=g\",\"contentUrl\":\"https:\\\/\\\/secure.gravatar.com\\\/avatar\\\/f3b7ad3af540688955925ac610647be00b0cf41feea9c4978b73a707ee86bc53?s=96&d=mm&r=g\",\"caption\":\"El Informativo Tam\"}}]}<\/script>\n<!-- \/ Yoast SEO plugin. -->","yoast_head_json":{"title":"DIPUTADOS DEBEN REAGENDAR REFORMA LABORAL; NO ES EL MOMENTO POR CUESTI\u00d3N ELECTORAL - EL INFORMATIVO DE TAMAULIPAS","description":"*Las Reformas Anteriores Han Dado Resultados Importantes A Miles De Trabajadores &nbsp; &nbsp; El Centro Empresarial de la Zona Sur, advirti\u00f3 que la","robots":{"index":"index","follow":"follow","max-snippet":"max-snippet:-1","max-image-preview":"max-image-preview:large","max-video-preview":"max-video-preview:-1"},"canonical":"https:\/\/elinformativotam.com\/index.php\/2024\/02\/29\/diputados-deben-reagendar-reforma-laboral-no-es-el-momento-por-cuestion-electoral\/","og_locale":"es_MX","og_type":"article","og_title":"DIPUTADOS DEBEN REAGENDAR REFORMA LABORAL; NO ES EL MOMENTO POR CUESTI\u00d3N ELECTORAL - EL INFORMATIVO DE TAMAULIPAS","og_description":"*Las Reformas Anteriores Han Dado Resultados Importantes A Miles De Trabajadores &nbsp; &nbsp; El Centro Empresarial de la Zona Sur, advirti\u00f3 que la","og_url":"https:\/\/elinformativotam.com\/index.php\/2024\/02\/29\/diputados-deben-reagendar-reforma-laboral-no-es-el-momento-por-cuestion-electoral\/","og_site_name":"EL INFORMATIVO DE TAMAULIPAS","article_published_time":"2024-03-01T02:25:56+00:00","article_modified_time":"2024-03-01T02:27:13+00:00","og_image":[{"width":1280,"height":963,"url":"https:\/\/elinformativotam.com\/wp-content\/uploads\/2024\/02\/Gonzalo-Trevino.jpeg","type":"image\/jpeg"}],"author":"El Informativo Tam","twitter_card":"summary_large_image","twitter_misc":{"Escrito por":"El Informativo Tam","Tiempo de lectura":"2 minutos"},"schema":{"@context":"https:\/\/schema.org","@graph":[{"@type":"Article","@id":"https:\/\/elinformativotam.com\/index.php\/2024\/02\/29\/diputados-deben-reagendar-reforma-laboral-no-es-el-momento-por-cuestion-electoral\/#article","isPartOf":{"@id":"https:\/\/elinformativotam.com\/index.php\/2024\/02\/29\/diputados-deben-reagendar-reforma-laboral-no-es-el-momento-por-cuestion-electoral\/"},"author":{"name":"El Informativo Tam","@id":"https:\/\/elinformativotam.com\/#\/schema\/person\/78e08040eed0f6110f0c5f83b6153590"},"headline":"DIPUTADOS DEBEN REAGENDAR REFORMA LABORAL; NO ES EL MOMENTO POR CUESTI\u00d3N ELECTORAL","datePublished":"2024-03-01T02:25:56+00:00","dateModified":"2024-03-01T02:27:13+00:00","mainEntityOfPage":{"@id":"https:\/\/elinformativotam.com\/index.php\/2024\/02\/29\/diputados-deben-reagendar-reforma-laboral-no-es-el-momento-por-cuestion-electoral\/"},"wordCount":326,"commentCount":0,"publisher":{"@id":"https:\/\/elinformativotam.com\/#organization"},"image":{"@id":"https:\/\/elinformativotam.com\/index.php\/2024\/02\/29\/diputados-deben-reagendar-reforma-laboral-no-es-el-momento-por-cuestion-electoral\/#primaryimage"},"thumbnailUrl":"https:\/\/elinformativotam.com\/wp-content\/uploads\/2024\/02\/Gonzalo-Trevino.jpeg","articleSection":["Tampico"],"inLanguage":"es","potentialAction":[{"@type":"CommentAction","name":"Comment","target":["https:\/\/elinformativotam.com\/index.php\/2024\/02\/29\/diputados-deben-reagendar-reforma-laboral-no-es-el-momento-por-cuestion-electoral\/#respond"]}]},{"@type":"WebPage","@id":"https:\/\/elinformativotam.com\/index.php\/2024\/02\/29\/diputados-deben-reagendar-reforma-laboral-no-es-el-momento-por-cuestion-electoral\/","url":"https:\/\/elinformativotam.com\/index.php\/2024\/02\/29\/diputados-deben-reagendar-reforma-laboral-no-es-el-momento-por-cuestion-electoral\/","name":"DIPUTADOS DEBEN REAGENDAR REFORMA LABORAL; NO ES EL MOMENTO POR CUESTI\u00d3N ELECTORAL - EL INFORMATIVO DE TAMAULIPAS","isPartOf":{"@id":"https:\/\/elinformativotam.com\/#website"},"primaryImageOfPage":{"@id":"https:\/\/elinformativotam.com\/index.php\/2024\/02\/29\/diputados-deben-reagendar-reforma-laboral-no-es-el-momento-por-cuestion-electoral\/#primaryimage"},"image":{"@id":"https:\/\/elinformativotam.com\/index.php\/2024\/02\/29\/diputados-deben-reagendar-reforma-laboral-no-es-el-momento-por-cuestion-electoral\/#primaryimage"},"thumbnailUrl":"https:\/\/elinformativotam.com\/wp-content\/uploads\/2024\/02\/Gonzalo-Trevino.jpeg","datePublished":"2024-03-01T02:25:56+00:00","dateModified":"2024-03-01T02:27:13+00:00","description":"*Las Reformas Anteriores Han Dado Resultados Importantes A Miles De Trabajadores &nbsp; &nbsp; El Centro Empresarial de la Zona Sur, advirti\u00f3 que la","inLanguage":"es","potentialAction":[{"@type":"ReadAction","target":["https:\/\/elinformativotam.com\/index.php\/2024\/02\/29\/diputados-deben-reagendar-reforma-laboral-no-es-el-momento-por-cuestion-electoral\/"]}]},{"@type":"ImageObject","inLanguage":"es","@id":"https:\/\/elinformativotam.com\/index.php\/2024\/02\/29\/diputados-deben-reagendar-reforma-laboral-no-es-el-momento-por-cuestion-electoral\/#primaryimage","url":"https:\/\/elinformativotam.com\/wp-content\/uploads\/2024\/02\/Gonzalo-Trevino.jpeg","contentUrl":"https:\/\/elinformativotam.com\/wp-content\/uploads\/2024\/02\/Gonzalo-Trevino.jpeg","width":1280,"height":963},{"@type":"WebSite","@id":"https:\/\/elinformativotam.com\/#website","url":"https:\/\/elinformativotam.com\/","name":"EL INFORMATIVO DE TAMAULIPAS","description":"Desde la Zona Metropolitana Para Todo M\u00e9xico","publisher":{"@id":"https:\/\/elinformativotam.com\/#organization"},"potentialAction":[{"@type":"SearchAction","target":{"@type":"EntryPoint","urlTemplate":"https:\/\/elinformativotam.com\/?s={search_term_string}"},"query-input":{"@type":"PropertyValueSpecification","valueRequired":true,"valueName":"search_term_string"}}],"inLanguage":"es"},{"@type":"Organization","@id":"https:\/\/elinformativotam.com\/#organization","name":"EL INFORMATIVO DE TAMAULIPAS","url":"https:\/\/elinformativotam.com\/","logo":{"@type":"ImageObject","inLanguage":"es","@id":"https:\/\/elinformativotam.com\/#\/schema\/logo\/image\/","url":"https:\/\/elinformativotam.com\/wp-content\/uploads\/2026\/02\/Cabezal.png","contentUrl":"https:\/\/elinformativotam.com\/wp-content\/uploads\/2026\/02\/Cabezal.png","width":960,"height":640,"caption":"EL INFORMATIVO DE TAMAULIPAS"},"image":{"@id":"https:\/\/elinformativotam.com\/#\/schema\/logo\/image\/"}},{"@type":"Person","@id":"https:\/\/elinformativotam.com\/#\/schema\/person\/78e08040eed0f6110f0c5f83b6153590","name":"El Informativo Tam","image":{"@type":"ImageObject","inLanguage":"es","@id":"https:\/\/secure.gravatar.com\/avatar\/f3b7ad3af540688955925ac610647be00b0cf41feea9c4978b73a707ee86bc53?s=96&d=mm&r=g","url":"https:\/\/secure.gravatar.com\/avatar\/f3b7ad3af540688955925ac610647be00b0cf41feea9c4978b73a707ee86bc53?s=96&d=mm&r=g","contentUrl":"https:\/\/secure.gravatar.com\/avatar\/f3b7ad3af540688955925ac610647be00b0cf41feea9c4978b73a707ee86bc53?s=96&d=mm&r=g","caption":"El Informativo Tam"}}]}},"_links":{"self":[{"href":"https:\/\/elinformativotam.com\/index.php\/wp-json\/wp\/v2\/posts\/49422","targetHints":{"allow":["GET"]}}],"collection":[{"href":"https:\/\/elinformativotam.com\/index.php\/wp-json\/wp\/v2\/posts"}],"about":[{"href":"https:\/\/elinformativotam.com\/index.php\/wp-json\/wp\/v2\/types\/post"}],"author":[{"embeddable":true,"href":"https:\/\/elinformativotam.com\/index.php\/wp-json\/wp\/v2\/users\/1"}],"replies":[{"embeddable":true,"href":"https:\/\/elinformativotam.com\/index.php\/wp-json\/wp\/v2\/comments?post=49422"}],"version-history":[{"count":1,"href":"https:\/\/elinformativotam.com\/index.php\/wp-json\/wp\/v2\/posts\/49422\/revisions"}],"predecessor-version":[{"id":49423,"href":"https:\/\/elinformativotam.com\/index.php\/wp-json\/wp\/v2\/posts\/49422\/revisions\/49423"}],"wp:featuredmedia":[{"embeddable":true,"href":"https:\/\/elinformativotam.com\/index.php\/wp-json\/wp\/v2\/media\/49419"}],"wp:attachment":[{"href":"https:\/\/elinformativotam.com\/index.php\/wp-json\/wp\/v2\/media?parent=49422"}],"wp:term":[{"taxonomy":"category","embeddable":true,"href":"https:\/\/elinformativotam.com\/index.php\/wp-json\/wp\/v2\/categories?post=49422"},{"taxonomy":"post_tag","embeddable":true,"href":"https:\/\/elinformativotam.com\/index.php\/wp-json\/wp\/v2\/tags?post=49422"}],"curies":[{"name":"wp","href":"https:\/\/api.w.org\/{rel}","templated":true}]}}