{"id":49417,"date":"2024-02-29T20:22:09","date_gmt":"2024-03-01T02:22:09","guid":{"rendered":"https:\/\/elinformativotam.com\/?p=49417"},"modified":"2024-02-29T20:22:09","modified_gmt":"2024-03-01T02:22:09","slug":"tras-12-anos-de-ausencia-regresa-la-nauticopa-a-tampico","status":"publish","type":"post","link":"https:\/\/elinformativotam.com\/index.php\/2024\/02\/29\/tras-12-anos-de-ausencia-regresa-la-nauticopa-a-tampico\/","title":{"rendered":"TRAS 12 A\u00d1OS DE AUSENCIA; REGRESA LA NAUTICOPA A TAMPICO"},"content":{"rendered":"<h2 style=\"text-align: center;\"><em><span style=\"font-family: 'times new roman', times;\">*Se Llevar\u00e1 A Cabo El 22, 23 Y 24 De Marzo En Las Aguas De La Laguna Del Chairel<\/span><\/em><\/h2>\n<p>&nbsp;<\/p>\n<p>&nbsp;<\/p>\n<p>Tras 12 a\u00f1os de ausencia y luego de ser un evento que logr\u00f3 ser un atractivo tur\u00edstico y congregar a muchas familias de la zona sur, \u00e9ste jueves directivos del club de regatas corona y de la Federaci\u00f3n Mexicana de Moton\u00e1utica anunciaron el regreso de las carreras de lanchas tipo t\u00fanel &#8220;nauticopa&#8221; que en esta ocasi\u00f3n se llevar\u00e1 a cabo en las aguas de la Laguna del Chairel.<\/p>\n<p>&nbsp;<\/p>\n<p>En conferencia de prensa, donde estuvo el alcalde Jes\u00fas Nader Nasrrallah, se\u00f1al\u00f3 que ser\u00e1 los d\u00edas 23 y 24 de Marzo cuando se lleve a cabo este evento, que hace muchos a\u00f1os fue tradicional en la ciudad y que logr\u00f3 reunir a miles de familias de la zona sur en la m\u00e1rgenes de la Laguna del Carpintero.<\/p>\n<p>&nbsp;<\/p>\n<p>Record\u00f3 que fue uno de los precursores para lograr que esa clase de eventos se realizara en Tampico, cuando fue director de eventos especiales en el gobierno del panista Arturo Elizondo Naranjo.<\/p>\n<p>&nbsp;<\/p>\n<p>El Presidente de la Federaci\u00f3n Mexicana de Moton\u00e1utica, Eduardo Sarabia, expres\u00f3 que en el 2012 fue la \u00faltima carrera que se celebr\u00f3 en las aguas del Carpintero, ya que pr\u00e1cticamente fueron 15 a\u00f1os que se llev\u00f3 a cabo esa clase de carreras avaladas por la FMM.<\/p>\n<p>&nbsp;<\/p>\n<p>Se\u00f1al\u00f3 que el d\u00eda 22 de Marzo se realizar\u00e1 una carrera de exhibici\u00f3n o pr\u00e1ctica con el objetivo de que el \u00e1rea t\u00e9cnica de la FMM revise las condiciones de los nav\u00edos y detectar cualquier \u00e1rea de oportunidad que pudiera llegarse a presentar en los dos d\u00edas subsecuentes.<\/p>\n<p>&nbsp;<\/p>\n<p>&#8220;Es un proyecto de la ciudad que en a\u00f1os anteriores ha logrado congregar a m\u00e1s de 60 mil asistentes&#8221; pues en esta ocasi\u00f3n participar\u00e1n en la justa 10 lanchas con todos los requisitos y las normas de seguridad que exige la FMM&#8221; coment\u00f3 Gerardo Barrios, del comit\u00e9 de organizaci\u00f3n<\/p>\n<p>&nbsp;<\/p>\n<p>En la conferencia de prensa tambi\u00e9n estuvo el Presidente del Club Social &#8220;Regatas Corona&#8221; \u00d3scar Rom\u00e1n Gonz\u00e1lez.<\/p>\n<p>&nbsp;<\/p>\n<p>La justa n\u00e1utica ser\u00e1 gratuita, por lo que todos los asistentes podr\u00e1n disfrutar las carreras de lanchas en la m\u00e1rgen de los parques Chairel y Fray Andr\u00e9s de Olmos.<\/p>\n","protected":false},"excerpt":{"rendered":"<p>*Se Llevar\u00e1 A Cabo El 22, 23 Y 24 De Marzo En Las Aguas De La Laguna Del Chairel &nbsp;&hellip;<\/p>\n","protected":false},"author":1,"featured_media":49420,"comment_status":"open","ping_status":"open","sticky":false,"template":"","format":"standard","meta":{"footnotes":""},"categories":[3],"tags":[],"class_list":["post-49417","post","type-post","status-publish","format-standard","has-post-thumbnail","hentry","category-tampico"],"yoast_head":"<!-- This site is optimized with the Yoast SEO plugin v27.5 - https:\/\/yoast.com\/product\/yoast-seo-wordpress\/ -->\n<title>TRAS 12 A\u00d1OS DE AUSENCIA; REGRESA LA NAUTICOPA A TAMPICO - EL INFORMATIVO DE TAMAULIPAS<\/title>\n<meta name=\"description\" content=\"*Se Llevar\u00e1 A Cabo El 22, 23 Y 24 De Marzo En Las Aguas De La Laguna Del Chairel &nbsp; &nbsp; Tras 12 a\u00f1os de ausencia y luego de ser un evento que logr\u00f3\" \/>\n<meta name=\"robots\" content=\"index, follow, max-snippet:-1, max-image-preview:large, max-video-preview:-1\" \/>\n<link rel=\"canonical\" href=\"https:\/\/elinformativotam.com\/index.php\/2024\/02\/29\/tras-12-anos-de-ausencia-regresa-la-nauticopa-a-tampico\/\" \/>\n<meta property=\"og:locale\" content=\"es_MX\" \/>\n<meta property=\"og:type\" content=\"article\" \/>\n<meta property=\"og:title\" content=\"TRAS 12 A\u00d1OS DE AUSENCIA; REGRESA LA NAUTICOPA A TAMPICO - EL INFORMATIVO DE TAMAULIPAS\" \/>\n<meta property=\"og:description\" content=\"*Se Llevar\u00e1 A Cabo El 22, 23 Y 24 De Marzo En Las Aguas De La Laguna Del Chairel &nbsp; &nbsp; Tras 12 a\u00f1os de ausencia y luego de ser un evento que logr\u00f3\" \/>\n<meta property=\"og:url\" content=\"https:\/\/elinformativotam.com\/index.php\/2024\/02\/29\/tras-12-anos-de-ausencia-regresa-la-nauticopa-a-tampico\/\" \/>\n<meta property=\"og:site_name\" content=\"EL INFORMATIVO DE TAMAULIPAS\" \/>\n<meta property=\"article:published_time\" content=\"2024-03-01T02:22:09+00:00\" \/>\n<meta property=\"og:image\" content=\"https:\/\/elinformativotam.com\/wp-content\/uploads\/2024\/02\/Nauticopa.jpeg\" \/>\n\t<meta property=\"og:image:width\" content=\"1280\" \/>\n\t<meta property=\"og:image:height\" content=\"963\" \/>\n\t<meta property=\"og:image:type\" content=\"image\/jpeg\" \/>\n<meta name=\"author\" content=\"El Informativo Tam\" \/>\n<meta name=\"twitter:card\" content=\"summary_large_image\" \/>\n<meta name=\"twitter:label1\" content=\"Escrito por\" \/>\n\t<meta name=\"twitter:data1\" content=\"El Informativo Tam\" \/>\n\t<meta name=\"twitter:label2\" content=\"Tiempo de lectura\" \/>\n\t<meta name=\"twitter:data2\" content=\"2 minutos\" \/>\n<script type=\"application\/ld+json\" class=\"yoast-schema-graph\">{\"@context\":\"https:\\\/\\\/schema.org\",\"@graph\":[{\"@type\":\"Article\",\"@id\":\"https:\\\/\\\/elinformativotam.com\\\/index.php\\\/2024\\\/02\\\/29\\\/tras-12-anos-de-ausencia-regresa-la-nauticopa-a-tampico\\\/#article\",\"isPartOf\":{\"@id\":\"https:\\\/\\\/elinformativotam.com\\\/index.php\\\/2024\\\/02\\\/29\\\/tras-12-anos-de-ausencia-regresa-la-nauticopa-a-tampico\\\/\"},\"author\":{\"name\":\"El Informativo Tam\",\"@id\":\"https:\\\/\\\/elinformativotam.com\\\/#\\\/schema\\\/person\\\/78e08040eed0f6110f0c5f83b6153590\"},\"headline\":\"TRAS 12 A\u00d1OS DE AUSENCIA; REGRESA LA NAUTICOPA A TAMPICO\",\"datePublished\":\"2024-03-01T02:22:09+00:00\",\"mainEntityOfPage\":{\"@id\":\"https:\\\/\\\/elinformativotam.com\\\/index.php\\\/2024\\\/02\\\/29\\\/tras-12-anos-de-ausencia-regresa-la-nauticopa-a-tampico\\\/\"},\"wordCount\":407,\"commentCount\":0,\"publisher\":{\"@id\":\"https:\\\/\\\/elinformativotam.com\\\/#organization\"},\"image\":{\"@id\":\"https:\\\/\\\/elinformativotam.com\\\/index.php\\\/2024\\\/02\\\/29\\\/tras-12-anos-de-ausencia-regresa-la-nauticopa-a-tampico\\\/#primaryimage\"},\"thumbnailUrl\":\"https:\\\/\\\/elinformativotam.com\\\/wp-content\\\/uploads\\\/2024\\\/02\\\/Nauticopa.jpeg\",\"articleSection\":[\"Tampico\"],\"inLanguage\":\"es\",\"potentialAction\":[{\"@type\":\"CommentAction\",\"name\":\"Comment\",\"target\":[\"https:\\\/\\\/elinformativotam.com\\\/index.php\\\/2024\\\/02\\\/29\\\/tras-12-anos-de-ausencia-regresa-la-nauticopa-a-tampico\\\/#respond\"]}]},{\"@type\":\"WebPage\",\"@id\":\"https:\\\/\\\/elinformativotam.com\\\/index.php\\\/2024\\\/02\\\/29\\\/tras-12-anos-de-ausencia-regresa-la-nauticopa-a-tampico\\\/\",\"url\":\"https:\\\/\\\/elinformativotam.com\\\/index.php\\\/2024\\\/02\\\/29\\\/tras-12-anos-de-ausencia-regresa-la-nauticopa-a-tampico\\\/\",\"name\":\"TRAS 12 A\u00d1OS DE AUSENCIA; REGRESA LA NAUTICOPA A TAMPICO - EL INFORMATIVO DE TAMAULIPAS\",\"isPartOf\":{\"@id\":\"https:\\\/\\\/elinformativotam.com\\\/#website\"},\"primaryImageOfPage\":{\"@id\":\"https:\\\/\\\/elinformativotam.com\\\/index.php\\\/2024\\\/02\\\/29\\\/tras-12-anos-de-ausencia-regresa-la-nauticopa-a-tampico\\\/#primaryimage\"},\"image\":{\"@id\":\"https:\\\/\\\/elinformativotam.com\\\/index.php\\\/2024\\\/02\\\/29\\\/tras-12-anos-de-ausencia-regresa-la-nauticopa-a-tampico\\\/#primaryimage\"},\"thumbnailUrl\":\"https:\\\/\\\/elinformativotam.com\\\/wp-content\\\/uploads\\\/2024\\\/02\\\/Nauticopa.jpeg\",\"datePublished\":\"2024-03-01T02:22:09+00:00\",\"description\":\"*Se Llevar\u00e1 A Cabo El 22, 23 Y 24 De Marzo En Las Aguas De La Laguna Del Chairel &nbsp; &nbsp; Tras 12 a\u00f1os de ausencia y luego de ser un evento que logr\u00f3\",\"inLanguage\":\"es\",\"potentialAction\":[{\"@type\":\"ReadAction\",\"target\":[\"https:\\\/\\\/elinformativotam.com\\\/index.php\\\/2024\\\/02\\\/29\\\/tras-12-anos-de-ausencia-regresa-la-nauticopa-a-tampico\\\/\"]}]},{\"@type\":\"ImageObject\",\"inLanguage\":\"es\",\"@id\":\"https:\\\/\\\/elinformativotam.com\\\/index.php\\\/2024\\\/02\\\/29\\\/tras-12-anos-de-ausencia-regresa-la-nauticopa-a-tampico\\\/#primaryimage\",\"url\":\"https:\\\/\\\/elinformativotam.com\\\/wp-content\\\/uploads\\\/2024\\\/02\\\/Nauticopa.jpeg\",\"contentUrl\":\"https:\\\/\\\/elinformativotam.com\\\/wp-content\\\/uploads\\\/2024\\\/02\\\/Nauticopa.jpeg\",\"width\":1280,\"height\":963},{\"@type\":\"WebSite\",\"@id\":\"https:\\\/\\\/elinformativotam.com\\\/#website\",\"url\":\"https:\\\/\\\/elinformativotam.com\\\/\",\"name\":\"EL INFORMATIVO DE TAMAULIPAS\",\"description\":\"Desde la Zona Metropolitana Para Todo M\u00e9xico\",\"publisher\":{\"@id\":\"https:\\\/\\\/elinformativotam.com\\\/#organization\"},\"potentialAction\":[{\"@type\":\"SearchAction\",\"target\":{\"@type\":\"EntryPoint\",\"urlTemplate\":\"https:\\\/\\\/elinformativotam.com\\\/?s={search_term_string}\"},\"query-input\":{\"@type\":\"PropertyValueSpecification\",\"valueRequired\":true,\"valueName\":\"search_term_string\"}}],\"inLanguage\":\"es\"},{\"@type\":\"Organization\",\"@id\":\"https:\\\/\\\/elinformativotam.com\\\/#organization\",\"name\":\"EL INFORMATIVO DE TAMAULIPAS\",\"url\":\"https:\\\/\\\/elinformativotam.com\\\/\",\"logo\":{\"@type\":\"ImageObject\",\"inLanguage\":\"es\",\"@id\":\"https:\\\/\\\/elinformativotam.com\\\/#\\\/schema\\\/logo\\\/image\\\/\",\"url\":\"https:\\\/\\\/elinformativotam.com\\\/wp-content\\\/uploads\\\/2026\\\/02\\\/Cabezal.png\",\"contentUrl\":\"https:\\\/\\\/elinformativotam.com\\\/wp-content\\\/uploads\\\/2026\\\/02\\\/Cabezal.png\",\"width\":960,\"height\":640,\"caption\":\"EL INFORMATIVO DE TAMAULIPAS\"},\"image\":{\"@id\":\"https:\\\/\\\/elinformativotam.com\\\/#\\\/schema\\\/logo\\\/image\\\/\"}},{\"@type\":\"Person\",\"@id\":\"https:\\\/\\\/elinformativotam.com\\\/#\\\/schema\\\/person\\\/78e08040eed0f6110f0c5f83b6153590\",\"name\":\"El Informativo Tam\",\"image\":{\"@type\":\"ImageObject\",\"inLanguage\":\"es\",\"@id\":\"https:\\\/\\\/secure.gravatar.com\\\/avatar\\\/f3b7ad3af540688955925ac610647be00b0cf41feea9c4978b73a707ee86bc53?s=96&d=mm&r=g\",\"url\":\"https:\\\/\\\/secure.gravatar.com\\\/avatar\\\/f3b7ad3af540688955925ac610647be00b0cf41feea9c4978b73a707ee86bc53?s=96&d=mm&r=g\",\"contentUrl\":\"https:\\\/\\\/secure.gravatar.com\\\/avatar\\\/f3b7ad3af540688955925ac610647be00b0cf41feea9c4978b73a707ee86bc53?s=96&d=mm&r=g\",\"caption\":\"El Informativo Tam\"}}]}<\/script>\n<!-- \/ Yoast SEO plugin. -->","yoast_head_json":{"title":"TRAS 12 A\u00d1OS DE AUSENCIA; REGRESA LA NAUTICOPA A TAMPICO - EL INFORMATIVO DE TAMAULIPAS","description":"*Se Llevar\u00e1 A Cabo El 22, 23 Y 24 De Marzo En Las Aguas De La Laguna Del Chairel &nbsp; &nbsp; Tras 12 a\u00f1os de ausencia y luego de ser un evento que logr\u00f3","robots":{"index":"index","follow":"follow","max-snippet":"max-snippet:-1","max-image-preview":"max-image-preview:large","max-video-preview":"max-video-preview:-1"},"canonical":"https:\/\/elinformativotam.com\/index.php\/2024\/02\/29\/tras-12-anos-de-ausencia-regresa-la-nauticopa-a-tampico\/","og_locale":"es_MX","og_type":"article","og_title":"TRAS 12 A\u00d1OS DE AUSENCIA; REGRESA LA NAUTICOPA A TAMPICO - EL INFORMATIVO DE TAMAULIPAS","og_description":"*Se Llevar\u00e1 A Cabo El 22, 23 Y 24 De Marzo En Las Aguas De La Laguna Del Chairel &nbsp; &nbsp; Tras 12 a\u00f1os de ausencia y luego de ser un evento que logr\u00f3","og_url":"https:\/\/elinformativotam.com\/index.php\/2024\/02\/29\/tras-12-anos-de-ausencia-regresa-la-nauticopa-a-tampico\/","og_site_name":"EL INFORMATIVO DE TAMAULIPAS","article_published_time":"2024-03-01T02:22:09+00:00","og_image":[{"width":1280,"height":963,"url":"https:\/\/elinformativotam.com\/wp-content\/uploads\/2024\/02\/Nauticopa.jpeg","type":"image\/jpeg"}],"author":"El Informativo Tam","twitter_card":"summary_large_image","twitter_misc":{"Escrito por":"El Informativo Tam","Tiempo de lectura":"2 minutos"},"schema":{"@context":"https:\/\/schema.org","@graph":[{"@type":"Article","@id":"https:\/\/elinformativotam.com\/index.php\/2024\/02\/29\/tras-12-anos-de-ausencia-regresa-la-nauticopa-a-tampico\/#article","isPartOf":{"@id":"https:\/\/elinformativotam.com\/index.php\/2024\/02\/29\/tras-12-anos-de-ausencia-regresa-la-nauticopa-a-tampico\/"},"author":{"name":"El Informativo Tam","@id":"https:\/\/elinformativotam.com\/#\/schema\/person\/78e08040eed0f6110f0c5f83b6153590"},"headline":"TRAS 12 A\u00d1OS DE AUSENCIA; REGRESA LA NAUTICOPA A TAMPICO","datePublished":"2024-03-01T02:22:09+00:00","mainEntityOfPage":{"@id":"https:\/\/elinformativotam.com\/index.php\/2024\/02\/29\/tras-12-anos-de-ausencia-regresa-la-nauticopa-a-tampico\/"},"wordCount":407,"commentCount":0,"publisher":{"@id":"https:\/\/elinformativotam.com\/#organization"},"image":{"@id":"https:\/\/elinformativotam.com\/index.php\/2024\/02\/29\/tras-12-anos-de-ausencia-regresa-la-nauticopa-a-tampico\/#primaryimage"},"thumbnailUrl":"https:\/\/elinformativotam.com\/wp-content\/uploads\/2024\/02\/Nauticopa.jpeg","articleSection":["Tampico"],"inLanguage":"es","potentialAction":[{"@type":"CommentAction","name":"Comment","target":["https:\/\/elinformativotam.com\/index.php\/2024\/02\/29\/tras-12-anos-de-ausencia-regresa-la-nauticopa-a-tampico\/#respond"]}]},{"@type":"WebPage","@id":"https:\/\/elinformativotam.com\/index.php\/2024\/02\/29\/tras-12-anos-de-ausencia-regresa-la-nauticopa-a-tampico\/","url":"https:\/\/elinformativotam.com\/index.php\/2024\/02\/29\/tras-12-anos-de-ausencia-regresa-la-nauticopa-a-tampico\/","name":"TRAS 12 A\u00d1OS DE AUSENCIA; REGRESA LA NAUTICOPA A TAMPICO - EL INFORMATIVO DE TAMAULIPAS","isPartOf":{"@id":"https:\/\/elinformativotam.com\/#website"},"primaryImageOfPage":{"@id":"https:\/\/elinformativotam.com\/index.php\/2024\/02\/29\/tras-12-anos-de-ausencia-regresa-la-nauticopa-a-tampico\/#primaryimage"},"image":{"@id":"https:\/\/elinformativotam.com\/index.php\/2024\/02\/29\/tras-12-anos-de-ausencia-regresa-la-nauticopa-a-tampico\/#primaryimage"},"thumbnailUrl":"https:\/\/elinformativotam.com\/wp-content\/uploads\/2024\/02\/Nauticopa.jpeg","datePublished":"2024-03-01T02:22:09+00:00","description":"*Se Llevar\u00e1 A Cabo El 22, 23 Y 24 De Marzo En Las Aguas De La Laguna Del Chairel &nbsp; &nbsp; Tras 12 a\u00f1os de ausencia y luego de ser un evento que logr\u00f3","inLanguage":"es","potentialAction":[{"@type":"ReadAction","target":["https:\/\/elinformativotam.com\/index.php\/2024\/02\/29\/tras-12-anos-de-ausencia-regresa-la-nauticopa-a-tampico\/"]}]},{"@type":"ImageObject","inLanguage":"es","@id":"https:\/\/elinformativotam.com\/index.php\/2024\/02\/29\/tras-12-anos-de-ausencia-regresa-la-nauticopa-a-tampico\/#primaryimage","url":"https:\/\/elinformativotam.com\/wp-content\/uploads\/2024\/02\/Nauticopa.jpeg","contentUrl":"https:\/\/elinformativotam.com\/wp-content\/uploads\/2024\/02\/Nauticopa.jpeg","width":1280,"height":963},{"@type":"WebSite","@id":"https:\/\/elinformativotam.com\/#website","url":"https:\/\/elinformativotam.com\/","name":"EL INFORMATIVO DE TAMAULIPAS","description":"Desde la Zona Metropolitana Para Todo M\u00e9xico","publisher":{"@id":"https:\/\/elinformativotam.com\/#organization"},"potentialAction":[{"@type":"SearchAction","target":{"@type":"EntryPoint","urlTemplate":"https:\/\/elinformativotam.com\/?s={search_term_string}"},"query-input":{"@type":"PropertyValueSpecification","valueRequired":true,"valueName":"search_term_string"}}],"inLanguage":"es"},{"@type":"Organization","@id":"https:\/\/elinformativotam.com\/#organization","name":"EL INFORMATIVO DE TAMAULIPAS","url":"https:\/\/elinformativotam.com\/","logo":{"@type":"ImageObject","inLanguage":"es","@id":"https:\/\/elinformativotam.com\/#\/schema\/logo\/image\/","url":"https:\/\/elinformativotam.com\/wp-content\/uploads\/2026\/02\/Cabezal.png","contentUrl":"https:\/\/elinformativotam.com\/wp-content\/uploads\/2026\/02\/Cabezal.png","width":960,"height":640,"caption":"EL INFORMATIVO DE TAMAULIPAS"},"image":{"@id":"https:\/\/elinformativotam.com\/#\/schema\/logo\/image\/"}},{"@type":"Person","@id":"https:\/\/elinformativotam.com\/#\/schema\/person\/78e08040eed0f6110f0c5f83b6153590","name":"El Informativo Tam","image":{"@type":"ImageObject","inLanguage":"es","@id":"https:\/\/secure.gravatar.com\/avatar\/f3b7ad3af540688955925ac610647be00b0cf41feea9c4978b73a707ee86bc53?s=96&d=mm&r=g","url":"https:\/\/secure.gravatar.com\/avatar\/f3b7ad3af540688955925ac610647be00b0cf41feea9c4978b73a707ee86bc53?s=96&d=mm&r=g","contentUrl":"https:\/\/secure.gravatar.com\/avatar\/f3b7ad3af540688955925ac610647be00b0cf41feea9c4978b73a707ee86bc53?s=96&d=mm&r=g","caption":"El Informativo Tam"}}]}},"_links":{"self":[{"href":"https:\/\/elinformativotam.com\/index.php\/wp-json\/wp\/v2\/posts\/49417","targetHints":{"allow":["GET"]}}],"collection":[{"href":"https:\/\/elinformativotam.com\/index.php\/wp-json\/wp\/v2\/posts"}],"about":[{"href":"https:\/\/elinformativotam.com\/index.php\/wp-json\/wp\/v2\/types\/post"}],"author":[{"embeddable":true,"href":"https:\/\/elinformativotam.com\/index.php\/wp-json\/wp\/v2\/users\/1"}],"replies":[{"embeddable":true,"href":"https:\/\/elinformativotam.com\/index.php\/wp-json\/wp\/v2\/comments?post=49417"}],"version-history":[{"count":1,"href":"https:\/\/elinformativotam.com\/index.php\/wp-json\/wp\/v2\/posts\/49417\/revisions"}],"predecessor-version":[{"id":49421,"href":"https:\/\/elinformativotam.com\/index.php\/wp-json\/wp\/v2\/posts\/49417\/revisions\/49421"}],"wp:featuredmedia":[{"embeddable":true,"href":"https:\/\/elinformativotam.com\/index.php\/wp-json\/wp\/v2\/media\/49420"}],"wp:attachment":[{"href":"https:\/\/elinformativotam.com\/index.php\/wp-json\/wp\/v2\/media?parent=49417"}],"wp:term":[{"taxonomy":"category","embeddable":true,"href":"https:\/\/elinformativotam.com\/index.php\/wp-json\/wp\/v2\/categories?post=49417"},{"taxonomy":"post_tag","embeddable":true,"href":"https:\/\/elinformativotam.com\/index.php\/wp-json\/wp\/v2\/tags?post=49417"}],"curies":[{"name":"wp","href":"https:\/\/api.w.org\/{rel}","templated":true}]}}