{"id":49414,"date":"2024-02-29T20:14:06","date_gmt":"2024-03-01T02:14:06","guid":{"rendered":"https:\/\/elinformativotam.com\/?p=49414"},"modified":"2024-02-29T20:14:06","modified_gmt":"2024-03-01T02:14:06","slug":"arranca-adrian-oseguera-importantes-obras-de-pavimentacion-y-de-construccion-de-puentes-peatonales-en-cd-madero","status":"publish","type":"post","link":"https:\/\/elinformativotam.com\/index.php\/2024\/02\/29\/arranca-adrian-oseguera-importantes-obras-de-pavimentacion-y-de-construccion-de-puentes-peatonales-en-cd-madero\/","title":{"rendered":"ARRANCA ADRI\u00c1N OSEGUERA IMPORTANTES OBRAS DE PAVIMENTACI\u00d3N Y DE CONSTRUCCI\u00d3N DE PUENTES PEATONALES EN CD. MADERO"},"content":{"rendered":"<p>Una intensa jornada de trabajo, realiz\u00f3 este jueves el alcalde Adri\u00e1n Oseguera Kernion, donde dio arranque a importantes obras de pavimentaci\u00f3n, as\u00ed como de construcci\u00f3n de puentes peatonales, con el principal objetivo de seguir impulsando el desarrollo vial de Ciudad Madero.<\/p>\n<p>&nbsp;<\/p>\n<p>Como primer punto, el Presidente Municipal dio arranque a los trabajos de pavimentaci\u00f3n a base de concreto asf\u00e1ltico y sus obras complementarias a realizarse en la calle Zapotal entre Blvd Adolfo Lopez Mateos y calle 7 de la colonia Esfuerzo Nacional, beneficiando directamente a 41 vecinos.<\/p>\n<p>&nbsp;<\/p>\n<p>Posteriormente, el Mun\u00edcipe se traslad\u00f3 junto con su equipo de trabajo, a la calle Cuauht\u00e9moc esquina sector 16 de Septiembre de la colonia Lucio Blanco, as\u00ed como a la calle Rio Soto la Marina esquina Rio San Marcos de la colonia 15 de Mayo, para dar el banderazo de inicio de la construcci\u00f3n de los puentes peatonales que se realizar\u00e1n mediante el Fondo de Aportaciones para la Infraestructura Social Municipal y de las Demarcaciones Territoriales del Distrito Federal (FISM-DF) Ejercicio 2024.<\/p>\n<p>&nbsp;<\/p>\n<p>Ah\u00ed, el alcalde Adri\u00e1n Oseguera reiter\u00f3 su compromiso por seguir construyendo un municipio m\u00e1s digno para todos, por ello, mencion\u00f3 que en este a\u00f1o no se bajar\u00e1 la guardia y seguir\u00e1 aumentando la conectividad vial de esta localidad.<\/p>\n<p>&nbsp;<\/p>\n<p>Adem\u00e1s, se\u00f1al\u00f3 que el principal objetivo de estas acciones es mejorar la calidad de vida de los maderenses, as\u00ed como aumentar la plusval\u00eda de sus hogares.<\/p>\n<p>&nbsp;<\/p>\n<p>Para finalizar su extensa jornada laboral, el presidente municipal Adri\u00e1n Oseguera Kernion, se desplaz\u00f3 a la calle Privada Naranjo de la colonia 15 de Mayo, donde tambi\u00e9n inici\u00f3 los trabajos de pavimentaci\u00f3n a base de concreto asf\u00e1ltico que ser\u00e1n llevados a cabo mediante el Ramo General 23 del Programa de Regularizaci\u00f3n de Veh\u00edculos Usados de Procedencia Extranjera Ejercicio 2023, donde adem\u00e1s ser\u00e1n beneficiados 60 maderenses.<\/p>\n","protected":false},"excerpt":{"rendered":"<p>Una intensa jornada de trabajo, realiz\u00f3 este jueves el alcalde Adri\u00e1n Oseguera Kernion, donde dio arranque a importantes obras de&hellip;<\/p>\n","protected":false},"author":1,"featured_media":49415,"comment_status":"open","ping_status":"open","sticky":false,"template":"","format":"standard","meta":{"footnotes":""},"categories":[4],"tags":[],"class_list":["post-49414","post","type-post","status-publish","format-standard","has-post-thumbnail","hentry","category-madero"],"yoast_head":"<!-- This site is optimized with the Yoast SEO plugin v27.5 - https:\/\/yoast.com\/product\/yoast-seo-wordpress\/ -->\n<title>ARRANCA ADRI\u00c1N OSEGUERA IMPORTANTES OBRAS DE PAVIMENTACI\u00d3N Y DE CONSTRUCCI\u00d3N DE PUENTES PEATONALES EN CD. MADERO - EL INFORMATIVO DE TAMAULIPAS<\/title>\n<meta name=\"description\" content=\"Una intensa jornada de trabajo, realiz\u00f3 este jueves el alcalde Adri\u00e1n Oseguera Kernion, donde dio arranque a importantes obras de pavimentaci\u00f3n, as\u00ed como\" \/>\n<meta name=\"robots\" content=\"index, follow, max-snippet:-1, max-image-preview:large, max-video-preview:-1\" \/>\n<link rel=\"canonical\" href=\"https:\/\/elinformativotam.com\/index.php\/2024\/02\/29\/arranca-adrian-oseguera-importantes-obras-de-pavimentacion-y-de-construccion-de-puentes-peatonales-en-cd-madero\/\" \/>\n<meta property=\"og:locale\" content=\"es_MX\" \/>\n<meta property=\"og:type\" content=\"article\" \/>\n<meta property=\"og:title\" content=\"ARRANCA ADRI\u00c1N OSEGUERA IMPORTANTES OBRAS DE PAVIMENTACI\u00d3N Y DE CONSTRUCCI\u00d3N DE PUENTES PEATONALES EN CD. MADERO - EL INFORMATIVO DE TAMAULIPAS\" \/>\n<meta property=\"og:description\" content=\"Una intensa jornada de trabajo, realiz\u00f3 este jueves el alcalde Adri\u00e1n Oseguera Kernion, donde dio arranque a importantes obras de pavimentaci\u00f3n, as\u00ed como\" \/>\n<meta property=\"og:url\" content=\"https:\/\/elinformativotam.com\/index.php\/2024\/02\/29\/arranca-adrian-oseguera-importantes-obras-de-pavimentacion-y-de-construccion-de-puentes-peatonales-en-cd-madero\/\" \/>\n<meta property=\"og:site_name\" content=\"EL INFORMATIVO DE TAMAULIPAS\" \/>\n<meta property=\"article:published_time\" content=\"2024-03-01T02:14:06+00:00\" \/>\n<meta property=\"og:image\" content=\"https:\/\/elinformativotam.com\/wp-content\/uploads\/2024\/02\/16-scaled.jpg\" \/>\n\t<meta property=\"og:image:width\" content=\"2560\" \/>\n\t<meta property=\"og:image:height\" content=\"1656\" \/>\n\t<meta property=\"og:image:type\" content=\"image\/jpeg\" \/>\n<meta name=\"author\" content=\"El Informativo Tam\" \/>\n<meta name=\"twitter:card\" content=\"summary_large_image\" \/>\n<meta name=\"twitter:label1\" content=\"Escrito por\" \/>\n\t<meta name=\"twitter:data1\" content=\"El Informativo Tam\" \/>\n\t<meta name=\"twitter:label2\" content=\"Tiempo de lectura\" \/>\n\t<meta name=\"twitter:data2\" content=\"2 minutos\" \/>\n<script type=\"application\/ld+json\" class=\"yoast-schema-graph\">{\"@context\":\"https:\\\/\\\/schema.org\",\"@graph\":[{\"@type\":\"Article\",\"@id\":\"https:\\\/\\\/elinformativotam.com\\\/index.php\\\/2024\\\/02\\\/29\\\/arranca-adrian-oseguera-importantes-obras-de-pavimentacion-y-de-construccion-de-puentes-peatonales-en-cd-madero\\\/#article\",\"isPartOf\":{\"@id\":\"https:\\\/\\\/elinformativotam.com\\\/index.php\\\/2024\\\/02\\\/29\\\/arranca-adrian-oseguera-importantes-obras-de-pavimentacion-y-de-construccion-de-puentes-peatonales-en-cd-madero\\\/\"},\"author\":{\"name\":\"El Informativo Tam\",\"@id\":\"https:\\\/\\\/elinformativotam.com\\\/#\\\/schema\\\/person\\\/78e08040eed0f6110f0c5f83b6153590\"},\"headline\":\"ARRANCA ADRI\u00c1N OSEGUERA IMPORTANTES OBRAS DE PAVIMENTACI\u00d3N Y DE CONSTRUCCI\u00d3N DE PUENTES PEATONALES EN CD. MADERO\",\"datePublished\":\"2024-03-01T02:14:06+00:00\",\"mainEntityOfPage\":{\"@id\":\"https:\\\/\\\/elinformativotam.com\\\/index.php\\\/2024\\\/02\\\/29\\\/arranca-adrian-oseguera-importantes-obras-de-pavimentacion-y-de-construccion-de-puentes-peatonales-en-cd-madero\\\/\"},\"wordCount\":336,\"commentCount\":0,\"publisher\":{\"@id\":\"https:\\\/\\\/elinformativotam.com\\\/#organization\"},\"image\":{\"@id\":\"https:\\\/\\\/elinformativotam.com\\\/index.php\\\/2024\\\/02\\\/29\\\/arranca-adrian-oseguera-importantes-obras-de-pavimentacion-y-de-construccion-de-puentes-peatonales-en-cd-madero\\\/#primaryimage\"},\"thumbnailUrl\":\"https:\\\/\\\/elinformativotam.com\\\/wp-content\\\/uploads\\\/2024\\\/02\\\/16-scaled.jpg\",\"articleSection\":[\"Cd Madero\"],\"inLanguage\":\"es\",\"potentialAction\":[{\"@type\":\"CommentAction\",\"name\":\"Comment\",\"target\":[\"https:\\\/\\\/elinformativotam.com\\\/index.php\\\/2024\\\/02\\\/29\\\/arranca-adrian-oseguera-importantes-obras-de-pavimentacion-y-de-construccion-de-puentes-peatonales-en-cd-madero\\\/#respond\"]}]},{\"@type\":\"WebPage\",\"@id\":\"https:\\\/\\\/elinformativotam.com\\\/index.php\\\/2024\\\/02\\\/29\\\/arranca-adrian-oseguera-importantes-obras-de-pavimentacion-y-de-construccion-de-puentes-peatonales-en-cd-madero\\\/\",\"url\":\"https:\\\/\\\/elinformativotam.com\\\/index.php\\\/2024\\\/02\\\/29\\\/arranca-adrian-oseguera-importantes-obras-de-pavimentacion-y-de-construccion-de-puentes-peatonales-en-cd-madero\\\/\",\"name\":\"ARRANCA ADRI\u00c1N OSEGUERA IMPORTANTES OBRAS DE PAVIMENTACI\u00d3N Y DE CONSTRUCCI\u00d3N DE PUENTES PEATONALES EN CD. MADERO - EL INFORMATIVO DE TAMAULIPAS\",\"isPartOf\":{\"@id\":\"https:\\\/\\\/elinformativotam.com\\\/#website\"},\"primaryImageOfPage\":{\"@id\":\"https:\\\/\\\/elinformativotam.com\\\/index.php\\\/2024\\\/02\\\/29\\\/arranca-adrian-oseguera-importantes-obras-de-pavimentacion-y-de-construccion-de-puentes-peatonales-en-cd-madero\\\/#primaryimage\"},\"image\":{\"@id\":\"https:\\\/\\\/elinformativotam.com\\\/index.php\\\/2024\\\/02\\\/29\\\/arranca-adrian-oseguera-importantes-obras-de-pavimentacion-y-de-construccion-de-puentes-peatonales-en-cd-madero\\\/#primaryimage\"},\"thumbnailUrl\":\"https:\\\/\\\/elinformativotam.com\\\/wp-content\\\/uploads\\\/2024\\\/02\\\/16-scaled.jpg\",\"datePublished\":\"2024-03-01T02:14:06+00:00\",\"description\":\"Una intensa jornada de trabajo, realiz\u00f3 este jueves el alcalde Adri\u00e1n Oseguera Kernion, donde dio arranque a importantes obras de pavimentaci\u00f3n, as\u00ed como\",\"inLanguage\":\"es\",\"potentialAction\":[{\"@type\":\"ReadAction\",\"target\":[\"https:\\\/\\\/elinformativotam.com\\\/index.php\\\/2024\\\/02\\\/29\\\/arranca-adrian-oseguera-importantes-obras-de-pavimentacion-y-de-construccion-de-puentes-peatonales-en-cd-madero\\\/\"]}]},{\"@type\":\"ImageObject\",\"inLanguage\":\"es\",\"@id\":\"https:\\\/\\\/elinformativotam.com\\\/index.php\\\/2024\\\/02\\\/29\\\/arranca-adrian-oseguera-importantes-obras-de-pavimentacion-y-de-construccion-de-puentes-peatonales-en-cd-madero\\\/#primaryimage\",\"url\":\"https:\\\/\\\/elinformativotam.com\\\/wp-content\\\/uploads\\\/2024\\\/02\\\/16-scaled.jpg\",\"contentUrl\":\"https:\\\/\\\/elinformativotam.com\\\/wp-content\\\/uploads\\\/2024\\\/02\\\/16-scaled.jpg\",\"width\":2560,\"height\":1656},{\"@type\":\"WebSite\",\"@id\":\"https:\\\/\\\/elinformativotam.com\\\/#website\",\"url\":\"https:\\\/\\\/elinformativotam.com\\\/\",\"name\":\"EL INFORMATIVO DE TAMAULIPAS\",\"description\":\"Desde la Zona Metropolitana Para Todo M\u00e9xico\",\"publisher\":{\"@id\":\"https:\\\/\\\/elinformativotam.com\\\/#organization\"},\"potentialAction\":[{\"@type\":\"SearchAction\",\"target\":{\"@type\":\"EntryPoint\",\"urlTemplate\":\"https:\\\/\\\/elinformativotam.com\\\/?s={search_term_string}\"},\"query-input\":{\"@type\":\"PropertyValueSpecification\",\"valueRequired\":true,\"valueName\":\"search_term_string\"}}],\"inLanguage\":\"es\"},{\"@type\":\"Organization\",\"@id\":\"https:\\\/\\\/elinformativotam.com\\\/#organization\",\"name\":\"EL INFORMATIVO DE TAMAULIPAS\",\"url\":\"https:\\\/\\\/elinformativotam.com\\\/\",\"logo\":{\"@type\":\"ImageObject\",\"inLanguage\":\"es\",\"@id\":\"https:\\\/\\\/elinformativotam.com\\\/#\\\/schema\\\/logo\\\/image\\\/\",\"url\":\"https:\\\/\\\/elinformativotam.com\\\/wp-content\\\/uploads\\\/2026\\\/02\\\/Cabezal.png\",\"contentUrl\":\"https:\\\/\\\/elinformativotam.com\\\/wp-content\\\/uploads\\\/2026\\\/02\\\/Cabezal.png\",\"width\":960,\"height\":640,\"caption\":\"EL INFORMATIVO DE TAMAULIPAS\"},\"image\":{\"@id\":\"https:\\\/\\\/elinformativotam.com\\\/#\\\/schema\\\/logo\\\/image\\\/\"}},{\"@type\":\"Person\",\"@id\":\"https:\\\/\\\/elinformativotam.com\\\/#\\\/schema\\\/person\\\/78e08040eed0f6110f0c5f83b6153590\",\"name\":\"El Informativo Tam\",\"image\":{\"@type\":\"ImageObject\",\"inLanguage\":\"es\",\"@id\":\"https:\\\/\\\/secure.gravatar.com\\\/avatar\\\/f3b7ad3af540688955925ac610647be00b0cf41feea9c4978b73a707ee86bc53?s=96&d=mm&r=g\",\"url\":\"https:\\\/\\\/secure.gravatar.com\\\/avatar\\\/f3b7ad3af540688955925ac610647be00b0cf41feea9c4978b73a707ee86bc53?s=96&d=mm&r=g\",\"contentUrl\":\"https:\\\/\\\/secure.gravatar.com\\\/avatar\\\/f3b7ad3af540688955925ac610647be00b0cf41feea9c4978b73a707ee86bc53?s=96&d=mm&r=g\",\"caption\":\"El Informativo Tam\"}}]}<\/script>\n<!-- \/ Yoast SEO plugin. -->","yoast_head_json":{"title":"ARRANCA ADRI\u00c1N OSEGUERA IMPORTANTES OBRAS DE PAVIMENTACI\u00d3N Y DE CONSTRUCCI\u00d3N DE PUENTES PEATONALES EN CD. MADERO - EL INFORMATIVO DE TAMAULIPAS","description":"Una intensa jornada de trabajo, realiz\u00f3 este jueves el alcalde Adri\u00e1n Oseguera Kernion, donde dio arranque a importantes obras de pavimentaci\u00f3n, as\u00ed como","robots":{"index":"index","follow":"follow","max-snippet":"max-snippet:-1","max-image-preview":"max-image-preview:large","max-video-preview":"max-video-preview:-1"},"canonical":"https:\/\/elinformativotam.com\/index.php\/2024\/02\/29\/arranca-adrian-oseguera-importantes-obras-de-pavimentacion-y-de-construccion-de-puentes-peatonales-en-cd-madero\/","og_locale":"es_MX","og_type":"article","og_title":"ARRANCA ADRI\u00c1N OSEGUERA IMPORTANTES OBRAS DE PAVIMENTACI\u00d3N Y DE CONSTRUCCI\u00d3N DE PUENTES PEATONALES EN CD. MADERO - EL INFORMATIVO DE TAMAULIPAS","og_description":"Una intensa jornada de trabajo, realiz\u00f3 este jueves el alcalde Adri\u00e1n Oseguera Kernion, donde dio arranque a importantes obras de pavimentaci\u00f3n, as\u00ed como","og_url":"https:\/\/elinformativotam.com\/index.php\/2024\/02\/29\/arranca-adrian-oseguera-importantes-obras-de-pavimentacion-y-de-construccion-de-puentes-peatonales-en-cd-madero\/","og_site_name":"EL INFORMATIVO DE TAMAULIPAS","article_published_time":"2024-03-01T02:14:06+00:00","og_image":[{"width":2560,"height":1656,"url":"https:\/\/elinformativotam.com\/wp-content\/uploads\/2024\/02\/16-scaled.jpg","type":"image\/jpeg"}],"author":"El Informativo Tam","twitter_card":"summary_large_image","twitter_misc":{"Escrito por":"El Informativo Tam","Tiempo de lectura":"2 minutos"},"schema":{"@context":"https:\/\/schema.org","@graph":[{"@type":"Article","@id":"https:\/\/elinformativotam.com\/index.php\/2024\/02\/29\/arranca-adrian-oseguera-importantes-obras-de-pavimentacion-y-de-construccion-de-puentes-peatonales-en-cd-madero\/#article","isPartOf":{"@id":"https:\/\/elinformativotam.com\/index.php\/2024\/02\/29\/arranca-adrian-oseguera-importantes-obras-de-pavimentacion-y-de-construccion-de-puentes-peatonales-en-cd-madero\/"},"author":{"name":"El Informativo Tam","@id":"https:\/\/elinformativotam.com\/#\/schema\/person\/78e08040eed0f6110f0c5f83b6153590"},"headline":"ARRANCA ADRI\u00c1N OSEGUERA IMPORTANTES OBRAS DE PAVIMENTACI\u00d3N Y DE CONSTRUCCI\u00d3N DE PUENTES PEATONALES EN CD. MADERO","datePublished":"2024-03-01T02:14:06+00:00","mainEntityOfPage":{"@id":"https:\/\/elinformativotam.com\/index.php\/2024\/02\/29\/arranca-adrian-oseguera-importantes-obras-de-pavimentacion-y-de-construccion-de-puentes-peatonales-en-cd-madero\/"},"wordCount":336,"commentCount":0,"publisher":{"@id":"https:\/\/elinformativotam.com\/#organization"},"image":{"@id":"https:\/\/elinformativotam.com\/index.php\/2024\/02\/29\/arranca-adrian-oseguera-importantes-obras-de-pavimentacion-y-de-construccion-de-puentes-peatonales-en-cd-madero\/#primaryimage"},"thumbnailUrl":"https:\/\/elinformativotam.com\/wp-content\/uploads\/2024\/02\/16-scaled.jpg","articleSection":["Cd Madero"],"inLanguage":"es","potentialAction":[{"@type":"CommentAction","name":"Comment","target":["https:\/\/elinformativotam.com\/index.php\/2024\/02\/29\/arranca-adrian-oseguera-importantes-obras-de-pavimentacion-y-de-construccion-de-puentes-peatonales-en-cd-madero\/#respond"]}]},{"@type":"WebPage","@id":"https:\/\/elinformativotam.com\/index.php\/2024\/02\/29\/arranca-adrian-oseguera-importantes-obras-de-pavimentacion-y-de-construccion-de-puentes-peatonales-en-cd-madero\/","url":"https:\/\/elinformativotam.com\/index.php\/2024\/02\/29\/arranca-adrian-oseguera-importantes-obras-de-pavimentacion-y-de-construccion-de-puentes-peatonales-en-cd-madero\/","name":"ARRANCA ADRI\u00c1N OSEGUERA IMPORTANTES OBRAS DE PAVIMENTACI\u00d3N Y DE CONSTRUCCI\u00d3N DE PUENTES PEATONALES EN CD. MADERO - EL INFORMATIVO DE TAMAULIPAS","isPartOf":{"@id":"https:\/\/elinformativotam.com\/#website"},"primaryImageOfPage":{"@id":"https:\/\/elinformativotam.com\/index.php\/2024\/02\/29\/arranca-adrian-oseguera-importantes-obras-de-pavimentacion-y-de-construccion-de-puentes-peatonales-en-cd-madero\/#primaryimage"},"image":{"@id":"https:\/\/elinformativotam.com\/index.php\/2024\/02\/29\/arranca-adrian-oseguera-importantes-obras-de-pavimentacion-y-de-construccion-de-puentes-peatonales-en-cd-madero\/#primaryimage"},"thumbnailUrl":"https:\/\/elinformativotam.com\/wp-content\/uploads\/2024\/02\/16-scaled.jpg","datePublished":"2024-03-01T02:14:06+00:00","description":"Una intensa jornada de trabajo, realiz\u00f3 este jueves el alcalde Adri\u00e1n Oseguera Kernion, donde dio arranque a importantes obras de pavimentaci\u00f3n, as\u00ed como","inLanguage":"es","potentialAction":[{"@type":"ReadAction","target":["https:\/\/elinformativotam.com\/index.php\/2024\/02\/29\/arranca-adrian-oseguera-importantes-obras-de-pavimentacion-y-de-construccion-de-puentes-peatonales-en-cd-madero\/"]}]},{"@type":"ImageObject","inLanguage":"es","@id":"https:\/\/elinformativotam.com\/index.php\/2024\/02\/29\/arranca-adrian-oseguera-importantes-obras-de-pavimentacion-y-de-construccion-de-puentes-peatonales-en-cd-madero\/#primaryimage","url":"https:\/\/elinformativotam.com\/wp-content\/uploads\/2024\/02\/16-scaled.jpg","contentUrl":"https:\/\/elinformativotam.com\/wp-content\/uploads\/2024\/02\/16-scaled.jpg","width":2560,"height":1656},{"@type":"WebSite","@id":"https:\/\/elinformativotam.com\/#website","url":"https:\/\/elinformativotam.com\/","name":"EL INFORMATIVO DE TAMAULIPAS","description":"Desde la Zona Metropolitana Para Todo M\u00e9xico","publisher":{"@id":"https:\/\/elinformativotam.com\/#organization"},"potentialAction":[{"@type":"SearchAction","target":{"@type":"EntryPoint","urlTemplate":"https:\/\/elinformativotam.com\/?s={search_term_string}"},"query-input":{"@type":"PropertyValueSpecification","valueRequired":true,"valueName":"search_term_string"}}],"inLanguage":"es"},{"@type":"Organization","@id":"https:\/\/elinformativotam.com\/#organization","name":"EL INFORMATIVO DE TAMAULIPAS","url":"https:\/\/elinformativotam.com\/","logo":{"@type":"ImageObject","inLanguage":"es","@id":"https:\/\/elinformativotam.com\/#\/schema\/logo\/image\/","url":"https:\/\/elinformativotam.com\/wp-content\/uploads\/2026\/02\/Cabezal.png","contentUrl":"https:\/\/elinformativotam.com\/wp-content\/uploads\/2026\/02\/Cabezal.png","width":960,"height":640,"caption":"EL INFORMATIVO DE TAMAULIPAS"},"image":{"@id":"https:\/\/elinformativotam.com\/#\/schema\/logo\/image\/"}},{"@type":"Person","@id":"https:\/\/elinformativotam.com\/#\/schema\/person\/78e08040eed0f6110f0c5f83b6153590","name":"El Informativo Tam","image":{"@type":"ImageObject","inLanguage":"es","@id":"https:\/\/secure.gravatar.com\/avatar\/f3b7ad3af540688955925ac610647be00b0cf41feea9c4978b73a707ee86bc53?s=96&d=mm&r=g","url":"https:\/\/secure.gravatar.com\/avatar\/f3b7ad3af540688955925ac610647be00b0cf41feea9c4978b73a707ee86bc53?s=96&d=mm&r=g","contentUrl":"https:\/\/secure.gravatar.com\/avatar\/f3b7ad3af540688955925ac610647be00b0cf41feea9c4978b73a707ee86bc53?s=96&d=mm&r=g","caption":"El Informativo Tam"}}]}},"_links":{"self":[{"href":"https:\/\/elinformativotam.com\/index.php\/wp-json\/wp\/v2\/posts\/49414","targetHints":{"allow":["GET"]}}],"collection":[{"href":"https:\/\/elinformativotam.com\/index.php\/wp-json\/wp\/v2\/posts"}],"about":[{"href":"https:\/\/elinformativotam.com\/index.php\/wp-json\/wp\/v2\/types\/post"}],"author":[{"embeddable":true,"href":"https:\/\/elinformativotam.com\/index.php\/wp-json\/wp\/v2\/users\/1"}],"replies":[{"embeddable":true,"href":"https:\/\/elinformativotam.com\/index.php\/wp-json\/wp\/v2\/comments?post=49414"}],"version-history":[{"count":1,"href":"https:\/\/elinformativotam.com\/index.php\/wp-json\/wp\/v2\/posts\/49414\/revisions"}],"predecessor-version":[{"id":49416,"href":"https:\/\/elinformativotam.com\/index.php\/wp-json\/wp\/v2\/posts\/49414\/revisions\/49416"}],"wp:featuredmedia":[{"embeddable":true,"href":"https:\/\/elinformativotam.com\/index.php\/wp-json\/wp\/v2\/media\/49415"}],"wp:attachment":[{"href":"https:\/\/elinformativotam.com\/index.php\/wp-json\/wp\/v2\/media?parent=49414"}],"wp:term":[{"taxonomy":"category","embeddable":true,"href":"https:\/\/elinformativotam.com\/index.php\/wp-json\/wp\/v2\/categories?post=49414"},{"taxonomy":"post_tag","embeddable":true,"href":"https:\/\/elinformativotam.com\/index.php\/wp-json\/wp\/v2\/tags?post=49414"}],"curies":[{"name":"wp","href":"https:\/\/api.w.org\/{rel}","templated":true}]}}