{"id":49411,"date":"2024-02-29T20:07:00","date_gmt":"2024-03-01T02:07:00","guid":{"rendered":"https:\/\/elinformativotam.com\/?p=49411"},"modified":"2024-02-29T20:07:00","modified_gmt":"2024-03-01T02:07:00","slug":"conceden-licencia-a-mon-maron-va-por-la-alcaldia-de-tampico","status":"publish","type":"post","link":"https:\/\/elinformativotam.com\/index.php\/2024\/02\/29\/conceden-licencia-a-mon-maron-va-por-la-alcaldia-de-tampico\/","title":{"rendered":"CONCEDEN LICENCIA A MON MAR\u00d3N, VA POR LA ALCALD\u00cdA DE TAMPICO"},"content":{"rendered":"<p>El d\u00eda de hoy el Diputado Mon Mar\u00f3n present\u00f3 al Congreso del Estado de Tamaulipas solicitud de licencia para separarse de su cargo con el fin de contender como candidato de la alianza PAN-PRI a la alcald\u00eda de su natal Tampico.<\/p>\n<p>&nbsp;<\/p>\n<p>En la reflexi\u00f3n de su solicitud habl\u00f3 de su amor por su ciudad y del alto compromiso con el trabajo que le espera para llevar a Tampico a mejores niveles de vida para todas las familias del puerto.<\/p>\n<p>&nbsp;<\/p>\n<p>\u201cQuiero trabajar d\u00eda y noche de la mano de los tampique\u00f1os, lograr construir una ciudad en la que todos quepamos, con paz, con desarrollo, con mucho turismo y mejor infraestructura\u201d, remarc\u00f3.<\/p>\n<p>&nbsp;<\/p>\n<p>La solicitud de Mon Mar\u00f3n se sustenta en el amplio proselitismo pol\u00edtico y social que ha venido desarrollando a lo largo de los \u00faltimos a\u00f1os en donde ha presentado m\u00e1s de 80 iniciativas de ley y ha entregado m\u00e1s de 150 mil apoyos sociales y econ\u00f3micos a las familias m\u00e1s desfavorecidas de Tampico.<\/p>\n<p>&nbsp;<\/p>\n<p>Respaldado por 8 de cada 10 ciudadanos de la ciudad que lo quieren ver en la boleta electoral de acuerdo a las \u00faltimas encuestas, el ahora ex diputado, apresur\u00f3 a su partido a decidir con solvencia moral, compromiso social y escuchando a los ciudadanos: \u201cqueremos consenso y no dedazo, queremos que Acci\u00f3n Nacional sea ejemplo de transparencia y democracia, y no de imposiciones que son apuestas que pueden poner en riesgo la continuaci\u00f3n del cambio en el puerto\u201d, aseguro. \u201cIremos hasta el final porque Tampico se merece un proyecto con altura de miras sustentado en un alto valor ciudadano como el que yo represento\u201d finaliz\u00f3.<\/p>\n","protected":false},"excerpt":{"rendered":"<p>El d\u00eda de hoy el Diputado Mon Mar\u00f3n present\u00f3 al Congreso del Estado de Tamaulipas solicitud de licencia para separarse&hellip;<\/p>\n","protected":false},"author":1,"featured_media":49412,"comment_status":"open","ping_status":"open","sticky":false,"template":"","format":"standard","meta":{"footnotes":""},"categories":[3],"tags":[],"class_list":["post-49411","post","type-post","status-publish","format-standard","has-post-thumbnail","hentry","category-tampico"],"yoast_head":"<!-- This site is optimized with the Yoast SEO plugin v27.5 - https:\/\/yoast.com\/product\/yoast-seo-wordpress\/ -->\n<title>CONCEDEN LICENCIA A MON MAR\u00d3N, VA POR LA ALCALD\u00cdA DE TAMPICO - EL INFORMATIVO DE TAMAULIPAS<\/title>\n<meta name=\"description\" content=\"El d\u00eda de hoy el Diputado Mon Mar\u00f3n present\u00f3 al Congreso del Estado de Tamaulipas solicitud de licencia para separarse de su cargo con el fin de contender\" \/>\n<meta name=\"robots\" content=\"index, follow, max-snippet:-1, max-image-preview:large, max-video-preview:-1\" \/>\n<link rel=\"canonical\" href=\"https:\/\/elinformativotam.com\/index.php\/2024\/02\/29\/conceden-licencia-a-mon-maron-va-por-la-alcaldia-de-tampico\/\" \/>\n<meta property=\"og:locale\" content=\"es_MX\" \/>\n<meta property=\"og:type\" content=\"article\" \/>\n<meta property=\"og:title\" content=\"CONCEDEN LICENCIA A MON MAR\u00d3N, VA POR LA ALCALD\u00cdA DE TAMPICO - EL INFORMATIVO DE TAMAULIPAS\" \/>\n<meta property=\"og:description\" content=\"El d\u00eda de hoy el Diputado Mon Mar\u00f3n present\u00f3 al Congreso del Estado de Tamaulipas solicitud de licencia para separarse de su cargo con el fin de contender\" \/>\n<meta property=\"og:url\" content=\"https:\/\/elinformativotam.com\/index.php\/2024\/02\/29\/conceden-licencia-a-mon-maron-va-por-la-alcaldia-de-tampico\/\" \/>\n<meta property=\"og:site_name\" content=\"EL INFORMATIVO DE TAMAULIPAS\" \/>\n<meta property=\"article:published_time\" content=\"2024-03-01T02:07:00+00:00\" \/>\n<meta property=\"og:image\" content=\"https:\/\/elinformativotam.com\/wp-content\/uploads\/2024\/02\/Mon.jpeg\" \/>\n\t<meta property=\"og:image:width\" content=\"1280\" \/>\n\t<meta property=\"og:image:height\" content=\"854\" \/>\n\t<meta property=\"og:image:type\" content=\"image\/jpeg\" \/>\n<meta name=\"author\" content=\"El Informativo Tam\" \/>\n<meta name=\"twitter:card\" content=\"summary_large_image\" \/>\n<meta name=\"twitter:label1\" content=\"Escrito por\" \/>\n\t<meta name=\"twitter:data1\" content=\"El Informativo Tam\" \/>\n\t<meta name=\"twitter:label2\" content=\"Tiempo de lectura\" \/>\n\t<meta name=\"twitter:data2\" content=\"1 minuto\" \/>\n<script type=\"application\/ld+json\" class=\"yoast-schema-graph\">{\"@context\":\"https:\\\/\\\/schema.org\",\"@graph\":[{\"@type\":\"Article\",\"@id\":\"https:\\\/\\\/elinformativotam.com\\\/index.php\\\/2024\\\/02\\\/29\\\/conceden-licencia-a-mon-maron-va-por-la-alcaldia-de-tampico\\\/#article\",\"isPartOf\":{\"@id\":\"https:\\\/\\\/elinformativotam.com\\\/index.php\\\/2024\\\/02\\\/29\\\/conceden-licencia-a-mon-maron-va-por-la-alcaldia-de-tampico\\\/\"},\"author\":{\"name\":\"El Informativo Tam\",\"@id\":\"https:\\\/\\\/elinformativotam.com\\\/#\\\/schema\\\/person\\\/78e08040eed0f6110f0c5f83b6153590\"},\"headline\":\"CONCEDEN LICENCIA A MON MAR\u00d3N, VA POR LA ALCALD\u00cdA DE TAMPICO\",\"datePublished\":\"2024-03-01T02:07:00+00:00\",\"mainEntityOfPage\":{\"@id\":\"https:\\\/\\\/elinformativotam.com\\\/index.php\\\/2024\\\/02\\\/29\\\/conceden-licencia-a-mon-maron-va-por-la-alcaldia-de-tampico\\\/\"},\"wordCount\":296,\"commentCount\":0,\"publisher\":{\"@id\":\"https:\\\/\\\/elinformativotam.com\\\/#organization\"},\"image\":{\"@id\":\"https:\\\/\\\/elinformativotam.com\\\/index.php\\\/2024\\\/02\\\/29\\\/conceden-licencia-a-mon-maron-va-por-la-alcaldia-de-tampico\\\/#primaryimage\"},\"thumbnailUrl\":\"https:\\\/\\\/elinformativotam.com\\\/wp-content\\\/uploads\\\/2024\\\/02\\\/Mon.jpeg\",\"articleSection\":[\"Tampico\"],\"inLanguage\":\"es\",\"potentialAction\":[{\"@type\":\"CommentAction\",\"name\":\"Comment\",\"target\":[\"https:\\\/\\\/elinformativotam.com\\\/index.php\\\/2024\\\/02\\\/29\\\/conceden-licencia-a-mon-maron-va-por-la-alcaldia-de-tampico\\\/#respond\"]}]},{\"@type\":\"WebPage\",\"@id\":\"https:\\\/\\\/elinformativotam.com\\\/index.php\\\/2024\\\/02\\\/29\\\/conceden-licencia-a-mon-maron-va-por-la-alcaldia-de-tampico\\\/\",\"url\":\"https:\\\/\\\/elinformativotam.com\\\/index.php\\\/2024\\\/02\\\/29\\\/conceden-licencia-a-mon-maron-va-por-la-alcaldia-de-tampico\\\/\",\"name\":\"CONCEDEN LICENCIA A MON MAR\u00d3N, VA POR LA ALCALD\u00cdA DE TAMPICO - EL INFORMATIVO DE TAMAULIPAS\",\"isPartOf\":{\"@id\":\"https:\\\/\\\/elinformativotam.com\\\/#website\"},\"primaryImageOfPage\":{\"@id\":\"https:\\\/\\\/elinformativotam.com\\\/index.php\\\/2024\\\/02\\\/29\\\/conceden-licencia-a-mon-maron-va-por-la-alcaldia-de-tampico\\\/#primaryimage\"},\"image\":{\"@id\":\"https:\\\/\\\/elinformativotam.com\\\/index.php\\\/2024\\\/02\\\/29\\\/conceden-licencia-a-mon-maron-va-por-la-alcaldia-de-tampico\\\/#primaryimage\"},\"thumbnailUrl\":\"https:\\\/\\\/elinformativotam.com\\\/wp-content\\\/uploads\\\/2024\\\/02\\\/Mon.jpeg\",\"datePublished\":\"2024-03-01T02:07:00+00:00\",\"description\":\"El d\u00eda de hoy el Diputado Mon Mar\u00f3n present\u00f3 al Congreso del Estado de Tamaulipas solicitud de licencia para separarse de su cargo con el fin de contender\",\"inLanguage\":\"es\",\"potentialAction\":[{\"@type\":\"ReadAction\",\"target\":[\"https:\\\/\\\/elinformativotam.com\\\/index.php\\\/2024\\\/02\\\/29\\\/conceden-licencia-a-mon-maron-va-por-la-alcaldia-de-tampico\\\/\"]}]},{\"@type\":\"ImageObject\",\"inLanguage\":\"es\",\"@id\":\"https:\\\/\\\/elinformativotam.com\\\/index.php\\\/2024\\\/02\\\/29\\\/conceden-licencia-a-mon-maron-va-por-la-alcaldia-de-tampico\\\/#primaryimage\",\"url\":\"https:\\\/\\\/elinformativotam.com\\\/wp-content\\\/uploads\\\/2024\\\/02\\\/Mon.jpeg\",\"contentUrl\":\"https:\\\/\\\/elinformativotam.com\\\/wp-content\\\/uploads\\\/2024\\\/02\\\/Mon.jpeg\",\"width\":1280,\"height\":854},{\"@type\":\"WebSite\",\"@id\":\"https:\\\/\\\/elinformativotam.com\\\/#website\",\"url\":\"https:\\\/\\\/elinformativotam.com\\\/\",\"name\":\"EL INFORMATIVO DE TAMAULIPAS\",\"description\":\"Desde la Zona Metropolitana Para Todo M\u00e9xico\",\"publisher\":{\"@id\":\"https:\\\/\\\/elinformativotam.com\\\/#organization\"},\"potentialAction\":[{\"@type\":\"SearchAction\",\"target\":{\"@type\":\"EntryPoint\",\"urlTemplate\":\"https:\\\/\\\/elinformativotam.com\\\/?s={search_term_string}\"},\"query-input\":{\"@type\":\"PropertyValueSpecification\",\"valueRequired\":true,\"valueName\":\"search_term_string\"}}],\"inLanguage\":\"es\"},{\"@type\":\"Organization\",\"@id\":\"https:\\\/\\\/elinformativotam.com\\\/#organization\",\"name\":\"EL INFORMATIVO DE TAMAULIPAS\",\"url\":\"https:\\\/\\\/elinformativotam.com\\\/\",\"logo\":{\"@type\":\"ImageObject\",\"inLanguage\":\"es\",\"@id\":\"https:\\\/\\\/elinformativotam.com\\\/#\\\/schema\\\/logo\\\/image\\\/\",\"url\":\"https:\\\/\\\/elinformativotam.com\\\/wp-content\\\/uploads\\\/2026\\\/02\\\/Cabezal.png\",\"contentUrl\":\"https:\\\/\\\/elinformativotam.com\\\/wp-content\\\/uploads\\\/2026\\\/02\\\/Cabezal.png\",\"width\":960,\"height\":640,\"caption\":\"EL INFORMATIVO DE TAMAULIPAS\"},\"image\":{\"@id\":\"https:\\\/\\\/elinformativotam.com\\\/#\\\/schema\\\/logo\\\/image\\\/\"}},{\"@type\":\"Person\",\"@id\":\"https:\\\/\\\/elinformativotam.com\\\/#\\\/schema\\\/person\\\/78e08040eed0f6110f0c5f83b6153590\",\"name\":\"El Informativo Tam\",\"image\":{\"@type\":\"ImageObject\",\"inLanguage\":\"es\",\"@id\":\"https:\\\/\\\/secure.gravatar.com\\\/avatar\\\/f3b7ad3af540688955925ac610647be00b0cf41feea9c4978b73a707ee86bc53?s=96&d=mm&r=g\",\"url\":\"https:\\\/\\\/secure.gravatar.com\\\/avatar\\\/f3b7ad3af540688955925ac610647be00b0cf41feea9c4978b73a707ee86bc53?s=96&d=mm&r=g\",\"contentUrl\":\"https:\\\/\\\/secure.gravatar.com\\\/avatar\\\/f3b7ad3af540688955925ac610647be00b0cf41feea9c4978b73a707ee86bc53?s=96&d=mm&r=g\",\"caption\":\"El Informativo Tam\"}}]}<\/script>\n<!-- \/ Yoast SEO plugin. -->","yoast_head_json":{"title":"CONCEDEN LICENCIA A MON MAR\u00d3N, VA POR LA ALCALD\u00cdA DE TAMPICO - EL INFORMATIVO DE TAMAULIPAS","description":"El d\u00eda de hoy el Diputado Mon Mar\u00f3n present\u00f3 al Congreso del Estado de Tamaulipas solicitud de licencia para separarse de su cargo con el fin de contender","robots":{"index":"index","follow":"follow","max-snippet":"max-snippet:-1","max-image-preview":"max-image-preview:large","max-video-preview":"max-video-preview:-1"},"canonical":"https:\/\/elinformativotam.com\/index.php\/2024\/02\/29\/conceden-licencia-a-mon-maron-va-por-la-alcaldia-de-tampico\/","og_locale":"es_MX","og_type":"article","og_title":"CONCEDEN LICENCIA A MON MAR\u00d3N, VA POR LA ALCALD\u00cdA DE TAMPICO - EL INFORMATIVO DE TAMAULIPAS","og_description":"El d\u00eda de hoy el Diputado Mon Mar\u00f3n present\u00f3 al Congreso del Estado de Tamaulipas solicitud de licencia para separarse de su cargo con el fin de contender","og_url":"https:\/\/elinformativotam.com\/index.php\/2024\/02\/29\/conceden-licencia-a-mon-maron-va-por-la-alcaldia-de-tampico\/","og_site_name":"EL INFORMATIVO DE TAMAULIPAS","article_published_time":"2024-03-01T02:07:00+00:00","og_image":[{"width":1280,"height":854,"url":"https:\/\/elinformativotam.com\/wp-content\/uploads\/2024\/02\/Mon.jpeg","type":"image\/jpeg"}],"author":"El Informativo Tam","twitter_card":"summary_large_image","twitter_misc":{"Escrito por":"El Informativo Tam","Tiempo de lectura":"1 minuto"},"schema":{"@context":"https:\/\/schema.org","@graph":[{"@type":"Article","@id":"https:\/\/elinformativotam.com\/index.php\/2024\/02\/29\/conceden-licencia-a-mon-maron-va-por-la-alcaldia-de-tampico\/#article","isPartOf":{"@id":"https:\/\/elinformativotam.com\/index.php\/2024\/02\/29\/conceden-licencia-a-mon-maron-va-por-la-alcaldia-de-tampico\/"},"author":{"name":"El Informativo Tam","@id":"https:\/\/elinformativotam.com\/#\/schema\/person\/78e08040eed0f6110f0c5f83b6153590"},"headline":"CONCEDEN LICENCIA A MON MAR\u00d3N, VA POR LA ALCALD\u00cdA DE TAMPICO","datePublished":"2024-03-01T02:07:00+00:00","mainEntityOfPage":{"@id":"https:\/\/elinformativotam.com\/index.php\/2024\/02\/29\/conceden-licencia-a-mon-maron-va-por-la-alcaldia-de-tampico\/"},"wordCount":296,"commentCount":0,"publisher":{"@id":"https:\/\/elinformativotam.com\/#organization"},"image":{"@id":"https:\/\/elinformativotam.com\/index.php\/2024\/02\/29\/conceden-licencia-a-mon-maron-va-por-la-alcaldia-de-tampico\/#primaryimage"},"thumbnailUrl":"https:\/\/elinformativotam.com\/wp-content\/uploads\/2024\/02\/Mon.jpeg","articleSection":["Tampico"],"inLanguage":"es","potentialAction":[{"@type":"CommentAction","name":"Comment","target":["https:\/\/elinformativotam.com\/index.php\/2024\/02\/29\/conceden-licencia-a-mon-maron-va-por-la-alcaldia-de-tampico\/#respond"]}]},{"@type":"WebPage","@id":"https:\/\/elinformativotam.com\/index.php\/2024\/02\/29\/conceden-licencia-a-mon-maron-va-por-la-alcaldia-de-tampico\/","url":"https:\/\/elinformativotam.com\/index.php\/2024\/02\/29\/conceden-licencia-a-mon-maron-va-por-la-alcaldia-de-tampico\/","name":"CONCEDEN LICENCIA A MON MAR\u00d3N, VA POR LA ALCALD\u00cdA DE TAMPICO - EL INFORMATIVO DE TAMAULIPAS","isPartOf":{"@id":"https:\/\/elinformativotam.com\/#website"},"primaryImageOfPage":{"@id":"https:\/\/elinformativotam.com\/index.php\/2024\/02\/29\/conceden-licencia-a-mon-maron-va-por-la-alcaldia-de-tampico\/#primaryimage"},"image":{"@id":"https:\/\/elinformativotam.com\/index.php\/2024\/02\/29\/conceden-licencia-a-mon-maron-va-por-la-alcaldia-de-tampico\/#primaryimage"},"thumbnailUrl":"https:\/\/elinformativotam.com\/wp-content\/uploads\/2024\/02\/Mon.jpeg","datePublished":"2024-03-01T02:07:00+00:00","description":"El d\u00eda de hoy el Diputado Mon Mar\u00f3n present\u00f3 al Congreso del Estado de Tamaulipas solicitud de licencia para separarse de su cargo con el fin de contender","inLanguage":"es","potentialAction":[{"@type":"ReadAction","target":["https:\/\/elinformativotam.com\/index.php\/2024\/02\/29\/conceden-licencia-a-mon-maron-va-por-la-alcaldia-de-tampico\/"]}]},{"@type":"ImageObject","inLanguage":"es","@id":"https:\/\/elinformativotam.com\/index.php\/2024\/02\/29\/conceden-licencia-a-mon-maron-va-por-la-alcaldia-de-tampico\/#primaryimage","url":"https:\/\/elinformativotam.com\/wp-content\/uploads\/2024\/02\/Mon.jpeg","contentUrl":"https:\/\/elinformativotam.com\/wp-content\/uploads\/2024\/02\/Mon.jpeg","width":1280,"height":854},{"@type":"WebSite","@id":"https:\/\/elinformativotam.com\/#website","url":"https:\/\/elinformativotam.com\/","name":"EL INFORMATIVO DE TAMAULIPAS","description":"Desde la Zona Metropolitana Para Todo M\u00e9xico","publisher":{"@id":"https:\/\/elinformativotam.com\/#organization"},"potentialAction":[{"@type":"SearchAction","target":{"@type":"EntryPoint","urlTemplate":"https:\/\/elinformativotam.com\/?s={search_term_string}"},"query-input":{"@type":"PropertyValueSpecification","valueRequired":true,"valueName":"search_term_string"}}],"inLanguage":"es"},{"@type":"Organization","@id":"https:\/\/elinformativotam.com\/#organization","name":"EL INFORMATIVO DE TAMAULIPAS","url":"https:\/\/elinformativotam.com\/","logo":{"@type":"ImageObject","inLanguage":"es","@id":"https:\/\/elinformativotam.com\/#\/schema\/logo\/image\/","url":"https:\/\/elinformativotam.com\/wp-content\/uploads\/2026\/02\/Cabezal.png","contentUrl":"https:\/\/elinformativotam.com\/wp-content\/uploads\/2026\/02\/Cabezal.png","width":960,"height":640,"caption":"EL INFORMATIVO DE TAMAULIPAS"},"image":{"@id":"https:\/\/elinformativotam.com\/#\/schema\/logo\/image\/"}},{"@type":"Person","@id":"https:\/\/elinformativotam.com\/#\/schema\/person\/78e08040eed0f6110f0c5f83b6153590","name":"El Informativo Tam","image":{"@type":"ImageObject","inLanguage":"es","@id":"https:\/\/secure.gravatar.com\/avatar\/f3b7ad3af540688955925ac610647be00b0cf41feea9c4978b73a707ee86bc53?s=96&d=mm&r=g","url":"https:\/\/secure.gravatar.com\/avatar\/f3b7ad3af540688955925ac610647be00b0cf41feea9c4978b73a707ee86bc53?s=96&d=mm&r=g","contentUrl":"https:\/\/secure.gravatar.com\/avatar\/f3b7ad3af540688955925ac610647be00b0cf41feea9c4978b73a707ee86bc53?s=96&d=mm&r=g","caption":"El Informativo Tam"}}]}},"_links":{"self":[{"href":"https:\/\/elinformativotam.com\/index.php\/wp-json\/wp\/v2\/posts\/49411","targetHints":{"allow":["GET"]}}],"collection":[{"href":"https:\/\/elinformativotam.com\/index.php\/wp-json\/wp\/v2\/posts"}],"about":[{"href":"https:\/\/elinformativotam.com\/index.php\/wp-json\/wp\/v2\/types\/post"}],"author":[{"embeddable":true,"href":"https:\/\/elinformativotam.com\/index.php\/wp-json\/wp\/v2\/users\/1"}],"replies":[{"embeddable":true,"href":"https:\/\/elinformativotam.com\/index.php\/wp-json\/wp\/v2\/comments?post=49411"}],"version-history":[{"count":1,"href":"https:\/\/elinformativotam.com\/index.php\/wp-json\/wp\/v2\/posts\/49411\/revisions"}],"predecessor-version":[{"id":49413,"href":"https:\/\/elinformativotam.com\/index.php\/wp-json\/wp\/v2\/posts\/49411\/revisions\/49413"}],"wp:featuredmedia":[{"embeddable":true,"href":"https:\/\/elinformativotam.com\/index.php\/wp-json\/wp\/v2\/media\/49412"}],"wp:attachment":[{"href":"https:\/\/elinformativotam.com\/index.php\/wp-json\/wp\/v2\/media?parent=49411"}],"wp:term":[{"taxonomy":"category","embeddable":true,"href":"https:\/\/elinformativotam.com\/index.php\/wp-json\/wp\/v2\/categories?post=49411"},{"taxonomy":"post_tag","embeddable":true,"href":"https:\/\/elinformativotam.com\/index.php\/wp-json\/wp\/v2\/tags?post=49411"}],"curies":[{"name":"wp","href":"https:\/\/api.w.org\/{rel}","templated":true}]}}