{"id":49403,"date":"2024-02-29T00:02:08","date_gmt":"2024-02-29T06:02:08","guid":{"rendered":"https:\/\/elinformativotam.com\/?p=49403"},"modified":"2024-02-29T00:02:08","modified_gmt":"2024-02-29T06:02:08","slug":"padres-de-familia-reabren-la-secundaria-87","status":"publish","type":"post","link":"https:\/\/elinformativotam.com\/index.php\/2024\/02\/29\/padres-de-familia-reabren-la-secundaria-87\/","title":{"rendered":"PADRES DE FAMILIA REABREN LA SECUNDARIA 87"},"content":{"rendered":"<p>Despu\u00e9s de 12 meses y tras llegar a una negociaci\u00f3n con los padres de familia, este mi\u00e9rcoles se autoriz\u00f3 abrir las puertas a la Comisi\u00f3n procedente de Ciudad Victoria para comenzar con la revisi\u00f3n de cuentas y todo lo referente a la administraci\u00f3n de la escuela t\u00e9cnica 87 \u201cIndependencia de M\u00e9xico\u201d.<\/p>\n<p>&nbsp;<\/p>\n<p>Esto se dio en medio de incertidumbre por parte de padres de familia, quienes antes de comenzar hablaron de todas las irregularidades que han existido y de las condiciones de la escuela, donde aseguran la directora tiene mucho que ver, adem\u00e1s expusieron el supuesto mal trato que hay por parte de algunos docentes y de una Secretar\u00eda de nombre Zoe.<\/p>\n<p>&nbsp;<\/p>\n<p>&nbsp;<\/p>\n<p>&#8220;Hace un a\u00f1o lamentablemente no le tuvieron importancia y si usted voltea hay mucha inconformidad por parte de los padres de familia por el maltrato que se da a los j\u00f3venes por parte de los pocos maestros que tenemos&#8221;, indic\u00f3 Mar\u00eda Del Pilar Arenas Navarro.<\/p>\n<p>&nbsp;<\/p>\n<p>Por su parte, Victor C\u00f3rdova, supervisor de la zona 13 y encargado en turno de la escuela, se\u00f1al\u00f3 que dependiendo del resultado que d\u00e9 la comisi\u00f3n este jueves se abren las clases para los alumnos, de igual manera se va a llamar a la directora para que lleve a cabo toda la entrega de documentaci\u00f3n.<\/p>\n<p>&nbsp;<\/p>\n<p>&#8220;Entre los dos documentos que ella deber\u00eda de estar entregando son facturas y ya la comisi\u00f3n de Victoria determinar\u00e1 qu\u00e9 es lo que sigue, en ese acuerdo que lleguen van a determinar si se abre o no la escuela&#8221;, detall\u00f3.<\/p>\n<p>&nbsp;<\/p>\n<p>Quien viene a la cabeza de esta cami\u00f3n es Everardo Rodr\u00edguez Barrera y lo acompa\u00f1an personal del \u00e1rea de vinculaci\u00f3n y jur\u00eddica.<\/p>\n<p>&nbsp;<\/p>\n","protected":false},"excerpt":{"rendered":"<p>Despu\u00e9s de 12 meses y tras llegar a una negociaci\u00f3n con los padres de familia, este mi\u00e9rcoles se autoriz\u00f3 abrir&hellip;<\/p>\n","protected":false},"author":1,"featured_media":49404,"comment_status":"open","ping_status":"open","sticky":false,"template":"","format":"standard","meta":{"footnotes":""},"categories":[5],"tags":[],"class_list":["post-49403","post","type-post","status-publish","format-standard","has-post-thumbnail","hentry","category-altamira"],"yoast_head":"<!-- This site is optimized with the Yoast SEO plugin v27.5 - https:\/\/yoast.com\/product\/yoast-seo-wordpress\/ -->\n<title>PADRES DE FAMILIA REABREN LA SECUNDARIA 87 - EL INFORMATIVO DE TAMAULIPAS<\/title>\n<meta name=\"description\" content=\"Despu\u00e9s de 12 meses y tras llegar a una negociaci\u00f3n con los padres de familia, este mi\u00e9rcoles se autoriz\u00f3 abrir las puertas a la Comisi\u00f3n procedente de\" \/>\n<meta name=\"robots\" content=\"index, follow, max-snippet:-1, max-image-preview:large, max-video-preview:-1\" \/>\n<link rel=\"canonical\" href=\"https:\/\/elinformativotam.com\/index.php\/2024\/02\/29\/padres-de-familia-reabren-la-secundaria-87\/\" \/>\n<meta property=\"og:locale\" content=\"es_MX\" \/>\n<meta property=\"og:type\" content=\"article\" \/>\n<meta property=\"og:title\" content=\"PADRES DE FAMILIA REABREN LA SECUNDARIA 87 - EL INFORMATIVO DE TAMAULIPAS\" \/>\n<meta property=\"og:description\" content=\"Despu\u00e9s de 12 meses y tras llegar a una negociaci\u00f3n con los padres de familia, este mi\u00e9rcoles se autoriz\u00f3 abrir las puertas a la Comisi\u00f3n procedente de\" \/>\n<meta property=\"og:url\" content=\"https:\/\/elinformativotam.com\/index.php\/2024\/02\/29\/padres-de-familia-reabren-la-secundaria-87\/\" \/>\n<meta property=\"og:site_name\" content=\"EL INFORMATIVO DE TAMAULIPAS\" \/>\n<meta property=\"article:published_time\" content=\"2024-02-29T06:02:08+00:00\" \/>\n<meta property=\"og:image\" content=\"https:\/\/elinformativotam.com\/wp-content\/uploads\/2024\/02\/Abren-Secundaria.jpeg\" \/>\n\t<meta property=\"og:image:width\" content=\"1280\" \/>\n\t<meta property=\"og:image:height\" content=\"720\" \/>\n\t<meta property=\"og:image:type\" content=\"image\/jpeg\" \/>\n<meta name=\"author\" content=\"El Informativo Tam\" \/>\n<meta name=\"twitter:card\" content=\"summary_large_image\" \/>\n<meta name=\"twitter:label1\" content=\"Escrito por\" \/>\n\t<meta name=\"twitter:data1\" content=\"El Informativo Tam\" \/>\n\t<meta name=\"twitter:label2\" content=\"Tiempo de lectura\" \/>\n\t<meta name=\"twitter:data2\" content=\"2 minutos\" \/>\n<script type=\"application\/ld+json\" class=\"yoast-schema-graph\">{\"@context\":\"https:\\\/\\\/schema.org\",\"@graph\":[{\"@type\":\"Article\",\"@id\":\"https:\\\/\\\/elinformativotam.com\\\/index.php\\\/2024\\\/02\\\/29\\\/padres-de-familia-reabren-la-secundaria-87\\\/#article\",\"isPartOf\":{\"@id\":\"https:\\\/\\\/elinformativotam.com\\\/index.php\\\/2024\\\/02\\\/29\\\/padres-de-familia-reabren-la-secundaria-87\\\/\"},\"author\":{\"name\":\"El Informativo Tam\",\"@id\":\"https:\\\/\\\/elinformativotam.com\\\/#\\\/schema\\\/person\\\/78e08040eed0f6110f0c5f83b6153590\"},\"headline\":\"PADRES DE FAMILIA REABREN LA SECUNDARIA 87\",\"datePublished\":\"2024-02-29T06:02:08+00:00\",\"mainEntityOfPage\":{\"@id\":\"https:\\\/\\\/elinformativotam.com\\\/index.php\\\/2024\\\/02\\\/29\\\/padres-de-familia-reabren-la-secundaria-87\\\/\"},\"wordCount\":307,\"commentCount\":0,\"publisher\":{\"@id\":\"https:\\\/\\\/elinformativotam.com\\\/#organization\"},\"image\":{\"@id\":\"https:\\\/\\\/elinformativotam.com\\\/index.php\\\/2024\\\/02\\\/29\\\/padres-de-familia-reabren-la-secundaria-87\\\/#primaryimage\"},\"thumbnailUrl\":\"https:\\\/\\\/elinformativotam.com\\\/wp-content\\\/uploads\\\/2024\\\/02\\\/Abren-Secundaria.jpeg\",\"articleSection\":[\"Altamira\"],\"inLanguage\":\"es\",\"potentialAction\":[{\"@type\":\"CommentAction\",\"name\":\"Comment\",\"target\":[\"https:\\\/\\\/elinformativotam.com\\\/index.php\\\/2024\\\/02\\\/29\\\/padres-de-familia-reabren-la-secundaria-87\\\/#respond\"]}]},{\"@type\":\"WebPage\",\"@id\":\"https:\\\/\\\/elinformativotam.com\\\/index.php\\\/2024\\\/02\\\/29\\\/padres-de-familia-reabren-la-secundaria-87\\\/\",\"url\":\"https:\\\/\\\/elinformativotam.com\\\/index.php\\\/2024\\\/02\\\/29\\\/padres-de-familia-reabren-la-secundaria-87\\\/\",\"name\":\"PADRES DE FAMILIA REABREN LA SECUNDARIA 87 - EL INFORMATIVO DE TAMAULIPAS\",\"isPartOf\":{\"@id\":\"https:\\\/\\\/elinformativotam.com\\\/#website\"},\"primaryImageOfPage\":{\"@id\":\"https:\\\/\\\/elinformativotam.com\\\/index.php\\\/2024\\\/02\\\/29\\\/padres-de-familia-reabren-la-secundaria-87\\\/#primaryimage\"},\"image\":{\"@id\":\"https:\\\/\\\/elinformativotam.com\\\/index.php\\\/2024\\\/02\\\/29\\\/padres-de-familia-reabren-la-secundaria-87\\\/#primaryimage\"},\"thumbnailUrl\":\"https:\\\/\\\/elinformativotam.com\\\/wp-content\\\/uploads\\\/2024\\\/02\\\/Abren-Secundaria.jpeg\",\"datePublished\":\"2024-02-29T06:02:08+00:00\",\"description\":\"Despu\u00e9s de 12 meses y tras llegar a una negociaci\u00f3n con los padres de familia, este mi\u00e9rcoles se autoriz\u00f3 abrir las puertas a la Comisi\u00f3n procedente de\",\"inLanguage\":\"es\",\"potentialAction\":[{\"@type\":\"ReadAction\",\"target\":[\"https:\\\/\\\/elinformativotam.com\\\/index.php\\\/2024\\\/02\\\/29\\\/padres-de-familia-reabren-la-secundaria-87\\\/\"]}]},{\"@type\":\"ImageObject\",\"inLanguage\":\"es\",\"@id\":\"https:\\\/\\\/elinformativotam.com\\\/index.php\\\/2024\\\/02\\\/29\\\/padres-de-familia-reabren-la-secundaria-87\\\/#primaryimage\",\"url\":\"https:\\\/\\\/elinformativotam.com\\\/wp-content\\\/uploads\\\/2024\\\/02\\\/Abren-Secundaria.jpeg\",\"contentUrl\":\"https:\\\/\\\/elinformativotam.com\\\/wp-content\\\/uploads\\\/2024\\\/02\\\/Abren-Secundaria.jpeg\",\"width\":1280,\"height\":720},{\"@type\":\"WebSite\",\"@id\":\"https:\\\/\\\/elinformativotam.com\\\/#website\",\"url\":\"https:\\\/\\\/elinformativotam.com\\\/\",\"name\":\"EL INFORMATIVO DE TAMAULIPAS\",\"description\":\"Desde la Zona Metropolitana Para Todo M\u00e9xico\",\"publisher\":{\"@id\":\"https:\\\/\\\/elinformativotam.com\\\/#organization\"},\"potentialAction\":[{\"@type\":\"SearchAction\",\"target\":{\"@type\":\"EntryPoint\",\"urlTemplate\":\"https:\\\/\\\/elinformativotam.com\\\/?s={search_term_string}\"},\"query-input\":{\"@type\":\"PropertyValueSpecification\",\"valueRequired\":true,\"valueName\":\"search_term_string\"}}],\"inLanguage\":\"es\"},{\"@type\":\"Organization\",\"@id\":\"https:\\\/\\\/elinformativotam.com\\\/#organization\",\"name\":\"EL INFORMATIVO DE TAMAULIPAS\",\"url\":\"https:\\\/\\\/elinformativotam.com\\\/\",\"logo\":{\"@type\":\"ImageObject\",\"inLanguage\":\"es\",\"@id\":\"https:\\\/\\\/elinformativotam.com\\\/#\\\/schema\\\/logo\\\/image\\\/\",\"url\":\"https:\\\/\\\/elinformativotam.com\\\/wp-content\\\/uploads\\\/2026\\\/02\\\/Cabezal.png\",\"contentUrl\":\"https:\\\/\\\/elinformativotam.com\\\/wp-content\\\/uploads\\\/2026\\\/02\\\/Cabezal.png\",\"width\":960,\"height\":640,\"caption\":\"EL INFORMATIVO DE TAMAULIPAS\"},\"image\":{\"@id\":\"https:\\\/\\\/elinformativotam.com\\\/#\\\/schema\\\/logo\\\/image\\\/\"}},{\"@type\":\"Person\",\"@id\":\"https:\\\/\\\/elinformativotam.com\\\/#\\\/schema\\\/person\\\/78e08040eed0f6110f0c5f83b6153590\",\"name\":\"El Informativo Tam\",\"image\":{\"@type\":\"ImageObject\",\"inLanguage\":\"es\",\"@id\":\"https:\\\/\\\/secure.gravatar.com\\\/avatar\\\/f3b7ad3af540688955925ac610647be00b0cf41feea9c4978b73a707ee86bc53?s=96&d=mm&r=g\",\"url\":\"https:\\\/\\\/secure.gravatar.com\\\/avatar\\\/f3b7ad3af540688955925ac610647be00b0cf41feea9c4978b73a707ee86bc53?s=96&d=mm&r=g\",\"contentUrl\":\"https:\\\/\\\/secure.gravatar.com\\\/avatar\\\/f3b7ad3af540688955925ac610647be00b0cf41feea9c4978b73a707ee86bc53?s=96&d=mm&r=g\",\"caption\":\"El Informativo Tam\"}}]}<\/script>\n<!-- \/ Yoast SEO plugin. -->","yoast_head_json":{"title":"PADRES DE FAMILIA REABREN LA SECUNDARIA 87 - EL INFORMATIVO DE TAMAULIPAS","description":"Despu\u00e9s de 12 meses y tras llegar a una negociaci\u00f3n con los padres de familia, este mi\u00e9rcoles se autoriz\u00f3 abrir las puertas a la Comisi\u00f3n procedente de","robots":{"index":"index","follow":"follow","max-snippet":"max-snippet:-1","max-image-preview":"max-image-preview:large","max-video-preview":"max-video-preview:-1"},"canonical":"https:\/\/elinformativotam.com\/index.php\/2024\/02\/29\/padres-de-familia-reabren-la-secundaria-87\/","og_locale":"es_MX","og_type":"article","og_title":"PADRES DE FAMILIA REABREN LA SECUNDARIA 87 - EL INFORMATIVO DE TAMAULIPAS","og_description":"Despu\u00e9s de 12 meses y tras llegar a una negociaci\u00f3n con los padres de familia, este mi\u00e9rcoles se autoriz\u00f3 abrir las puertas a la Comisi\u00f3n procedente de","og_url":"https:\/\/elinformativotam.com\/index.php\/2024\/02\/29\/padres-de-familia-reabren-la-secundaria-87\/","og_site_name":"EL INFORMATIVO DE TAMAULIPAS","article_published_time":"2024-02-29T06:02:08+00:00","og_image":[{"width":1280,"height":720,"url":"https:\/\/elinformativotam.com\/wp-content\/uploads\/2024\/02\/Abren-Secundaria.jpeg","type":"image\/jpeg"}],"author":"El Informativo Tam","twitter_card":"summary_large_image","twitter_misc":{"Escrito por":"El Informativo Tam","Tiempo de lectura":"2 minutos"},"schema":{"@context":"https:\/\/schema.org","@graph":[{"@type":"Article","@id":"https:\/\/elinformativotam.com\/index.php\/2024\/02\/29\/padres-de-familia-reabren-la-secundaria-87\/#article","isPartOf":{"@id":"https:\/\/elinformativotam.com\/index.php\/2024\/02\/29\/padres-de-familia-reabren-la-secundaria-87\/"},"author":{"name":"El Informativo Tam","@id":"https:\/\/elinformativotam.com\/#\/schema\/person\/78e08040eed0f6110f0c5f83b6153590"},"headline":"PADRES DE FAMILIA REABREN LA SECUNDARIA 87","datePublished":"2024-02-29T06:02:08+00:00","mainEntityOfPage":{"@id":"https:\/\/elinformativotam.com\/index.php\/2024\/02\/29\/padres-de-familia-reabren-la-secundaria-87\/"},"wordCount":307,"commentCount":0,"publisher":{"@id":"https:\/\/elinformativotam.com\/#organization"},"image":{"@id":"https:\/\/elinformativotam.com\/index.php\/2024\/02\/29\/padres-de-familia-reabren-la-secundaria-87\/#primaryimage"},"thumbnailUrl":"https:\/\/elinformativotam.com\/wp-content\/uploads\/2024\/02\/Abren-Secundaria.jpeg","articleSection":["Altamira"],"inLanguage":"es","potentialAction":[{"@type":"CommentAction","name":"Comment","target":["https:\/\/elinformativotam.com\/index.php\/2024\/02\/29\/padres-de-familia-reabren-la-secundaria-87\/#respond"]}]},{"@type":"WebPage","@id":"https:\/\/elinformativotam.com\/index.php\/2024\/02\/29\/padres-de-familia-reabren-la-secundaria-87\/","url":"https:\/\/elinformativotam.com\/index.php\/2024\/02\/29\/padres-de-familia-reabren-la-secundaria-87\/","name":"PADRES DE FAMILIA REABREN LA SECUNDARIA 87 - EL INFORMATIVO DE TAMAULIPAS","isPartOf":{"@id":"https:\/\/elinformativotam.com\/#website"},"primaryImageOfPage":{"@id":"https:\/\/elinformativotam.com\/index.php\/2024\/02\/29\/padres-de-familia-reabren-la-secundaria-87\/#primaryimage"},"image":{"@id":"https:\/\/elinformativotam.com\/index.php\/2024\/02\/29\/padres-de-familia-reabren-la-secundaria-87\/#primaryimage"},"thumbnailUrl":"https:\/\/elinformativotam.com\/wp-content\/uploads\/2024\/02\/Abren-Secundaria.jpeg","datePublished":"2024-02-29T06:02:08+00:00","description":"Despu\u00e9s de 12 meses y tras llegar a una negociaci\u00f3n con los padres de familia, este mi\u00e9rcoles se autoriz\u00f3 abrir las puertas a la Comisi\u00f3n procedente de","inLanguage":"es","potentialAction":[{"@type":"ReadAction","target":["https:\/\/elinformativotam.com\/index.php\/2024\/02\/29\/padres-de-familia-reabren-la-secundaria-87\/"]}]},{"@type":"ImageObject","inLanguage":"es","@id":"https:\/\/elinformativotam.com\/index.php\/2024\/02\/29\/padres-de-familia-reabren-la-secundaria-87\/#primaryimage","url":"https:\/\/elinformativotam.com\/wp-content\/uploads\/2024\/02\/Abren-Secundaria.jpeg","contentUrl":"https:\/\/elinformativotam.com\/wp-content\/uploads\/2024\/02\/Abren-Secundaria.jpeg","width":1280,"height":720},{"@type":"WebSite","@id":"https:\/\/elinformativotam.com\/#website","url":"https:\/\/elinformativotam.com\/","name":"EL INFORMATIVO DE TAMAULIPAS","description":"Desde la Zona Metropolitana Para Todo M\u00e9xico","publisher":{"@id":"https:\/\/elinformativotam.com\/#organization"},"potentialAction":[{"@type":"SearchAction","target":{"@type":"EntryPoint","urlTemplate":"https:\/\/elinformativotam.com\/?s={search_term_string}"},"query-input":{"@type":"PropertyValueSpecification","valueRequired":true,"valueName":"search_term_string"}}],"inLanguage":"es"},{"@type":"Organization","@id":"https:\/\/elinformativotam.com\/#organization","name":"EL INFORMATIVO DE TAMAULIPAS","url":"https:\/\/elinformativotam.com\/","logo":{"@type":"ImageObject","inLanguage":"es","@id":"https:\/\/elinformativotam.com\/#\/schema\/logo\/image\/","url":"https:\/\/elinformativotam.com\/wp-content\/uploads\/2026\/02\/Cabezal.png","contentUrl":"https:\/\/elinformativotam.com\/wp-content\/uploads\/2026\/02\/Cabezal.png","width":960,"height":640,"caption":"EL INFORMATIVO DE TAMAULIPAS"},"image":{"@id":"https:\/\/elinformativotam.com\/#\/schema\/logo\/image\/"}},{"@type":"Person","@id":"https:\/\/elinformativotam.com\/#\/schema\/person\/78e08040eed0f6110f0c5f83b6153590","name":"El Informativo Tam","image":{"@type":"ImageObject","inLanguage":"es","@id":"https:\/\/secure.gravatar.com\/avatar\/f3b7ad3af540688955925ac610647be00b0cf41feea9c4978b73a707ee86bc53?s=96&d=mm&r=g","url":"https:\/\/secure.gravatar.com\/avatar\/f3b7ad3af540688955925ac610647be00b0cf41feea9c4978b73a707ee86bc53?s=96&d=mm&r=g","contentUrl":"https:\/\/secure.gravatar.com\/avatar\/f3b7ad3af540688955925ac610647be00b0cf41feea9c4978b73a707ee86bc53?s=96&d=mm&r=g","caption":"El Informativo Tam"}}]}},"_links":{"self":[{"href":"https:\/\/elinformativotam.com\/index.php\/wp-json\/wp\/v2\/posts\/49403","targetHints":{"allow":["GET"]}}],"collection":[{"href":"https:\/\/elinformativotam.com\/index.php\/wp-json\/wp\/v2\/posts"}],"about":[{"href":"https:\/\/elinformativotam.com\/index.php\/wp-json\/wp\/v2\/types\/post"}],"author":[{"embeddable":true,"href":"https:\/\/elinformativotam.com\/index.php\/wp-json\/wp\/v2\/users\/1"}],"replies":[{"embeddable":true,"href":"https:\/\/elinformativotam.com\/index.php\/wp-json\/wp\/v2\/comments?post=49403"}],"version-history":[{"count":1,"href":"https:\/\/elinformativotam.com\/index.php\/wp-json\/wp\/v2\/posts\/49403\/revisions"}],"predecessor-version":[{"id":49405,"href":"https:\/\/elinformativotam.com\/index.php\/wp-json\/wp\/v2\/posts\/49403\/revisions\/49405"}],"wp:featuredmedia":[{"embeddable":true,"href":"https:\/\/elinformativotam.com\/index.php\/wp-json\/wp\/v2\/media\/49404"}],"wp:attachment":[{"href":"https:\/\/elinformativotam.com\/index.php\/wp-json\/wp\/v2\/media?parent=49403"}],"wp:term":[{"taxonomy":"category","embeddable":true,"href":"https:\/\/elinformativotam.com\/index.php\/wp-json\/wp\/v2\/categories?post=49403"},{"taxonomy":"post_tag","embeddable":true,"href":"https:\/\/elinformativotam.com\/index.php\/wp-json\/wp\/v2\/tags?post=49403"}],"curies":[{"name":"wp","href":"https:\/\/api.w.org\/{rel}","templated":true}]}}